{"id":647,"date":"2019-06-07T10:30:07","date_gmt":"2019-06-07T13:30:07","guid":{"rendered":"https:\/\/www.aeducacaonosmove.com.br\/blog\/tendencias-literatura-infantil"},"modified":"2019-06-07T10:30:07","modified_gmt":"2019-06-07T13:30:07","slug":"tendencias-literatura-infantil","status":"publish","type":"post","link":"https:\/\/projetoslayerup.com.br\/smeducacao\/tendencias-literatura-infantil\/","title":{"rendered":"Conhe\u00e7a as principais tend\u00eancias da literatura infantil"},"content":{"rendered":"<p>Voc\u00ea sabia que as hist\u00f3rias contadas \u00e0s crian\u00e7as podem ficar guardadas para sempre na mem\u00f3ria delas? Por esse motivo, \u00e9 muito importante que os educadores se mantenham atualizados com as <strong>tend\u00eancias da literatura infantil,<\/strong> de modo a passar os ensinamentos em sala de aula de acordo com as viv\u00eancias das novas gera\u00e7\u00f5es.<\/p>\n<p>As transforma\u00e7\u00f5es da sociedade mudaram as experi\u00eancias de crian\u00e7as e jovens. Assim, as hist\u00f3rias, al\u00e9m de trabalharem o l\u00fadico, a poesia e a linguagem para as respectivas faixas et\u00e1rias, precisam <a href=\"https:\/\/projetoslayerup.com.br\/smeducacao\/importancia-literatura-infantojuvenil\/\">despertar suas habilidades cognitivas e transmitir mensagens positivas<\/a>.<\/p>\n<p>Neste <em>post<\/em>, mostramos as principais <strong>tend\u00eancias da literatura infantil<\/strong> para que voc\u00ea, educador, possa aproveit\u00e1-las na sala de aula. Confira!<\/p>\n<h2>Uma hist\u00f3ria, de Marianna Coppo<\/h2>\n<p>Era uma vez uma p\u00e1gina em branco. Contudo, n\u00e3o ficou assim por muito tempo. <a href=\"http:\/\/smliteratura.smeducacao.com.br\/#\/livro\/328\" target=\"_blank\" rel=\"noopener noreferrer\"><em>Uma hist\u00f3ria<\/em><\/a>, de Marianna Coppo, \u00e9 uma narrativa muito bem-humorada e ilustrada que prop\u00f5e uma reflex\u00e3o sobre o conformismo, o receio pelo desconhecido e a inseguran\u00e7a diante da iniciativa e da vontade de melhorar o mundo que nos rodeia.<\/p>\n<p>A obra fala sobre um livro que \u00e9 repleto de personagens, por\u00e9m sem hist\u00f3ria. A maioria deles prefere esperar que a hist\u00f3ria chegue. No entanto, o coelhinho resolve tomar a frente e, com a ajuda de alguns l\u00e1pis e de sua imagina\u00e7\u00e3o, cria uma narrativa que envolve todos os seus amigos.<\/p>\n<p>Esse livro \u00e9 muito interessante por mostrar que n\u00e3o fazer nada ou agir \u00e9 uma quest\u00e3o de atitude e que somos os respons\u00e1veis por mudar nosso trajeto \u2014 enquanto um personagem opta por criar sua hist\u00f3ria e se divertir, os outros apenas esperam para cumprir seus pap\u00e9is.<\/p>\n<h2>A vaca presepeira, de Jo\u00e3o Paulo Hergesel<\/h2>\n<p><a href=\"http:\/\/smliteratura.smeducacao.com.br\/#\/livro\/329\" target=\"_blank\" rel=\"noopener noreferrer\"><em>A vaca presepeira<\/em><\/a> \u00e9 uma obra que rendeu ao escritor Jo\u00e3o Paulo Hergesel o primeiro lugar no Pr\u00eamio Barco Vapor 2018, um dos mais importantes nas tend\u00eancias da literatura infantil. O livro conta a hist\u00f3ria de uma vaca de pres\u00e9pio que sonha em ser rena de Papai Noel e luta contra todos os preconceitos para alcan\u00e7ar seu objetivo.<\/p>\n<p>A vaca Juno, que trabalha como atriz no pres\u00e9pio da fazenda, vive uma vida pacata e at\u00e9 feliz, mas sua vontade \u00e9 ser rena de Papai Noel. Para isso, al\u00e9m de aprender a voar, Juno precisa de muita paci\u00eancia e trabalho, sem se desanimar com as piadas e preconceitos que sofrer\u00e1 no caminho.<\/p>\n<h2>Na-Na-Ni-Na N\u00e3o, de Alonso N\u00fa\u00f1ez<\/h2>\n<p><a href=\"http:\/\/smliteratura.smeducacao.com.br\/#\/livro\/325\" target=\"_blank\" rel=\"noopener noreferrer\"><em>Na-Na-Ni-Na N\u00e3o<\/em><\/a> narra a hist\u00f3ria de um menino que n\u00e3o quer, de forma alguma, ir \u00e0 escola. Suas raz\u00f5es para isso s\u00e3o v\u00e1rias, como uma professora com mais de uma cabe\u00e7a, g\u00eameos que parecem zumbis e um \u00f4nibus que devora as crian\u00e7as.<\/p>\n<p>Entretanto, logo ele descobre que a escola pode ser um lugar interessante e com muita divers\u00e3o. O autor da obra, o espanhol Alonso N\u00fa\u00f1ez, usa uma narrativa bem-humorada e po\u00e9tica que retrata o medo das crian\u00e7as de ir \u00e0 escola.<\/p>\n<h2>Zim Tam Tum, de Fr\u00e9d\u00e9ric Stehr<\/h2>\n<p><a href=\"http:\/\/smliteratura.smeducacao.com.br\/#\/livro\/327\" target=\"_blank\" rel=\"noopener noreferrer\"><em>Zim Tam Tum<\/em><\/a> \u00e9 um livro do autor franc\u00eas Fr\u00e9d\u00e9ric Stehr que conta a hist\u00f3ria de v\u00e1rios filhotes de aves brincando de fazer m\u00fasicas com acess\u00f3rios de cozinha. Com muita imagina\u00e7\u00e3o e felicidade, a corujinha, o can\u00e1rio, o corvo, o pardal e o pintinho transformam tigelas, tampas, escorredor de macarr\u00e3o e muitos outros objetos em instrumentos musicais.<\/p>\n<p>Essa obra explora a musicaliza\u00e7\u00e3o infantil e a criatividade para produzir sons com objetos do dia a dia, al\u00e9m de desenvolver experi\u00eancias sensoriais, melhorar o relacionamento em grupo e a imagina\u00e7\u00e3o dos pequenos.<\/p>\n<p>Manter-se atualizado com as <strong>tend\u00eancias da literatura infantil<\/strong> \u00e9 uma forma excelente de contribuir para o aprendizado das crian\u00e7as. Afinal, a sociedade se transforma a todo momento e as viv\u00eancias experienciadas por elas tamb\u00e9m.<\/p>\n<p>Gostou de conhecer algumas das principais <strong>tend\u00eancias da literatura infantil<\/strong>? Ent\u00e3o, <a href=\"https:\/\/materiais.smbrasil.com.br\/sm-lp-catalogo-de-literatura\" target=\"_blank\" rel=\"noopener noreferrer\">veja o cat\u00e1logo de literatura da SM Educa\u00e7\u00e3o<\/a>. S\u00e3o diferentes obras que, al\u00e9m de entreter e promover a compet\u00eancia leitora do p\u00fablico infantil e juvenil, est\u00e3o repletas de mensagens educativas. Conhe\u00e7a j\u00e1!<\/p>\n<div id=\"formulario-para-aplicacao-ao-final-dos-blogposts-382a210f79fd035353bb\" role=\"main\"><\/div>\n<p><script type=\"text\/javascript\" src=\"https:\/\/d335luupugsy2.cloudfront.net\/js\/rdstation-forms\/stable\/rdstation-forms.min.js\"><\/script><br \/>\n<script type=\"text\/javascript\"> new RDStationForms('formulario-para-aplicacao-ao-final-dos-blogposts-382a210f79fd035353bb', 'UA-12840758-1').createForm();<\/script><\/p>\n","protected":false},"excerpt":{"rendered":"<p>Voc\u00ea sabia que as hist\u00f3rias contadas \u00e0s crian\u00e7as podem ficar guardadas para sempre na mem\u00f3ria delas? Por esse motivo, \u00e9 muito importante que os educadores se mantenham atualizados com as tend\u00eancias da literatura infantil, de modo a passar os ensinamentos em sala de aula de acordo com as viv\u00eancias das novas gera\u00e7\u00f5es. As transforma\u00e7\u00f5es da [&hellip;]<\/p>\n","protected":false},"author":2,"featured_media":649,"comment_status":"open","ping_status":"open","sticky":false,"template":"","format":"standard","meta":{"_acf_changed":false,"footnotes":""},"categories":[16],"tags":[61,66,39],"blog_nivel_escolar":[],"blog_segmento_escolar":[],"class_list":["post-647","post","type-post","status-publish","format-standard","has-post-thumbnail","hentry","category-tendencias-educacao","tag-educacao","tag-educacao-infantil","tag-literatura"],"acf":[],"yoast_head":"<!-- This site is optimized with the Yoast SEO plugin v28.3 - https:\/\/yoast.com\/product\/yoast-seo-wordpress\/ -->\n<title>Conhe\u00e7a as principais tend\u00eancias da literatura infantil - SM Educa\u00e7\u00e3o - Juntos cuidamos da educa\u00e7\u00e3o!<\/title>\n<meta name=\"description\" content=\"Entenda como educadores podem se manter atualizados em rela\u00e7\u00e3o \u00e0 literatura infantil, alinhados com as viv\u00eancias das novas gera\u00e7\u00f5es.\" \/>\n<meta name=\"robots\" content=\"noindex, follow, max-snippet:-1, max-image-preview:large, max-video-preview:-1\" \/>\n<meta property=\"og:locale\" content=\"pt_BR\" \/>\n<meta property=\"og:type\" content=\"article\" \/>\n<meta property=\"og:title\" content=\"Conhe\u00e7a as principais tend\u00eancias da literatura infantil - SM Educa\u00e7\u00e3o - Juntos cuidamos da educa\u00e7\u00e3o!\" \/>\n<meta property=\"og:description\" content=\"Entenda como educadores podem se manter atualizados em rela\u00e7\u00e3o \u00e0 literatura infantil, alinhados com as viv\u00eancias das novas gera\u00e7\u00f5es.\" \/>\n<meta property=\"og:url\" content=\"https:\/\/projetoslayerup.com.br\/smeducacao\/tendencias-literatura-infantil\/\" \/>\n<meta property=\"og:site_name\" content=\"SM Educa\u00e7\u00e3o - Juntos cuidamos da educa\u00e7\u00e3o!\" \/>\n<meta property=\"article:published_time\" content=\"2019-06-07T13:30:07+00:00\" \/>\n<meta property=\"og:image\" content=\"https:\/\/projetoslayerup.com.br\/smeducacao\/wp-content\/uploads\/2019\/06\/tendencias-literatura-infantil.jpg\" \/>\n\t<meta property=\"og:image:width\" content=\"1242\" \/>\n\t<meta property=\"og:image:height\" content=\"828\" \/>\n\t<meta property=\"og:image:type\" content=\"image\/jpeg\" \/>\n<meta name=\"author\" content=\"SM Educa\u00e7\u00e3o\" \/>\n<meta name=\"twitter:card\" content=\"summary_large_image\" \/>\n<meta name=\"twitter:label1\" content=\"Escrito por\" \/>\n\t<meta name=\"twitter:data1\" content=\"SM Educa\u00e7\u00e3o\" \/>\n\t<meta name=\"twitter:label2\" content=\"Est. tempo de leitura\" \/>\n\t<meta name=\"twitter:data2\" content=\"4 minutos\" \/>\n<script type=\"application\/ld+json\" class=\"yoast-schema-graph\">{\"@context\":\"https:\\\/\\\/schema.org\",\"@graph\":[{\"@type\":\"Article\",\"@id\":\"https:\\\/\\\/projetoslayerup.com.br\\\/smeducacao\\\/tendencias-literatura-infantil\\\/#article\",\"isPartOf\":{\"@id\":\"https:\\\/\\\/projetoslayerup.com.br\\\/smeducacao\\\/tendencias-literatura-infantil\\\/\"},\"author\":{\"name\":\"SM Educa\u00e7\u00e3o\",\"@id\":\"https:\\\/\\\/projetoslayerup.com.br\\\/smeducacao\\\/#\\\/schema\\\/person\\\/45d7d41388698d0f902ff276caab47f5\"},\"headline\":\"Conhe\u00e7a as principais tend\u00eancias da literatura infantil\",\"datePublished\":\"2019-06-07T13:30:07+00:00\",\"mainEntityOfPage\":{\"@id\":\"https:\\\/\\\/projetoslayerup.com.br\\\/smeducacao\\\/tendencias-literatura-infantil\\\/\"},\"wordCount\":727,\"commentCount\":3,\"image\":{\"@id\":\"https:\\\/\\\/projetoslayerup.com.br\\\/smeducacao\\\/tendencias-literatura-infantil\\\/#primaryimage\"},\"thumbnailUrl\":\"https:\\\/\\\/projetoslayerup.com.br\\\/smeducacao\\\/wp-content\\\/uploads\\\/2019\\\/06\\\/tendencias-literatura-infantil.jpg\",\"keywords\":[\"educa\u00e7\u00e3o\",\"educa\u00e7\u00e3o infantil\",\"literatura\"],\"articleSection\":[\"Tend\u00eancias na educa\u00e7\u00e3o\"],\"inLanguage\":\"pt-BR\",\"potentialAction\":[{\"@type\":\"CommentAction\",\"name\":\"Comment\",\"target\":[\"https:\\\/\\\/projetoslayerup.com.br\\\/smeducacao\\\/tendencias-literatura-infantil\\\/#respond\"]}]},{\"@type\":\"WebPage\",\"@id\":\"https:\\\/\\\/projetoslayerup.com.br\\\/smeducacao\\\/tendencias-literatura-infantil\\\/\",\"url\":\"https:\\\/\\\/projetoslayerup.com.br\\\/smeducacao\\\/tendencias-literatura-infantil\\\/\",\"name\":\"Conhe\u00e7a as principais tend\u00eancias da literatura infantil - SM Educa\u00e7\u00e3o - Juntos cuidamos da educa\u00e7\u00e3o!\",\"isPartOf\":{\"@id\":\"https:\\\/\\\/projetoslayerup.com.br\\\/smeducacao\\\/#website\"},\"primaryImageOfPage\":{\"@id\":\"https:\\\/\\\/projetoslayerup.com.br\\\/smeducacao\\\/tendencias-literatura-infantil\\\/#primaryimage\"},\"image\":{\"@id\":\"https:\\\/\\\/projetoslayerup.com.br\\\/smeducacao\\\/tendencias-literatura-infantil\\\/#primaryimage\"},\"thumbnailUrl\":\"https:\\\/\\\/projetoslayerup.com.br\\\/smeducacao\\\/wp-content\\\/uploads\\\/2019\\\/06\\\/tendencias-literatura-infantil.jpg\",\"datePublished\":\"2019-06-07T13:30:07+00:00\",\"author\":{\"@id\":\"https:\\\/\\\/projetoslayerup.com.br\\\/smeducacao\\\/#\\\/schema\\\/person\\\/45d7d41388698d0f902ff276caab47f5\"},\"description\":\"Entenda como educadores podem se manter atualizados em rela\u00e7\u00e3o \u00e0 literatura infantil, alinhados com as viv\u00eancias das novas gera\u00e7\u00f5es.\",\"breadcrumb\":{\"@id\":\"https:\\\/\\\/projetoslayerup.com.br\\\/smeducacao\\\/tendencias-literatura-infantil\\\/#breadcrumb\"},\"inLanguage\":\"pt-BR\",\"potentialAction\":[{\"@type\":\"ReadAction\",\"target\":[\"https:\\\/\\\/projetoslayerup.com.br\\\/smeducacao\\\/tendencias-literatura-infantil\\\/\"]}]},{\"@type\":\"ImageObject\",\"inLanguage\":\"pt-BR\",\"@id\":\"https:\\\/\\\/projetoslayerup.com.br\\\/smeducacao\\\/tendencias-literatura-infantil\\\/#primaryimage\",\"url\":\"https:\\\/\\\/projetoslayerup.com.br\\\/smeducacao\\\/wp-content\\\/uploads\\\/2019\\\/06\\\/tendencias-literatura-infantil.jpg\",\"contentUrl\":\"https:\\\/\\\/projetoslayerup.com.br\\\/smeducacao\\\/wp-content\\\/uploads\\\/2019\\\/06\\\/tendencias-literatura-infantil.jpg\",\"width\":1242,\"height\":828,\"caption\":\"tend\u00eancias da literatura infantil\"},{\"@type\":\"BreadcrumbList\",\"@id\":\"https:\\\/\\\/projetoslayerup.com.br\\\/smeducacao\\\/tendencias-literatura-infantil\\\/#breadcrumb\",\"itemListElement\":[{\"@type\":\"ListItem\",\"position\":1,\"name\":\"In\u00edcio\",\"item\":\"https:\\\/\\\/projetoslayerup.com.br\\\/smeducacao\\\/\"},{\"@type\":\"ListItem\",\"position\":2,\"name\":\"Conhe\u00e7a as principais tend\u00eancias da literatura infantil\"}]},{\"@type\":\"WebSite\",\"@id\":\"https:\\\/\\\/projetoslayerup.com.br\\\/smeducacao\\\/#website\",\"url\":\"https:\\\/\\\/projetoslayerup.com.br\\\/smeducacao\\\/\",\"name\":\"SM Educa\u00e7\u00e3o - Juntos cuidamos da educa\u00e7\u00e3o!\",\"description\":\"Transformamos a educa\u00e7\u00e3o por meio de solu\u00e7\u00f5es digitais, solu\u00e7\u00f5es did\u00e1ticas para uma aprendizagem personalizada e solu\u00e7\u00f5es estrat\u00e9gicas eficientes. Juntos cuidamos da Educa\u00e7\u00e3o!\",\"potentialAction\":[{\"@type\":\"SearchAction\",\"target\":{\"@type\":\"EntryPoint\",\"urlTemplate\":\"https:\\\/\\\/projetoslayerup.com.br\\\/smeducacao\\\/?s={search_term_string}\"},\"query-input\":{\"@type\":\"PropertyValueSpecification\",\"valueRequired\":true,\"valueName\":\"search_term_string\"}}],\"inLanguage\":\"pt-BR\"},{\"@type\":\"Person\",\"@id\":\"https:\\\/\\\/projetoslayerup.com.br\\\/smeducacao\\\/#\\\/schema\\\/person\\\/45d7d41388698d0f902ff276caab47f5\",\"name\":\"SM Educa\u00e7\u00e3o\",\"image\":{\"@type\":\"ImageObject\",\"inLanguage\":\"pt-BR\",\"@id\":\"https:\\\/\\\/secure.gravatar.com\\\/avatar\\\/24327468bc2a6fb95889620b4158620d90c5e352f7a18c30af0e3f8cb70bc104?s=96&d=mm&r=g\",\"url\":\"https:\\\/\\\/secure.gravatar.com\\\/avatar\\\/24327468bc2a6fb95889620b4158620d90c5e352f7a18c30af0e3f8cb70bc104?s=96&d=mm&r=g\",\"contentUrl\":\"https:\\\/\\\/secure.gravatar.com\\\/avatar\\\/24327468bc2a6fb95889620b4158620d90c5e352f7a18c30af0e3f8cb70bc104?s=96&d=mm&r=g\",\"caption\":\"SM Educa\u00e7\u00e3o\"},\"url\":\"https:\\\/\\\/projetoslayerup.com.br\\\/smeducacao\\\/author\\\/smeducacao2021\\\/\"}]}<\/script>\n<!-- \/ Yoast SEO plugin. -->","yoast_head_json":{"title":"Conhe\u00e7a as principais tend\u00eancias da literatura infantil - SM Educa\u00e7\u00e3o - Juntos cuidamos da educa\u00e7\u00e3o!","description":"Entenda como educadores podem se manter atualizados em rela\u00e7\u00e3o \u00e0 literatura infantil, alinhados com as viv\u00eancias das novas gera\u00e7\u00f5es.","robots":{"index":"noindex","follow":"follow","max-snippet":"max-snippet:-1","max-image-preview":"max-image-preview:large","max-video-preview":"max-video-preview:-1"},"og_locale":"pt_BR","og_type":"article","og_title":"Conhe\u00e7a as principais tend\u00eancias da literatura infantil - SM Educa\u00e7\u00e3o - Juntos cuidamos da educa\u00e7\u00e3o!","og_description":"Entenda como educadores podem se manter atualizados em rela\u00e7\u00e3o \u00e0 literatura infantil, alinhados com as viv\u00eancias das novas gera\u00e7\u00f5es.","og_url":"https:\/\/projetoslayerup.com.br\/smeducacao\/tendencias-literatura-infantil\/","og_site_name":"SM Educa\u00e7\u00e3o - Juntos cuidamos da educa\u00e7\u00e3o!","article_published_time":"2019-06-07T13:30:07+00:00","og_image":[{"width":1242,"height":828,"url":"https:\/\/projetoslayerup.com.br\/smeducacao\/wp-content\/uploads\/2019\/06\/tendencias-literatura-infantil.jpg","type":"image\/jpeg"}],"author":"SM Educa\u00e7\u00e3o","twitter_card":"summary_large_image","twitter_misc":{"Escrito por":"SM Educa\u00e7\u00e3o","Est. tempo de leitura":"4 minutos"},"schema":{"@context":"https:\/\/schema.org","@graph":[{"@type":"Article","@id":"https:\/\/projetoslayerup.com.br\/smeducacao\/tendencias-literatura-infantil\/#article","isPartOf":{"@id":"https:\/\/projetoslayerup.com.br\/smeducacao\/tendencias-literatura-infantil\/"},"author":{"name":"SM Educa\u00e7\u00e3o","@id":"https:\/\/projetoslayerup.com.br\/smeducacao\/#\/schema\/person\/45d7d41388698d0f902ff276caab47f5"},"headline":"Conhe\u00e7a as principais tend\u00eancias da literatura infantil","datePublished":"2019-06-07T13:30:07+00:00","mainEntityOfPage":{"@id":"https:\/\/projetoslayerup.com.br\/smeducacao\/tendencias-literatura-infantil\/"},"wordCount":727,"commentCount":3,"image":{"@id":"https:\/\/projetoslayerup.com.br\/smeducacao\/tendencias-literatura-infantil\/#primaryimage"},"thumbnailUrl":"https:\/\/projetoslayerup.com.br\/smeducacao\/wp-content\/uploads\/2019\/06\/tendencias-literatura-infantil.jpg","keywords":["educa\u00e7\u00e3o","educa\u00e7\u00e3o infantil","literatura"],"articleSection":["Tend\u00eancias na educa\u00e7\u00e3o"],"inLanguage":"pt-BR","potentialAction":[{"@type":"CommentAction","name":"Comment","target":["https:\/\/projetoslayerup.com.br\/smeducacao\/tendencias-literatura-infantil\/#respond"]}]},{"@type":"WebPage","@id":"https:\/\/projetoslayerup.com.br\/smeducacao\/tendencias-literatura-infantil\/","url":"https:\/\/projetoslayerup.com.br\/smeducacao\/tendencias-literatura-infantil\/","name":"Conhe\u00e7a as principais tend\u00eancias da literatura infantil - SM Educa\u00e7\u00e3o - Juntos cuidamos da educa\u00e7\u00e3o!","isPartOf":{"@id":"https:\/\/projetoslayerup.com.br\/smeducacao\/#website"},"primaryImageOfPage":{"@id":"https:\/\/projetoslayerup.com.br\/smeducacao\/tendencias-literatura-infantil\/#primaryimage"},"image":{"@id":"https:\/\/projetoslayerup.com.br\/smeducacao\/tendencias-literatura-infantil\/#primaryimage"},"thumbnailUrl":"https:\/\/projetoslayerup.com.br\/smeducacao\/wp-content\/uploads\/2019\/06\/tendencias-literatura-infantil.jpg","datePublished":"2019-06-07T13:30:07+00:00","author":{"@id":"https:\/\/projetoslayerup.com.br\/smeducacao\/#\/schema\/person\/45d7d41388698d0f902ff276caab47f5"},"description":"Entenda como educadores podem se manter atualizados em rela\u00e7\u00e3o \u00e0 literatura infantil, alinhados com as viv\u00eancias das novas gera\u00e7\u00f5es.","breadcrumb":{"@id":"https:\/\/projetoslayerup.com.br\/smeducacao\/tendencias-literatura-infantil\/#breadcrumb"},"inLanguage":"pt-BR","potentialAction":[{"@type":"ReadAction","target":["https:\/\/projetoslayerup.com.br\/smeducacao\/tendencias-literatura-infantil\/"]}]},{"@type":"ImageObject","inLanguage":"pt-BR","@id":"https:\/\/projetoslayerup.com.br\/smeducacao\/tendencias-literatura-infantil\/#primaryimage","url":"https:\/\/projetoslayerup.com.br\/smeducacao\/wp-content\/uploads\/2019\/06\/tendencias-literatura-infantil.jpg","contentUrl":"https:\/\/projetoslayerup.com.br\/smeducacao\/wp-content\/uploads\/2019\/06\/tendencias-literatura-infantil.jpg","width":1242,"height":828,"caption":"tend\u00eancias da literatura infantil"},{"@type":"BreadcrumbList","@id":"https:\/\/projetoslayerup.com.br\/smeducacao\/tendencias-literatura-infantil\/#breadcrumb","itemListElement":[{"@type":"ListItem","position":1,"name":"In\u00edcio","item":"https:\/\/projetoslayerup.com.br\/smeducacao\/"},{"@type":"ListItem","position":2,"name":"Conhe\u00e7a as principais tend\u00eancias da literatura infantil"}]},{"@type":"WebSite","@id":"https:\/\/projetoslayerup.com.br\/smeducacao\/#website","url":"https:\/\/projetoslayerup.com.br\/smeducacao\/","name":"SM Educa\u00e7\u00e3o - Juntos cuidamos da educa\u00e7\u00e3o!","description":"Transformamos a educa\u00e7\u00e3o por meio de solu\u00e7\u00f5es digitais, solu\u00e7\u00f5es did\u00e1ticas para uma aprendizagem personalizada e solu\u00e7\u00f5es estrat\u00e9gicas eficientes. Juntos cuidamos da Educa\u00e7\u00e3o!","potentialAction":[{"@type":"SearchAction","target":{"@type":"EntryPoint","urlTemplate":"https:\/\/projetoslayerup.com.br\/smeducacao\/?s={search_term_string}"},"query-input":{"@type":"PropertyValueSpecification","valueRequired":true,"valueName":"search_term_string"}}],"inLanguage":"pt-BR"},{"@type":"Person","@id":"https:\/\/projetoslayerup.com.br\/smeducacao\/#\/schema\/person\/45d7d41388698d0f902ff276caab47f5","name":"SM Educa\u00e7\u00e3o","image":{"@type":"ImageObject","inLanguage":"pt-BR","@id":"https:\/\/secure.gravatar.com\/avatar\/24327468bc2a6fb95889620b4158620d90c5e352f7a18c30af0e3f8cb70bc104?s=96&d=mm&r=g","url":"https:\/\/secure.gravatar.com\/avatar\/24327468bc2a6fb95889620b4158620d90c5e352f7a18c30af0e3f8cb70bc104?s=96&d=mm&r=g","contentUrl":"https:\/\/secure.gravatar.com\/avatar\/24327468bc2a6fb95889620b4158620d90c5e352f7a18c30af0e3f8cb70bc104?s=96&d=mm&r=g","caption":"SM Educa\u00e7\u00e3o"},"url":"https:\/\/projetoslayerup.com.br\/smeducacao\/author\/smeducacao2021\/"}]}},"_links":{"self":[{"href":"https:\/\/projetoslayerup.com.br\/smeducacao\/wp-json\/wp\/v2\/posts\/647","targetHints":{"allow":["GET"]}}],"collection":[{"href":"https:\/\/projetoslayerup.com.br\/smeducacao\/wp-json\/wp\/v2\/posts"}],"about":[{"href":"https:\/\/projetoslayerup.com.br\/smeducacao\/wp-json\/wp\/v2\/types\/post"}],"author":[{"embeddable":true,"href":"https:\/\/projetoslayerup.com.br\/smeducacao\/wp-json\/wp\/v2\/users\/2"}],"replies":[{"embeddable":true,"href":"https:\/\/projetoslayerup.com.br\/smeducacao\/wp-json\/wp\/v2\/comments?post=647"}],"version-history":[{"count":0,"href":"https:\/\/projetoslayerup.com.br\/smeducacao\/wp-json\/wp\/v2\/posts\/647\/revisions"}],"wp:featuredmedia":[{"embeddable":true,"href":"https:\/\/projetoslayerup.com.br\/smeducacao\/wp-json\/wp\/v2\/media\/649"}],"wp:attachment":[{"href":"https:\/\/projetoslayerup.com.br\/smeducacao\/wp-json\/wp\/v2\/media?parent=647"}],"wp:term":[{"taxonomy":"category","embeddable":true,"href":"https:\/\/projetoslayerup.com.br\/smeducacao\/wp-json\/wp\/v2\/categories?post=647"},{"taxonomy":"post_tag","embeddable":true,"href":"https:\/\/projetoslayerup.com.br\/smeducacao\/wp-json\/wp\/v2\/tags?post=647"},{"taxonomy":"blog_nivel_escolar","embeddable":true,"href":"https:\/\/projetoslayerup.com.br\/smeducacao\/wp-json\/wp\/v2\/blog_nivel_escolar?post=647"},{"taxonomy":"blog_segmento_escolar","embeddable":true,"href":"https:\/\/projetoslayerup.com.br\/smeducacao\/wp-json\/wp\/v2\/blog_segmento_escolar?post=647"}],"curies":[{"name":"wp","href":"https:\/\/api.w.org\/{rel}","templated":true}]}}