{"id":682,"date":"2019-07-30T12:30:08","date_gmt":"2019-07-30T15:30:08","guid":{"rendered":"https:\/\/www.aeducacaonosmove.com.br\/blog\/praticas-de-educacao-inclusiva"},"modified":"2019-07-30T12:30:08","modified_gmt":"2019-07-30T15:30:08","slug":"praticas-de-educacao-inclusiva","status":"publish","type":"post","link":"https:\/\/projetoslayerup.com.br\/smeducacao\/praticas-de-educacao-inclusiva\/","title":{"rendered":"Educa\u00e7\u00e3o inclusiva: confira 5 boas pr\u00e1ticas"},"content":{"rendered":"<p>A <strong>educa\u00e7\u00e3o inclusiva<\/strong> \u00e9 uma pr\u00e1tica muito importante para o desenvolvimento de todos e est\u00e1, aos poucos, sendo cada vez mais adotada nas escolas.<\/p>\n<p>O objetivo \u00e9 <strong>favorecer a diversidade<\/strong> e <strong>integrar<\/strong> todos os alunos no mesmo ambiente de aprendizagem, respeitando suas necessidades especiais e evitando separ\u00e1-los dos demais.<\/p>\n<p><a href=\"https:\/\/www.aeducacaonosmove.com.br\/blog\/diversidade-na-escola\">As pessoas s\u00e3o diferentes<\/a> umas das outras, e essas diferen\u00e7as devem ser reconhecidas e valorizadas, sem nenhum tipo de preconceito.<\/p>\n<p>Na <strong>educa\u00e7\u00e3o inclusiva<\/strong>, qualquer aluno estuda em uma escola regular, sem precisar frequentar uma institui\u00e7\u00e3o especial, caso tenha alguma defici\u00eancia, por exemplo.<\/p>\n<p>Se voc\u00ea tem interesse em facilitar a inclus\u00e3o de diferentes pessoas nas escolas, confira neste conte\u00fado 5 boas pr\u00e1ticas de educa\u00e7\u00e3o inclusiva.<\/p>\n<h2>1. Estabele\u00e7a crit\u00e9rios de educa\u00e7\u00e3o inclusiva<\/h2>\n<p>Muitas vezes, por falta de conviv\u00eancia, alguns alunos podem ter dificuldades para se relacionar com colegas diferentes ou com necessidades especiais.<\/p>\n<p>O professor pode ajudar a turma, estabelecendo <strong>regras de comportamento<\/strong> e conviv\u00eancia e incentivando que interajam e se comuniquem com os colegas, tornando a <strong>diversidade<\/strong> algo natural no ambiente escolar.<\/p>\n<p>Isso tamb\u00e9m pode ajudar a evitar bullying e outros conflitos entre os alunos.<\/p>\n<h2>2. Invista na capacita\u00e7\u00e3o dos educadores<\/h2>\n<p>\u00c9 muito importante que os educadores estejam em constante <strong>atualiza\u00e7\u00e3o profissional<\/strong> para aprender novas maneiras de ensinar crian\u00e7as com autismo, por exemplo.<\/p>\n<p>Al\u00e9m disso, esse<a href=\"https:\/\/www.aeducacaonosmove.com.br\/blog\/formacao-continuada\" target=\"_blank\" rel=\"noopener noreferrer\"> <\/a><a href=\"https:\/\/www.aeducacaonosmove.com.br\/blog\/formacao-continuada\" target=\"_blank\" rel=\"noopener noreferrer\">preparo deve ser cont\u00ednuo<\/a>, acompanhando as<strong> novas pr\u00e1ticas e tecnologias<\/strong> que surgem, para que a escola possa ajudar no desenvolvimento dos alunos especiais com todos os recursos dispon\u00edveis.<\/p>\n<p>Uma boa forma de trocar experi\u00eancias e aprendizados \u00e9 fazer reuni\u00f5es entre educadores e coordenadores pedag\u00f3gicos para definir a\u00e7\u00f5es que podem ser interessantes para uma<strong><a href=\"https:\/\/www.aeducacaonosmove.com.br\/blog\/segredos-pratica-pedagogica\" target=\"_blank\" rel=\"noopener noreferrer\"> <\/a><\/strong><a href=\"https:\/\/www.aeducacaonosmove.com.br\/blog\/segredos-pratica-pedagogica\" target=\"_blank\" rel=\"noopener noreferrer\"><strong>pr\u00e1tica pedag\u00f3gica<\/strong><\/a> mais inclusiva.<\/p>\n<h2>3. Conhe\u00e7a os alunos<\/h2>\n<p>Um dos objetivos da <strong>educa\u00e7\u00e3o inclusiva<\/strong> \u00e9 permitir que qualquer aluno possa agir com autonomia e naturalidade. Por isso, a escola precisa fornecer um ambiente acolhedor a esses estudantes.<\/p>\n<p>Para conseguir elaborar planos de objetivos e analisar a evolu\u00e7\u00e3o de alunos especiais \u00e9 importante que o educador conhe\u00e7a o hist\u00f3rico de cada um. Isso fica mais f\u00e1cil com a avalia\u00e7\u00e3o de <strong>habilidades e compet\u00eancias<\/strong> e, principalmente, por conversas com os pais ou respons\u00e1veis.<\/p>\n<h2>4. Adequar as instala\u00e7\u00f5es da escola<\/h2>\n<p>Essa \u00e9 uma das pr\u00e1ticas mais importantes para permitir uma educa\u00e7\u00e3o inclusiva na institui\u00e7\u00e3o de ensino.<\/p>\n<p>Se o aluno sente que n\u00e3o tem <strong>autonomia<\/strong> dentro da escola, ele n\u00e3o vai se sentir \u00e0 vontade e pode ter dificuldades para participar de atividades com os colegas.<\/p>\n<p>Dessa forma, <strong>\u00e9 importante investir em instala\u00e7\u00f5es que sejam acess\u00edveis para todos<\/strong>. Algumas adapta\u00e7\u00f5es est\u00e3o previstas na lei, como acessos,\u00a0 \u00a0 elevadores, banheiros adaptados, entre outras.<\/p>\n<p>No entanto, pode ser preciso realizar algumas mudan\u00e7as em salas de aula e outros ambientes, para garantir o acesso de todos os alunos.<\/p>\n<h2>5. <strong>Seja exemplo de educa\u00e7\u00e3o inclusiva para os alunos<\/strong><\/h2>\n<p>Dar um exemplo positivo \u00e9 uma das melhores formas de ensinar alguma li\u00e7\u00e3o. Os alunos, muitas vezes, se inspiram no comportamento de pessoas mais velhas, como os professores.<\/p>\n<p>Assim, \u00e9 muito importante tratar todos os estudantes da mesma maneira, sem privil\u00e9gios ou favoritismo, mostrando para a turma que a<strong> igualdade \u00e9 o melhor caminho<\/strong>.<\/p>\n<p>A superprote\u00e7\u00e3o pode ser mal vista pelos colegas e ainda prejudicar o desenvolvimento da autonomia do aluno.<\/p>\n<p>Sem d\u00favidas, a educa\u00e7\u00e3o inclusiva \u00e9 necess\u00e1ria! No entanto, muitas institui\u00e7\u00f5es de ensino ainda est\u00e3o iniciando essa pr\u00e1tica.<\/p>\n<p>Por isso, comece esse processo o quanto antes e ajude a escola a se tornar um exemplo nesse conceito.<\/p>\n<p>Agora que voc\u00ea j\u00e1 conhece algumas boas pr\u00e1ticas de educa\u00e7\u00e3o inclusiva para sua escola, conte com a <a href=\"http:\/\/www.smeducacao.com.br\/sobre\/\"><strong>SM Educa\u00e7\u00e3o<\/strong><\/a> para ajudar voc\u00ea nesse processo.<\/p>\n<div role=\"main\" id=\"formulario-para-aplicacao-ao-final-dos-blogposts-382a210f79fd035353bb\"><\/div>\n<p><script type=\"text\/javascript\" src=\"https:\/\/d335luupugsy2.cloudfront.net\/js\/rdstation-forms\/stable\/rdstation-forms.min.js\"><\/script><br \/>\n<script type=\"text\/javascript\"> new RDStationForms('formulario-para-aplicacao-ao-final-dos-blogposts-382a210f79fd035353bb', 'UA-12840758-1').createForm();<\/script><\/p>\n","protected":false},"excerpt":{"rendered":"<p>A educa\u00e7\u00e3o inclusiva \u00e9 uma pr\u00e1tica muito importante para o desenvolvimento de todos e est\u00e1, aos poucos, sendo cada vez mais adotada nas escolas. O objetivo \u00e9 favorecer a diversidade e integrar todos os alunos no mesmo ambiente de aprendizagem, respeitando suas necessidades especiais e evitando separ\u00e1-los dos demais. As pessoas s\u00e3o diferentes umas das [&hellip;]<\/p>\n","protected":false},"author":2,"featured_media":683,"comment_status":"open","ping_status":"open","sticky":false,"template":"","format":"standard","meta":{"_acf_changed":false,"footnotes":""},"categories":[4,16],"tags":[30,70,59],"blog_nivel_escolar":[],"blog_segmento_escolar":[],"class_list":["post-682","post","type-post","status-publish","format-standard","has-post-thumbnail","hentry","category-dicas-professor","category-tendencias-educacao","tag-dicas","tag-educacao-inclusiva","tag-metodos-de-aprendizagem"],"acf":[],"yoast_head":"<!-- This site is optimized with the Yoast SEO plugin v28.3 - https:\/\/yoast.com\/product\/yoast-seo-wordpress\/ -->\n<title>Educa\u00e7\u00e3o inclusiva: 5 boas pr\u00e1ticas que sua escola precisa adotar<\/title>\n<meta name=\"description\" content=\"A educa\u00e7\u00e3o inclusiva \u00e9 uma pr\u00e1tica muito importante para o desenvolvimento de todos e est\u00e1, aos poucos, sendo cada vez mais adotada nas escolas.\" \/>\n<meta name=\"robots\" content=\"noindex, follow, max-snippet:-1, max-image-preview:large, max-video-preview:-1\" \/>\n<meta property=\"og:locale\" content=\"pt_BR\" \/>\n<meta property=\"og:type\" content=\"article\" \/>\n<meta property=\"og:title\" content=\"Educa\u00e7\u00e3o inclusiva: 5 boas pr\u00e1ticas que sua escola precisa adotar\" \/>\n<meta property=\"og:description\" content=\"A educa\u00e7\u00e3o inclusiva \u00e9 uma pr\u00e1tica muito importante para o desenvolvimento de todos e est\u00e1, aos poucos, sendo cada vez mais adotada nas escolas.\" \/>\n<meta property=\"og:url\" content=\"https:\/\/projetoslayerup.com.br\/smeducacao\/praticas-de-educacao-inclusiva\/\" \/>\n<meta property=\"og:site_name\" content=\"SM Educa\u00e7\u00e3o - Juntos cuidamos da educa\u00e7\u00e3o!\" \/>\n<meta property=\"article:published_time\" content=\"2019-07-30T15:30:08+00:00\" \/>\n<meta property=\"og:image\" content=\"https:\/\/projetoslayerup.com.br\/smeducacao\/wp-content\/uploads\/2019\/07\/original-23fe5bb328d1690b8aae065d8d1ccae0.jpg\" \/>\n\t<meta property=\"og:image:width\" content=\"1129\" \/>\n\t<meta property=\"og:image:height\" content=\"753\" \/>\n\t<meta property=\"og:image:type\" content=\"image\/jpeg\" \/>\n<meta name=\"author\" content=\"SM Educa\u00e7\u00e3o\" \/>\n<meta name=\"twitter:card\" content=\"summary_large_image\" \/>\n<meta name=\"twitter:label1\" content=\"Escrito por\" \/>\n\t<meta name=\"twitter:data1\" content=\"SM Educa\u00e7\u00e3o\" \/>\n\t<meta name=\"twitter:label2\" content=\"Est. tempo de leitura\" \/>\n\t<meta name=\"twitter:data2\" content=\"3 minutos\" \/>\n<script type=\"application\/ld+json\" class=\"yoast-schema-graph\">{\"@context\":\"https:\\\/\\\/schema.org\",\"@graph\":[{\"@type\":\"Article\",\"@id\":\"https:\\\/\\\/projetoslayerup.com.br\\\/smeducacao\\\/praticas-de-educacao-inclusiva\\\/#article\",\"isPartOf\":{\"@id\":\"https:\\\/\\\/projetoslayerup.com.br\\\/smeducacao\\\/praticas-de-educacao-inclusiva\\\/\"},\"author\":{\"name\":\"SM Educa\u00e7\u00e3o\",\"@id\":\"https:\\\/\\\/projetoslayerup.com.br\\\/smeducacao\\\/#\\\/schema\\\/person\\\/45d7d41388698d0f902ff276caab47f5\"},\"headline\":\"Educa\u00e7\u00e3o inclusiva: confira 5 boas pr\u00e1ticas\",\"datePublished\":\"2019-07-30T15:30:08+00:00\",\"mainEntityOfPage\":{\"@id\":\"https:\\\/\\\/projetoslayerup.com.br\\\/smeducacao\\\/praticas-de-educacao-inclusiva\\\/\"},\"wordCount\":640,\"commentCount\":1,\"image\":{\"@id\":\"https:\\\/\\\/projetoslayerup.com.br\\\/smeducacao\\\/praticas-de-educacao-inclusiva\\\/#primaryimage\"},\"thumbnailUrl\":\"https:\\\/\\\/projetoslayerup.com.br\\\/smeducacao\\\/wp-content\\\/uploads\\\/2019\\\/07\\\/original-23fe5bb328d1690b8aae065d8d1ccae0.jpg\",\"keywords\":[\"dicas\",\"educa\u00e7\u00e3o inclusiva\",\"m\u00e9todos de aprendizagem\"],\"articleSection\":[\"Dicas para professores\",\"Tend\u00eancias na educa\u00e7\u00e3o\"],\"inLanguage\":\"pt-BR\",\"potentialAction\":[{\"@type\":\"CommentAction\",\"name\":\"Comment\",\"target\":[\"https:\\\/\\\/projetoslayerup.com.br\\\/smeducacao\\\/praticas-de-educacao-inclusiva\\\/#respond\"]}]},{\"@type\":\"WebPage\",\"@id\":\"https:\\\/\\\/projetoslayerup.com.br\\\/smeducacao\\\/praticas-de-educacao-inclusiva\\\/\",\"url\":\"https:\\\/\\\/projetoslayerup.com.br\\\/smeducacao\\\/praticas-de-educacao-inclusiva\\\/\",\"name\":\"Educa\u00e7\u00e3o inclusiva: 5 boas pr\u00e1ticas que sua escola precisa adotar\",\"isPartOf\":{\"@id\":\"https:\\\/\\\/projetoslayerup.com.br\\\/smeducacao\\\/#website\"},\"primaryImageOfPage\":{\"@id\":\"https:\\\/\\\/projetoslayerup.com.br\\\/smeducacao\\\/praticas-de-educacao-inclusiva\\\/#primaryimage\"},\"image\":{\"@id\":\"https:\\\/\\\/projetoslayerup.com.br\\\/smeducacao\\\/praticas-de-educacao-inclusiva\\\/#primaryimage\"},\"thumbnailUrl\":\"https:\\\/\\\/projetoslayerup.com.br\\\/smeducacao\\\/wp-content\\\/uploads\\\/2019\\\/07\\\/original-23fe5bb328d1690b8aae065d8d1ccae0.jpg\",\"datePublished\":\"2019-07-30T15:30:08+00:00\",\"author\":{\"@id\":\"https:\\\/\\\/projetoslayerup.com.br\\\/smeducacao\\\/#\\\/schema\\\/person\\\/45d7d41388698d0f902ff276caab47f5\"},\"description\":\"A educa\u00e7\u00e3o inclusiva \u00e9 uma pr\u00e1tica muito importante para o desenvolvimento de todos e est\u00e1, aos poucos, sendo cada vez mais adotada nas escolas.\",\"breadcrumb\":{\"@id\":\"https:\\\/\\\/projetoslayerup.com.br\\\/smeducacao\\\/praticas-de-educacao-inclusiva\\\/#breadcrumb\"},\"inLanguage\":\"pt-BR\",\"potentialAction\":[{\"@type\":\"ReadAction\",\"target\":[\"https:\\\/\\\/projetoslayerup.com.br\\\/smeducacao\\\/praticas-de-educacao-inclusiva\\\/\"]}]},{\"@type\":\"ImageObject\",\"inLanguage\":\"pt-BR\",\"@id\":\"https:\\\/\\\/projetoslayerup.com.br\\\/smeducacao\\\/praticas-de-educacao-inclusiva\\\/#primaryimage\",\"url\":\"https:\\\/\\\/projetoslayerup.com.br\\\/smeducacao\\\/wp-content\\\/uploads\\\/2019\\\/07\\\/original-23fe5bb328d1690b8aae065d8d1ccae0.jpg\",\"contentUrl\":\"https:\\\/\\\/projetoslayerup.com.br\\\/smeducacao\\\/wp-content\\\/uploads\\\/2019\\\/07\\\/original-23fe5bb328d1690b8aae065d8d1ccae0.jpg\",\"width\":1129,\"height\":753,\"caption\":\"boas pr\u00e1ticas de educa\u00e7\u00e3o inclusiva\"},{\"@type\":\"BreadcrumbList\",\"@id\":\"https:\\\/\\\/projetoslayerup.com.br\\\/smeducacao\\\/praticas-de-educacao-inclusiva\\\/#breadcrumb\",\"itemListElement\":[{\"@type\":\"ListItem\",\"position\":1,\"name\":\"In\u00edcio\",\"item\":\"https:\\\/\\\/projetoslayerup.com.br\\\/smeducacao\\\/\"},{\"@type\":\"ListItem\",\"position\":2,\"name\":\"Educa\u00e7\u00e3o inclusiva: confira 5 boas pr\u00e1ticas\"}]},{\"@type\":\"WebSite\",\"@id\":\"https:\\\/\\\/projetoslayerup.com.br\\\/smeducacao\\\/#website\",\"url\":\"https:\\\/\\\/projetoslayerup.com.br\\\/smeducacao\\\/\",\"name\":\"SM Educa\u00e7\u00e3o - Juntos cuidamos da educa\u00e7\u00e3o!\",\"description\":\"Transformamos a educa\u00e7\u00e3o por meio de solu\u00e7\u00f5es digitais, solu\u00e7\u00f5es did\u00e1ticas para uma aprendizagem personalizada e solu\u00e7\u00f5es estrat\u00e9gicas eficientes. Juntos cuidamos da Educa\u00e7\u00e3o!\",\"potentialAction\":[{\"@type\":\"SearchAction\",\"target\":{\"@type\":\"EntryPoint\",\"urlTemplate\":\"https:\\\/\\\/projetoslayerup.com.br\\\/smeducacao\\\/?s={search_term_string}\"},\"query-input\":{\"@type\":\"PropertyValueSpecification\",\"valueRequired\":true,\"valueName\":\"search_term_string\"}}],\"inLanguage\":\"pt-BR\"},{\"@type\":\"Person\",\"@id\":\"https:\\\/\\\/projetoslayerup.com.br\\\/smeducacao\\\/#\\\/schema\\\/person\\\/45d7d41388698d0f902ff276caab47f5\",\"name\":\"SM Educa\u00e7\u00e3o\",\"image\":{\"@type\":\"ImageObject\",\"inLanguage\":\"pt-BR\",\"@id\":\"https:\\\/\\\/secure.gravatar.com\\\/avatar\\\/24327468bc2a6fb95889620b4158620d90c5e352f7a18c30af0e3f8cb70bc104?s=96&d=mm&r=g\",\"url\":\"https:\\\/\\\/secure.gravatar.com\\\/avatar\\\/24327468bc2a6fb95889620b4158620d90c5e352f7a18c30af0e3f8cb70bc104?s=96&d=mm&r=g\",\"contentUrl\":\"https:\\\/\\\/secure.gravatar.com\\\/avatar\\\/24327468bc2a6fb95889620b4158620d90c5e352f7a18c30af0e3f8cb70bc104?s=96&d=mm&r=g\",\"caption\":\"SM Educa\u00e7\u00e3o\"},\"url\":\"https:\\\/\\\/projetoslayerup.com.br\\\/smeducacao\\\/author\\\/smeducacao2021\\\/\"}]}<\/script>\n<!-- \/ Yoast SEO plugin. -->","yoast_head_json":{"title":"Educa\u00e7\u00e3o inclusiva: 5 boas pr\u00e1ticas que sua escola precisa adotar","description":"A educa\u00e7\u00e3o inclusiva \u00e9 uma pr\u00e1tica muito importante para o desenvolvimento de todos e est\u00e1, aos poucos, sendo cada vez mais adotada nas escolas.","robots":{"index":"noindex","follow":"follow","max-snippet":"max-snippet:-1","max-image-preview":"max-image-preview:large","max-video-preview":"max-video-preview:-1"},"og_locale":"pt_BR","og_type":"article","og_title":"Educa\u00e7\u00e3o inclusiva: 5 boas pr\u00e1ticas que sua escola precisa adotar","og_description":"A educa\u00e7\u00e3o inclusiva \u00e9 uma pr\u00e1tica muito importante para o desenvolvimento de todos e est\u00e1, aos poucos, sendo cada vez mais adotada nas escolas.","og_url":"https:\/\/projetoslayerup.com.br\/smeducacao\/praticas-de-educacao-inclusiva\/","og_site_name":"SM Educa\u00e7\u00e3o - Juntos cuidamos da educa\u00e7\u00e3o!","article_published_time":"2019-07-30T15:30:08+00:00","og_image":[{"width":1129,"height":753,"url":"https:\/\/projetoslayerup.com.br\/smeducacao\/wp-content\/uploads\/2019\/07\/original-23fe5bb328d1690b8aae065d8d1ccae0.jpg","type":"image\/jpeg"}],"author":"SM Educa\u00e7\u00e3o","twitter_card":"summary_large_image","twitter_misc":{"Escrito por":"SM Educa\u00e7\u00e3o","Est. tempo de leitura":"3 minutos"},"schema":{"@context":"https:\/\/schema.org","@graph":[{"@type":"Article","@id":"https:\/\/projetoslayerup.com.br\/smeducacao\/praticas-de-educacao-inclusiva\/#article","isPartOf":{"@id":"https:\/\/projetoslayerup.com.br\/smeducacao\/praticas-de-educacao-inclusiva\/"},"author":{"name":"SM Educa\u00e7\u00e3o","@id":"https:\/\/projetoslayerup.com.br\/smeducacao\/#\/schema\/person\/45d7d41388698d0f902ff276caab47f5"},"headline":"Educa\u00e7\u00e3o inclusiva: confira 5 boas pr\u00e1ticas","datePublished":"2019-07-30T15:30:08+00:00","mainEntityOfPage":{"@id":"https:\/\/projetoslayerup.com.br\/smeducacao\/praticas-de-educacao-inclusiva\/"},"wordCount":640,"commentCount":1,"image":{"@id":"https:\/\/projetoslayerup.com.br\/smeducacao\/praticas-de-educacao-inclusiva\/#primaryimage"},"thumbnailUrl":"https:\/\/projetoslayerup.com.br\/smeducacao\/wp-content\/uploads\/2019\/07\/original-23fe5bb328d1690b8aae065d8d1ccae0.jpg","keywords":["dicas","educa\u00e7\u00e3o inclusiva","m\u00e9todos de aprendizagem"],"articleSection":["Dicas para professores","Tend\u00eancias na educa\u00e7\u00e3o"],"inLanguage":"pt-BR","potentialAction":[{"@type":"CommentAction","name":"Comment","target":["https:\/\/projetoslayerup.com.br\/smeducacao\/praticas-de-educacao-inclusiva\/#respond"]}]},{"@type":"WebPage","@id":"https:\/\/projetoslayerup.com.br\/smeducacao\/praticas-de-educacao-inclusiva\/","url":"https:\/\/projetoslayerup.com.br\/smeducacao\/praticas-de-educacao-inclusiva\/","name":"Educa\u00e7\u00e3o inclusiva: 5 boas pr\u00e1ticas que sua escola precisa adotar","isPartOf":{"@id":"https:\/\/projetoslayerup.com.br\/smeducacao\/#website"},"primaryImageOfPage":{"@id":"https:\/\/projetoslayerup.com.br\/smeducacao\/praticas-de-educacao-inclusiva\/#primaryimage"},"image":{"@id":"https:\/\/projetoslayerup.com.br\/smeducacao\/praticas-de-educacao-inclusiva\/#primaryimage"},"thumbnailUrl":"https:\/\/projetoslayerup.com.br\/smeducacao\/wp-content\/uploads\/2019\/07\/original-23fe5bb328d1690b8aae065d8d1ccae0.jpg","datePublished":"2019-07-30T15:30:08+00:00","author":{"@id":"https:\/\/projetoslayerup.com.br\/smeducacao\/#\/schema\/person\/45d7d41388698d0f902ff276caab47f5"},"description":"A educa\u00e7\u00e3o inclusiva \u00e9 uma pr\u00e1tica muito importante para o desenvolvimento de todos e est\u00e1, aos poucos, sendo cada vez mais adotada nas escolas.","breadcrumb":{"@id":"https:\/\/projetoslayerup.com.br\/smeducacao\/praticas-de-educacao-inclusiva\/#breadcrumb"},"inLanguage":"pt-BR","potentialAction":[{"@type":"ReadAction","target":["https:\/\/projetoslayerup.com.br\/smeducacao\/praticas-de-educacao-inclusiva\/"]}]},{"@type":"ImageObject","inLanguage":"pt-BR","@id":"https:\/\/projetoslayerup.com.br\/smeducacao\/praticas-de-educacao-inclusiva\/#primaryimage","url":"https:\/\/projetoslayerup.com.br\/smeducacao\/wp-content\/uploads\/2019\/07\/original-23fe5bb328d1690b8aae065d8d1ccae0.jpg","contentUrl":"https:\/\/projetoslayerup.com.br\/smeducacao\/wp-content\/uploads\/2019\/07\/original-23fe5bb328d1690b8aae065d8d1ccae0.jpg","width":1129,"height":753,"caption":"boas pr\u00e1ticas de educa\u00e7\u00e3o inclusiva"},{"@type":"BreadcrumbList","@id":"https:\/\/projetoslayerup.com.br\/smeducacao\/praticas-de-educacao-inclusiva\/#breadcrumb","itemListElement":[{"@type":"ListItem","position":1,"name":"In\u00edcio","item":"https:\/\/projetoslayerup.com.br\/smeducacao\/"},{"@type":"ListItem","position":2,"name":"Educa\u00e7\u00e3o inclusiva: confira 5 boas pr\u00e1ticas"}]},{"@type":"WebSite","@id":"https:\/\/projetoslayerup.com.br\/smeducacao\/#website","url":"https:\/\/projetoslayerup.com.br\/smeducacao\/","name":"SM Educa\u00e7\u00e3o - Juntos cuidamos da educa\u00e7\u00e3o!","description":"Transformamos a educa\u00e7\u00e3o por meio de solu\u00e7\u00f5es digitais, solu\u00e7\u00f5es did\u00e1ticas para uma aprendizagem personalizada e solu\u00e7\u00f5es estrat\u00e9gicas eficientes. Juntos cuidamos da Educa\u00e7\u00e3o!","potentialAction":[{"@type":"SearchAction","target":{"@type":"EntryPoint","urlTemplate":"https:\/\/projetoslayerup.com.br\/smeducacao\/?s={search_term_string}"},"query-input":{"@type":"PropertyValueSpecification","valueRequired":true,"valueName":"search_term_string"}}],"inLanguage":"pt-BR"},{"@type":"Person","@id":"https:\/\/projetoslayerup.com.br\/smeducacao\/#\/schema\/person\/45d7d41388698d0f902ff276caab47f5","name":"SM Educa\u00e7\u00e3o","image":{"@type":"ImageObject","inLanguage":"pt-BR","@id":"https:\/\/secure.gravatar.com\/avatar\/24327468bc2a6fb95889620b4158620d90c5e352f7a18c30af0e3f8cb70bc104?s=96&d=mm&r=g","url":"https:\/\/secure.gravatar.com\/avatar\/24327468bc2a6fb95889620b4158620d90c5e352f7a18c30af0e3f8cb70bc104?s=96&d=mm&r=g","contentUrl":"https:\/\/secure.gravatar.com\/avatar\/24327468bc2a6fb95889620b4158620d90c5e352f7a18c30af0e3f8cb70bc104?s=96&d=mm&r=g","caption":"SM Educa\u00e7\u00e3o"},"url":"https:\/\/projetoslayerup.com.br\/smeducacao\/author\/smeducacao2021\/"}]}},"_links":{"self":[{"href":"https:\/\/projetoslayerup.com.br\/smeducacao\/wp-json\/wp\/v2\/posts\/682","targetHints":{"allow":["GET"]}}],"collection":[{"href":"https:\/\/projetoslayerup.com.br\/smeducacao\/wp-json\/wp\/v2\/posts"}],"about":[{"href":"https:\/\/projetoslayerup.com.br\/smeducacao\/wp-json\/wp\/v2\/types\/post"}],"author":[{"embeddable":true,"href":"https:\/\/projetoslayerup.com.br\/smeducacao\/wp-json\/wp\/v2\/users\/2"}],"replies":[{"embeddable":true,"href":"https:\/\/projetoslayerup.com.br\/smeducacao\/wp-json\/wp\/v2\/comments?post=682"}],"version-history":[{"count":0,"href":"https:\/\/projetoslayerup.com.br\/smeducacao\/wp-json\/wp\/v2\/posts\/682\/revisions"}],"wp:featuredmedia":[{"embeddable":true,"href":"https:\/\/projetoslayerup.com.br\/smeducacao\/wp-json\/wp\/v2\/media\/683"}],"wp:attachment":[{"href":"https:\/\/projetoslayerup.com.br\/smeducacao\/wp-json\/wp\/v2\/media?parent=682"}],"wp:term":[{"taxonomy":"category","embeddable":true,"href":"https:\/\/projetoslayerup.com.br\/smeducacao\/wp-json\/wp\/v2\/categories?post=682"},{"taxonomy":"post_tag","embeddable":true,"href":"https:\/\/projetoslayerup.com.br\/smeducacao\/wp-json\/wp\/v2\/tags?post=682"},{"taxonomy":"blog_nivel_escolar","embeddable":true,"href":"https:\/\/projetoslayerup.com.br\/smeducacao\/wp-json\/wp\/v2\/blog_nivel_escolar?post=682"},{"taxonomy":"blog_segmento_escolar","embeddable":true,"href":"https:\/\/projetoslayerup.com.br\/smeducacao\/wp-json\/wp\/v2\/blog_segmento_escolar?post=682"}],"curies":[{"name":"wp","href":"https:\/\/api.w.org\/{rel}","templated":true}]}}