{"id":6894,"date":"2024-09-30T17:18:57","date_gmt":"2024-09-30T20:18:57","guid":{"rendered":"https:\/\/www.smeducacao.com.br\/?p=6894"},"modified":"2026-08-19T18:20:30","modified_gmt":"2026-08-19T18:20:30","slug":"a-casa-comum-do-umbigo-ao-coracao-nova-obra-literaria","status":"publish","type":"post","link":"https:\/\/projetoslayerup.com.br\/smeducacao\/a-casa-comum-do-umbigo-ao-coracao-nova-obra-literaria\/","title":{"rendered":"&#8220;A Casa Comum: do umbigo ao cora\u00e7\u00e3o&#8221;: nova obra liter\u00e1ria para a educa\u00e7\u00e3o ecol\u00f3gica"},"content":{"rendered":"<p><span style=\"font-weight: 400;\">Chegou uma obra liter\u00e1ria que promete transformar a maneira como educamos nossas crian\u00e7as sobre ecologia e responsabilidade ambiental: <\/span><b>&#8220;<\/b><b><i>A Casa Comum: do umbigo ao cora\u00e7\u00e3o<\/i><\/b><b>&#8220;<\/b><span style=\"font-weight: 400;\">, escrita por Humberto Herrera e publicada pelo N\u00facleo de Escolas Cat\u00f3licas da SM Educa\u00e7\u00e3o.<\/span><\/p>\n<p><span style=\"font-weight: 400;\">Leia o artigo na \u00edntegra para entender mais sobre a obra e como poder\u00e1 integr\u00e1-la aos aprendizados no dia a dia da sala de aula.<\/span><\/p>\n<h2><span style=\"font-weight: 400;\">Uma aventura po\u00e9tica e voltada \u00e0 cidadania ecol\u00f3gica<\/span><\/h2>\n<p><span style=\"font-weight: 400;\">Em <\/span><b>&#8220;<\/b><a href=\"https:\/\/materiais.smbrasil.com.br\/nec-obra-humberto-a-casa-comum\" target=\"_blank\" rel=\"noopener\"><b><i>A Casa Comum: do umbigo ao cora\u00e7\u00e3o<\/i><\/b><\/a><b>&#8220;<\/b><span style=\"font-weight: 400;\">, somos apresentados a Pedro, um menino curioso que, ao observar um bem-te-vi batendo na janela de sua sala de aula, come\u00e7a a imaginar se o p\u00e1ssaro est\u00e1 tentando se comunicar com ele. Esse encontro inusitado o conduz a um sonho fant\u00e1stico, onde o garoto<\/span> <span style=\"font-weight: 400;\">participa de uma<\/span><b> assembleia de animais e plantas<\/b><span style=\"font-weight: 400;\">.<\/span><\/p>\n<p><span style=\"font-weight: 400;\">Juntos, <\/span><b>eles discutem o impacto devastador das a\u00e7\u00f5es humanas sobre o meio ambiente<\/b><span style=\"font-weight: 400;\">, destacando a import\u00e2ncia de vivermos em harmonia com a natureza. Essa experi\u00eancia leva Pedro a entender que todos os seres vivos est\u00e3o interligados e que o planeta Terra \u00e9 nossa \u00fanica &#8220;Casa Comum&#8221;.<\/span><\/p>\n<p><img loading=\"lazy\" decoding=\"async\" class=\"aligncenter wp-image-6895 size-full\" src=\"https:\/\/projetoslayerup.com.br\/smeducacao\/wp-content\/uploads\/2024\/09\/BLOGPOST_Prancheta-2_2-e1727725099429.png\" alt=\"Obra liter\u00e1ria &quot;A Casa Comum: do umbigo ao cora\u00e7\u00e3o&quot;\" width=\"1080\" height=\"863\" srcset=\"https:\/\/projetoslayerup.com.br\/smeducacao\/wp-content\/uploads\/2024\/09\/BLOGPOST_Prancheta-2_2-e1727725099429.png 1080w, https:\/\/projetoslayerup.com.br\/smeducacao\/wp-content\/uploads\/2024\/09\/BLOGPOST_Prancheta-2_2-e1727725099429-300x240.png 300w, https:\/\/projetoslayerup.com.br\/smeducacao\/wp-content\/uploads\/2024\/09\/BLOGPOST_Prancheta-2_2-e1727725099429-1024x818.png 1024w, https:\/\/projetoslayerup.com.br\/smeducacao\/wp-content\/uploads\/2024\/09\/BLOGPOST_Prancheta-2_2-e1727725099429-768x614.png 768w\" sizes=\"auto, (max-width: 1080px) 100vw, 1080px\" \/><\/p>\n<h2><span style=\"font-weight: 400;\">Educa\u00e7\u00e3o ecol\u00f3gica para crian\u00e7as<\/span><\/h2>\n<p><span style=\"font-weight: 400;\">Publicada pela editora SM, a obra \u00e9 uma <\/span><b>adapta\u00e7\u00e3o criativa e ficcional das ideias presentes na Enc\u00edclica <\/b><b><i>Laudato si&#8217;<\/i><\/b><b> do Papa Francisco<\/b><span style=\"font-weight: 400;\">, um documento que aborda a ecologia e o cuidado com a &#8220;Casa Comum&#8221;.<\/span><\/p>\n<p><span style=\"font-weight: 400;\">O livro \u00e9 projetado para <\/span><b>despertar nas crian\u00e7as entre 7 e 9 anos o cuidado e o respeito pela natureza<\/b><span style=\"font-weight: 400;\">, de uma maneira envolvente e compreens\u00edvel. Com um texto simples, mas l\u00fadico, a narrativa <a href=\"https:\/\/projetoslayerup.com.br\/smeducacao\/importancia-literatura-infantojuvenil\/\" target=\"_blank\" rel=\"noopener\">captura a aten\u00e7\u00e3o dos jovens leitores<\/a>, convidando-os a refletir sobre o mundo ao seu redor e sua responsabilidade para com ele.<\/span><\/p>\n<p><img loading=\"lazy\" decoding=\"async\" class=\"aligncenter wp-image-6897 size-full\" src=\"https:\/\/projetoslayerup.com.br\/smeducacao\/wp-content\/uploads\/2024\/09\/BLOGPOST_Prancheta-8.png\" alt=\"Enc\u00edclica Laudato si' do Papa Francisco\" width=\"1200\" height=\"528\" srcset=\"https:\/\/projetoslayerup.com.br\/smeducacao\/wp-content\/uploads\/2024\/09\/BLOGPOST_Prancheta-8.png 1200w, https:\/\/projetoslayerup.com.br\/smeducacao\/wp-content\/uploads\/2024\/09\/BLOGPOST_Prancheta-8-300x132.png 300w, https:\/\/projetoslayerup.com.br\/smeducacao\/wp-content\/uploads\/2024\/09\/BLOGPOST_Prancheta-8-1024x451.png 1024w, https:\/\/projetoslayerup.com.br\/smeducacao\/wp-content\/uploads\/2024\/09\/BLOGPOST_Prancheta-8-768x338.png 768w\" sizes=\"auto, (max-width: 1200px) 100vw, 1200px\" \/><\/p>\n<p><span style=\"font-weight: 400;\">Quem d\u00e1 voz a este lan\u00e7amento liter\u00e1rio \u00e9 Humberto Herrera, pedagogo chileno residente em Curitiba. Com forma\u00e7\u00e3o em filosofia, pedagogia, teologia e ci\u00eancias da religi\u00e3o, \u00e9 conhecido por sua atua\u00e7\u00e3o como professor e autor de livros did\u00e1ticos.\u00a0<\/span><\/p>\n<p><span style=\"font-weight: 400;\">O escritor tamb\u00e9m \u00e9 membro do grupo de pesquisa Movimento, Sabedoria, Ideias e Comunh\u00e3o (MOSAICO), que se dedica a valorizar a identidade da Am\u00e9rica Latina. Sua mais recente obra, <\/span><i><span style=\"font-weight: 400;\">&#8220;A Casa Comum: do umbigo ao cora\u00e7\u00e3o&#8221;<\/span><\/i><span style=\"font-weight: 400;\">, reflete sua experi\u00eancia pedag\u00f3gica e sua atribui\u00e7\u00e3o em temas sociais e ambientais.<\/span><\/p>\n<h2><span style=\"font-weight: 400;\">Explorando os temas da obra liter\u00e1ria: cap\u00edtulos que fazem refletir<\/span><\/h2>\n<p><span style=\"font-weight: 400;\">&#8220;<\/span><a href=\"https:\/\/materiais.smbrasil.com.br\/nec-obra-humberto-a-casa-comum\" target=\"_blank\" rel=\"noopener\"><i><span style=\"font-weight: 400;\">A Casa Comum: do umbigo ao cora\u00e7\u00e3o<\/span><\/i><\/a><span style=\"font-weight: 400;\">&#8221; \u00e9 estruturada em contos que guiam o leitor por uma jornada de descobertas e aprendizado profundo:<\/span><\/p>\n<ol>\n<li style=\"font-weight: 400;\" aria-level=\"1\"><b>O umbigo: <\/b><span style=\"font-weight: 400;\">introduz o conceito de interconex\u00e3o entre todos os seres vivos, enfatizando que todos s\u00e3o parte de um mesmo ecossistema.<\/span><\/li>\n<li style=\"font-weight: 400;\" aria-level=\"1\"><b>O que est\u00e1 acontecendo com a nossa casa: <\/b><span style=\"font-weight: 400;\">leva os leitores a refletirem sobre os impactos das a\u00e7\u00f5es humanas no meio ambiente.<\/span><\/li>\n<li style=\"font-weight: 400;\" aria-level=\"1\"><b>Pedro e a Terra em uma consulta pedi\u00e1trica: <\/b><span style=\"font-weight: 400;\">uma analogia poderosa que compara o planeta a um paciente necessitando de cuidados urgentes.<\/span><\/li>\n<li style=\"font-weight: 400;\" aria-level=\"1\"><b><i>Laudato si\u2019<\/i><\/b><b>: <\/b><span style=\"font-weight: 400;\">apresenta os princ\u00edpios da Enc\u00edclica do Papa Francisco, adaptados para o p\u00fablico infantil.<\/span><\/li>\n<li style=\"font-weight: 400;\" aria-level=\"1\"><b>Educa\u00e7\u00e3o ambiental do mundo ao avesso: <\/b><span style=\"font-weight: 400;\">aborda maneiras criativas de aprender sobre ecologia, incentivando o pensamento cr\u00edtico.<\/span><\/li>\n<li style=\"font-weight: 400;\" aria-level=\"1\"><b>A c\u00fapula do clima do fundo da Terra:<\/b><span style=\"font-weight: 400;\"> uma reuni\u00e3o imagin\u00e1ria de seres da natureza discutindo quest\u00f5es sobre justi\u00e7a clim\u00e1tica e paz.\u00a0<\/span><\/li>\n<li style=\"font-weight: 400;\" aria-level=\"1\"><b>O cora\u00e7\u00e3o: <\/b><span style=\"font-weight: 400;\">fecha a narrativa com uma mensagem sobre empatia e a\u00e7\u00e3o, convidando as crian\u00e7as a se tornarem guardi\u00f5es do planeta.<\/span><\/li>\n<\/ol>\n<h2><span style=\"font-weight: 400;\">Atividades para educadores: promovendo cidadania ecol\u00f3gica com \u201cA Casa Comum\u201d<\/span><\/h2>\n<p><span style=\"font-weight: 400;\">Para os educadores que desejam integrar a obra liter\u00e1ria ao curr\u00edculo escolar, ela oferece in\u00fameras oportunidades para <\/span><a href=\"https:\/\/projetoslayerup.com.br\/smeducacao\/leitura-sala-de-aula-formacao-de-alunos\/\" target=\"_blank\" rel=\"noopener\"><b>atividades pedag\u00f3gicas que v\u00e3o al\u00e9m da simples leitura<\/b><\/a><span style=\"font-weight: 400;\">. Abaixo, apresentamos algumas sugest\u00f5es que podem ser realizadas em sala de aula para <\/span><b>promover a educa\u00e7\u00e3o ecol\u00f3gica de forma divertida e interativa:<\/b><\/p>\n<p><img loading=\"lazy\" decoding=\"async\" class=\"aligncenter wp-image-6903 size-full\" src=\"https:\/\/projetoslayerup.com.br\/smeducacao\/wp-content\/uploads\/2024\/09\/Prancheta-1-1.png\" alt=\"atividades para educa\u00e7\u00e3o ecol\u00f3gica \" width=\"1920\" height=\"1080\" srcset=\"https:\/\/projetoslayerup.com.br\/smeducacao\/wp-content\/uploads\/2024\/09\/Prancheta-1-1.png 1920w, https:\/\/projetoslayerup.com.br\/smeducacao\/wp-content\/uploads\/2024\/09\/Prancheta-1-1-300x169.png 300w, https:\/\/projetoslayerup.com.br\/smeducacao\/wp-content\/uploads\/2024\/09\/Prancheta-1-1-1024x576.png 1024w, https:\/\/projetoslayerup.com.br\/smeducacao\/wp-content\/uploads\/2024\/09\/Prancheta-1-1-768x432.png 768w, https:\/\/projetoslayerup.com.br\/smeducacao\/wp-content\/uploads\/2024\/09\/Prancheta-1-1-1536x864.png 1536w\" sizes=\"auto, (max-width: 1920px) 100vw, 1920px\" \/><\/p>\n<h2><span style=\"font-weight: 400;\">Por que &#8220;A Casa Comum: do umbigo ao cora\u00e7\u00e3o&#8221; \u00e9 essencial para a educa\u00e7\u00e3o das crian\u00e7as?<\/span><\/h2>\n<p><span style=\"font-weight: 400;\">Por meio de uma narrativa encantadora e atividades educativas pr\u00e1ticas, a obra liter\u00e1ria \u00e9 mais do que apenas um livro infantil \u2014 <\/span><b>\u00e9 uma possibilidade para promover a consci\u00eancia ecol\u00f3gica entre os pequenos<\/b><span style=\"font-weight: 400;\">. Ao combinar fic\u00e7\u00e3o, poesia e ensinamentos ecol\u00f3gicos, Herrera oferece aos educadores uma abordagem para ensinar responsabilidade ambiental de uma forma que ressoa com as crian\u00e7as, inspirando-as a se tornarem cidad\u00e3os planet\u00e1rios, conscientes e ativos.<\/span><\/p>\n<p><span style=\"font-weight: 400;\">&#8220;<\/span><i><span style=\"font-weight: 400;\">A Casa Comum: do umbigo ao cora\u00e7\u00e3o<\/span><\/i><span style=\"font-weight: 400;\">&#8221; n\u00e3o apenas entret\u00e9m, mas tamb\u00e9m educa, despertando nos jovens leitores o desejo de aprender mais sobre o meio ambiente e de se engajar em a\u00e7\u00f5es que promovam futuros mais sustent\u00e1veis e inclusivos. <\/span><a href=\"https:\/\/materiais.smbrasil.com.br\/nec-obra-humberto-a-casa-comum\" target=\"_blank\" rel=\"noopener\"><span style=\"font-weight: 400;\">Garanta o seu exemplar<\/span><\/a><span style=\"font-weight: 400;\"> desta incr\u00edvel obra liter\u00e1ria e prepare-se para enriquecer a educa\u00e7\u00e3o ecol\u00f3gica em sua escola.<\/span><\/p>\n<p><a href=\"https:\/\/materiais.smbrasil.com.br\/nec-obra-humberto-a-casa-comum\" target=\"_blank\" rel=\"noopener\"><img loading=\"lazy\" decoding=\"async\" class=\"aligncenter wp-image-6898 size-full\" src=\"https:\/\/projetoslayerup.com.br\/smeducacao\/wp-content\/uploads\/2024\/09\/BLOGPOST_Prancheta-8-copiar.png\" alt=\"Conhe\u00e7a &quot;A Casa Comum: do umbigo ao cora\u00e7\u00e3o&quot; \" width=\"1200\" height=\"528\" srcset=\"https:\/\/projetoslayerup.com.br\/smeducacao\/wp-content\/uploads\/2024\/09\/BLOGPOST_Prancheta-8-copiar.png 1200w, https:\/\/projetoslayerup.com.br\/smeducacao\/wp-content\/uploads\/2024\/09\/BLOGPOST_Prancheta-8-copiar-300x132.png 300w, https:\/\/projetoslayerup.com.br\/smeducacao\/wp-content\/uploads\/2024\/09\/BLOGPOST_Prancheta-8-copiar-1024x451.png 1024w, https:\/\/projetoslayerup.com.br\/smeducacao\/wp-content\/uploads\/2024\/09\/BLOGPOST_Prancheta-8-copiar-768x338.png 768w\" sizes=\"auto, (max-width: 1200px) 100vw, 1200px\" \/><\/a><\/p>\n","protected":false},"excerpt":{"rendered":"<p>Chegou uma obra liter\u00e1ria que promete transformar a maneira como educamos nossas crian\u00e7as sobre ecologia e responsabilidade ambiental: &#8220;A Casa Comum: do umbigo ao cora\u00e7\u00e3o&#8220;, escrita por Humberto Herrera e publicada pelo N\u00facleo de Escolas Cat\u00f3licas da SM Educa\u00e7\u00e3o. Leia o artigo na \u00edntegra para entender mais sobre a obra e como poder\u00e1 integr\u00e1-la aos [&hellip;]<\/p>\n","protected":false},"author":3,"featured_media":6904,"comment_status":"open","ping_status":"open","sticky":false,"template":"","format":"standard","meta":{"_acf_changed":false,"footnotes":""},"categories":[40],"tags":[35,36,37],"blog_nivel_escolar":[],"blog_segmento_escolar":[],"class_list":["post-6894","post","type-post","status-publish","format-standard","has-post-thumbnail","hentry","category-literatura","tag-casa-comum","tag-educacao-ecologica","tag-ensino-fundamental"],"acf":[],"yoast_head":"<!-- This site is optimized with the Yoast SEO plugin v28.3 - https:\/\/yoast.com\/product\/yoast-seo-wordpress\/ -->\n<title>Nova obra liter\u00e1ria: \u201cA Casa Comum: do umbigo ao cora\u00e7\u00e3o\u201d<\/title>\n<meta name=\"description\" content=\"Conhe\u00e7a a obra liter\u00e1ria de Humberto Herrera, que ensina educa\u00e7\u00e3o ecol\u00f3gica para crian\u00e7as por meio de uma narrativa l\u00fadica e envolvente.\" \/>\n<meta name=\"robots\" content=\"noindex, follow, max-snippet:-1, max-image-preview:large, max-video-preview:-1\" \/>\n<meta property=\"og:locale\" content=\"pt_BR\" \/>\n<meta property=\"og:type\" content=\"article\" \/>\n<meta property=\"og:title\" content=\"Nova obra liter\u00e1ria: \u201cA Casa Comum: do umbigo ao cora\u00e7\u00e3o\u201d\" \/>\n<meta property=\"og:description\" content=\"Conhe\u00e7a a obra liter\u00e1ria de Humberto Herrera, que ensina educa\u00e7\u00e3o ecol\u00f3gica para crian\u00e7as por meio de uma narrativa l\u00fadica e envolvente.\" \/>\n<meta property=\"og:url\" content=\"https:\/\/projetoslayerup.com.br\/smeducacao\/a-casa-comum-do-umbigo-ao-coracao-nova-obra-literaria\/\" \/>\n<meta property=\"og:site_name\" content=\"SM Educa\u00e7\u00e3o - Juntos cuidamos da educa\u00e7\u00e3o!\" \/>\n<meta property=\"article:published_time\" content=\"2024-09-30T20:18:57+00:00\" \/>\n<meta property=\"article:modified_time\" content=\"2026-08-19T18:20:30+00:00\" \/>\n<meta property=\"og:image\" content=\"https:\/\/projetoslayerup.com.br\/smeducacao\/wp-content\/uploads\/2024\/09\/HEADER-4.png\" \/>\n\t<meta property=\"og:image:width\" content=\"1200\" \/>\n\t<meta property=\"og:image:height\" content=\"803\" \/>\n\t<meta property=\"og:image:type\" content=\"image\/png\" \/>\n<meta name=\"author\" content=\"SM Educa\u00e7\u00e3o\" \/>\n<meta name=\"twitter:card\" content=\"summary_large_image\" \/>\n<meta name=\"twitter:label1\" content=\"Escrito por\" \/>\n\t<meta name=\"twitter:data1\" content=\"SM Educa\u00e7\u00e3o\" \/>\n\t<meta name=\"twitter:label2\" content=\"Est. tempo de leitura\" \/>\n\t<meta name=\"twitter:data2\" content=\"6 minutos\" \/>\n<script type=\"application\/ld+json\" class=\"yoast-schema-graph\">{\"@context\":\"https:\\\/\\\/schema.org\",\"@graph\":[{\"@type\":\"Article\",\"@id\":\"https:\\\/\\\/projetoslayerup.com.br\\\/smeducacao\\\/a-casa-comum-do-umbigo-ao-coracao-nova-obra-literaria\\\/#article\",\"isPartOf\":{\"@id\":\"https:\\\/\\\/projetoslayerup.com.br\\\/smeducacao\\\/a-casa-comum-do-umbigo-ao-coracao-nova-obra-literaria\\\/\"},\"author\":{\"name\":\"SM Educa\u00e7\u00e3o\",\"@id\":\"https:\\\/\\\/projetoslayerup.com.br\\\/smeducacao\\\/#\\\/schema\\\/person\\\/5975af341b2aba095e1c3f2c224a4dde\"},\"headline\":\"&#8220;A Casa Comum: do umbigo ao cora\u00e7\u00e3o&#8221;: nova obra liter\u00e1ria para a educa\u00e7\u00e3o ecol\u00f3gica\",\"datePublished\":\"2024-09-30T20:18:57+00:00\",\"dateModified\":\"2026-08-19T18:20:30+00:00\",\"mainEntityOfPage\":{\"@id\":\"https:\\\/\\\/projetoslayerup.com.br\\\/smeducacao\\\/a-casa-comum-do-umbigo-ao-coracao-nova-obra-literaria\\\/\"},\"wordCount\":825,\"commentCount\":1,\"image\":{\"@id\":\"https:\\\/\\\/projetoslayerup.com.br\\\/smeducacao\\\/a-casa-comum-do-umbigo-ao-coracao-nova-obra-literaria\\\/#primaryimage\"},\"thumbnailUrl\":\"https:\\\/\\\/projetoslayerup.com.br\\\/smeducacao\\\/wp-content\\\/uploads\\\/2024\\\/09\\\/HEADER-4.png\",\"keywords\":[\"Casa Comum\",\"Educa\u00e7\u00e3o Ecol\u00f3gica\",\"ensino fundamental\"],\"articleSection\":[\"Literatura\"],\"inLanguage\":\"pt-BR\",\"potentialAction\":[{\"@type\":\"CommentAction\",\"name\":\"Comment\",\"target\":[\"https:\\\/\\\/projetoslayerup.com.br\\\/smeducacao\\\/a-casa-comum-do-umbigo-ao-coracao-nova-obra-literaria\\\/#respond\"]}]},{\"@type\":\"WebPage\",\"@id\":\"https:\\\/\\\/projetoslayerup.com.br\\\/smeducacao\\\/a-casa-comum-do-umbigo-ao-coracao-nova-obra-literaria\\\/\",\"url\":\"https:\\\/\\\/projetoslayerup.com.br\\\/smeducacao\\\/a-casa-comum-do-umbigo-ao-coracao-nova-obra-literaria\\\/\",\"name\":\"Nova obra liter\u00e1ria: \u201cA Casa Comum: do umbigo ao cora\u00e7\u00e3o\u201d\",\"isPartOf\":{\"@id\":\"https:\\\/\\\/projetoslayerup.com.br\\\/smeducacao\\\/#website\"},\"primaryImageOfPage\":{\"@id\":\"https:\\\/\\\/projetoslayerup.com.br\\\/smeducacao\\\/a-casa-comum-do-umbigo-ao-coracao-nova-obra-literaria\\\/#primaryimage\"},\"image\":{\"@id\":\"https:\\\/\\\/projetoslayerup.com.br\\\/smeducacao\\\/a-casa-comum-do-umbigo-ao-coracao-nova-obra-literaria\\\/#primaryimage\"},\"thumbnailUrl\":\"https:\\\/\\\/projetoslayerup.com.br\\\/smeducacao\\\/wp-content\\\/uploads\\\/2024\\\/09\\\/HEADER-4.png\",\"datePublished\":\"2024-09-30T20:18:57+00:00\",\"dateModified\":\"2026-08-19T18:20:30+00:00\",\"author\":{\"@id\":\"https:\\\/\\\/projetoslayerup.com.br\\\/smeducacao\\\/#\\\/schema\\\/person\\\/5975af341b2aba095e1c3f2c224a4dde\"},\"description\":\"Conhe\u00e7a a obra liter\u00e1ria de Humberto Herrera, que ensina educa\u00e7\u00e3o ecol\u00f3gica para crian\u00e7as por meio de uma narrativa l\u00fadica e envolvente.\",\"breadcrumb\":{\"@id\":\"https:\\\/\\\/projetoslayerup.com.br\\\/smeducacao\\\/a-casa-comum-do-umbigo-ao-coracao-nova-obra-literaria\\\/#breadcrumb\"},\"inLanguage\":\"pt-BR\",\"potentialAction\":[{\"@type\":\"ReadAction\",\"target\":[\"https:\\\/\\\/projetoslayerup.com.br\\\/smeducacao\\\/a-casa-comum-do-umbigo-ao-coracao-nova-obra-literaria\\\/\"]}]},{\"@type\":\"ImageObject\",\"inLanguage\":\"pt-BR\",\"@id\":\"https:\\\/\\\/projetoslayerup.com.br\\\/smeducacao\\\/a-casa-comum-do-umbigo-ao-coracao-nova-obra-literaria\\\/#primaryimage\",\"url\":\"https:\\\/\\\/projetoslayerup.com.br\\\/smeducacao\\\/wp-content\\\/uploads\\\/2024\\\/09\\\/HEADER-4.png\",\"contentUrl\":\"https:\\\/\\\/projetoslayerup.com.br\\\/smeducacao\\\/wp-content\\\/uploads\\\/2024\\\/09\\\/HEADER-4.png\",\"width\":1200,\"height\":803},{\"@type\":\"BreadcrumbList\",\"@id\":\"https:\\\/\\\/projetoslayerup.com.br\\\/smeducacao\\\/a-casa-comum-do-umbigo-ao-coracao-nova-obra-literaria\\\/#breadcrumb\",\"itemListElement\":[{\"@type\":\"ListItem\",\"position\":1,\"name\":\"In\u00edcio\",\"item\":\"https:\\\/\\\/projetoslayerup.com.br\\\/smeducacao\\\/\"},{\"@type\":\"ListItem\",\"position\":2,\"name\":\"&#8220;A Casa Comum: do umbigo ao cora\u00e7\u00e3o&#8221;: nova obra liter\u00e1ria para a educa\u00e7\u00e3o ecol\u00f3gica\"}]},{\"@type\":\"WebSite\",\"@id\":\"https:\\\/\\\/projetoslayerup.com.br\\\/smeducacao\\\/#website\",\"url\":\"https:\\\/\\\/projetoslayerup.com.br\\\/smeducacao\\\/\",\"name\":\"SM Educa\u00e7\u00e3o - Juntos cuidamos da educa\u00e7\u00e3o!\",\"description\":\"Transformamos a educa\u00e7\u00e3o por meio de solu\u00e7\u00f5es digitais, solu\u00e7\u00f5es did\u00e1ticas para uma aprendizagem personalizada e solu\u00e7\u00f5es estrat\u00e9gicas eficientes. Juntos cuidamos da Educa\u00e7\u00e3o!\",\"potentialAction\":[{\"@type\":\"SearchAction\",\"target\":{\"@type\":\"EntryPoint\",\"urlTemplate\":\"https:\\\/\\\/projetoslayerup.com.br\\\/smeducacao\\\/?s={search_term_string}\"},\"query-input\":{\"@type\":\"PropertyValueSpecification\",\"valueRequired\":true,\"valueName\":\"search_term_string\"}}],\"inLanguage\":\"pt-BR\"},{\"@type\":\"Person\",\"@id\":\"https:\\\/\\\/projetoslayerup.com.br\\\/smeducacao\\\/#\\\/schema\\\/person\\\/5975af341b2aba095e1c3f2c224a4dde\",\"name\":\"SM Educa\u00e7\u00e3o\",\"image\":{\"@type\":\"ImageObject\",\"inLanguage\":\"pt-BR\",\"@id\":\"https:\\\/\\\/secure.gravatar.com\\\/avatar\\\/664504bb2f69758a659f5c22932e77e5acdb43917576b0403cb976a182c48c76?s=96&d=mm&r=g\",\"url\":\"https:\\\/\\\/secure.gravatar.com\\\/avatar\\\/664504bb2f69758a659f5c22932e77e5acdb43917576b0403cb976a182c48c76?s=96&d=mm&r=g\",\"contentUrl\":\"https:\\\/\\\/secure.gravatar.com\\\/avatar\\\/664504bb2f69758a659f5c22932e77e5acdb43917576b0403cb976a182c48c76?s=96&d=mm&r=g\",\"caption\":\"SM Educa\u00e7\u00e3o\"},\"url\":\"https:\\\/\\\/projetoslayerup.com.br\\\/smeducacao\\\/author\\\/smeducacao\\\/\"}]}<\/script>\n<!-- \/ Yoast SEO plugin. -->","yoast_head_json":{"title":"Nova obra liter\u00e1ria: \u201cA Casa Comum: do umbigo ao cora\u00e7\u00e3o\u201d","description":"Conhe\u00e7a a obra liter\u00e1ria de Humberto Herrera, que ensina educa\u00e7\u00e3o ecol\u00f3gica para crian\u00e7as por meio de uma narrativa l\u00fadica e envolvente.","robots":{"index":"noindex","follow":"follow","max-snippet":"max-snippet:-1","max-image-preview":"max-image-preview:large","max-video-preview":"max-video-preview:-1"},"og_locale":"pt_BR","og_type":"article","og_title":"Nova obra liter\u00e1ria: \u201cA Casa Comum: do umbigo ao cora\u00e7\u00e3o\u201d","og_description":"Conhe\u00e7a a obra liter\u00e1ria de Humberto Herrera, que ensina educa\u00e7\u00e3o ecol\u00f3gica para crian\u00e7as por meio de uma narrativa l\u00fadica e envolvente.","og_url":"https:\/\/projetoslayerup.com.br\/smeducacao\/a-casa-comum-do-umbigo-ao-coracao-nova-obra-literaria\/","og_site_name":"SM Educa\u00e7\u00e3o - Juntos cuidamos da educa\u00e7\u00e3o!","article_published_time":"2024-09-30T20:18:57+00:00","article_modified_time":"2026-08-19T18:20:30+00:00","og_image":[{"width":1200,"height":803,"url":"https:\/\/projetoslayerup.com.br\/smeducacao\/wp-content\/uploads\/2024\/09\/HEADER-4.png","type":"image\/png"}],"author":"SM Educa\u00e7\u00e3o","twitter_card":"summary_large_image","twitter_misc":{"Escrito por":"SM Educa\u00e7\u00e3o","Est. tempo de leitura":"6 minutos"},"schema":{"@context":"https:\/\/schema.org","@graph":[{"@type":"Article","@id":"https:\/\/projetoslayerup.com.br\/smeducacao\/a-casa-comum-do-umbigo-ao-coracao-nova-obra-literaria\/#article","isPartOf":{"@id":"https:\/\/projetoslayerup.com.br\/smeducacao\/a-casa-comum-do-umbigo-ao-coracao-nova-obra-literaria\/"},"author":{"name":"SM Educa\u00e7\u00e3o","@id":"https:\/\/projetoslayerup.com.br\/smeducacao\/#\/schema\/person\/5975af341b2aba095e1c3f2c224a4dde"},"headline":"&#8220;A Casa Comum: do umbigo ao cora\u00e7\u00e3o&#8221;: nova obra liter\u00e1ria para a educa\u00e7\u00e3o ecol\u00f3gica","datePublished":"2024-09-30T20:18:57+00:00","dateModified":"2026-08-19T18:20:30+00:00","mainEntityOfPage":{"@id":"https:\/\/projetoslayerup.com.br\/smeducacao\/a-casa-comum-do-umbigo-ao-coracao-nova-obra-literaria\/"},"wordCount":825,"commentCount":1,"image":{"@id":"https:\/\/projetoslayerup.com.br\/smeducacao\/a-casa-comum-do-umbigo-ao-coracao-nova-obra-literaria\/#primaryimage"},"thumbnailUrl":"https:\/\/projetoslayerup.com.br\/smeducacao\/wp-content\/uploads\/2024\/09\/HEADER-4.png","keywords":["Casa Comum","Educa\u00e7\u00e3o Ecol\u00f3gica","ensino fundamental"],"articleSection":["Literatura"],"inLanguage":"pt-BR","potentialAction":[{"@type":"CommentAction","name":"Comment","target":["https:\/\/projetoslayerup.com.br\/smeducacao\/a-casa-comum-do-umbigo-ao-coracao-nova-obra-literaria\/#respond"]}]},{"@type":"WebPage","@id":"https:\/\/projetoslayerup.com.br\/smeducacao\/a-casa-comum-do-umbigo-ao-coracao-nova-obra-literaria\/","url":"https:\/\/projetoslayerup.com.br\/smeducacao\/a-casa-comum-do-umbigo-ao-coracao-nova-obra-literaria\/","name":"Nova obra liter\u00e1ria: \u201cA Casa Comum: do umbigo ao cora\u00e7\u00e3o\u201d","isPartOf":{"@id":"https:\/\/projetoslayerup.com.br\/smeducacao\/#website"},"primaryImageOfPage":{"@id":"https:\/\/projetoslayerup.com.br\/smeducacao\/a-casa-comum-do-umbigo-ao-coracao-nova-obra-literaria\/#primaryimage"},"image":{"@id":"https:\/\/projetoslayerup.com.br\/smeducacao\/a-casa-comum-do-umbigo-ao-coracao-nova-obra-literaria\/#primaryimage"},"thumbnailUrl":"https:\/\/projetoslayerup.com.br\/smeducacao\/wp-content\/uploads\/2024\/09\/HEADER-4.png","datePublished":"2024-09-30T20:18:57+00:00","dateModified":"2026-08-19T18:20:30+00:00","author":{"@id":"https:\/\/projetoslayerup.com.br\/smeducacao\/#\/schema\/person\/5975af341b2aba095e1c3f2c224a4dde"},"description":"Conhe\u00e7a a obra liter\u00e1ria de Humberto Herrera, que ensina educa\u00e7\u00e3o ecol\u00f3gica para crian\u00e7as por meio de uma narrativa l\u00fadica e envolvente.","breadcrumb":{"@id":"https:\/\/projetoslayerup.com.br\/smeducacao\/a-casa-comum-do-umbigo-ao-coracao-nova-obra-literaria\/#breadcrumb"},"inLanguage":"pt-BR","potentialAction":[{"@type":"ReadAction","target":["https:\/\/projetoslayerup.com.br\/smeducacao\/a-casa-comum-do-umbigo-ao-coracao-nova-obra-literaria\/"]}]},{"@type":"ImageObject","inLanguage":"pt-BR","@id":"https:\/\/projetoslayerup.com.br\/smeducacao\/a-casa-comum-do-umbigo-ao-coracao-nova-obra-literaria\/#primaryimage","url":"https:\/\/projetoslayerup.com.br\/smeducacao\/wp-content\/uploads\/2024\/09\/HEADER-4.png","contentUrl":"https:\/\/projetoslayerup.com.br\/smeducacao\/wp-content\/uploads\/2024\/09\/HEADER-4.png","width":1200,"height":803},{"@type":"BreadcrumbList","@id":"https:\/\/projetoslayerup.com.br\/smeducacao\/a-casa-comum-do-umbigo-ao-coracao-nova-obra-literaria\/#breadcrumb","itemListElement":[{"@type":"ListItem","position":1,"name":"In\u00edcio","item":"https:\/\/projetoslayerup.com.br\/smeducacao\/"},{"@type":"ListItem","position":2,"name":"&#8220;A Casa Comum: do umbigo ao cora\u00e7\u00e3o&#8221;: nova obra liter\u00e1ria para a educa\u00e7\u00e3o ecol\u00f3gica"}]},{"@type":"WebSite","@id":"https:\/\/projetoslayerup.com.br\/smeducacao\/#website","url":"https:\/\/projetoslayerup.com.br\/smeducacao\/","name":"SM Educa\u00e7\u00e3o - Juntos cuidamos da educa\u00e7\u00e3o!","description":"Transformamos a educa\u00e7\u00e3o por meio de solu\u00e7\u00f5es digitais, solu\u00e7\u00f5es did\u00e1ticas para uma aprendizagem personalizada e solu\u00e7\u00f5es estrat\u00e9gicas eficientes. Juntos cuidamos da Educa\u00e7\u00e3o!","potentialAction":[{"@type":"SearchAction","target":{"@type":"EntryPoint","urlTemplate":"https:\/\/projetoslayerup.com.br\/smeducacao\/?s={search_term_string}"},"query-input":{"@type":"PropertyValueSpecification","valueRequired":true,"valueName":"search_term_string"}}],"inLanguage":"pt-BR"},{"@type":"Person","@id":"https:\/\/projetoslayerup.com.br\/smeducacao\/#\/schema\/person\/5975af341b2aba095e1c3f2c224a4dde","name":"SM Educa\u00e7\u00e3o","image":{"@type":"ImageObject","inLanguage":"pt-BR","@id":"https:\/\/secure.gravatar.com\/avatar\/664504bb2f69758a659f5c22932e77e5acdb43917576b0403cb976a182c48c76?s=96&d=mm&r=g","url":"https:\/\/secure.gravatar.com\/avatar\/664504bb2f69758a659f5c22932e77e5acdb43917576b0403cb976a182c48c76?s=96&d=mm&r=g","contentUrl":"https:\/\/secure.gravatar.com\/avatar\/664504bb2f69758a659f5c22932e77e5acdb43917576b0403cb976a182c48c76?s=96&d=mm&r=g","caption":"SM Educa\u00e7\u00e3o"},"url":"https:\/\/projetoslayerup.com.br\/smeducacao\/author\/smeducacao\/"}]}},"_links":{"self":[{"href":"https:\/\/projetoslayerup.com.br\/smeducacao\/wp-json\/wp\/v2\/posts\/6894","targetHints":{"allow":["GET"]}}],"collection":[{"href":"https:\/\/projetoslayerup.com.br\/smeducacao\/wp-json\/wp\/v2\/posts"}],"about":[{"href":"https:\/\/projetoslayerup.com.br\/smeducacao\/wp-json\/wp\/v2\/types\/post"}],"author":[{"embeddable":true,"href":"https:\/\/projetoslayerup.com.br\/smeducacao\/wp-json\/wp\/v2\/users\/3"}],"replies":[{"embeddable":true,"href":"https:\/\/projetoslayerup.com.br\/smeducacao\/wp-json\/wp\/v2\/comments?post=6894"}],"version-history":[{"count":1,"href":"https:\/\/projetoslayerup.com.br\/smeducacao\/wp-json\/wp\/v2\/posts\/6894\/revisions"}],"predecessor-version":[{"id":13365,"href":"https:\/\/projetoslayerup.com.br\/smeducacao\/wp-json\/wp\/v2\/posts\/6894\/revisions\/13365"}],"wp:featuredmedia":[{"embeddable":true,"href":"https:\/\/projetoslayerup.com.br\/smeducacao\/wp-json\/wp\/v2\/media\/6904"}],"wp:attachment":[{"href":"https:\/\/projetoslayerup.com.br\/smeducacao\/wp-json\/wp\/v2\/media?parent=6894"}],"wp:term":[{"taxonomy":"category","embeddable":true,"href":"https:\/\/projetoslayerup.com.br\/smeducacao\/wp-json\/wp\/v2\/categories?post=6894"},{"taxonomy":"post_tag","embeddable":true,"href":"https:\/\/projetoslayerup.com.br\/smeducacao\/wp-json\/wp\/v2\/tags?post=6894"},{"taxonomy":"blog_nivel_escolar","embeddable":true,"href":"https:\/\/projetoslayerup.com.br\/smeducacao\/wp-json\/wp\/v2\/blog_nivel_escolar?post=6894"},{"taxonomy":"blog_segmento_escolar","embeddable":true,"href":"https:\/\/projetoslayerup.com.br\/smeducacao\/wp-json\/wp\/v2\/blog_segmento_escolar?post=6894"}],"curies":[{"name":"wp","href":"https:\/\/api.w.org\/{rel}","templated":true}]}}