{"id":697,"date":"2019-09-09T14:00:03","date_gmt":"2019-09-09T17:00:03","guid":{"rendered":"https:\/\/www.aeducacaonosmove.com.br\/blog\/educacao-integral-nas-escolas"},"modified":"2019-09-09T14:00:03","modified_gmt":"2019-09-09T17:00:03","slug":"educacao-integral-nas-escolas","status":"publish","type":"post","link":"https:\/\/projetoslayerup.com.br\/smeducacao\/educacao-integral-nas-escolas\/","title":{"rendered":"Saiba como trabalhar com a educa\u00e7\u00e3o integral nas escolas"},"content":{"rendered":"<p><strong>A educa\u00e7\u00e3o integral \u00e9 muito importante para o desenvolvimento de crian\u00e7as e adolescentes<\/strong>, al\u00e9m de contribuir para uma sociedade melhor. Esse termo vai al\u00e9m do tempo que o estudante permanece na escola.<\/p>\n<p>Em muitos pa\u00edses, a educa\u00e7\u00e3o \u00e9 vista como prioridade. Isso porque, por meio dela, \u00e9 poss\u00edvel construir um futuro melhor para a na\u00e7\u00e3o e para as pessoas que a habitam. Por isso, \u00e9 muito importante come\u00e7armos a investir nesse processo.<\/p>\n<p>Neste texto vamos explicar o que \u00e9 a educa\u00e7\u00e3o integral e como \u00e9 poss\u00edvel pratic\u00e1-la nas escolas. Confira!<\/p>\n<h2>O que \u00e9 educa\u00e7\u00e3o integral?<\/h2>\n<p><strong>O desenvolvimento de uma comunidade acontece com mais qualidade e oportunidades quando \u00e9 baseado na educa\u00e7\u00e3o.<\/strong> Sem ela, fica dif\u00edcil haver progresso, por isso \u00e9 muito importante dar apoio e relev\u00e2ncia a essa quest\u00e3o em nossa sociedade.<\/p>\n<p><strong>A educa\u00e7\u00e3o integral \u00e9 qualquer processo com potencial educativo.<\/strong> N\u00e3o se trata apenas de passar mais tempo na escola. Contempla todas as dimens\u00f5es do sujeito e envolve outros princ\u00edpios.<\/p>\n<h2>Como funciona a educa\u00e7\u00e3o integral?<\/h2>\n<p>Existem cinco pilares que sustentam o conceito de educa\u00e7\u00e3o integral. S\u00e3o eles:<\/p>\n<ul>\n<li>centralidade do estudante;<\/li>\n<li>aprendizagem permanente;<\/li>\n<li>inclus\u00e3o;<\/li>\n<li>gest\u00e3o democr\u00e1tica;<\/li>\n<li>territorialidade.<\/li>\n<\/ul>\n<p>O primeiro desses pilares mostra que o estudante deve estar no centro do planejamento do processo educativo. <strong>Tudo que \u00e9 relacionado \u00e0 educa\u00e7\u00e3o deve ser pensado, tamb\u00e9m, de acordo com as demandas e interesses dos alunos.<\/strong><\/p>\n<p>Al\u00e9m disso, a aprendizagem permanente mostra que o ser humano \u00e9 m\u00faltiplo, ou seja, temos v\u00e1rias dimens\u00f5es. Entre elas est\u00e3o:<\/p>\n<ul>\n<li>social;<\/li>\n<li>hist\u00f3rica;<\/li>\n<li>psicol\u00f3gica;<\/li>\n<li>f\u00edsica;<\/li>\n<li>emocional;<\/li>\n<li>familiar;<\/li>\n<li>etc.<\/li>\n<\/ul>\n<p>Estamos em constante forma\u00e7\u00e3o. Por isso, \u00e9 importante ver o processo de aprendizagem como cont\u00ednuo, progressivo e sem barreiras.<\/p>\n<p>A <a href=\"https:\/\/projetoslayerup.com.br\/smeducacao\/praticas-de-educacao-inclusiva\/\" target=\"_blank\" rel=\"noopener noreferrer\">inclus\u00e3o<\/a> tamb\u00e9m \u00e9 muito importante nesse processo. Isso porque somos todos diferentes e devemos respeitar e integrar essas diferen\u00e7as, inclusive, na pr\u00e1tica educadora.<\/p>\n<p>O quarto pilar \u00e9 a gest\u00e3o democr\u00e1tica, que busca assegurar que os estudantes tenham participa\u00e7\u00e3o ativa na comunidade. Para que a educa\u00e7\u00e3o integral esteja alinhada aos interesses de todos, \u00e9 preciso que os alunos participem do processo de decis\u00e3o.<\/p>\n<p>Por \u00faltimo, a territorialidade nos mostra que o lugar que habitamos tamb\u00e9m \u00e9 fonte de aprendizado. Participar ativamente do desenvolvimento da comunidade, buscar melhorias, implementar novos projetos e atividades, entre outras medidas, ajudam o aluno a encontrar sua identidade e valorizar a regi\u00e3o onde vive.<\/p>\n<h2>Como trabalhar com a educa\u00e7\u00e3o integral nas escolas?<\/h2>\n<p>A educa\u00e7\u00e3o integral est\u00e1 sendo cada vez mais discutida nas escolas brasileiras. Isso porque \u00e9 um <strong>processo que impacta positivamente o desenvolvimento de crian\u00e7as e jovens e, consequentemente, contribui para melhorar quest\u00f5es sociais e pol\u00edticas<\/strong><strong>.\u00a0<\/strong><\/p>\n<p>Quer <a href=\"https:\/\/projetoslayerup.com.br\/smeducacao\/segredos-pratica-pedagogica\/\" target=\"_blank\" rel=\"noopener noreferrer\">melhorar a pr\u00e1tica pedag\u00f3gica<\/a>? Mostramos a seguir algumas formas de fazer isso nas escolas.<\/p>\n<h3>Olhe nos olhos dos alunos<\/h3>\n<p>Uma maneira de come\u00e7ar a praticar a educa\u00e7\u00e3o integral em sala de aula \u00e9 olhar nos olhos dos alunos, ou seja, dar aten\u00e7\u00e3o total a cada um e ouvir o que eles t\u00eam a dizer.<\/p>\n<h3>Leve outros profissionais para a sala de aula<\/h3>\n<p>Convidar profissionais para explicar os diferentes tipos de of\u00edcio na sala de aula, relacionando-os a algum conte\u00fado que eles aprenderam. Dessa forma, fica mais f\u00e1cil contextualizar o aprendizado.<\/p>\n<h3>Varie as atividades<\/h3>\n<p>Ensine por outros meios, utilizando atividades pr\u00e1ticas, como dan\u00e7a, m\u00fasica, jogos, etc. Por isso, n\u00e3o deixe de <a href=\"https:\/\/projetoslayerup.com.br\/smeducacao\/escolas-inovadoras-repensando-solucoes-para-uma-formacao-integral\/\" target=\"_blank\" rel=\"noopener noreferrer\">inovar<\/a> e experimentar novas maneiras de ensinar, associando com o componente curricular.<\/p>\n<p><strong>A educa\u00e7\u00e3o integral \u00e9 um caminho para a melhoria de uma comunidade<\/strong> Por meio dela \u00e9 poss\u00edvel desenvolver cidad\u00e3os mais participativos, engajados e comprometidos com o desenvolvimento de sua regi\u00e3o.<\/p>\n<p>Agora que voc\u00ea j\u00e1 sabe o que \u00e9 a educa\u00e7\u00e3o integral e como aplic\u00e1-la na escola, assine nosso programa de conte\u00fados educacionais e receba mais dicas e materiais! <a href=\"https:\/\/projetoslayerup.com.br\/smeducacao\/hub-de-conteudo\/\" target=\"_blank\" rel=\"noopener noreferrer\">Clique aqui<\/a>.<\/p>\n<div id=\"formulario-para-aplicacao-ao-final-dos-blogposts-382a210f79fd035353bb\" role=\"main\"><\/div>\n<p><script type=\"text\/javascript\" src=\"https:\/\/d335luupugsy2.cloudfront.net\/js\/rdstation-forms\/stable\/rdstation-forms.min.js\"><\/script><br \/>\n<script type=\"text\/javascript\"> new RDStationForms('formulario-para-aplicacao-ao-final-dos-blogposts-382a210f79fd035353bb', 'UA-12840758-1').createForm();<\/script><\/p>\n<div id=\"formulario-para-aplicacao-ao-final-dos-blogposts-382a210f79fd035353bb\" role=\"main\"><\/div>\n<p><script type=\"text\/javascript\" src=\"https:\/\/d335luupugsy2.cloudfront.net\/js\/rdstation-forms\/stable\/rdstation-forms.min.js\"><\/script><br \/>\n<script type=\"text\/javascript\"> new RDStationForms('formulario-para-aplicacao-ao-final-dos-blogposts-382a210f79fd035353bb', 'UA-12840758-1').createForm();<\/script><\/p>\n","protected":false},"excerpt":{"rendered":"<p>A educa\u00e7\u00e3o integral \u00e9 muito importante para o desenvolvimento de crian\u00e7as e adolescentes, al\u00e9m de contribuir para uma sociedade melhor. Esse termo vai al\u00e9m do tempo que o estudante permanece na escola. Em muitos pa\u00edses, a educa\u00e7\u00e3o \u00e9 vista como prioridade. Isso porque, por meio dela, \u00e9 poss\u00edvel construir um futuro melhor para a na\u00e7\u00e3o [&hellip;]<\/p>\n","protected":false},"author":2,"featured_media":700,"comment_status":"open","ping_status":"open","sticky":false,"template":"","format":"standard","meta":{"_acf_changed":false,"footnotes":""},"categories":[4,16],"tags":[30,57,71,59],"blog_nivel_escolar":[],"blog_segmento_escolar":[],"class_list":["post-697","post","type-post","status-publish","format-standard","has-post-thumbnail","hentry","category-dicas-professor","category-tendencias-educacao","tag-dicas","tag-educacao-inovadora","tag-educacao-socioemocional","tag-metodos-de-aprendizagem"],"acf":[],"yoast_head":"<!-- This site is optimized with the Yoast SEO plugin v28.3 - https:\/\/yoast.com\/product\/yoast-seo-wordpress\/ -->\n<title>Saiba como trabalhar com a educa\u00e7\u00e3o integral nas escolas - SM Educa\u00e7\u00e3o - Juntos cuidamos da educa\u00e7\u00e3o!<\/title>\n<meta name=\"description\" content=\"A educa\u00e7\u00e3o integral nas escolas busca desenvolver diferentes dimens\u00f5es nos alunos, como a social, hist\u00f3rica e psicol\u00f3gica. Saiba mais!\" \/>\n<meta name=\"robots\" content=\"noindex, follow, max-snippet:-1, max-image-preview:large, max-video-preview:-1\" \/>\n<meta property=\"og:locale\" content=\"pt_BR\" \/>\n<meta property=\"og:type\" content=\"article\" \/>\n<meta property=\"og:title\" content=\"Saiba como trabalhar com a educa\u00e7\u00e3o integral nas escolas - SM Educa\u00e7\u00e3o - Juntos cuidamos da educa\u00e7\u00e3o!\" \/>\n<meta property=\"og:description\" content=\"A educa\u00e7\u00e3o integral nas escolas busca desenvolver diferentes dimens\u00f5es nos alunos, como a social, hist\u00f3rica e psicol\u00f3gica. Saiba mais!\" \/>\n<meta property=\"og:url\" content=\"https:\/\/projetoslayerup.com.br\/smeducacao\/educacao-integral-nas-escolas\/\" \/>\n<meta property=\"og:site_name\" content=\"SM Educa\u00e7\u00e3o - Juntos cuidamos da educa\u00e7\u00e3o!\" \/>\n<meta property=\"article:published_time\" content=\"2019-09-09T17:00:03+00:00\" \/>\n<meta property=\"og:image\" content=\"https:\/\/projetoslayerup.com.br\/smeducacao\/wp-content\/uploads\/2019\/09\/original-b18fae9c6c13fa830fa9bef7d56ce647.jpg\" \/>\n\t<meta property=\"og:image:width\" content=\"2125\" \/>\n\t<meta property=\"og:image:height\" content=\"1411\" \/>\n\t<meta property=\"og:image:type\" content=\"image\/jpeg\" \/>\n<meta name=\"author\" content=\"SM Educa\u00e7\u00e3o\" \/>\n<meta name=\"twitter:card\" content=\"summary_large_image\" \/>\n<meta name=\"twitter:label1\" content=\"Escrito por\" \/>\n\t<meta name=\"twitter:data1\" content=\"SM Educa\u00e7\u00e3o\" \/>\n\t<meta name=\"twitter:label2\" content=\"Est. tempo de leitura\" \/>\n\t<meta name=\"twitter:data2\" content=\"4 minutos\" \/>\n<script type=\"application\/ld+json\" class=\"yoast-schema-graph\">{\"@context\":\"https:\\\/\\\/schema.org\",\"@graph\":[{\"@type\":\"Article\",\"@id\":\"https:\\\/\\\/projetoslayerup.com.br\\\/smeducacao\\\/educacao-integral-nas-escolas\\\/#article\",\"isPartOf\":{\"@id\":\"https:\\\/\\\/projetoslayerup.com.br\\\/smeducacao\\\/educacao-integral-nas-escolas\\\/\"},\"author\":{\"name\":\"SM Educa\u00e7\u00e3o\",\"@id\":\"https:\\\/\\\/projetoslayerup.com.br\\\/smeducacao\\\/#\\\/schema\\\/person\\\/45d7d41388698d0f902ff276caab47f5\"},\"headline\":\"Saiba como trabalhar com a educa\u00e7\u00e3o integral nas escolas\",\"datePublished\":\"2019-09-09T17:00:03+00:00\",\"mainEntityOfPage\":{\"@id\":\"https:\\\/\\\/projetoslayerup.com.br\\\/smeducacao\\\/educacao-integral-nas-escolas\\\/\"},\"wordCount\":665,\"commentCount\":0,\"image\":{\"@id\":\"https:\\\/\\\/projetoslayerup.com.br\\\/smeducacao\\\/educacao-integral-nas-escolas\\\/#primaryimage\"},\"thumbnailUrl\":\"https:\\\/\\\/projetoslayerup.com.br\\\/smeducacao\\\/wp-content\\\/uploads\\\/2019\\\/09\\\/original-b18fae9c6c13fa830fa9bef7d56ce647.jpg\",\"keywords\":[\"dicas\",\"educa\u00e7\u00e3o inovadora\",\"educa\u00e7\u00e3o socioemocional\",\"m\u00e9todos de aprendizagem\"],\"articleSection\":[\"Dicas para professores\",\"Tend\u00eancias na educa\u00e7\u00e3o\"],\"inLanguage\":\"pt-BR\",\"potentialAction\":[{\"@type\":\"CommentAction\",\"name\":\"Comment\",\"target\":[\"https:\\\/\\\/projetoslayerup.com.br\\\/smeducacao\\\/educacao-integral-nas-escolas\\\/#respond\"]}]},{\"@type\":\"WebPage\",\"@id\":\"https:\\\/\\\/projetoslayerup.com.br\\\/smeducacao\\\/educacao-integral-nas-escolas\\\/\",\"url\":\"https:\\\/\\\/projetoslayerup.com.br\\\/smeducacao\\\/educacao-integral-nas-escolas\\\/\",\"name\":\"Saiba como trabalhar com a educa\u00e7\u00e3o integral nas escolas - SM Educa\u00e7\u00e3o - Juntos cuidamos da educa\u00e7\u00e3o!\",\"isPartOf\":{\"@id\":\"https:\\\/\\\/projetoslayerup.com.br\\\/smeducacao\\\/#website\"},\"primaryImageOfPage\":{\"@id\":\"https:\\\/\\\/projetoslayerup.com.br\\\/smeducacao\\\/educacao-integral-nas-escolas\\\/#primaryimage\"},\"image\":{\"@id\":\"https:\\\/\\\/projetoslayerup.com.br\\\/smeducacao\\\/educacao-integral-nas-escolas\\\/#primaryimage\"},\"thumbnailUrl\":\"https:\\\/\\\/projetoslayerup.com.br\\\/smeducacao\\\/wp-content\\\/uploads\\\/2019\\\/09\\\/original-b18fae9c6c13fa830fa9bef7d56ce647.jpg\",\"datePublished\":\"2019-09-09T17:00:03+00:00\",\"author\":{\"@id\":\"https:\\\/\\\/projetoslayerup.com.br\\\/smeducacao\\\/#\\\/schema\\\/person\\\/45d7d41388698d0f902ff276caab47f5\"},\"description\":\"A educa\u00e7\u00e3o integral nas escolas busca desenvolver diferentes dimens\u00f5es nos alunos, como a social, hist\u00f3rica e psicol\u00f3gica. Saiba mais!\",\"breadcrumb\":{\"@id\":\"https:\\\/\\\/projetoslayerup.com.br\\\/smeducacao\\\/educacao-integral-nas-escolas\\\/#breadcrumb\"},\"inLanguage\":\"pt-BR\",\"potentialAction\":[{\"@type\":\"ReadAction\",\"target\":[\"https:\\\/\\\/projetoslayerup.com.br\\\/smeducacao\\\/educacao-integral-nas-escolas\\\/\"]}]},{\"@type\":\"ImageObject\",\"inLanguage\":\"pt-BR\",\"@id\":\"https:\\\/\\\/projetoslayerup.com.br\\\/smeducacao\\\/educacao-integral-nas-escolas\\\/#primaryimage\",\"url\":\"https:\\\/\\\/projetoslayerup.com.br\\\/smeducacao\\\/wp-content\\\/uploads\\\/2019\\\/09\\\/original-b18fae9c6c13fa830fa9bef7d56ce647.jpg\",\"contentUrl\":\"https:\\\/\\\/projetoslayerup.com.br\\\/smeducacao\\\/wp-content\\\/uploads\\\/2019\\\/09\\\/original-b18fae9c6c13fa830fa9bef7d56ce647.jpg\",\"width\":2125,\"height\":1411,\"caption\":\"educa\u00e7\u00e3o integral nas escolas\"},{\"@type\":\"BreadcrumbList\",\"@id\":\"https:\\\/\\\/projetoslayerup.com.br\\\/smeducacao\\\/educacao-integral-nas-escolas\\\/#breadcrumb\",\"itemListElement\":[{\"@type\":\"ListItem\",\"position\":1,\"name\":\"In\u00edcio\",\"item\":\"https:\\\/\\\/projetoslayerup.com.br\\\/smeducacao\\\/\"},{\"@type\":\"ListItem\",\"position\":2,\"name\":\"Saiba como trabalhar com a educa\u00e7\u00e3o integral nas escolas\"}]},{\"@type\":\"WebSite\",\"@id\":\"https:\\\/\\\/projetoslayerup.com.br\\\/smeducacao\\\/#website\",\"url\":\"https:\\\/\\\/projetoslayerup.com.br\\\/smeducacao\\\/\",\"name\":\"SM Educa\u00e7\u00e3o - Juntos cuidamos da educa\u00e7\u00e3o!\",\"description\":\"Transformamos a educa\u00e7\u00e3o por meio de solu\u00e7\u00f5es digitais, solu\u00e7\u00f5es did\u00e1ticas para uma aprendizagem personalizada e solu\u00e7\u00f5es estrat\u00e9gicas eficientes. Juntos cuidamos da Educa\u00e7\u00e3o!\",\"potentialAction\":[{\"@type\":\"SearchAction\",\"target\":{\"@type\":\"EntryPoint\",\"urlTemplate\":\"https:\\\/\\\/projetoslayerup.com.br\\\/smeducacao\\\/?s={search_term_string}\"},\"query-input\":{\"@type\":\"PropertyValueSpecification\",\"valueRequired\":true,\"valueName\":\"search_term_string\"}}],\"inLanguage\":\"pt-BR\"},{\"@type\":\"Person\",\"@id\":\"https:\\\/\\\/projetoslayerup.com.br\\\/smeducacao\\\/#\\\/schema\\\/person\\\/45d7d41388698d0f902ff276caab47f5\",\"name\":\"SM Educa\u00e7\u00e3o\",\"image\":{\"@type\":\"ImageObject\",\"inLanguage\":\"pt-BR\",\"@id\":\"https:\\\/\\\/secure.gravatar.com\\\/avatar\\\/24327468bc2a6fb95889620b4158620d90c5e352f7a18c30af0e3f8cb70bc104?s=96&d=mm&r=g\",\"url\":\"https:\\\/\\\/secure.gravatar.com\\\/avatar\\\/24327468bc2a6fb95889620b4158620d90c5e352f7a18c30af0e3f8cb70bc104?s=96&d=mm&r=g\",\"contentUrl\":\"https:\\\/\\\/secure.gravatar.com\\\/avatar\\\/24327468bc2a6fb95889620b4158620d90c5e352f7a18c30af0e3f8cb70bc104?s=96&d=mm&r=g\",\"caption\":\"SM Educa\u00e7\u00e3o\"},\"url\":\"https:\\\/\\\/projetoslayerup.com.br\\\/smeducacao\\\/author\\\/smeducacao2021\\\/\"}]}<\/script>\n<!-- \/ Yoast SEO plugin. -->","yoast_head_json":{"title":"Saiba como trabalhar com a educa\u00e7\u00e3o integral nas escolas - SM Educa\u00e7\u00e3o - Juntos cuidamos da educa\u00e7\u00e3o!","description":"A educa\u00e7\u00e3o integral nas escolas busca desenvolver diferentes dimens\u00f5es nos alunos, como a social, hist\u00f3rica e psicol\u00f3gica. Saiba mais!","robots":{"index":"noindex","follow":"follow","max-snippet":"max-snippet:-1","max-image-preview":"max-image-preview:large","max-video-preview":"max-video-preview:-1"},"og_locale":"pt_BR","og_type":"article","og_title":"Saiba como trabalhar com a educa\u00e7\u00e3o integral nas escolas - SM Educa\u00e7\u00e3o - Juntos cuidamos da educa\u00e7\u00e3o!","og_description":"A educa\u00e7\u00e3o integral nas escolas busca desenvolver diferentes dimens\u00f5es nos alunos, como a social, hist\u00f3rica e psicol\u00f3gica. Saiba mais!","og_url":"https:\/\/projetoslayerup.com.br\/smeducacao\/educacao-integral-nas-escolas\/","og_site_name":"SM Educa\u00e7\u00e3o - Juntos cuidamos da educa\u00e7\u00e3o!","article_published_time":"2019-09-09T17:00:03+00:00","og_image":[{"width":2125,"height":1411,"url":"https:\/\/projetoslayerup.com.br\/smeducacao\/wp-content\/uploads\/2019\/09\/original-b18fae9c6c13fa830fa9bef7d56ce647.jpg","type":"image\/jpeg"}],"author":"SM Educa\u00e7\u00e3o","twitter_card":"summary_large_image","twitter_misc":{"Escrito por":"SM Educa\u00e7\u00e3o","Est. tempo de leitura":"4 minutos"},"schema":{"@context":"https:\/\/schema.org","@graph":[{"@type":"Article","@id":"https:\/\/projetoslayerup.com.br\/smeducacao\/educacao-integral-nas-escolas\/#article","isPartOf":{"@id":"https:\/\/projetoslayerup.com.br\/smeducacao\/educacao-integral-nas-escolas\/"},"author":{"name":"SM Educa\u00e7\u00e3o","@id":"https:\/\/projetoslayerup.com.br\/smeducacao\/#\/schema\/person\/45d7d41388698d0f902ff276caab47f5"},"headline":"Saiba como trabalhar com a educa\u00e7\u00e3o integral nas escolas","datePublished":"2019-09-09T17:00:03+00:00","mainEntityOfPage":{"@id":"https:\/\/projetoslayerup.com.br\/smeducacao\/educacao-integral-nas-escolas\/"},"wordCount":665,"commentCount":0,"image":{"@id":"https:\/\/projetoslayerup.com.br\/smeducacao\/educacao-integral-nas-escolas\/#primaryimage"},"thumbnailUrl":"https:\/\/projetoslayerup.com.br\/smeducacao\/wp-content\/uploads\/2019\/09\/original-b18fae9c6c13fa830fa9bef7d56ce647.jpg","keywords":["dicas","educa\u00e7\u00e3o inovadora","educa\u00e7\u00e3o socioemocional","m\u00e9todos de aprendizagem"],"articleSection":["Dicas para professores","Tend\u00eancias na educa\u00e7\u00e3o"],"inLanguage":"pt-BR","potentialAction":[{"@type":"CommentAction","name":"Comment","target":["https:\/\/projetoslayerup.com.br\/smeducacao\/educacao-integral-nas-escolas\/#respond"]}]},{"@type":"WebPage","@id":"https:\/\/projetoslayerup.com.br\/smeducacao\/educacao-integral-nas-escolas\/","url":"https:\/\/projetoslayerup.com.br\/smeducacao\/educacao-integral-nas-escolas\/","name":"Saiba como trabalhar com a educa\u00e7\u00e3o integral nas escolas - SM Educa\u00e7\u00e3o - Juntos cuidamos da educa\u00e7\u00e3o!","isPartOf":{"@id":"https:\/\/projetoslayerup.com.br\/smeducacao\/#website"},"primaryImageOfPage":{"@id":"https:\/\/projetoslayerup.com.br\/smeducacao\/educacao-integral-nas-escolas\/#primaryimage"},"image":{"@id":"https:\/\/projetoslayerup.com.br\/smeducacao\/educacao-integral-nas-escolas\/#primaryimage"},"thumbnailUrl":"https:\/\/projetoslayerup.com.br\/smeducacao\/wp-content\/uploads\/2019\/09\/original-b18fae9c6c13fa830fa9bef7d56ce647.jpg","datePublished":"2019-09-09T17:00:03+00:00","author":{"@id":"https:\/\/projetoslayerup.com.br\/smeducacao\/#\/schema\/person\/45d7d41388698d0f902ff276caab47f5"},"description":"A educa\u00e7\u00e3o integral nas escolas busca desenvolver diferentes dimens\u00f5es nos alunos, como a social, hist\u00f3rica e psicol\u00f3gica. Saiba mais!","breadcrumb":{"@id":"https:\/\/projetoslayerup.com.br\/smeducacao\/educacao-integral-nas-escolas\/#breadcrumb"},"inLanguage":"pt-BR","potentialAction":[{"@type":"ReadAction","target":["https:\/\/projetoslayerup.com.br\/smeducacao\/educacao-integral-nas-escolas\/"]}]},{"@type":"ImageObject","inLanguage":"pt-BR","@id":"https:\/\/projetoslayerup.com.br\/smeducacao\/educacao-integral-nas-escolas\/#primaryimage","url":"https:\/\/projetoslayerup.com.br\/smeducacao\/wp-content\/uploads\/2019\/09\/original-b18fae9c6c13fa830fa9bef7d56ce647.jpg","contentUrl":"https:\/\/projetoslayerup.com.br\/smeducacao\/wp-content\/uploads\/2019\/09\/original-b18fae9c6c13fa830fa9bef7d56ce647.jpg","width":2125,"height":1411,"caption":"educa\u00e7\u00e3o integral nas escolas"},{"@type":"BreadcrumbList","@id":"https:\/\/projetoslayerup.com.br\/smeducacao\/educacao-integral-nas-escolas\/#breadcrumb","itemListElement":[{"@type":"ListItem","position":1,"name":"In\u00edcio","item":"https:\/\/projetoslayerup.com.br\/smeducacao\/"},{"@type":"ListItem","position":2,"name":"Saiba como trabalhar com a educa\u00e7\u00e3o integral nas escolas"}]},{"@type":"WebSite","@id":"https:\/\/projetoslayerup.com.br\/smeducacao\/#website","url":"https:\/\/projetoslayerup.com.br\/smeducacao\/","name":"SM Educa\u00e7\u00e3o - Juntos cuidamos da educa\u00e7\u00e3o!","description":"Transformamos a educa\u00e7\u00e3o por meio de solu\u00e7\u00f5es digitais, solu\u00e7\u00f5es did\u00e1ticas para uma aprendizagem personalizada e solu\u00e7\u00f5es estrat\u00e9gicas eficientes. Juntos cuidamos da Educa\u00e7\u00e3o!","potentialAction":[{"@type":"SearchAction","target":{"@type":"EntryPoint","urlTemplate":"https:\/\/projetoslayerup.com.br\/smeducacao\/?s={search_term_string}"},"query-input":{"@type":"PropertyValueSpecification","valueRequired":true,"valueName":"search_term_string"}}],"inLanguage":"pt-BR"},{"@type":"Person","@id":"https:\/\/projetoslayerup.com.br\/smeducacao\/#\/schema\/person\/45d7d41388698d0f902ff276caab47f5","name":"SM Educa\u00e7\u00e3o","image":{"@type":"ImageObject","inLanguage":"pt-BR","@id":"https:\/\/secure.gravatar.com\/avatar\/24327468bc2a6fb95889620b4158620d90c5e352f7a18c30af0e3f8cb70bc104?s=96&d=mm&r=g","url":"https:\/\/secure.gravatar.com\/avatar\/24327468bc2a6fb95889620b4158620d90c5e352f7a18c30af0e3f8cb70bc104?s=96&d=mm&r=g","contentUrl":"https:\/\/secure.gravatar.com\/avatar\/24327468bc2a6fb95889620b4158620d90c5e352f7a18c30af0e3f8cb70bc104?s=96&d=mm&r=g","caption":"SM Educa\u00e7\u00e3o"},"url":"https:\/\/projetoslayerup.com.br\/smeducacao\/author\/smeducacao2021\/"}]}},"_links":{"self":[{"href":"https:\/\/projetoslayerup.com.br\/smeducacao\/wp-json\/wp\/v2\/posts\/697","targetHints":{"allow":["GET"]}}],"collection":[{"href":"https:\/\/projetoslayerup.com.br\/smeducacao\/wp-json\/wp\/v2\/posts"}],"about":[{"href":"https:\/\/projetoslayerup.com.br\/smeducacao\/wp-json\/wp\/v2\/types\/post"}],"author":[{"embeddable":true,"href":"https:\/\/projetoslayerup.com.br\/smeducacao\/wp-json\/wp\/v2\/users\/2"}],"replies":[{"embeddable":true,"href":"https:\/\/projetoslayerup.com.br\/smeducacao\/wp-json\/wp\/v2\/comments?post=697"}],"version-history":[{"count":0,"href":"https:\/\/projetoslayerup.com.br\/smeducacao\/wp-json\/wp\/v2\/posts\/697\/revisions"}],"wp:featuredmedia":[{"embeddable":true,"href":"https:\/\/projetoslayerup.com.br\/smeducacao\/wp-json\/wp\/v2\/media\/700"}],"wp:attachment":[{"href":"https:\/\/projetoslayerup.com.br\/smeducacao\/wp-json\/wp\/v2\/media?parent=697"}],"wp:term":[{"taxonomy":"category","embeddable":true,"href":"https:\/\/projetoslayerup.com.br\/smeducacao\/wp-json\/wp\/v2\/categories?post=697"},{"taxonomy":"post_tag","embeddable":true,"href":"https:\/\/projetoslayerup.com.br\/smeducacao\/wp-json\/wp\/v2\/tags?post=697"},{"taxonomy":"blog_nivel_escolar","embeddable":true,"href":"https:\/\/projetoslayerup.com.br\/smeducacao\/wp-json\/wp\/v2\/blog_nivel_escolar?post=697"},{"taxonomy":"blog_segmento_escolar","embeddable":true,"href":"https:\/\/projetoslayerup.com.br\/smeducacao\/wp-json\/wp\/v2\/blog_segmento_escolar?post=697"}],"curies":[{"name":"wp","href":"https:\/\/api.w.org\/{rel}","templated":true}]}}