{"id":6971,"date":"2024-11-26T17:55:40","date_gmt":"2024-11-26T20:55:40","guid":{"rendered":"https:\/\/www.smeducacao.com.br\/?p=6971"},"modified":"2026-08-19T18:19:54","modified_gmt":"2026-08-19T18:19:54","slug":"educacao-infantil-o-que-aprendemos-nesta-etapa","status":"publish","type":"post","link":"https:\/\/projetoslayerup.com.br\/smeducacao\/educacao-infantil-o-que-aprendemos-nesta-etapa\/","title":{"rendered":"Educa\u00e7\u00e3o Infantil: o que aprendemos com as experi\u00eancias dessa etapa do ensino"},"content":{"rendered":"<p><span style=\"font-weight: 400;\">Entrar em um espa\u00e7o com <\/span><b>crian\u00e7as da Educa\u00e7\u00e3o Infantil<\/b><span style=\"font-weight: 400;\"> \u00e9 sempre uma experi\u00eancia desafiadora e transformadora. Podemos escutar risadas, vozes cheias de argumentos e perguntas, al\u00e9m de perceber olhos curiosos, m\u00e3ozinhas \u00e1geis e todos os sentidos agu\u00e7ados.<\/span><\/p>\n<p><span style=\"font-weight: 400;\">Por\u00e9m, conforme as crian\u00e7as v\u00e3o crescendo, os espa\u00e7os que ocupam nas escolas v\u00e3o se tornando mais silenciosos, com menos oportunidades de experimentar. Elas deixam de ter interesse, param de perguntar e, muitas vezes, <\/span><b>limitam-se a responder \u00e0s perguntas que fazemos<\/b><span style=\"font-weight: 400;\">.<\/span><\/p>\n<ul>\n<li style=\"font-weight: 400;\" aria-level=\"1\"><span style=\"font-weight: 400;\">O que aconteceu?\u00a0<\/span><\/li>\n<li style=\"font-weight: 400;\" aria-level=\"1\"><span style=\"font-weight: 400;\">Em que momento deixamos isto ocorrer?\u00a0<\/span><\/li>\n<li style=\"font-weight: 400;\" aria-level=\"1\"><span style=\"font-weight: 400;\">Por que permitimos?\u00a0<\/span><\/li>\n<li style=\"font-weight: 400;\" aria-level=\"1\"><span style=\"font-weight: 400;\">O que levou os estudantes a pararem de perguntar para apenas responder?<\/span><\/li>\n<\/ul>\n<p><span style=\"font-weight: 400;\">A <\/span><b>Base Nacional Comum Curricular (BNCC)<\/b><span style=\"font-weight: 400;\"> nos lembra que a <\/span><a href=\"https:\/\/projetoslayerup.com.br\/smeducacao\/escolas-inovadoras-repensando-solucoes-para-uma-formacao-integral\/?utm_medium=blogpost&#038;utm_source=site&#038;utm_campaign=educa%C3%A7%C3%A3o-infantil&#038;utm_term=trafego&#038;utm_content=hiperlink\"><span style=\"font-weight: 400;\">forma\u00e7\u00e3o integral<\/span><\/a><span style=\"font-weight: 400;\"> do sujeito come\u00e7a na Educa\u00e7\u00e3o Infantil e termina no terceiro ano do Ensino M\u00e9dio.\u00a0<\/span><\/p>\n<p><span style=\"font-weight: 400;\">Ao longo desse tempo, o estudante dever\u00e1 desenvolver uma s\u00e9rie de habilidades, que se organizam de modo progressivo e crescente, culminando no desenvolvimento das compet\u00eancias esperadas para sua for<\/span><span style=\"font-weight: 400;\">ma\u00e7\u00e3o.<\/span><\/p>\n<p><img loading=\"lazy\" decoding=\"async\" class=\"aligncenter wp-image-6975 size-full\" src=\"https:\/\/projetoslayerup.com.br\/smeducacao\/wp-content\/uploads\/2024\/11\/BP-01_Prancheta-1.png\" alt=\"Educa\u00e7\u00e3o Infantil: o que aprendemos com as experi\u00eancias dessa etapa do ensino\" width=\"1220\" height=\"426\" srcset=\"https:\/\/projetoslayerup.com.br\/smeducacao\/wp-content\/uploads\/2024\/11\/BP-01_Prancheta-1.png 1220w, https:\/\/projetoslayerup.com.br\/smeducacao\/wp-content\/uploads\/2024\/11\/BP-01_Prancheta-1-300x105.png 300w, https:\/\/projetoslayerup.com.br\/smeducacao\/wp-content\/uploads\/2024\/11\/BP-01_Prancheta-1-1024x358.png 1024w, https:\/\/projetoslayerup.com.br\/smeducacao\/wp-content\/uploads\/2024\/11\/BP-01_Prancheta-1-768x268.png 768w\" sizes=\"auto, (max-width: 1220px) 100vw, 1220px\" \/><\/p>\n<h2><b>Organizando o planejamento para promover a integra\u00e7\u00e3o entre os segmentos<\/b><\/h2>\n<p><span style=\"font-weight: 400;\">Se a forma\u00e7\u00e3o do estudante \u00e9 resultado desta progress\u00e3o e deve ser garantida por meio de <\/span><a href=\"https:\/\/materiais.smbrasil.com.br\/organizar-o-tempo-de-estudo-com-o-aluno?utm_medium=blogpost&amp;utm_source=site&amp;utm_campaign=educa%C3%A7%C3%A3o-infantil&amp;utm_term=trafego&amp;utm_content=hiperlink\"><span style=\"font-weight: 400;\">a\u00e7\u00f5es integradoras ao longo dos anos<\/span><\/a><span style=\"font-weight: 400;\">, por que ent\u00e3o os segmentos n\u00e3o se conversam, n\u00e3o buscam <\/span><b>a\u00e7\u00f5es integradas <\/b><span style=\"font-weight: 400;\">e n\u00e3o contam com um trabalho progressivo para o desenvolvimento das habilidades e compet\u00eancias?<br \/>\n<img loading=\"lazy\" decoding=\"async\" class=\"aligncenter wp-image-6983 size-full\" src=\"https:\/\/projetoslayerup.com.br\/smeducacao\/wp-content\/uploads\/2024\/11\/BP-01_Prancheta-2.png\" alt=\"Educa\u00e7\u00e3o Infantil: o que aprendemos com as experi\u00eancias dessa etapa do ensino \" width=\"1220\" height=\"656\" srcset=\"https:\/\/projetoslayerup.com.br\/smeducacao\/wp-content\/uploads\/2024\/11\/BP-01_Prancheta-2.png 1220w, https:\/\/projetoslayerup.com.br\/smeducacao\/wp-content\/uploads\/2024\/11\/BP-01_Prancheta-2-300x161.png 300w, https:\/\/projetoslayerup.com.br\/smeducacao\/wp-content\/uploads\/2024\/11\/BP-01_Prancheta-2-1024x551.png 1024w, https:\/\/projetoslayerup.com.br\/smeducacao\/wp-content\/uploads\/2024\/11\/BP-01_Prancheta-2-768x413.png 768w\" sizes=\"auto, (max-width: 1220px) 100vw, 1220px\" \/><\/span><span style=\"font-weight: 400;\">Um primeiro ponto para conseguirmos atingir esta meta \u00e9 oportunizar <\/span><b>espa\u00e7os de di\u00e1logo entre as equipes docentes<\/b><span style=\"font-weight: 400;\"> de todos os segmentos para discutir como as \u00e1reas do conhecimento s\u00e3o trabalhadas em cada grupo.<\/span><\/p>\n<p><span style=\"font-weight: 400;\">Al\u00e9m disso, podemos buscar caminhos para garantir a progress\u00e3o e a aprendizagem. Veja como:<\/span><\/p>\n<ul>\n<li style=\"font-weight: 400;\" aria-level=\"1\"><span style=\"font-weight: 400;\">Fazendo planejamentos integrados;\u00a0<\/span><\/li>\n<li style=\"font-weight: 400;\" aria-level=\"1\"><span style=\"font-weight: 400;\">Elencando possibilidades;\u00a0<\/span><\/li>\n<li style=\"font-weight: 400;\" aria-level=\"1\"><span style=\"font-weight: 400;\">Entendendo as necessidades e caracter\u00edsticas de cada grupo;\u00a0<\/span><\/li>\n<li style=\"font-weight: 400;\" aria-level=\"1\"><span style=\"font-weight: 400;\">Discutindo como as habilidades v\u00e3o, progressivamente, evoluindo;\u00a0<\/span><\/li>\n<li style=\"font-weight: 400;\" aria-level=\"1\"><span style=\"font-weight: 400;\">Buscando, juntos, estrat\u00e9gias que possam evitar algumas quest\u00f5es que atrapalhem o processo de aprendizagem.\u00a0<\/span><\/li>\n<\/ul>\n<p><span style=\"font-weight: 400;\">O pr\u00f3ximo ponto de destaque e reflex\u00e3o \u00e9 <\/span><b>como o universo de organiza\u00e7\u00e3o da Educa\u00e7\u00e3o Infantil deve ser estendido para os demais segmentos<\/b><span style=\"font-weight: 400;\">. E aqui falamos de entendermos como a aprendizagem acontece.<\/span><\/p>\n<h2><b>Oportunizando possibilidades por meio da Educa\u00e7\u00e3o Infantil<\/b><\/h2>\n<p><span style=\"font-weight: 400;\">A Educa\u00e7\u00e3o Infantil \u00e9 organizada em campos de experi\u00eancia, a fim de oportunizar viv\u00eancias significativas, em que a crian\u00e7a \u00e9 convidada a participar, dar sua opini\u00e3o, usar m\u00faltiplas linguagens para se expressar e trocar suas percep\u00e7\u00f5es de mundo com seus amigos.\u00a0<\/span><\/p>\n<p><span style=\"font-weight: 400;\">Os <\/span><b>espa\u00e7os de aprendizagem favorecem as experimenta\u00e7\u00f5es<\/b><span style=\"font-weight: 400;\"> com objetos, cenas, materiais e forma\u00e7\u00e3o de grupos.\u00a0<\/span><\/p>\n<p><span style=\"font-weight: 400;\">As perguntas, no entanto, s\u00e3o os disparadores para a constru\u00e7\u00e3o das aprendizagens. Ao professor e professora, cabe estimular essa curiosidade e trazer outras novas quest\u00f5es.<\/span><\/p>\n<p><span style=\"font-weight: 400;\">O aprender torna-se \u00fatil e ajuda a crian\u00e7a a <\/span><b>resolver seus desafios e a comunicar-se com o mundo<\/b><span style=\"font-weight: 400;\">. J\u00e1 os projetos desenvolvidos, oportunizam a criatividade, a resolu\u00e7\u00e3o de problemas e o trabalho em equipe.<\/span><\/p>\n<p><span style=\"font-weight: 400;\">Nesse cen\u00e1rio, o educador deve planejar as cenas de aprendizagem, observar as falas das crian\u00e7as, refletir e tra\u00e7ar novas possibilidades que colaborem para o processo de cada estudante.\u00a0<\/span><\/p>\n<p><img loading=\"lazy\" decoding=\"async\" class=\"aligncenter wp-image-6984 size-full\" src=\"https:\/\/projetoslayerup.com.br\/smeducacao\/wp-content\/uploads\/2024\/11\/BP-01_Prancheta-1-copiar.png\" alt=\"Educa\u00e7\u00e3o Infantil: o que aprendemos com as experi\u00eancias dessa etapa do ensino \" width=\"1220\" height=\"360\" srcset=\"https:\/\/projetoslayerup.com.br\/smeducacao\/wp-content\/uploads\/2024\/11\/BP-01_Prancheta-1-copiar.png 1220w, https:\/\/projetoslayerup.com.br\/smeducacao\/wp-content\/uploads\/2024\/11\/BP-01_Prancheta-1-copiar-300x89.png 300w, https:\/\/projetoslayerup.com.br\/smeducacao\/wp-content\/uploads\/2024\/11\/BP-01_Prancheta-1-copiar-1024x302.png 1024w, https:\/\/projetoslayerup.com.br\/smeducacao\/wp-content\/uploads\/2024\/11\/BP-01_Prancheta-1-copiar-768x227.png 768w\" sizes=\"auto, (max-width: 1220px) 100vw, 1220px\" \/><\/p>\n<p><span style=\"font-weight: 400;\">Estas s\u00e3o algumas das situa\u00e7\u00f5es relevantes, importantes e significativas para nos inspirarmos e fazermos com que o <\/span><b>pleno desenvolvimento do estudante<\/b><span style=\"font-weight: 400;\"> realmente aconte\u00e7a.\u00a0<\/span><\/p>\n<p><span style=\"font-weight: 400;\">A escola que oportuniza estas possibilidades, torna-se lugar de <\/span><b>propor aprendizagens reais e criativas<\/b><span style=\"font-weight: 400;\">, e n\u00e3o mais um local de valorizar a memoriza\u00e7\u00e3o e a repeti\u00e7\u00e3o de modelos. A aprendizagem ocorre quando transforma o sujeito e lhe d\u00e1 <\/span><a href=\"https:\/\/materiais.smbrasil.com.br\/ensino-hibrido-na-educacao-infantil?utm_medium=blogpost&amp;utm_source=site&amp;utm_campaign=educa%C3%A7%C3%A3o-infantil&amp;utm_term=trafego&amp;utm_content=hiperlink\"><span style=\"font-weight: 400;\">ferramentas para transformar sua realidade<\/span><\/a><span style=\"font-weight: 400;\"> e o meio em que est\u00e1 inserido.<\/span><\/p>\n<p><span style=\"font-weight: 400;\">Inspirar e respirar a Educa\u00e7\u00e3o Infantil para <\/span><b>construir os caminhos de aprendizagem<\/b><span style=\"font-weight: 400;\"> dos demais segmentos, inclusive o Ensino Superior, \u00e9 entender que estes novos tempos necessitam de pessoas que tenham a pergunta como caminho para aprender, o olhar inquieto de quem busca novas solu\u00e7\u00f5es para os problemas, lida com conflitos, orgulha-se do que aprende e torna \u00fatil este saber.<\/span><\/p>\n<p><span style=\"font-weight: 400;\">N\u00e3o h\u00e1 tese de doutorado que supere uma crian\u00e7a que coloca as m\u00e3os na cintura e diz convicta ao adulto: \u201cvoc\u00ea sabia&#8230;\u201d. Essa \u00e9 a certeza de quem perguntou, levantou suas hip\u00f3teses, experimentou, concluiu e, agora, compartilha este saber.<\/span><\/p>\n<p><span style=\"font-weight: 400;\">Fica aqui o convite para visitarmos a Educa\u00e7\u00e3o Infantil, ouvirmos as experi\u00eancias que ali ocorrem e <\/span><b>buscarmos transformar nossa pr\u00e1tica<\/b><span style=\"font-weight: 400;\">.\u00a0<\/span><\/p>\n<p><span style=\"font-weight: 400;\">Que possamos, como nos convida a BNCC e as <\/span><a href=\"https:\/\/projetoslayerup.com.br\/smeducacao\/adapte-se-ao-atual-cenario-na-educacao-brasileira-com-uma-parceria-de-sucesso\/?utm_medium=blogpost&#038;utm_source=site&#038;utm_campaign=educa%C3%A7%C3%A3o-infantil&#038;utm_term=trafego&#038;utm_content=hiperlink\"><span style=\"font-weight: 400;\">necessidades destes novos tempos<\/span><\/a><span style=\"font-weight: 400;\">, oportunizar aprendizagens criativas, significativas, relevantes e pr\u00e1ticas, mantendo o olhar curioso de nossos estudantes e sua participa\u00e7\u00e3o ativa.<\/span><span style=\"font-weight: 400;\">\u00a0\u00a0\u00a0<\/span><\/p>\n<h2><b>Acompanhe conte\u00fados relacionados \u00e0 Educa\u00e7\u00e3o Infantil e os demais segmentos<\/b><\/h2>\n<p><span style=\"font-weight: 400;\">A SM Educa\u00e7\u00e3o preparou uma<\/span> <a href=\"https:\/\/materiais.smbrasil.com.br\/hub-de-conteudos-a-educacao-nao-para?utm_medium=blogpost&amp;utm_source=site&amp;utm_campaign=educa%C3%A7%C3%A3o-infantil&amp;utm_term=trafego&amp;utm_content=hiperlink\"><b>plataforma completa<\/b><\/a> <span style=\"font-weight: 400;\">que re\u00fane diversos materiais educativos para apoiar gestores, coordenadores, docentes, pais e alunos.<\/span><\/p>\n<p><span style=\"font-weight: 400;\">L\u00e1, voc\u00ea encontra<\/span> <span style=\"font-weight: 400;\">dicas de gest\u00e3o, conte\u00fados para a sala de aula, plataformas de aprendizagem, jogos educativos, planejamento do ano letivo e muito mais. Tudo isso de forma gratuita e sempre que precisar conferir!<a href=\"https:\/\/materiais.smbrasil.com.br\/hub-de-conteudos-a-educacao-nao-para?utm_medium=blogpost&amp;utm_source=site&amp;utm_campaign=educa%C3%A7%C3%A3o-infantil&amp;utm_term=trafego&amp;utm_content=hiperlink\"><img loading=\"lazy\" decoding=\"async\" class=\"aligncenter wp-image-6985 size-full\" src=\"https:\/\/projetoslayerup.com.br\/smeducacao\/wp-content\/uploads\/2024\/11\/BP-01_Prancheta-3.png\" alt=\"Educa\u00e7\u00e3o Infantil: o que aprendemos com as experi\u00eancias dessa etapa do ensino \" width=\"1220\" height=\"656\" srcset=\"https:\/\/projetoslayerup.com.br\/smeducacao\/wp-content\/uploads\/2024\/11\/BP-01_Prancheta-3.png 1220w, https:\/\/projetoslayerup.com.br\/smeducacao\/wp-content\/uploads\/2024\/11\/BP-01_Prancheta-3-300x161.png 300w, https:\/\/projetoslayerup.com.br\/smeducacao\/wp-content\/uploads\/2024\/11\/BP-01_Prancheta-3-1024x551.png 1024w, https:\/\/projetoslayerup.com.br\/smeducacao\/wp-content\/uploads\/2024\/11\/BP-01_Prancheta-3-768x413.png 768w\" sizes=\"auto, (max-width: 1220px) 100vw, 1220px\" \/><\/a><\/span><\/p>\n","protected":false},"excerpt":{"rendered":"<p>Entrar em um espa\u00e7o com crian\u00e7as da Educa\u00e7\u00e3o Infantil \u00e9 sempre uma experi\u00eancia desafiadora e transformadora. Podemos escutar risadas, vozes cheias de argumentos e perguntas, al\u00e9m de perceber olhos curiosos, m\u00e3ozinhas \u00e1geis e todos os sentidos agu\u00e7ados. Por\u00e9m, conforme as crian\u00e7as v\u00e3o crescendo, os espa\u00e7os que ocupam nas escolas v\u00e3o se tornando mais silenciosos, com [&hellip;]<\/p>\n","protected":false},"author":2,"featured_media":6988,"comment_status":"open","ping_status":"open","sticky":false,"template":"","format":"image","meta":{"_acf_changed":false,"footnotes":""},"categories":[4],"tags":[29,56,66],"blog_nivel_escolar":[],"blog_segmento_escolar":[],"class_list":["post-6971","post","type-post","status-publish","format-image","has-post-thumbnail","hentry","category-dicas-professor","tag-bncc","tag-educacao-basica","tag-educacao-infantil","post_format-post-format-image"],"acf":[],"yoast_head":"<!-- This site is optimized with the Yoast SEO plugin v28.3 - https:\/\/yoast.com\/product\/yoast-seo-wordpress\/ -->\n<title>Educa\u00e7\u00e3o Infantil: o que aprendemos com essa etapa do ensino<\/title>\n<meta name=\"description\" content=\"A Educa\u00e7\u00e3o Infantil proporciona grandes descobertas aos alunos, mas o que os demais segmentos podem aprender com esta etapa? Confira!\" \/>\n<meta name=\"robots\" content=\"noindex, follow, max-snippet:-1, max-image-preview:large, max-video-preview:-1\" \/>\n<meta property=\"og:locale\" content=\"pt_BR\" \/>\n<meta property=\"og:type\" content=\"article\" \/>\n<meta property=\"og:title\" content=\"Educa\u00e7\u00e3o Infantil: o que aprendemos com essa etapa do ensino\" \/>\n<meta property=\"og:description\" content=\"A Educa\u00e7\u00e3o Infantil proporciona grandes descobertas aos alunos, mas o que os demais segmentos podem aprender com esta etapa? Confira!\" \/>\n<meta property=\"og:url\" content=\"https:\/\/projetoslayerup.com.br\/smeducacao\/educacao-infantil-o-que-aprendemos-nesta-etapa\/\" \/>\n<meta property=\"og:site_name\" content=\"SM Educa\u00e7\u00e3o - Juntos cuidamos da educa\u00e7\u00e3o!\" \/>\n<meta property=\"article:published_time\" content=\"2024-11-26T20:55:40+00:00\" \/>\n<meta property=\"article:modified_time\" content=\"2026-08-19T18:19:54+00:00\" \/>\n<meta property=\"og:image\" content=\"https:\/\/projetoslayerup.com.br\/smeducacao\/wp-content\/uploads\/2024\/11\/capa-bp-1024x576.png\" \/>\n\t<meta property=\"og:image:width\" content=\"1024\" \/>\n\t<meta property=\"og:image:height\" content=\"576\" \/>\n\t<meta property=\"og:image:type\" content=\"image\/png\" \/>\n<meta name=\"author\" content=\"SM Educa\u00e7\u00e3o\" \/>\n<meta name=\"twitter:card\" content=\"summary_large_image\" \/>\n<meta name=\"twitter:label1\" content=\"Escrito por\" \/>\n\t<meta name=\"twitter:data1\" content=\"SM Educa\u00e7\u00e3o\" \/>\n\t<meta name=\"twitter:label2\" content=\"Est. tempo de leitura\" \/>\n\t<meta name=\"twitter:data2\" content=\"6 minutos\" \/>\n<script type=\"application\/ld+json\" class=\"yoast-schema-graph\">{\"@context\":\"https:\\\/\\\/schema.org\",\"@graph\":[{\"@type\":\"Article\",\"@id\":\"https:\\\/\\\/projetoslayerup.com.br\\\/smeducacao\\\/educacao-infantil-o-que-aprendemos-nesta-etapa\\\/#article\",\"isPartOf\":{\"@id\":\"https:\\\/\\\/projetoslayerup.com.br\\\/smeducacao\\\/educacao-infantil-o-que-aprendemos-nesta-etapa\\\/\"},\"author\":{\"name\":\"SM Educa\u00e7\u00e3o\",\"@id\":\"https:\\\/\\\/projetoslayerup.com.br\\\/smeducacao\\\/#\\\/schema\\\/person\\\/45d7d41388698d0f902ff276caab47f5\"},\"headline\":\"Educa\u00e7\u00e3o Infantil: o que aprendemos com as experi\u00eancias dessa etapa do ensino\",\"datePublished\":\"2024-11-26T20:55:40+00:00\",\"dateModified\":\"2026-08-19T18:19:54+00:00\",\"mainEntityOfPage\":{\"@id\":\"https:\\\/\\\/projetoslayerup.com.br\\\/smeducacao\\\/educacao-infantil-o-que-aprendemos-nesta-etapa\\\/\"},\"wordCount\":853,\"commentCount\":1,\"image\":{\"@id\":\"https:\\\/\\\/projetoslayerup.com.br\\\/smeducacao\\\/educacao-infantil-o-que-aprendemos-nesta-etapa\\\/#primaryimage\"},\"thumbnailUrl\":\"https:\\\/\\\/projetoslayerup.com.br\\\/smeducacao\\\/wp-content\\\/uploads\\\/2024\\\/11\\\/capa-bp.png\",\"keywords\":[\"BNCC\",\"educa\u00e7\u00e3o b\u00e1sica\",\"educa\u00e7\u00e3o infantil\"],\"articleSection\":[\"Dicas para professores\"],\"inLanguage\":\"pt-BR\",\"potentialAction\":[{\"@type\":\"CommentAction\",\"name\":\"Comment\",\"target\":[\"https:\\\/\\\/projetoslayerup.com.br\\\/smeducacao\\\/educacao-infantil-o-que-aprendemos-nesta-etapa\\\/#respond\"]}]},{\"@type\":\"WebPage\",\"@id\":\"https:\\\/\\\/projetoslayerup.com.br\\\/smeducacao\\\/educacao-infantil-o-que-aprendemos-nesta-etapa\\\/\",\"url\":\"https:\\\/\\\/projetoslayerup.com.br\\\/smeducacao\\\/educacao-infantil-o-que-aprendemos-nesta-etapa\\\/\",\"name\":\"Educa\u00e7\u00e3o Infantil: o que aprendemos com essa etapa do ensino\",\"isPartOf\":{\"@id\":\"https:\\\/\\\/projetoslayerup.com.br\\\/smeducacao\\\/#website\"},\"primaryImageOfPage\":{\"@id\":\"https:\\\/\\\/projetoslayerup.com.br\\\/smeducacao\\\/educacao-infantil-o-que-aprendemos-nesta-etapa\\\/#primaryimage\"},\"image\":{\"@id\":\"https:\\\/\\\/projetoslayerup.com.br\\\/smeducacao\\\/educacao-infantil-o-que-aprendemos-nesta-etapa\\\/#primaryimage\"},\"thumbnailUrl\":\"https:\\\/\\\/projetoslayerup.com.br\\\/smeducacao\\\/wp-content\\\/uploads\\\/2024\\\/11\\\/capa-bp.png\",\"datePublished\":\"2024-11-26T20:55:40+00:00\",\"dateModified\":\"2026-08-19T18:19:54+00:00\",\"author\":{\"@id\":\"https:\\\/\\\/projetoslayerup.com.br\\\/smeducacao\\\/#\\\/schema\\\/person\\\/45d7d41388698d0f902ff276caab47f5\"},\"description\":\"A Educa\u00e7\u00e3o Infantil proporciona grandes descobertas aos alunos, mas o que os demais segmentos podem aprender com esta etapa? Confira!\",\"breadcrumb\":{\"@id\":\"https:\\\/\\\/projetoslayerup.com.br\\\/smeducacao\\\/educacao-infantil-o-que-aprendemos-nesta-etapa\\\/#breadcrumb\"},\"inLanguage\":\"pt-BR\",\"potentialAction\":[{\"@type\":\"ReadAction\",\"target\":[\"https:\\\/\\\/projetoslayerup.com.br\\\/smeducacao\\\/educacao-infantil-o-que-aprendemos-nesta-etapa\\\/\"]}]},{\"@type\":\"ImageObject\",\"inLanguage\":\"pt-BR\",\"@id\":\"https:\\\/\\\/projetoslayerup.com.br\\\/smeducacao\\\/educacao-infantil-o-que-aprendemos-nesta-etapa\\\/#primaryimage\",\"url\":\"https:\\\/\\\/projetoslayerup.com.br\\\/smeducacao\\\/wp-content\\\/uploads\\\/2024\\\/11\\\/capa-bp.png\",\"contentUrl\":\"https:\\\/\\\/projetoslayerup.com.br\\\/smeducacao\\\/wp-content\\\/uploads\\\/2024\\\/11\\\/capa-bp.png\",\"width\":1920,\"height\":1080},{\"@type\":\"BreadcrumbList\",\"@id\":\"https:\\\/\\\/projetoslayerup.com.br\\\/smeducacao\\\/educacao-infantil-o-que-aprendemos-nesta-etapa\\\/#breadcrumb\",\"itemListElement\":[{\"@type\":\"ListItem\",\"position\":1,\"name\":\"In\u00edcio\",\"item\":\"https:\\\/\\\/projetoslayerup.com.br\\\/smeducacao\\\/\"},{\"@type\":\"ListItem\",\"position\":2,\"name\":\"Educa\u00e7\u00e3o Infantil: o que aprendemos com as experi\u00eancias dessa etapa do ensino\"}]},{\"@type\":\"WebSite\",\"@id\":\"https:\\\/\\\/projetoslayerup.com.br\\\/smeducacao\\\/#website\",\"url\":\"https:\\\/\\\/projetoslayerup.com.br\\\/smeducacao\\\/\",\"name\":\"SM Educa\u00e7\u00e3o - Juntos cuidamos da educa\u00e7\u00e3o!\",\"description\":\"Transformamos a educa\u00e7\u00e3o por meio de solu\u00e7\u00f5es digitais, solu\u00e7\u00f5es did\u00e1ticas para uma aprendizagem personalizada e solu\u00e7\u00f5es estrat\u00e9gicas eficientes. Juntos cuidamos da Educa\u00e7\u00e3o!\",\"potentialAction\":[{\"@type\":\"SearchAction\",\"target\":{\"@type\":\"EntryPoint\",\"urlTemplate\":\"https:\\\/\\\/projetoslayerup.com.br\\\/smeducacao\\\/?s={search_term_string}\"},\"query-input\":{\"@type\":\"PropertyValueSpecification\",\"valueRequired\":true,\"valueName\":\"search_term_string\"}}],\"inLanguage\":\"pt-BR\"},{\"@type\":\"Person\",\"@id\":\"https:\\\/\\\/projetoslayerup.com.br\\\/smeducacao\\\/#\\\/schema\\\/person\\\/45d7d41388698d0f902ff276caab47f5\",\"name\":\"SM Educa\u00e7\u00e3o\",\"image\":{\"@type\":\"ImageObject\",\"inLanguage\":\"pt-BR\",\"@id\":\"https:\\\/\\\/secure.gravatar.com\\\/avatar\\\/24327468bc2a6fb95889620b4158620d90c5e352f7a18c30af0e3f8cb70bc104?s=96&d=mm&r=g\",\"url\":\"https:\\\/\\\/secure.gravatar.com\\\/avatar\\\/24327468bc2a6fb95889620b4158620d90c5e352f7a18c30af0e3f8cb70bc104?s=96&d=mm&r=g\",\"contentUrl\":\"https:\\\/\\\/secure.gravatar.com\\\/avatar\\\/24327468bc2a6fb95889620b4158620d90c5e352f7a18c30af0e3f8cb70bc104?s=96&d=mm&r=g\",\"caption\":\"SM Educa\u00e7\u00e3o\"},\"url\":\"https:\\\/\\\/projetoslayerup.com.br\\\/smeducacao\\\/author\\\/smeducacao2021\\\/\"}]}<\/script>\n<!-- \/ Yoast SEO plugin. -->","yoast_head_json":{"title":"Educa\u00e7\u00e3o Infantil: o que aprendemos com essa etapa do ensino","description":"A Educa\u00e7\u00e3o Infantil proporciona grandes descobertas aos alunos, mas o que os demais segmentos podem aprender com esta etapa? Confira!","robots":{"index":"noindex","follow":"follow","max-snippet":"max-snippet:-1","max-image-preview":"max-image-preview:large","max-video-preview":"max-video-preview:-1"},"og_locale":"pt_BR","og_type":"article","og_title":"Educa\u00e7\u00e3o Infantil: o que aprendemos com essa etapa do ensino","og_description":"A Educa\u00e7\u00e3o Infantil proporciona grandes descobertas aos alunos, mas o que os demais segmentos podem aprender com esta etapa? Confira!","og_url":"https:\/\/projetoslayerup.com.br\/smeducacao\/educacao-infantil-o-que-aprendemos-nesta-etapa\/","og_site_name":"SM Educa\u00e7\u00e3o - Juntos cuidamos da educa\u00e7\u00e3o!","article_published_time":"2024-11-26T20:55:40+00:00","article_modified_time":"2026-08-19T18:19:54+00:00","og_image":[{"width":1024,"height":576,"url":"https:\/\/projetoslayerup.com.br\/smeducacao\/wp-content\/uploads\/2024\/11\/capa-bp-1024x576.png","type":"image\/png"}],"author":"SM Educa\u00e7\u00e3o","twitter_card":"summary_large_image","twitter_misc":{"Escrito por":"SM Educa\u00e7\u00e3o","Est. tempo de leitura":"6 minutos"},"schema":{"@context":"https:\/\/schema.org","@graph":[{"@type":"Article","@id":"https:\/\/projetoslayerup.com.br\/smeducacao\/educacao-infantil-o-que-aprendemos-nesta-etapa\/#article","isPartOf":{"@id":"https:\/\/projetoslayerup.com.br\/smeducacao\/educacao-infantil-o-que-aprendemos-nesta-etapa\/"},"author":{"name":"SM Educa\u00e7\u00e3o","@id":"https:\/\/projetoslayerup.com.br\/smeducacao\/#\/schema\/person\/45d7d41388698d0f902ff276caab47f5"},"headline":"Educa\u00e7\u00e3o Infantil: o que aprendemos com as experi\u00eancias dessa etapa do ensino","datePublished":"2024-11-26T20:55:40+00:00","dateModified":"2026-08-19T18:19:54+00:00","mainEntityOfPage":{"@id":"https:\/\/projetoslayerup.com.br\/smeducacao\/educacao-infantil-o-que-aprendemos-nesta-etapa\/"},"wordCount":853,"commentCount":1,"image":{"@id":"https:\/\/projetoslayerup.com.br\/smeducacao\/educacao-infantil-o-que-aprendemos-nesta-etapa\/#primaryimage"},"thumbnailUrl":"https:\/\/projetoslayerup.com.br\/smeducacao\/wp-content\/uploads\/2024\/11\/capa-bp.png","keywords":["BNCC","educa\u00e7\u00e3o b\u00e1sica","educa\u00e7\u00e3o infantil"],"articleSection":["Dicas para professores"],"inLanguage":"pt-BR","potentialAction":[{"@type":"CommentAction","name":"Comment","target":["https:\/\/projetoslayerup.com.br\/smeducacao\/educacao-infantil-o-que-aprendemos-nesta-etapa\/#respond"]}]},{"@type":"WebPage","@id":"https:\/\/projetoslayerup.com.br\/smeducacao\/educacao-infantil-o-que-aprendemos-nesta-etapa\/","url":"https:\/\/projetoslayerup.com.br\/smeducacao\/educacao-infantil-o-que-aprendemos-nesta-etapa\/","name":"Educa\u00e7\u00e3o Infantil: o que aprendemos com essa etapa do ensino","isPartOf":{"@id":"https:\/\/projetoslayerup.com.br\/smeducacao\/#website"},"primaryImageOfPage":{"@id":"https:\/\/projetoslayerup.com.br\/smeducacao\/educacao-infantil-o-que-aprendemos-nesta-etapa\/#primaryimage"},"image":{"@id":"https:\/\/projetoslayerup.com.br\/smeducacao\/educacao-infantil-o-que-aprendemos-nesta-etapa\/#primaryimage"},"thumbnailUrl":"https:\/\/projetoslayerup.com.br\/smeducacao\/wp-content\/uploads\/2024\/11\/capa-bp.png","datePublished":"2024-11-26T20:55:40+00:00","dateModified":"2026-08-19T18:19:54+00:00","author":{"@id":"https:\/\/projetoslayerup.com.br\/smeducacao\/#\/schema\/person\/45d7d41388698d0f902ff276caab47f5"},"description":"A Educa\u00e7\u00e3o Infantil proporciona grandes descobertas aos alunos, mas o que os demais segmentos podem aprender com esta etapa? Confira!","breadcrumb":{"@id":"https:\/\/projetoslayerup.com.br\/smeducacao\/educacao-infantil-o-que-aprendemos-nesta-etapa\/#breadcrumb"},"inLanguage":"pt-BR","potentialAction":[{"@type":"ReadAction","target":["https:\/\/projetoslayerup.com.br\/smeducacao\/educacao-infantil-o-que-aprendemos-nesta-etapa\/"]}]},{"@type":"ImageObject","inLanguage":"pt-BR","@id":"https:\/\/projetoslayerup.com.br\/smeducacao\/educacao-infantil-o-que-aprendemos-nesta-etapa\/#primaryimage","url":"https:\/\/projetoslayerup.com.br\/smeducacao\/wp-content\/uploads\/2024\/11\/capa-bp.png","contentUrl":"https:\/\/projetoslayerup.com.br\/smeducacao\/wp-content\/uploads\/2024\/11\/capa-bp.png","width":1920,"height":1080},{"@type":"BreadcrumbList","@id":"https:\/\/projetoslayerup.com.br\/smeducacao\/educacao-infantil-o-que-aprendemos-nesta-etapa\/#breadcrumb","itemListElement":[{"@type":"ListItem","position":1,"name":"In\u00edcio","item":"https:\/\/projetoslayerup.com.br\/smeducacao\/"},{"@type":"ListItem","position":2,"name":"Educa\u00e7\u00e3o Infantil: o que aprendemos com as experi\u00eancias dessa etapa do ensino"}]},{"@type":"WebSite","@id":"https:\/\/projetoslayerup.com.br\/smeducacao\/#website","url":"https:\/\/projetoslayerup.com.br\/smeducacao\/","name":"SM Educa\u00e7\u00e3o - Juntos cuidamos da educa\u00e7\u00e3o!","description":"Transformamos a educa\u00e7\u00e3o por meio de solu\u00e7\u00f5es digitais, solu\u00e7\u00f5es did\u00e1ticas para uma aprendizagem personalizada e solu\u00e7\u00f5es estrat\u00e9gicas eficientes. Juntos cuidamos da Educa\u00e7\u00e3o!","potentialAction":[{"@type":"SearchAction","target":{"@type":"EntryPoint","urlTemplate":"https:\/\/projetoslayerup.com.br\/smeducacao\/?s={search_term_string}"},"query-input":{"@type":"PropertyValueSpecification","valueRequired":true,"valueName":"search_term_string"}}],"inLanguage":"pt-BR"},{"@type":"Person","@id":"https:\/\/projetoslayerup.com.br\/smeducacao\/#\/schema\/person\/45d7d41388698d0f902ff276caab47f5","name":"SM Educa\u00e7\u00e3o","image":{"@type":"ImageObject","inLanguage":"pt-BR","@id":"https:\/\/secure.gravatar.com\/avatar\/24327468bc2a6fb95889620b4158620d90c5e352f7a18c30af0e3f8cb70bc104?s=96&d=mm&r=g","url":"https:\/\/secure.gravatar.com\/avatar\/24327468bc2a6fb95889620b4158620d90c5e352f7a18c30af0e3f8cb70bc104?s=96&d=mm&r=g","contentUrl":"https:\/\/secure.gravatar.com\/avatar\/24327468bc2a6fb95889620b4158620d90c5e352f7a18c30af0e3f8cb70bc104?s=96&d=mm&r=g","caption":"SM Educa\u00e7\u00e3o"},"url":"https:\/\/projetoslayerup.com.br\/smeducacao\/author\/smeducacao2021\/"}]}},"_links":{"self":[{"href":"https:\/\/projetoslayerup.com.br\/smeducacao\/wp-json\/wp\/v2\/posts\/6971","targetHints":{"allow":["GET"]}}],"collection":[{"href":"https:\/\/projetoslayerup.com.br\/smeducacao\/wp-json\/wp\/v2\/posts"}],"about":[{"href":"https:\/\/projetoslayerup.com.br\/smeducacao\/wp-json\/wp\/v2\/types\/post"}],"author":[{"embeddable":true,"href":"https:\/\/projetoslayerup.com.br\/smeducacao\/wp-json\/wp\/v2\/users\/2"}],"replies":[{"embeddable":true,"href":"https:\/\/projetoslayerup.com.br\/smeducacao\/wp-json\/wp\/v2\/comments?post=6971"}],"version-history":[{"count":1,"href":"https:\/\/projetoslayerup.com.br\/smeducacao\/wp-json\/wp\/v2\/posts\/6971\/revisions"}],"predecessor-version":[{"id":13362,"href":"https:\/\/projetoslayerup.com.br\/smeducacao\/wp-json\/wp\/v2\/posts\/6971\/revisions\/13362"}],"wp:featuredmedia":[{"embeddable":true,"href":"https:\/\/projetoslayerup.com.br\/smeducacao\/wp-json\/wp\/v2\/media\/6988"}],"wp:attachment":[{"href":"https:\/\/projetoslayerup.com.br\/smeducacao\/wp-json\/wp\/v2\/media?parent=6971"}],"wp:term":[{"taxonomy":"category","embeddable":true,"href":"https:\/\/projetoslayerup.com.br\/smeducacao\/wp-json\/wp\/v2\/categories?post=6971"},{"taxonomy":"post_tag","embeddable":true,"href":"https:\/\/projetoslayerup.com.br\/smeducacao\/wp-json\/wp\/v2\/tags?post=6971"},{"taxonomy":"blog_nivel_escolar","embeddable":true,"href":"https:\/\/projetoslayerup.com.br\/smeducacao\/wp-json\/wp\/v2\/blog_nivel_escolar?post=6971"},{"taxonomy":"blog_segmento_escolar","embeddable":true,"href":"https:\/\/projetoslayerup.com.br\/smeducacao\/wp-json\/wp\/v2\/blog_segmento_escolar?post=6971"}],"curies":[{"name":"wp","href":"https:\/\/api.w.org\/{rel}","templated":true}]}}