{"id":7271,"date":"2025-04-01T12:03:50","date_gmt":"2025-04-01T15:03:50","guid":{"rendered":"https:\/\/www.smeducacao.com.br\/?p=7271"},"modified":"2026-08-19T18:17:00","modified_gmt":"2026-08-19T18:17:00","slug":"como-refletir-as-avaliacoes-do-pisa-e-saeb-por-meio-da-literatura-infantojuvenil","status":"publish","type":"post","link":"https:\/\/projetoslayerup.com.br\/smeducacao\/como-refletir-as-avaliacoes-do-pisa-e-saeb-por-meio-da-literatura-infantojuvenil\/","title":{"rendered":"Como refletir sobre as avalia\u00e7\u00f5es do Pisa e do Saeb por meio da literatura infantojuvenil"},"content":{"rendered":"<p>De que forma medimos o avan\u00e7o da educa\u00e7\u00e3o? O<b> Programa Internacional de Avalia\u00e7\u00e3o de Estudantes (Pisa) <\/b>e o<b> Sistema de Avalia\u00e7\u00e3o da Educa\u00e7\u00e3o B\u00e1sica (Saeb<\/b><span style=\"font-weight: 400;\">) s\u00e3o os principais instrumentos de avalia\u00e7\u00e3o, \u00edndices e indicadores que <\/span><b>medem a qualidade educacional<\/b><span style=\"font-weight: 400;\">, evidenciam as desigualdades regionais e o impacto das pol\u00edticas p\u00fablicas no Brasil e no mundo.\u00a0<\/span><\/p>\n<p><span style=\"font-weight: 400;\">Esses mecanismos t\u00eam gerado um amplo debate na literatura acad\u00eamica, sobretudo em rela\u00e7\u00e3o \u00e0s suas concep\u00e7\u00f5es de leitura e letramento, e suas implica\u00e7\u00f5es na forma\u00e7\u00e3o dos estudantes e no planejamento educacional. Al\u00e9m disso, essas avalia\u00e7\u00f5es <\/span><b>t\u00eam se consolidado como instrumentos indispens\u00e1veis para a compreens\u00e3o das din\u00e2micas educacionais<\/b><span style=\"font-weight: 400;\"> e dos desafios enfrentados pelos sistemas de ensino. <\/span><\/p>\n<p><span style=\"font-weight: 400;\">A partir de suas metodologias, \u00e9 poss\u00edvel identificar aspectos relacionados ao desempenho acad\u00eamico, \u00e0s disparidades regionais e sociais e ao impacto das pol\u00edticas p\u00fablicas (Bonamino et al., 2002).<\/span><\/p>\n<p><img loading=\"lazy\" decoding=\"async\" class=\"aligncenter wp-image-7279 size-full\" src=\"https:\/\/projetoslayerup.com.br\/smeducacao\/wp-content\/uploads\/2025\/04\/SM_PNLD_2024_Blogpost_-Literario_Mar_2025_PARTE1.png\" alt=\"\" width=\"1220\" height=\"426\" srcset=\"https:\/\/projetoslayerup.com.br\/smeducacao\/wp-content\/uploads\/2025\/04\/SM_PNLD_2024_Blogpost_-Literario_Mar_2025_PARTE1.png 1220w, https:\/\/projetoslayerup.com.br\/smeducacao\/wp-content\/uploads\/2025\/04\/SM_PNLD_2024_Blogpost_-Literario_Mar_2025_PARTE1-300x105.png 300w, https:\/\/projetoslayerup.com.br\/smeducacao\/wp-content\/uploads\/2025\/04\/SM_PNLD_2024_Blogpost_-Literario_Mar_2025_PARTE1-1024x358.png 1024w, https:\/\/projetoslayerup.com.br\/smeducacao\/wp-content\/uploads\/2025\/04\/SM_PNLD_2024_Blogpost_-Literario_Mar_2025_PARTE1-768x268.png 768w\" sizes=\"auto, (max-width: 1220px) 100vw, 1220px\" \/><\/p>\n<p><span style=\"font-weight: 400;\">A abordagem do Pisa \u00e9 <\/span><b>considerada inovadora ao se alinhar \u00e0s demandas da sociedade contempor\u00e2nea<\/b><span style=\"font-weight: 400;\"> e ao conceber o letramento como uma compet\u00eancia abrangente. Bonamino et al. (2002) apontam que o Pisa privilegia uma concep\u00e7\u00e3o de leitura que ultrapassa o dom\u00ednio t\u00e9cnico, integrando a interpreta\u00e7\u00e3o e o uso funcional da linguagem em contextos sociais.<\/span><\/p>\n<p><img loading=\"lazy\" decoding=\"async\" class=\"aligncenter wp-image-7278 size-full\" src=\"https:\/\/projetoslayerup.com.br\/smeducacao\/wp-content\/uploads\/2025\/04\/SM_PNLD_2024_Blogpost_-Literario_Mar_2025_PARTE2.png\" alt=\"\" width=\"1220\" height=\"426\" srcset=\"https:\/\/projetoslayerup.com.br\/smeducacao\/wp-content\/uploads\/2025\/04\/SM_PNLD_2024_Blogpost_-Literario_Mar_2025_PARTE2.png 1220w, https:\/\/projetoslayerup.com.br\/smeducacao\/wp-content\/uploads\/2025\/04\/SM_PNLD_2024_Blogpost_-Literario_Mar_2025_PARTE2-300x105.png 300w, https:\/\/projetoslayerup.com.br\/smeducacao\/wp-content\/uploads\/2025\/04\/SM_PNLD_2024_Blogpost_-Literario_Mar_2025_PARTE2-1024x358.png 1024w, https:\/\/projetoslayerup.com.br\/smeducacao\/wp-content\/uploads\/2025\/04\/SM_PNLD_2024_Blogpost_-Literario_Mar_2025_PARTE2-768x268.png 768w\" sizes=\"auto, (max-width: 1220px) 100vw, 1220px\" \/><\/p>\n<p><span style=\"font-weight: 400;\">Godinho e Farias (2013) destacam que o Saeb<\/span><b> utiliza matrizes curriculares que priorizam descritores t\u00e9cnicos<\/b><span style=\"font-weight: 400;\">, limitando-se \u00e0 avalia\u00e7\u00e3o de aspectos espec\u00edficos do desempenho escolar, sem considerar plenamente as intera\u00e7\u00f5es sociais e culturais que influenciam o aprendizado.<\/span><\/p>\n<p><b>Nesse sentido, a compara\u00e7\u00e3o entre as duas avalia\u00e7\u00f5es permite compreender como suas estruturas refletem concep\u00e7\u00f5es distintas de letramento e leitura.<\/b><\/p>\n<p><b>\u00a0O Pisa<\/b><span style=\"font-weight: 400;\"> avalia compet\u00eancias relacionadas \u00e0 interpreta\u00e7\u00e3o cr\u00edtica e \u00e0 funcionalidade da linguagem em contextos variados, promovendo <\/span><b>uma abordagem mais ampla e conectada ao uso social<\/b><span style=\"font-weight: 400;\"> do texto. <\/span><b>O Saeb<\/b><span style=\"font-weight: 400;\">, ao focar na compreens\u00e3o de textos narrativos e expositivos vinculados ao curr\u00edculo escolar, apresenta <\/span><b>um escopo mais restrito e voltado ao ambiente acad\u00eamico<\/b><span style=\"font-weight: 400;\"> (Bonamino et al., 2002). Essa diferen\u00e7a \u00e9 central para a discuss\u00e3o sobre como as avalia\u00e7\u00f5es refletem e influenciam o ensino da leitura e a forma\u00e7\u00e3o leitora nas escolas brasileiras.<\/span><\/p>\n<p><span style=\"font-weight: 400;\">Posto isto, <\/span><b>tanto o Pisa quanto o Saeb t\u00eam sido centrais na discuss\u00e3o sobre os rumos da educa\u00e7\u00e3o contempor\u00e2nea<\/b><span style=\"font-weight: 400;\">, especialmente ao serem analisados sob a perspectiva da literatura educacional. Essas avalia\u00e7\u00f5es n\u00e3o s\u00f3 oferecem um diagn\u00f3stico das compet\u00eancias escolares como tamb\u00e9m um entendimento mais amplo das rela\u00e7\u00f5es entre o aprendizado e os contextos sociais e culturais.<\/span><\/p>\n<p><img loading=\"lazy\" decoding=\"async\" class=\"aligncenter wp-image-7277 size-full\" src=\"https:\/\/projetoslayerup.com.br\/smeducacao\/wp-content\/uploads\/2025\/04\/SM_PNLD_2024_Blogpost_-Literario_Mar_2025_PARTE3.png\" alt=\"\" width=\"1220\" height=\"360\" srcset=\"https:\/\/projetoslayerup.com.br\/smeducacao\/wp-content\/uploads\/2025\/04\/SM_PNLD_2024_Blogpost_-Literario_Mar_2025_PARTE3.png 1220w, https:\/\/projetoslayerup.com.br\/smeducacao\/wp-content\/uploads\/2025\/04\/SM_PNLD_2024_Blogpost_-Literario_Mar_2025_PARTE3-300x89.png 300w, https:\/\/projetoslayerup.com.br\/smeducacao\/wp-content\/uploads\/2025\/04\/SM_PNLD_2024_Blogpost_-Literario_Mar_2025_PARTE3-1024x302.png 1024w, https:\/\/projetoslayerup.com.br\/smeducacao\/wp-content\/uploads\/2025\/04\/SM_PNLD_2024_Blogpost_-Literario_Mar_2025_PARTE3-768x227.png 768w\" sizes=\"auto, (max-width: 1220px) 100vw, 1220px\" \/><\/p>\n<p><span style=\"font-weight: 400;\">Consequentemente, os resultados dessas avalia\u00e7\u00f5es t\u00eam gerado debates significativos na literatura acad\u00eamica, especialmente em rela\u00e7\u00e3o ao impacto das an\u00e1lises quantitativas na formula\u00e7\u00e3o de pol\u00edticas p\u00fablicas e pr\u00e1ticas pedag\u00f3gicas.<\/span><\/p>\n<p><img loading=\"lazy\" decoding=\"async\" class=\"aligncenter wp-image-7276 size-full\" src=\"https:\/\/projetoslayerup.com.br\/smeducacao\/wp-content\/uploads\/2025\/04\/SM_PNLD_2024_Blogpost_-Literario_Mar_2025_PARTE4.png\" alt=\"\" width=\"1220\" height=\"360\" srcset=\"https:\/\/projetoslayerup.com.br\/smeducacao\/wp-content\/uploads\/2025\/04\/SM_PNLD_2024_Blogpost_-Literario_Mar_2025_PARTE4.png 1220w, https:\/\/projetoslayerup.com.br\/smeducacao\/wp-content\/uploads\/2025\/04\/SM_PNLD_2024_Blogpost_-Literario_Mar_2025_PARTE4-300x89.png 300w, https:\/\/projetoslayerup.com.br\/smeducacao\/wp-content\/uploads\/2025\/04\/SM_PNLD_2024_Blogpost_-Literario_Mar_2025_PARTE4-1024x302.png 1024w, https:\/\/projetoslayerup.com.br\/smeducacao\/wp-content\/uploads\/2025\/04\/SM_PNLD_2024_Blogpost_-Literario_Mar_2025_PARTE4-768x227.png 768w\" sizes=\"auto, (max-width: 1220px) 100vw, 1220px\" \/><\/p>\n<p><span style=\"font-weight: 400;\">A literatura acad\u00eamica enfatiza que os resultados dessas avalia\u00e7\u00f5es t\u00eam implica\u00e7\u00f5es significativas para a formula\u00e7\u00e3o de pol\u00edticas educacionais. Segundo Godinho e Farias (2013), os<\/span><b> dados do Saeb t\u00eam sido utilizados como base para interven\u00e7\u00f5es que buscam corrigir lacunas nos sistemas de ensino<\/b><span style=\"font-weight: 400;\">, embora nem sempre as a\u00e7\u00f5es propostas considerem a complexidade das desigualdades regionais e sociais.<\/span><\/p>\n<p><span style=\"font-weight: 400;\">No contexto do Pisa, Lima et al. (2023) alerta para o<\/span><b> risco de que seus resultados sejam utilizados para justificar reformas educacionais <\/b><span style=\"font-weight: 400;\">alinhadas a diretrizes globais, muitas vezes<\/span><b> desconsiderando especificidades locais.<\/b><span style=\"font-weight: 400;\"> Essa tens\u00e3o entre demandas nacionais ressalta a import\u00e2ncia de interpretar os dados de maneira cr\u00edtica e contextualizada.\u00a0<\/span><\/p>\n<p><img loading=\"lazy\" decoding=\"async\" class=\"aligncenter wp-image-7275 size-full\" src=\"https:\/\/projetoslayerup.com.br\/smeducacao\/wp-content\/uploads\/2025\/04\/SM_PNLD_2024_Blogpost_-Literario_Mar_2025_PARTE5.png\" alt=\"\" width=\"1220\" height=\"536\" srcset=\"https:\/\/projetoslayerup.com.br\/smeducacao\/wp-content\/uploads\/2025\/04\/SM_PNLD_2024_Blogpost_-Literario_Mar_2025_PARTE5.png 1220w, https:\/\/projetoslayerup.com.br\/smeducacao\/wp-content\/uploads\/2025\/04\/SM_PNLD_2024_Blogpost_-Literario_Mar_2025_PARTE5-300x132.png 300w, https:\/\/projetoslayerup.com.br\/smeducacao\/wp-content\/uploads\/2025\/04\/SM_PNLD_2024_Blogpost_-Literario_Mar_2025_PARTE5-1024x450.png 1024w, https:\/\/projetoslayerup.com.br\/smeducacao\/wp-content\/uploads\/2025\/04\/SM_PNLD_2024_Blogpost_-Literario_Mar_2025_PARTE5-768x337.png 768w\" sizes=\"auto, (max-width: 1220px) 100vw, 1220px\" \/><\/p>\n<p><b>O Programa Nacional do Livro e do Material Did\u00e1tico (PNLD),<\/b><span style=\"font-weight: 400;\"> respons\u00e1vel pela sele\u00e7\u00e3o e distribui\u00e7\u00e3o de livros nas escolas, frequentemente <\/span><b>prioriza materiais que refor\u00e7am pr\u00e1ticas pedag\u00f3gicas tradicionais, dificultando a ado\u00e7\u00e3o de abordagens mais din\u00e2micas e criativas<\/b><span style=\"font-weight: 400;\">. A conex\u00e3o entre as avalia\u00e7\u00f5es e a literatura se torna ainda mais evidente ao considerarmos o conceito de letramento.<\/span><\/p>\n<p><span style=\"font-weight: 400;\">Soares e Candian (2007) <\/span><b>definem letramento como a capacidade de ler e escrever articulada \u00e0 aplica\u00e7\u00e3o pr\u00e1tica e contextualizada dessas habilidades<\/b><span style=\"font-weight: 400;\">.\u00a0<\/span><img loading=\"lazy\" decoding=\"async\" class=\"alignnone wp-image-7274 size-full\" src=\"https:\/\/projetoslayerup.com.br\/smeducacao\/wp-content\/uploads\/2025\/04\/SM_PNLD_2024_Blogpost_-Literario_Mar_2025_PARTE6.png\" alt=\"\" width=\"1220\" height=\"553\" srcset=\"https:\/\/projetoslayerup.com.br\/smeducacao\/wp-content\/uploads\/2025\/04\/SM_PNLD_2024_Blogpost_-Literario_Mar_2025_PARTE6.png 1220w, https:\/\/projetoslayerup.com.br\/smeducacao\/wp-content\/uploads\/2025\/04\/SM_PNLD_2024_Blogpost_-Literario_Mar_2025_PARTE6-300x136.png 300w, https:\/\/projetoslayerup.com.br\/smeducacao\/wp-content\/uploads\/2025\/04\/SM_PNLD_2024_Blogpost_-Literario_Mar_2025_PARTE6-1024x464.png 1024w, https:\/\/projetoslayerup.com.br\/smeducacao\/wp-content\/uploads\/2025\/04\/SM_PNLD_2024_Blogpost_-Literario_Mar_2025_PARTE6-768x348.png 768w\" sizes=\"auto, (max-width: 1220px) 100vw, 1220px\" \/><\/p>\n<p><span style=\"font-weight: 400;\">Al\u00e9m das quest\u00f5es relacionadas \u00e0s avalia\u00e7\u00f5es, <\/span><b>a literatura infantil desempenha um papel importante no desenvolvimento das habilidades de leitura e escrita.<\/b><span style=\"font-weight: 400;\"> Lajolo e Zilberman (2022) argumentam que a literatura infantil \u00e9 um recurso essencial para a forma\u00e7\u00e3o leitora, pois articula experi\u00eancias est\u00e9ticas e culturais com o aprendizado t\u00e9cnico.\u00a0<\/span><\/p>\n<p><span style=\"font-weight: 400;\">No entanto, Ara\u00fajo e Faustino (2009) ressaltam que o uso da literatura nas escolas brasileiras muitas vezes se limita a atividades repetitivas e pragm\u00e1ticas, o que reduz seu potencial transformador.\u00a0<\/span><\/p>\n<p><b>A an\u00e1lise das avalia\u00e7\u00f5es do Pisa e do Saeb<\/b><span style=\"font-weight: 400;\">, sob a \u00f3tica da literatura educacional, <\/span><b>permite evidenciar suas contribui\u00e7\u00f5es para a forma\u00e7\u00e3o leitora e o letramento<\/b><span style=\"font-weight: 400;\">, ao mesmo tempo em que destaca suas limita\u00e7\u00f5es. Para que essas ferramentas promovam sistemas educacionais mais equitativos e formem leitores cr\u00edticos, \u00e9 essencial considerar tanto os aspectos t\u00e9cnicos quanto os sociais e culturais envolvidos no processo de ensino da leitura.<\/span><\/p>\n<p><img loading=\"lazy\" decoding=\"async\" class=\"alignnone wp-image-7273 size-full\" src=\"https:\/\/projetoslayerup.com.br\/smeducacao\/wp-content\/uploads\/2025\/04\/SM_PNLD_2024_Blogpost_-Literario_Mar_2025_PARTE7.png\" alt=\"\" width=\"1220\" height=\"360\" srcset=\"https:\/\/projetoslayerup.com.br\/smeducacao\/wp-content\/uploads\/2025\/04\/SM_PNLD_2024_Blogpost_-Literario_Mar_2025_PARTE7.png 1220w, https:\/\/projetoslayerup.com.br\/smeducacao\/wp-content\/uploads\/2025\/04\/SM_PNLD_2024_Blogpost_-Literario_Mar_2025_PARTE7-300x89.png 300w, https:\/\/projetoslayerup.com.br\/smeducacao\/wp-content\/uploads\/2025\/04\/SM_PNLD_2024_Blogpost_-Literario_Mar_2025_PARTE7-1024x302.png 1024w, https:\/\/projetoslayerup.com.br\/smeducacao\/wp-content\/uploads\/2025\/04\/SM_PNLD_2024_Blogpost_-Literario_Mar_2025_PARTE7-768x227.png 768w\" sizes=\"auto, (max-width: 1220px) 100vw, 1220px\" \/><\/p>\n<p><span style=\"font-weight: 400;\">Nesse cen\u00e1rio, <\/span><b>a literatura infantojuvenil se apresenta como uma ferramenta poderosa para o desenvolvimento das compet\u00eancias avaliadas<\/b><span style=\"font-weight: 400;\">, especialmente no campo da leitura e da interpreta\u00e7\u00e3o. Por meio de hist\u00f3rias cativantes e diversificadas, ela estimula o pensamento cr\u00edtico, a amplia\u00e7\u00e3o do vocabul\u00e1rio e a compreens\u00e3o de textos em diferentes formatos e contextos, habilidades fundamentais para melhorar o desempenho escolar e os resultados nessas avalia\u00e7\u00f5es. Al\u00e9m disso, a literatura incentiva o h\u00e1bito da leitura, fortalecendo a autonomia dos estudantes na constru\u00e7\u00e3o do conhecimento.<\/span><\/p>\n<p><span style=\"font-weight: 400;\">Nesse contexto, a <\/span><b>introdu\u00e7\u00e3o \u00e0 leitura na primeira inf\u00e2ncia possui um impacto profundo e duradouro no desenvolvimento cognitivo e acad\u00eamico das crian\u00e7as, refletindo diretamente no desempenho em avalia\u00e7\u00f5es externas como o Pisa e o Saeb<\/b><span style=\"font-weight: 400;\">. Desde os primeiros anos, quando as crian\u00e7as s\u00e3o introduzidas ao mundo dos livros, h\u00e1 um enriquecimento do vocabul\u00e1rio e o est\u00edmulo \u00e0 imagina\u00e7\u00e3o, criando uma base s\u00f3lida para habilidades como interpreta\u00e7\u00e3o e resolu\u00e7\u00e3o de problemas.<\/span><\/p>\n<p><span style=\"font-weight: 400;\">\u00c9 no<\/span><b> Ensino Fundamental I<\/b><span style=\"font-weight: 400;\"> que o foco se volta para a <\/span><b>alfabetiza\u00e7\u00e3o <\/b><span style=\"font-weight: 400;\">e o desenvolvimento da compreens\u00e3o leitora, estabelecendo as bases para a cultura e o prazer pela leitura.Todavia, \u00e0 medida que os alunos avan\u00e7am para o <\/span><b>Ensino Fundamental II e o Ensino M\u00e9dio<\/b><span style=\"font-weight: 400;\">, h\u00e1 um aumento na complexidade dos textos e na exig\u00eancia de <\/span><b>habilidades interpretativas, anal\u00edticas e cr\u00edticas<\/b><span style=\"font-weight: 400;\">. Cada etapa desempenha um papel crucial na forma\u00e7\u00e3o de leitores proficientes e reflexivos, prontos para os desafios das avalia\u00e7\u00f5es externas.\u00a0<\/span><\/p>\n<p><a href=\"https:\/\/materiais.smbrasil.com.br\/obras-pnld-2024-objeto-3\" target=\"_blank\" rel=\"noopener\"><img loading=\"lazy\" decoding=\"async\" class=\"aligncenter wp-image-7272 size-full\" src=\"https:\/\/projetoslayerup.com.br\/smeducacao\/wp-content\/uploads\/2025\/04\/SM_PNLD_2024_Blogpost_-Literario_Mar_2025_PARTE8.png\" alt=\"\" width=\"1187\" height=\"975\" srcset=\"https:\/\/projetoslayerup.com.br\/smeducacao\/wp-content\/uploads\/2025\/04\/SM_PNLD_2024_Blogpost_-Literario_Mar_2025_PARTE8.png 1187w, https:\/\/projetoslayerup.com.br\/smeducacao\/wp-content\/uploads\/2025\/04\/SM_PNLD_2024_Blogpost_-Literario_Mar_2025_PARTE8-300x246.png 300w, https:\/\/projetoslayerup.com.br\/smeducacao\/wp-content\/uploads\/2025\/04\/SM_PNLD_2024_Blogpost_-Literario_Mar_2025_PARTE8-1024x841.png 1024w, https:\/\/projetoslayerup.com.br\/smeducacao\/wp-content\/uploads\/2025\/04\/SM_PNLD_2024_Blogpost_-Literario_Mar_2025_PARTE8-768x631.png 768w\" sizes=\"auto, (max-width: 1187px) 100vw, 1187px\" \/><\/a><\/p>\n<p><b>REFER\u00caNCIAS\u00a0<\/b><\/p>\n<p><span style=\"font-weight: 400;\">ARA\u00daJO, Rita de C\u00e1ssia; FAUSTINO, Ros\u00e2ngela C\u00e9lia. A forma\u00e7\u00e3o dos professores e a presen\u00e7a da literatura infantil na alfabetiza\u00e7\u00e3o nos anos de 1990. Travessias, v. 3, n. 2, p. 1-21, 2009.<\/span><\/p>\n<p><span style=\"font-weight: 400;\">BARROS, Rosiene Pereira da Costa. Texto liter\u00e1rio e interdisciplinaridade: implica\u00e7\u00f5es na forma\u00e7\u00e3o de leitores. 2016. Dispon\u00edvel em: <a href=\"http:\/\/umbu.uft.edu.br\/bitstream\/11612\/1732\/1\/Rosiene%20Pereira%20da%20Costa%20Barros%20-%20Disserta%C3%A7%C3%A3o.pdf\" target=\"_blank\" rel=\"noopener\">http:\/\/umbu.uft.edu.br\/bitstream\/11612\/1732\/1\/Rosiene%20Pereira%20da%20Costa%20Barros%20-%20Disserta%C3%A7%C3%A3o.pdf<\/a>. Acesso em 09 jan. 2025.<\/span><\/p>\n<p><span style=\"font-weight: 400;\">BONAMINO, Alicia; COSCARELLI, Carla; FRANCO, Creso. Avalia\u00e7\u00e3o e letramento: concep\u00e7\u00f5es de aluno letrado subjacentes ao SAEB e ao PISA. Educa\u00e7\u00e3o &amp; Sociedade, v. 23, p. 91-113, 2002.<\/span><\/p>\n<p><span style=\"font-weight: 400;\">FRANCO, Creso; BONAMINO, Alicia. A pesquisa sobre caracter\u00edsticas de escolas eficazes no Brasil: breve revis\u00e3o dos principais achados e alguns problemas em aberto. Educa\u00e7\u00e3o on-line, v. 1, p. 1-13, 2005.<\/span><\/p>\n<p><span style=\"font-weight: 400;\">GODINHO, Jana\u00edna Dias; FARIAS, Maria Eloisa. Inser\u00e7\u00e3o de ci\u00eancias visando \u00e0 compatibiliza\u00e7\u00e3o do SAEB com o PISA e seus reflexos nas Pol\u00edticas Educacionais. Atas do IX Encontro Nacional de Pesquisa em Educa\u00e7\u00e3o em Ci\u00eancias, p. 1-8, 2013.<\/span><\/p>\n<p><span style=\"font-weight: 400;\">LIMA, Fernanda Hubner de et al. Avalia\u00e7\u00e3o em Larga Escala para a Educa\u00e7\u00e3o Infantil: do Baby PISA ao Novo SAEB. 2023. Dispon\u00edvel em: <a href=\"https:\/\/tede.unioeste.br\/bitstream\/tede\/6801\/5\/Fernanda_Lima.2023.pdf\" target=\"_blank\" rel=\"noopener\">https:\/\/tede.unioeste.br\/bitstream\/tede\/6801\/5\/Fernanda_Lima.2023.pdf<\/a>. Acesso em 09 jan. 2025.<\/span><\/p>\n<p><span style=\"font-weight: 400;\">OECD. Organiza\u00e7\u00e3o para a Coopera\u00e7\u00e3o e Desenvolvimento Econ\u00f4mico. Measuring student knowledge and skills: a new framework for assessment. Paris: OECD. 1999.<\/span><\/p>\n<p><span style=\"font-weight: 400;\">SOARES, Jos\u00e9 Francisco; CANDIAN, Juliana Frizzoni. O efeito da escola b\u00e1sica brasileira: as evid\u00eancias do PISA e do SAEB. Revista Contempor\u00e2nea de Educa\u00e7\u00e3o, v. 2, n. 4, p. 1-12, 2007.<\/span><\/p>\n<p><span style=\"font-weight: 400;\">SOARES, Magda. Letramento-um tema em tr\u00eas g\u00eaneros. Aut\u00eantica, 2018.<\/span><\/p>\n<p><span style=\"font-weight: 400;\">ZILBERMAN, Regina. A forma\u00e7\u00e3o da leitura no Brasil. Editora Unesp, 2020.<\/span><\/p>\n","protected":false},"excerpt":{"rendered":"<p>De que forma medimos o avan\u00e7o da educa\u00e7\u00e3o? O Programa Internacional de Avalia\u00e7\u00e3o de Estudantes (Pisa) e o Sistema de Avalia\u00e7\u00e3o da Educa\u00e7\u00e3o B\u00e1sica (Saeb) s\u00e3o os principais instrumentos de avalia\u00e7\u00e3o, \u00edndices e indicadores que medem a qualidade educacional, evidenciam as desigualdades regionais e o impacto das pol\u00edticas p\u00fablicas no Brasil e no mundo.\u00a0 Esses [&hellip;]<\/p>\n","protected":false},"author":2,"featured_media":7283,"comment_status":"open","ping_status":"open","sticky":false,"template":"","format":"standard","meta":{"_acf_changed":false,"footnotes":""},"categories":[40],"tags":[39,1965,1966],"blog_nivel_escolar":[],"blog_segmento_escolar":[],"class_list":["post-7271","post","type-post","status-publish","format-standard","has-post-thumbnail","hentry","category-literatura","tag-literatura","tag-pisa","tag-saeb"],"acf":[],"yoast_head":"<!-- This site is optimized with the Yoast SEO plugin v28.3 - https:\/\/yoast.com\/product\/yoast-seo-wordpress\/ -->\n<title>Como refletir sobre as avalia\u00e7\u00f5es do Pisa e do Saeb por meio da literatura infantojuvenil - SM Educa\u00e7\u00e3o - Juntos cuidamos da educa\u00e7\u00e3o!<\/title>\n<meta name=\"description\" content=\"Como refletir as avalia\u00e7\u00f5es do Pisa e Saeb por meio da Literatura Infantojuvenil, quais s\u00e3o os principais instrumentos de avalia\u00e7\u00e3o\" \/>\n<meta name=\"robots\" content=\"noindex, follow, max-snippet:-1, max-image-preview:large, max-video-preview:-1\" \/>\n<meta property=\"og:locale\" content=\"pt_BR\" \/>\n<meta property=\"og:type\" content=\"article\" \/>\n<meta property=\"og:title\" content=\"Como refletir sobre as avalia\u00e7\u00f5es do Pisa e do Saeb por meio da literatura infantojuvenil - SM Educa\u00e7\u00e3o - Juntos cuidamos da educa\u00e7\u00e3o!\" \/>\n<meta property=\"og:description\" content=\"Como refletir as avalia\u00e7\u00f5es do Pisa e Saeb por meio da Literatura Infantojuvenil, quais s\u00e3o os principais instrumentos de avalia\u00e7\u00e3o\" \/>\n<meta property=\"og:url\" content=\"https:\/\/projetoslayerup.com.br\/smeducacao\/como-refletir-as-avaliacoes-do-pisa-e-saeb-por-meio-da-literatura-infantojuvenil\/\" \/>\n<meta property=\"og:site_name\" content=\"SM Educa\u00e7\u00e3o - Juntos cuidamos da educa\u00e7\u00e3o!\" \/>\n<meta property=\"article:published_time\" content=\"2025-04-01T15:03:50+00:00\" \/>\n<meta property=\"article:modified_time\" content=\"2026-08-19T18:17:00+00:00\" \/>\n<meta property=\"og:image\" content=\"https:\/\/projetoslayerup.com.br\/smeducacao\/wp-content\/uploads\/2025\/04\/SM_PNLD_2024_Blogpost_-Literario_Mar_2025_HEADER_V2-1-scaled-1.jpg\" \/>\n\t<meta property=\"og:image:width\" content=\"2560\" \/>\n\t<meta property=\"og:image:height\" content=\"1707\" \/>\n\t<meta property=\"og:image:type\" content=\"image\/jpeg\" \/>\n<meta name=\"author\" content=\"SM Educa\u00e7\u00e3o\" \/>\n<meta name=\"twitter:card\" content=\"summary_large_image\" \/>\n<meta name=\"twitter:label1\" content=\"Escrito por\" \/>\n\t<meta name=\"twitter:data1\" content=\"SM Educa\u00e7\u00e3o\" \/>\n\t<meta name=\"twitter:label2\" content=\"Est. tempo de leitura\" \/>\n\t<meta name=\"twitter:data2\" content=\"9 minutos\" \/>\n<script type=\"application\/ld+json\" class=\"yoast-schema-graph\">{\"@context\":\"https:\\\/\\\/schema.org\",\"@graph\":[{\"@type\":\"Article\",\"@id\":\"https:\\\/\\\/projetoslayerup.com.br\\\/smeducacao\\\/como-refletir-as-avaliacoes-do-pisa-e-saeb-por-meio-da-literatura-infantojuvenil\\\/#article\",\"isPartOf\":{\"@id\":\"https:\\\/\\\/projetoslayerup.com.br\\\/smeducacao\\\/como-refletir-as-avaliacoes-do-pisa-e-saeb-por-meio-da-literatura-infantojuvenil\\\/\"},\"author\":{\"name\":\"SM Educa\u00e7\u00e3o\",\"@id\":\"https:\\\/\\\/projetoslayerup.com.br\\\/smeducacao\\\/#\\\/schema\\\/person\\\/45d7d41388698d0f902ff276caab47f5\"},\"headline\":\"Como refletir sobre as avalia\u00e7\u00f5es do Pisa e do Saeb por meio da literatura infantojuvenil\",\"datePublished\":\"2025-04-01T15:03:50+00:00\",\"dateModified\":\"2026-08-19T18:17:00+00:00\",\"mainEntityOfPage\":{\"@id\":\"https:\\\/\\\/projetoslayerup.com.br\\\/smeducacao\\\/como-refletir-as-avaliacoes-do-pisa-e-saeb-por-meio-da-literatura-infantojuvenil\\\/\"},\"wordCount\":1400,\"commentCount\":0,\"image\":{\"@id\":\"https:\\\/\\\/projetoslayerup.com.br\\\/smeducacao\\\/como-refletir-as-avaliacoes-do-pisa-e-saeb-por-meio-da-literatura-infantojuvenil\\\/#primaryimage\"},\"thumbnailUrl\":\"https:\\\/\\\/projetoslayerup.com.br\\\/smeducacao\\\/wp-content\\\/uploads\\\/2025\\\/04\\\/SM_PNLD_2024_Blogpost_-Literario_Mar_2025_HEADER_V2-1-scaled-1.jpg\",\"keywords\":[\"literatura\",\"Pisa\",\"Saeb\"],\"articleSection\":[\"Literatura\"],\"inLanguage\":\"pt-BR\",\"potentialAction\":[{\"@type\":\"CommentAction\",\"name\":\"Comment\",\"target\":[\"https:\\\/\\\/projetoslayerup.com.br\\\/smeducacao\\\/como-refletir-as-avaliacoes-do-pisa-e-saeb-por-meio-da-literatura-infantojuvenil\\\/#respond\"]}]},{\"@type\":\"WebPage\",\"@id\":\"https:\\\/\\\/projetoslayerup.com.br\\\/smeducacao\\\/como-refletir-as-avaliacoes-do-pisa-e-saeb-por-meio-da-literatura-infantojuvenil\\\/\",\"url\":\"https:\\\/\\\/projetoslayerup.com.br\\\/smeducacao\\\/como-refletir-as-avaliacoes-do-pisa-e-saeb-por-meio-da-literatura-infantojuvenil\\\/\",\"name\":\"Como refletir sobre as avalia\u00e7\u00f5es do Pisa e do Saeb por meio da literatura infantojuvenil - SM Educa\u00e7\u00e3o - Juntos cuidamos da educa\u00e7\u00e3o!\",\"isPartOf\":{\"@id\":\"https:\\\/\\\/projetoslayerup.com.br\\\/smeducacao\\\/#website\"},\"primaryImageOfPage\":{\"@id\":\"https:\\\/\\\/projetoslayerup.com.br\\\/smeducacao\\\/como-refletir-as-avaliacoes-do-pisa-e-saeb-por-meio-da-literatura-infantojuvenil\\\/#primaryimage\"},\"image\":{\"@id\":\"https:\\\/\\\/projetoslayerup.com.br\\\/smeducacao\\\/como-refletir-as-avaliacoes-do-pisa-e-saeb-por-meio-da-literatura-infantojuvenil\\\/#primaryimage\"},\"thumbnailUrl\":\"https:\\\/\\\/projetoslayerup.com.br\\\/smeducacao\\\/wp-content\\\/uploads\\\/2025\\\/04\\\/SM_PNLD_2024_Blogpost_-Literario_Mar_2025_HEADER_V2-1-scaled-1.jpg\",\"datePublished\":\"2025-04-01T15:03:50+00:00\",\"dateModified\":\"2026-08-19T18:17:00+00:00\",\"author\":{\"@id\":\"https:\\\/\\\/projetoslayerup.com.br\\\/smeducacao\\\/#\\\/schema\\\/person\\\/45d7d41388698d0f902ff276caab47f5\"},\"description\":\"Como refletir as avalia\u00e7\u00f5es do Pisa e Saeb por meio da Literatura Infantojuvenil, quais s\u00e3o os principais instrumentos de avalia\u00e7\u00e3o\",\"breadcrumb\":{\"@id\":\"https:\\\/\\\/projetoslayerup.com.br\\\/smeducacao\\\/como-refletir-as-avaliacoes-do-pisa-e-saeb-por-meio-da-literatura-infantojuvenil\\\/#breadcrumb\"},\"inLanguage\":\"pt-BR\",\"potentialAction\":[{\"@type\":\"ReadAction\",\"target\":[\"https:\\\/\\\/projetoslayerup.com.br\\\/smeducacao\\\/como-refletir-as-avaliacoes-do-pisa-e-saeb-por-meio-da-literatura-infantojuvenil\\\/\"]}]},{\"@type\":\"ImageObject\",\"inLanguage\":\"pt-BR\",\"@id\":\"https:\\\/\\\/projetoslayerup.com.br\\\/smeducacao\\\/como-refletir-as-avaliacoes-do-pisa-e-saeb-por-meio-da-literatura-infantojuvenil\\\/#primaryimage\",\"url\":\"https:\\\/\\\/projetoslayerup.com.br\\\/smeducacao\\\/wp-content\\\/uploads\\\/2025\\\/04\\\/SM_PNLD_2024_Blogpost_-Literario_Mar_2025_HEADER_V2-1-scaled-1.jpg\",\"contentUrl\":\"https:\\\/\\\/projetoslayerup.com.br\\\/smeducacao\\\/wp-content\\\/uploads\\\/2025\\\/04\\\/SM_PNLD_2024_Blogpost_-Literario_Mar_2025_HEADER_V2-1-scaled-1.jpg\",\"width\":2560,\"height\":1707},{\"@type\":\"BreadcrumbList\",\"@id\":\"https:\\\/\\\/projetoslayerup.com.br\\\/smeducacao\\\/como-refletir-as-avaliacoes-do-pisa-e-saeb-por-meio-da-literatura-infantojuvenil\\\/#breadcrumb\",\"itemListElement\":[{\"@type\":\"ListItem\",\"position\":1,\"name\":\"In\u00edcio\",\"item\":\"https:\\\/\\\/projetoslayerup.com.br\\\/smeducacao\\\/\"},{\"@type\":\"ListItem\",\"position\":2,\"name\":\"Como refletir sobre as avalia\u00e7\u00f5es do Pisa e do Saeb por meio da literatura infantojuvenil\"}]},{\"@type\":\"WebSite\",\"@id\":\"https:\\\/\\\/projetoslayerup.com.br\\\/smeducacao\\\/#website\",\"url\":\"https:\\\/\\\/projetoslayerup.com.br\\\/smeducacao\\\/\",\"name\":\"SM Educa\u00e7\u00e3o - Juntos cuidamos da educa\u00e7\u00e3o!\",\"description\":\"Transformamos a educa\u00e7\u00e3o por meio de solu\u00e7\u00f5es digitais, solu\u00e7\u00f5es did\u00e1ticas para uma aprendizagem personalizada e solu\u00e7\u00f5es estrat\u00e9gicas eficientes. Juntos cuidamos da Educa\u00e7\u00e3o!\",\"potentialAction\":[{\"@type\":\"SearchAction\",\"target\":{\"@type\":\"EntryPoint\",\"urlTemplate\":\"https:\\\/\\\/projetoslayerup.com.br\\\/smeducacao\\\/?s={search_term_string}\"},\"query-input\":{\"@type\":\"PropertyValueSpecification\",\"valueRequired\":true,\"valueName\":\"search_term_string\"}}],\"inLanguage\":\"pt-BR\"},{\"@type\":\"Person\",\"@id\":\"https:\\\/\\\/projetoslayerup.com.br\\\/smeducacao\\\/#\\\/schema\\\/person\\\/45d7d41388698d0f902ff276caab47f5\",\"name\":\"SM Educa\u00e7\u00e3o\",\"image\":{\"@type\":\"ImageObject\",\"inLanguage\":\"pt-BR\",\"@id\":\"https:\\\/\\\/secure.gravatar.com\\\/avatar\\\/24327468bc2a6fb95889620b4158620d90c5e352f7a18c30af0e3f8cb70bc104?s=96&d=mm&r=g\",\"url\":\"https:\\\/\\\/secure.gravatar.com\\\/avatar\\\/24327468bc2a6fb95889620b4158620d90c5e352f7a18c30af0e3f8cb70bc104?s=96&d=mm&r=g\",\"contentUrl\":\"https:\\\/\\\/secure.gravatar.com\\\/avatar\\\/24327468bc2a6fb95889620b4158620d90c5e352f7a18c30af0e3f8cb70bc104?s=96&d=mm&r=g\",\"caption\":\"SM Educa\u00e7\u00e3o\"},\"url\":\"https:\\\/\\\/projetoslayerup.com.br\\\/smeducacao\\\/author\\\/smeducacao2021\\\/\"}]}<\/script>\n<!-- \/ Yoast SEO plugin. -->","yoast_head_json":{"title":"Como refletir sobre as avalia\u00e7\u00f5es do Pisa e do Saeb por meio da literatura infantojuvenil - SM Educa\u00e7\u00e3o - Juntos cuidamos da educa\u00e7\u00e3o!","description":"Como refletir as avalia\u00e7\u00f5es do Pisa e Saeb por meio da Literatura Infantojuvenil, quais s\u00e3o os principais instrumentos de avalia\u00e7\u00e3o","robots":{"index":"noindex","follow":"follow","max-snippet":"max-snippet:-1","max-image-preview":"max-image-preview:large","max-video-preview":"max-video-preview:-1"},"og_locale":"pt_BR","og_type":"article","og_title":"Como refletir sobre as avalia\u00e7\u00f5es do Pisa e do Saeb por meio da literatura infantojuvenil - SM Educa\u00e7\u00e3o - Juntos cuidamos da educa\u00e7\u00e3o!","og_description":"Como refletir as avalia\u00e7\u00f5es do Pisa e Saeb por meio da Literatura Infantojuvenil, quais s\u00e3o os principais instrumentos de avalia\u00e7\u00e3o","og_url":"https:\/\/projetoslayerup.com.br\/smeducacao\/como-refletir-as-avaliacoes-do-pisa-e-saeb-por-meio-da-literatura-infantojuvenil\/","og_site_name":"SM Educa\u00e7\u00e3o - Juntos cuidamos da educa\u00e7\u00e3o!","article_published_time":"2025-04-01T15:03:50+00:00","article_modified_time":"2026-08-19T18:17:00+00:00","og_image":[{"width":2560,"height":1707,"url":"https:\/\/projetoslayerup.com.br\/smeducacao\/wp-content\/uploads\/2025\/04\/SM_PNLD_2024_Blogpost_-Literario_Mar_2025_HEADER_V2-1-scaled-1.jpg","type":"image\/jpeg"}],"author":"SM Educa\u00e7\u00e3o","twitter_card":"summary_large_image","twitter_misc":{"Escrito por":"SM Educa\u00e7\u00e3o","Est. tempo de leitura":"9 minutos"},"schema":{"@context":"https:\/\/schema.org","@graph":[{"@type":"Article","@id":"https:\/\/projetoslayerup.com.br\/smeducacao\/como-refletir-as-avaliacoes-do-pisa-e-saeb-por-meio-da-literatura-infantojuvenil\/#article","isPartOf":{"@id":"https:\/\/projetoslayerup.com.br\/smeducacao\/como-refletir-as-avaliacoes-do-pisa-e-saeb-por-meio-da-literatura-infantojuvenil\/"},"author":{"name":"SM Educa\u00e7\u00e3o","@id":"https:\/\/projetoslayerup.com.br\/smeducacao\/#\/schema\/person\/45d7d41388698d0f902ff276caab47f5"},"headline":"Como refletir sobre as avalia\u00e7\u00f5es do Pisa e do Saeb por meio da literatura infantojuvenil","datePublished":"2025-04-01T15:03:50+00:00","dateModified":"2026-08-19T18:17:00+00:00","mainEntityOfPage":{"@id":"https:\/\/projetoslayerup.com.br\/smeducacao\/como-refletir-as-avaliacoes-do-pisa-e-saeb-por-meio-da-literatura-infantojuvenil\/"},"wordCount":1400,"commentCount":0,"image":{"@id":"https:\/\/projetoslayerup.com.br\/smeducacao\/como-refletir-as-avaliacoes-do-pisa-e-saeb-por-meio-da-literatura-infantojuvenil\/#primaryimage"},"thumbnailUrl":"https:\/\/projetoslayerup.com.br\/smeducacao\/wp-content\/uploads\/2025\/04\/SM_PNLD_2024_Blogpost_-Literario_Mar_2025_HEADER_V2-1-scaled-1.jpg","keywords":["literatura","Pisa","Saeb"],"articleSection":["Literatura"],"inLanguage":"pt-BR","potentialAction":[{"@type":"CommentAction","name":"Comment","target":["https:\/\/projetoslayerup.com.br\/smeducacao\/como-refletir-as-avaliacoes-do-pisa-e-saeb-por-meio-da-literatura-infantojuvenil\/#respond"]}]},{"@type":"WebPage","@id":"https:\/\/projetoslayerup.com.br\/smeducacao\/como-refletir-as-avaliacoes-do-pisa-e-saeb-por-meio-da-literatura-infantojuvenil\/","url":"https:\/\/projetoslayerup.com.br\/smeducacao\/como-refletir-as-avaliacoes-do-pisa-e-saeb-por-meio-da-literatura-infantojuvenil\/","name":"Como refletir sobre as avalia\u00e7\u00f5es do Pisa e do Saeb por meio da literatura infantojuvenil - SM Educa\u00e7\u00e3o - Juntos cuidamos da educa\u00e7\u00e3o!","isPartOf":{"@id":"https:\/\/projetoslayerup.com.br\/smeducacao\/#website"},"primaryImageOfPage":{"@id":"https:\/\/projetoslayerup.com.br\/smeducacao\/como-refletir-as-avaliacoes-do-pisa-e-saeb-por-meio-da-literatura-infantojuvenil\/#primaryimage"},"image":{"@id":"https:\/\/projetoslayerup.com.br\/smeducacao\/como-refletir-as-avaliacoes-do-pisa-e-saeb-por-meio-da-literatura-infantojuvenil\/#primaryimage"},"thumbnailUrl":"https:\/\/projetoslayerup.com.br\/smeducacao\/wp-content\/uploads\/2025\/04\/SM_PNLD_2024_Blogpost_-Literario_Mar_2025_HEADER_V2-1-scaled-1.jpg","datePublished":"2025-04-01T15:03:50+00:00","dateModified":"2026-08-19T18:17:00+00:00","author":{"@id":"https:\/\/projetoslayerup.com.br\/smeducacao\/#\/schema\/person\/45d7d41388698d0f902ff276caab47f5"},"description":"Como refletir as avalia\u00e7\u00f5es do Pisa e Saeb por meio da Literatura Infantojuvenil, quais s\u00e3o os principais instrumentos de avalia\u00e7\u00e3o","breadcrumb":{"@id":"https:\/\/projetoslayerup.com.br\/smeducacao\/como-refletir-as-avaliacoes-do-pisa-e-saeb-por-meio-da-literatura-infantojuvenil\/#breadcrumb"},"inLanguage":"pt-BR","potentialAction":[{"@type":"ReadAction","target":["https:\/\/projetoslayerup.com.br\/smeducacao\/como-refletir-as-avaliacoes-do-pisa-e-saeb-por-meio-da-literatura-infantojuvenil\/"]}]},{"@type":"ImageObject","inLanguage":"pt-BR","@id":"https:\/\/projetoslayerup.com.br\/smeducacao\/como-refletir-as-avaliacoes-do-pisa-e-saeb-por-meio-da-literatura-infantojuvenil\/#primaryimage","url":"https:\/\/projetoslayerup.com.br\/smeducacao\/wp-content\/uploads\/2025\/04\/SM_PNLD_2024_Blogpost_-Literario_Mar_2025_HEADER_V2-1-scaled-1.jpg","contentUrl":"https:\/\/projetoslayerup.com.br\/smeducacao\/wp-content\/uploads\/2025\/04\/SM_PNLD_2024_Blogpost_-Literario_Mar_2025_HEADER_V2-1-scaled-1.jpg","width":2560,"height":1707},{"@type":"BreadcrumbList","@id":"https:\/\/projetoslayerup.com.br\/smeducacao\/como-refletir-as-avaliacoes-do-pisa-e-saeb-por-meio-da-literatura-infantojuvenil\/#breadcrumb","itemListElement":[{"@type":"ListItem","position":1,"name":"In\u00edcio","item":"https:\/\/projetoslayerup.com.br\/smeducacao\/"},{"@type":"ListItem","position":2,"name":"Como refletir sobre as avalia\u00e7\u00f5es do Pisa e do Saeb por meio da literatura infantojuvenil"}]},{"@type":"WebSite","@id":"https:\/\/projetoslayerup.com.br\/smeducacao\/#website","url":"https:\/\/projetoslayerup.com.br\/smeducacao\/","name":"SM Educa\u00e7\u00e3o - Juntos cuidamos da educa\u00e7\u00e3o!","description":"Transformamos a educa\u00e7\u00e3o por meio de solu\u00e7\u00f5es digitais, solu\u00e7\u00f5es did\u00e1ticas para uma aprendizagem personalizada e solu\u00e7\u00f5es estrat\u00e9gicas eficientes. Juntos cuidamos da Educa\u00e7\u00e3o!","potentialAction":[{"@type":"SearchAction","target":{"@type":"EntryPoint","urlTemplate":"https:\/\/projetoslayerup.com.br\/smeducacao\/?s={search_term_string}"},"query-input":{"@type":"PropertyValueSpecification","valueRequired":true,"valueName":"search_term_string"}}],"inLanguage":"pt-BR"},{"@type":"Person","@id":"https:\/\/projetoslayerup.com.br\/smeducacao\/#\/schema\/person\/45d7d41388698d0f902ff276caab47f5","name":"SM Educa\u00e7\u00e3o","image":{"@type":"ImageObject","inLanguage":"pt-BR","@id":"https:\/\/secure.gravatar.com\/avatar\/24327468bc2a6fb95889620b4158620d90c5e352f7a18c30af0e3f8cb70bc104?s=96&d=mm&r=g","url":"https:\/\/secure.gravatar.com\/avatar\/24327468bc2a6fb95889620b4158620d90c5e352f7a18c30af0e3f8cb70bc104?s=96&d=mm&r=g","contentUrl":"https:\/\/secure.gravatar.com\/avatar\/24327468bc2a6fb95889620b4158620d90c5e352f7a18c30af0e3f8cb70bc104?s=96&d=mm&r=g","caption":"SM Educa\u00e7\u00e3o"},"url":"https:\/\/projetoslayerup.com.br\/smeducacao\/author\/smeducacao2021\/"}]}},"_links":{"self":[{"href":"https:\/\/projetoslayerup.com.br\/smeducacao\/wp-json\/wp\/v2\/posts\/7271","targetHints":{"allow":["GET"]}}],"collection":[{"href":"https:\/\/projetoslayerup.com.br\/smeducacao\/wp-json\/wp\/v2\/posts"}],"about":[{"href":"https:\/\/projetoslayerup.com.br\/smeducacao\/wp-json\/wp\/v2\/types\/post"}],"author":[{"embeddable":true,"href":"https:\/\/projetoslayerup.com.br\/smeducacao\/wp-json\/wp\/v2\/users\/2"}],"replies":[{"embeddable":true,"href":"https:\/\/projetoslayerup.com.br\/smeducacao\/wp-json\/wp\/v2\/comments?post=7271"}],"version-history":[{"count":2,"href":"https:\/\/projetoslayerup.com.br\/smeducacao\/wp-json\/wp\/v2\/posts\/7271\/revisions"}],"predecessor-version":[{"id":11456,"href":"https:\/\/projetoslayerup.com.br\/smeducacao\/wp-json\/wp\/v2\/posts\/7271\/revisions\/11456"}],"wp:featuredmedia":[{"embeddable":true,"href":"https:\/\/projetoslayerup.com.br\/smeducacao\/wp-json\/wp\/v2\/media\/7283"}],"wp:attachment":[{"href":"https:\/\/projetoslayerup.com.br\/smeducacao\/wp-json\/wp\/v2\/media?parent=7271"}],"wp:term":[{"taxonomy":"category","embeddable":true,"href":"https:\/\/projetoslayerup.com.br\/smeducacao\/wp-json\/wp\/v2\/categories?post=7271"},{"taxonomy":"post_tag","embeddable":true,"href":"https:\/\/projetoslayerup.com.br\/smeducacao\/wp-json\/wp\/v2\/tags?post=7271"},{"taxonomy":"blog_nivel_escolar","embeddable":true,"href":"https:\/\/projetoslayerup.com.br\/smeducacao\/wp-json\/wp\/v2\/blog_nivel_escolar?post=7271"},{"taxonomy":"blog_segmento_escolar","embeddable":true,"href":"https:\/\/projetoslayerup.com.br\/smeducacao\/wp-json\/wp\/v2\/blog_segmento_escolar?post=7271"}],"curies":[{"name":"wp","href":"https:\/\/api.w.org\/{rel}","templated":true}]}}