{"id":784,"date":"2020-01-24T12:30:07","date_gmt":"2020-01-24T15:30:07","guid":{"rendered":"https:\/\/www.aeducacaonosmove.com.br\/blog\/inicio-ano-letivo"},"modified":"2020-01-24T12:30:07","modified_gmt":"2020-01-24T15:30:07","slug":"inicio-ano-letivo","status":"publish","type":"post","link":"https:\/\/projetoslayerup.com.br\/smeducacao\/inicio-ano-letivo\/","title":{"rendered":"Como preparar a escola para o in\u00edcio do ano letivo? Confira 5 dicas!"},"content":{"rendered":"<p>Organiza\u00e7\u00e3o e preparo s\u00e3o os principais requisitos para se ter um bom in\u00edcio de ano letivo. Organizar o tempo, fazer o&nbsp;<a href=\"https:\/\/projetoslayerup.com.br\/smeducacao\/organizacao-do-tempo-e-do-espaco-escolar\/\">planejamento das aulas<\/a>, criar um plano de gest\u00e3o eficiente e desenvolver um ambiente de coopera\u00e7\u00e3o e produtivo s\u00e3o pontos que devem ser pensados com anteced\u00eancia.<\/p>\n<p>No entanto, para que o ambiente escolar seja preparado para a volta \u00e0s aulas, diretores, educadores e toda a equipe de profissionais precisam trabalhar juntos e alinhados em uma gest\u00e3o de qualidade.<\/p>\n<p>Pensando nisso, listamos cinco dicas incr\u00edveis para voc\u00ea preparar sua escola para o in\u00edcio do ano letivo. Continue a leitura e confira!<\/p>\n<h2>1. Elaborar o planejamento escolar<\/h2>\n<p>Antes de qualquer coisa, pensar no planejamento \u00e9 fundamental para se ter um in\u00edcio de ano letivo satisfat\u00f3rio, pois isso influenciar\u00e1 toda a organiza\u00e7\u00e3o. Nesse sentido, um planejamento eficiente ajuda na&nbsp;<a href=\"https:\/\/projetoslayerup.com.br\/smeducacao\/otimizacao-de-tempo-professor\/\">otimiza\u00e7\u00e3o do tempo do professor<\/a>&nbsp;e contribui para manter a rotina escolar.<\/p>\n<p>Nele, s\u00e3o discutidos diversos temas importantes, como: calend\u00e1rio, planos de aula, atividades, distribui\u00e7\u00e3o de conte\u00fados, defini\u00e7\u00e3o de turmas, entre muitos outros \u2014 sempre de acordo com o Projeto Pol\u00edtico Pedag\u00f3gico (PPP). Quando a escola tem um planejamento organizado e bem-feito, as chances de acontecerem problemas s\u00e3o substancialmente reduzidas.<\/p>\n<h2>2. Definir os livros e materiais did\u00e1ticos no in\u00edcio do ano letivo<\/h2>\n<p>Os&nbsp;livros e materiais did\u00e1ticos&nbsp;funcionam como um suporte \u00e0 pr\u00e1tica pedag\u00f3gica, facilitando o processo de ensino-aprendizagem. Dessa forma, fazer a escolha certa \u00e9 essencial para melhorar a qualidade do ensino.<\/p>\n<p>Para isso, esses materiais precisam dialogar com os objetivos da escola e tamb\u00e9m estar de acordo com a&nbsp;<a href=\"https:\/\/projetoslayerup.com.br\/smeducacao\/voce-sabe-o-que-e-a-bncc\/\">Base Nacional Comum Curricular&nbsp;(BNCC)<\/a>. Assim, para acertar nessa escolha, as institui\u00e7\u00f5es devem avaliar como o livro did\u00e1tico pode auxiliar o professor, estando atentas \u00e0 qualidade do material, al\u00e9m de firmar parceria com uma boa&nbsp;<a href=\"https:\/\/projetoslayerup.com.br\/smeducacao\/o-que-analisar-ao-escolher-uma-editora-de-livros-didaticos\/\">editora de livros<\/a>.<\/p>\n<h2>3. Montar a grade de hor\u00e1rios<\/h2>\n<p>A grade de hor\u00e1rios \u00e9 o principal meio de organiza\u00e7\u00e3o da escola e dos educadores. Nesse quadro s\u00e3o especificados os dias de folga, per\u00edodo de provas, quantidade de horas de cada mat\u00e9ria, f\u00e9rias, festas e outros eventos importantes para o ano letivo.<\/p>\n<p>Pular essa etapa pode trazer preju\u00edzos como: falta de educadores, falta de controle nas salas de aula, problemas pessoais para os professores, preju\u00edzo financeiro e janelas entre os hor\u00e1rios. Logo, n\u00e3o ter uma grade de hor\u00e1rios organizada e bem definida pode causar problemas no in\u00edcio do ano letivo<strong>.<\/strong><\/p>\n<h2>4. Preparar os educadores e demais funcion\u00e1rios no in\u00edcio do ano letivo<\/h2>\n<p>Durante a primeira reuni\u00e3o do ano, \u00e9 importante refor\u00e7ar para a equipe pedag\u00f3gica e demais funcion\u00e1rios os valores e objetivos da institui\u00e7\u00e3o, de maneira que todos possam trabalhar em conjunto, focando na qualidade do ensino.<\/p>\n<p>Antes do<strong>&nbsp;<\/strong>in\u00edcio do ano letivo, \u00e9 interessante que a institui\u00e7\u00e3o fa\u00e7a reuni\u00f5es, evidenciando o melhoramento dos processos, al\u00e9m de promover treinamentos e&nbsp;<a href=\"https:\/\/projetoslayerup.com.br\/smeducacao\/formacao-continuada-de-professores\/\">forma\u00e7\u00e3o continuada para os professores<\/a>&nbsp;e demais colaboradores da escola.<\/p>\n<p>\u00c9 essencial enfatizar orienta\u00e7\u00f5es importantes. Por exemplo,&nbsp;os hor\u00e1rios de funcionamento da escola, aspectos do cotidiano escolar e instru\u00e7\u00f5es para situa\u00e7\u00f5es emergenciais, como falta de algum educador ou acidentes com os alunos.<\/p>\n<h2>5. Fazer melhorias na infraestrutura<\/h2>\n<p>Por fim, \u00e9 preciso avaliar como est\u00e1 a infraestrutura da escola. Fa\u00e7a uma an\u00e1lise completa da situa\u00e7\u00e3o das depend\u00eancias e estrutura: salas de aula, banheiros, parte el\u00e9trica, m\u00f3veis, instala\u00e7\u00f5es esportivas, bibliotecas e outras \u00e1reas de conviv\u00eancia.<\/p>\n<p>Esse levantamento dar\u00e1 uma no\u00e7\u00e3o de como est\u00e1 a infraestrutura da escola e quais s\u00e3o os reparos necess\u00e1rios para se ter um bom in\u00edcio de ano letivo. Al\u00e9m do mais, oferecer um local bem cuidado influencia diretamente na forma\u00e7\u00e3o educacional e tamb\u00e9m na motiva\u00e7\u00e3o e no engajamento dos alunos.<\/p>\n<p>Dedicar um tempo para o planejamento do ano escolar n\u00e3o \u00e9 uma tarefa simples. Trata-se de uma conduta fundamental para elevar a qualidade do ensino e garantir um in\u00edcio de ano letivo satisfat\u00f3rio. O resultado desse cuidado ser\u00e1 um per\u00edodo escolar mais produtivo e com menos surpresas.<\/p>\n<p>Voc\u00ea gostou deste texto? Lembrou-se de alguma a\u00e7\u00e3o importante que possa propiciar mais organiza\u00e7\u00e3o no in\u00edcio do ano letivo? Ent\u00e3o, deixe um coment\u00e1rio e compartilhe com a gente as suas ideias!<\/p>\n<p>Gostou das dicas? Para ficar por dentro de outras discuss\u00f5es importantes em torno da educa\u00e7\u00e3o.<br \/>\nAcompanhe nossas redes sociais e conte conosco para est\u00e1 evolu\u00e7\u00e3o na EDUCA\u00c7\u00c3O!<\/p>\n<p>Acompanhe nossas redes sociais e conte conosco para est\u00e1 evolu\u00e7\u00e3o na EDUCA\u00c7\u00c3O!<\/p>\n<p><strong>PORQUE A EDUCA\u00c7\u00c3O NOS MOVE!<\/strong><\/p>\n<ul>\n<li>Facebook (<a href=\"http:\/\/clickemailmkt.smbrasil.com.br\/ls\/click?upn=0ol-2FAXqDZWKwdVOx0kejzKQ-2B86uCxE8iCawGKNMwl0JJNpvVBsDyOpJNv18-2F6WY7elo8Sb9SapmrSltD4faMQFfWtPOyFYHpcjYOK2GSUEOYPP3bXfnCtG0jF-2FyNvlyU9RzKsSxp08B87y67wijGk3WiL-2FUjUIRonL1c3k9YLMtSFLBlRcYsLYoRF14NYC9YlLwKx79-2BCwzALgA5UoioxA-3D-3DgD8J_IAQU-2FzAIJiFca56OZICpxs1BJuacCg98tjObg9iFzvCEQ17FQhyPe64c2AwKI0IjalnEgDY7i3vYdQKc8L48b6WwjHNEuMAP9NCd6pD82ifNikZ-2BOZjJpTrl2o8BRp-2FAirnM86CeJ7zZCtEZJQ1M5nOkZuPi0tx-2B3St0XNWaqzeLyM5dxUySFbqjoJSfvBUwxpeeEZLErfPLBGFTRYeLW5xR7CeJKLprQjTQGzWhlslrE6ahN1-2FnnfOpdhdavhnY8-2BNwcNPsEq1HzNhhpTUgy9Rq-2FwwM-2Fa2VsMADrSl2p6sq23OHhP9pvtjgTalaZVtET55Q2qMqzoNcA-2FvSuVaqusJVk1-2FEKs9-2F6kTlxZKChnjZi90JoATIqzsu4jWXANIGyCIc3OG6RpWmqN5X3bepQSwj78PH5AGApBSKxWhGnEGXhEoQujITKGz1AO6YUriWUvaZT3BsWugzjfyvxGeLokVlbezDubpULT-2BuXKnW-2FIkzlx3PKszPYwV8MiChsdKO\" target=\"_blank\" rel=\"noopener noreferrer\">https:\/\/www.facebook.com\/SMEducacao\/<\/a>)<\/li>\n<li>Instagram: (<a href=\"http:\/\/clickemailmkt.smbrasil.com.br\/ls\/click?upn=0ol-2FAXqDZWKwdVOx0kejzLxyM57Q-2BhUjG2lmqEd2cQq8eRmhGSNtGfnvbC8lXuaSYDv1nrJpFmmjr9lzhFurGZQWj2dSCBez30DWmCdqiFs9xFdyE97zB1E3u0eU2f-2BneU4hySaI9d5zAANUnaDyo5H5AALJcE2KityC-2FRNFTrQT85B7tCHBowYBI3ZEtB0WLdXCi4WFhDfstq4fJkqKbYmbsx0e-2B0IiHLYL-2FBjDEv8-3D-MYn_IAQU-2FzAIJiFca56OZICpxs1BJuacCg98tjObg9iFzvCEQ17FQhyPe64c2AwKI0IjalnEgDY7i3vYdQKc8L48b6WwjHNEuMAP9NCd6pD82ifNikZ-2BOZjJpTrl2o8BRp-2FAirnM86CeJ7zZCtEZJQ1M5nOkZuPi0tx-2B3St0XNWaqzeLyM5dxUySFbqjoJSfvBUwxpeeEZLErfPLBGFTRYeLW5xR7CeJKLprQjTQGzWhlslrE6ahN1-2FnnfOpdhdavhnY8-2BNwcNPsEq1HzNhhpTUgy9Rq-2FwwM-2Fa2VsMADrSl2p6sq23OHhP9pvtjgTalaZVtET55Q2qMqzoNcA-2FvSuVaqussN9L7g7d2nDbtIH8Tt4Ld5N0synJyuSQRULc1GM6k9wVuciu2vT42DbO60-2B2GDBMvta3ytnz56MucjPuU7sEej0zkgR9Itzox8x-2BIdVE6hGiqGn7RJ2Co94lukp5sWFhvzyt2nDIsmRkXsINPADRurXvZx3OvuRGJQrmrNqZKf\" target=\"_blank\" rel=\"noopener noreferrer\">https:\/\/www.instagram.com\/smeducacao\/<\/a>)<\/li>\n<li>LinkedIn: (<a href=\"http:\/\/clickemailmkt.smbrasil.com.br\/ls\/click?upn=0ol-2FAXqDZWKwdVOx0kejzDCUXix2KfN-2F86yGJeIqQFtC78yi2jRN-2F40qVkkFM7-2FJwt0urH9eWgcHNx67eH1KDHr9TQnv7jSwsqUZrNGDYtKx44UG3gL-2BF26TVx2Eyask0v3Udc72mofrdOuPWxpKOjaRPek2TeOLSaoXqpEJNgRbCaBVCEDAoFDx-2BJ01Mo4fTDsZtG0IgOV2LrV-2F8fgc6ug1qf2v5gwQWY9-2BA-2BnSJmQ-3DtrLU_IAQU-2FzAIJiFca56OZICpxs1BJuacCg98tjObg9iFzvCEQ17FQhyPe64c2AwKI0IjalnEgDY7i3vYdQKc8L48b6WwjHNEuMAP9NCd6pD82ifNikZ-2BOZjJpTrl2o8BRp-2FAirnM86CeJ7zZCtEZJQ1M5nOkZuPi0tx-2B3St0XNWaqzeLyM5dxUySFbqjoJSfvBUwxpeeEZLErfPLBGFTRYeLW5xR7CeJKLprQjTQGzWhlslrE6ahN1-2FnnfOpdhdavhnY8-2BNwcNPsEq1HzNhhpTUgy9Rq-2FwwM-2Fa2VsMADrSl2p6sq23OHhP9pvtjgTalaZVtET55Q2qMqzoNcA-2FvSuVaquqORk3I5CeEwNv9wQHhZoJMvNvve9u-2FYtO5irlKDGhMzUROy75PhHJbXKRsiS8S9TEw4aBvlhvWgguXzjpKlD0XxZ0hPMUbuzGLx911LKiTTYTkHxFmEI-2B3PsCQK4Fb3fO-2FCCL3cQ-2FhXqUrnV-2BhlynrL7h1aWWb1IYBSvDiVBhpa\" target=\"_blank\" rel=\"noopener noreferrer\">https:\/\/www.linkedin.com\/company\/sm-educacao\/<\/a>)<\/li>\n<li>YouTube:&nbsp;<a href=\"http:\/\/clickemailmkt.smbrasil.com.br\/ls\/click?upn=0ol-2FAXqDZWKwdVOx0kejzE1Sq-2BP8sgreIBBXDAWVszXZgq42UKnxRR-2FyzjalmmJ-2Bb-2B1KqizX6bcJiLoJOYQzsAz-2B09gV8y-2FxamuuNiIuU9JF0YhUqZz599vtr8KUuMtnstYRaMB7DjTf-2F3oGFJCdXIttWHrxqfQxgEZnrt2xH-2Fw4ZVVOnIlTOLTmBW73PqE-2B-2F1M7Qu1Zj7ua5OvgQv43VB6h-2BPlQZBy7dsiOLzlfKJQ-3DEI8A_IAQU-2FzAIJiFca56OZICpxs1BJuacCg98tjObg9iFzvCEQ17FQhyPe64c2AwKI0IjalnEgDY7i3vYdQKc8L48b6WwjHNEuMAP9NCd6pD82ifNikZ-2BOZjJpTrl2o8BRp-2FAirnM86CeJ7zZCtEZJQ1M5nOkZuPi0tx-2B3St0XNWaqzeLyM5dxUySFbqjoJSfvBUwxpeeEZLErfPLBGFTRYeLW5xR7CeJKLprQjTQGzWhlslrE6ahN1-2FnnfOpdhdavhnY8-2BNwcNPsEq1HzNhhpTUgy9Rq-2FwwM-2Fa2VsMADrSl2p6sq23OHhP9pvtjgTalaZVtET55Q2qMqzoNcA-2FvSuVaquk5o2sn2xt0Doy6gIihhW2ly1XBynWg-2BDZjYmWhFcg4xTi59oww0ydwOP7EWs1jJerSeZ-2FtW7UwLU5yz2qZI8Wq2WBrrtMM1aqRbbGiell93AeQCjQgwko-2BWxU8zqe6Fxt9bc667-2FN6iJggA1XtupQW-2FByad5u4O5Tc-2F0A3CSllN\" target=\"_blank\" rel=\"noopener noreferrer\">(https:\/\/www.youtube.com\/user\/edicoessm\/<\/a>)<\/li>\n<\/ul>\n<p><script type=\"text\/javascript\" src=\"https:\/\/d335luupugsy2.cloudfront.net\/js\/rdstation-forms\/stable\/rdstation-forms.min.js\"><\/script><br \/>\n<script type=\"text\/javascript\"> new RDStationForms('formulario-para-aplicacao-ao-final-dos-blogposts-382a210f79fd035353bb', 'UA-12840758-1').createForm();<\/script><\/p>\n<div id=\"formulario-para-aplicacao-ao-final-dos-blogposts-382a210f79fd035353bb\" role=\"main\"><\/div>\n<p><script type=\"text\/javascript\" src=\"https:\/\/d335luupugsy2.cloudfront.net\/js\/rdstation-forms\/stable\/rdstation-forms.min.js\"><\/script><br \/>\n<script type=\"text\/javascript\"> new RDStationForms('formulario-para-aplicacao-ao-final-dos-blogposts-382a210f79fd035353bb', 'UA-12840758-1').createForm();<\/script><\/p>\n","protected":false},"excerpt":{"rendered":"<p>Organiza\u00e7\u00e3o e preparo s\u00e3o os principais requisitos para se ter um bom in\u00edcio de ano letivo. Organizar o tempo, fazer o&nbsp;planejamento das aulas, criar um plano de gest\u00e3o eficiente e desenvolver um ambiente de coopera\u00e7\u00e3o e produtivo s\u00e3o pontos que devem ser pensados com anteced\u00eancia. No entanto, para que o ambiente escolar seja preparado para [&hellip;]<\/p>\n","protected":false},"author":2,"featured_media":787,"comment_status":"open","ping_status":"open","sticky":false,"template":"","format":"standard","meta":{"_acf_changed":false,"footnotes":""},"categories":[4],"tags":[30,81],"blog_nivel_escolar":[],"blog_segmento_escolar":[],"class_list":["post-784","post","type-post","status-publish","format-standard","has-post-thumbnail","hentry","category-dicas-professor","tag-dicas","tag-volta-as-aulas"],"acf":[],"yoast_head":"<!-- This site is optimized with the Yoast SEO plugin v28.3 - https:\/\/yoast.com\/product\/yoast-seo-wordpress\/ -->\n<title>Como preparar a escola para o in\u00edcio do ano letivo? Confira 5 dicas! - SM Educa\u00e7\u00e3o - Juntos cuidamos da educa\u00e7\u00e3o!<\/title>\n<meta name=\"description\" content=\"Organiza\u00e7\u00e3o e preparo s\u00e3o os principais requisitos para um bom in\u00edcio de ano letivo. Acesse e saiba como garantir o melhor para a sua escola!\" \/>\n<meta name=\"robots\" content=\"noindex, follow, max-snippet:-1, max-image-preview:large, max-video-preview:-1\" \/>\n<meta property=\"og:locale\" content=\"pt_BR\" \/>\n<meta property=\"og:type\" content=\"article\" \/>\n<meta property=\"og:title\" content=\"Como preparar a escola para o in\u00edcio do ano letivo? Confira 5 dicas! - SM Educa\u00e7\u00e3o - Juntos cuidamos da educa\u00e7\u00e3o!\" \/>\n<meta property=\"og:description\" content=\"Organiza\u00e7\u00e3o e preparo s\u00e3o os principais requisitos para um bom in\u00edcio de ano letivo. Acesse e saiba como garantir o melhor para a sua escola!\" \/>\n<meta property=\"og:url\" content=\"https:\/\/projetoslayerup.com.br\/smeducacao\/inicio-ano-letivo\/\" \/>\n<meta property=\"og:site_name\" content=\"SM Educa\u00e7\u00e3o - Juntos cuidamos da educa\u00e7\u00e3o!\" \/>\n<meta property=\"article:published_time\" content=\"2020-01-24T15:30:07+00:00\" \/>\n<meta property=\"og:image\" content=\"https:\/\/projetoslayerup.com.br\/smeducacao\/wp-content\/uploads\/2020\/01\/original-35ff5446f5c8e65574b50ef370a3935e-e1585598702110.jpeg\" \/>\n\t<meta property=\"og:image:width\" content=\"674\" \/>\n\t<meta property=\"og:image:height\" content=\"449\" \/>\n\t<meta property=\"og:image:type\" content=\"image\/jpeg\" \/>\n<meta name=\"author\" content=\"SM Educa\u00e7\u00e3o\" \/>\n<meta name=\"twitter:card\" content=\"summary_large_image\" \/>\n<meta name=\"twitter:label1\" content=\"Escrito por\" \/>\n\t<meta name=\"twitter:data1\" content=\"SM Educa\u00e7\u00e3o\" \/>\n\t<meta name=\"twitter:label2\" content=\"Est. tempo de leitura\" \/>\n\t<meta name=\"twitter:data2\" content=\"5 minutos\" \/>\n<script type=\"application\/ld+json\" class=\"yoast-schema-graph\">{\"@context\":\"https:\\\/\\\/schema.org\",\"@graph\":[{\"@type\":\"Article\",\"@id\":\"https:\\\/\\\/projetoslayerup.com.br\\\/smeducacao\\\/inicio-ano-letivo\\\/#article\",\"isPartOf\":{\"@id\":\"https:\\\/\\\/projetoslayerup.com.br\\\/smeducacao\\\/inicio-ano-letivo\\\/\"},\"author\":{\"name\":\"SM Educa\u00e7\u00e3o\",\"@id\":\"https:\\\/\\\/projetoslayerup.com.br\\\/smeducacao\\\/#\\\/schema\\\/person\\\/45d7d41388698d0f902ff276caab47f5\"},\"headline\":\"Como preparar a escola para o in\u00edcio do ano letivo? Confira 5 dicas!\",\"datePublished\":\"2020-01-24T15:30:07+00:00\",\"mainEntityOfPage\":{\"@id\":\"https:\\\/\\\/projetoslayerup.com.br\\\/smeducacao\\\/inicio-ano-letivo\\\/\"},\"wordCount\":844,\"commentCount\":1,\"image\":{\"@id\":\"https:\\\/\\\/projetoslayerup.com.br\\\/smeducacao\\\/inicio-ano-letivo\\\/#primaryimage\"},\"thumbnailUrl\":\"https:\\\/\\\/projetoslayerup.com.br\\\/smeducacao\\\/wp-content\\\/uploads\\\/2020\\\/01\\\/original-35ff5446f5c8e65574b50ef370a3935e-e1585598702110.jpeg\",\"keywords\":[\"dicas\",\"volta \u00e0s aulas\"],\"articleSection\":[\"Dicas para professores\"],\"inLanguage\":\"pt-BR\",\"potentialAction\":[{\"@type\":\"CommentAction\",\"name\":\"Comment\",\"target\":[\"https:\\\/\\\/projetoslayerup.com.br\\\/smeducacao\\\/inicio-ano-letivo\\\/#respond\"]}]},{\"@type\":\"WebPage\",\"@id\":\"https:\\\/\\\/projetoslayerup.com.br\\\/smeducacao\\\/inicio-ano-letivo\\\/\",\"url\":\"https:\\\/\\\/projetoslayerup.com.br\\\/smeducacao\\\/inicio-ano-letivo\\\/\",\"name\":\"Como preparar a escola para o in\u00edcio do ano letivo? Confira 5 dicas! - SM Educa\u00e7\u00e3o - Juntos cuidamos da educa\u00e7\u00e3o!\",\"isPartOf\":{\"@id\":\"https:\\\/\\\/projetoslayerup.com.br\\\/smeducacao\\\/#website\"},\"primaryImageOfPage\":{\"@id\":\"https:\\\/\\\/projetoslayerup.com.br\\\/smeducacao\\\/inicio-ano-letivo\\\/#primaryimage\"},\"image\":{\"@id\":\"https:\\\/\\\/projetoslayerup.com.br\\\/smeducacao\\\/inicio-ano-letivo\\\/#primaryimage\"},\"thumbnailUrl\":\"https:\\\/\\\/projetoslayerup.com.br\\\/smeducacao\\\/wp-content\\\/uploads\\\/2020\\\/01\\\/original-35ff5446f5c8e65574b50ef370a3935e-e1585598702110.jpeg\",\"datePublished\":\"2020-01-24T15:30:07+00:00\",\"author\":{\"@id\":\"https:\\\/\\\/projetoslayerup.com.br\\\/smeducacao\\\/#\\\/schema\\\/person\\\/45d7d41388698d0f902ff276caab47f5\"},\"description\":\"Organiza\u00e7\u00e3o e preparo s\u00e3o os principais requisitos para um bom in\u00edcio de ano letivo. Acesse e saiba como garantir o melhor para a sua escola!\",\"breadcrumb\":{\"@id\":\"https:\\\/\\\/projetoslayerup.com.br\\\/smeducacao\\\/inicio-ano-letivo\\\/#breadcrumb\"},\"inLanguage\":\"pt-BR\",\"potentialAction\":[{\"@type\":\"ReadAction\",\"target\":[\"https:\\\/\\\/projetoslayerup.com.br\\\/smeducacao\\\/inicio-ano-letivo\\\/\"]}]},{\"@type\":\"ImageObject\",\"inLanguage\":\"pt-BR\",\"@id\":\"https:\\\/\\\/projetoslayerup.com.br\\\/smeducacao\\\/inicio-ano-letivo\\\/#primaryimage\",\"url\":\"https:\\\/\\\/projetoslayerup.com.br\\\/smeducacao\\\/wp-content\\\/uploads\\\/2020\\\/01\\\/original-35ff5446f5c8e65574b50ef370a3935e-e1585598702110.jpeg\",\"contentUrl\":\"https:\\\/\\\/projetoslayerup.com.br\\\/smeducacao\\\/wp-content\\\/uploads\\\/2020\\\/01\\\/original-35ff5446f5c8e65574b50ef370a3935e-e1585598702110.jpeg\",\"width\":674,\"height\":449,\"caption\":\"in\u00edcio do ano letivo\"},{\"@type\":\"BreadcrumbList\",\"@id\":\"https:\\\/\\\/projetoslayerup.com.br\\\/smeducacao\\\/inicio-ano-letivo\\\/#breadcrumb\",\"itemListElement\":[{\"@type\":\"ListItem\",\"position\":1,\"name\":\"In\u00edcio\",\"item\":\"https:\\\/\\\/projetoslayerup.com.br\\\/smeducacao\\\/\"},{\"@type\":\"ListItem\",\"position\":2,\"name\":\"Como preparar a escola para o in\u00edcio do ano letivo? Confira 5 dicas!\"}]},{\"@type\":\"WebSite\",\"@id\":\"https:\\\/\\\/projetoslayerup.com.br\\\/smeducacao\\\/#website\",\"url\":\"https:\\\/\\\/projetoslayerup.com.br\\\/smeducacao\\\/\",\"name\":\"SM Educa\u00e7\u00e3o - Juntos cuidamos da educa\u00e7\u00e3o!\",\"description\":\"Transformamos a educa\u00e7\u00e3o por meio de solu\u00e7\u00f5es digitais, solu\u00e7\u00f5es did\u00e1ticas para uma aprendizagem personalizada e solu\u00e7\u00f5es estrat\u00e9gicas eficientes. Juntos cuidamos da Educa\u00e7\u00e3o!\",\"potentialAction\":[{\"@type\":\"SearchAction\",\"target\":{\"@type\":\"EntryPoint\",\"urlTemplate\":\"https:\\\/\\\/projetoslayerup.com.br\\\/smeducacao\\\/?s={search_term_string}\"},\"query-input\":{\"@type\":\"PropertyValueSpecification\",\"valueRequired\":true,\"valueName\":\"search_term_string\"}}],\"inLanguage\":\"pt-BR\"},{\"@type\":\"Person\",\"@id\":\"https:\\\/\\\/projetoslayerup.com.br\\\/smeducacao\\\/#\\\/schema\\\/person\\\/45d7d41388698d0f902ff276caab47f5\",\"name\":\"SM Educa\u00e7\u00e3o\",\"image\":{\"@type\":\"ImageObject\",\"inLanguage\":\"pt-BR\",\"@id\":\"https:\\\/\\\/secure.gravatar.com\\\/avatar\\\/24327468bc2a6fb95889620b4158620d90c5e352f7a18c30af0e3f8cb70bc104?s=96&d=mm&r=g\",\"url\":\"https:\\\/\\\/secure.gravatar.com\\\/avatar\\\/24327468bc2a6fb95889620b4158620d90c5e352f7a18c30af0e3f8cb70bc104?s=96&d=mm&r=g\",\"contentUrl\":\"https:\\\/\\\/secure.gravatar.com\\\/avatar\\\/24327468bc2a6fb95889620b4158620d90c5e352f7a18c30af0e3f8cb70bc104?s=96&d=mm&r=g\",\"caption\":\"SM Educa\u00e7\u00e3o\"},\"url\":\"https:\\\/\\\/projetoslayerup.com.br\\\/smeducacao\\\/author\\\/smeducacao2021\\\/\"}]}<\/script>\n<!-- \/ Yoast SEO plugin. -->","yoast_head_json":{"title":"Como preparar a escola para o in\u00edcio do ano letivo? Confira 5 dicas! - SM Educa\u00e7\u00e3o - Juntos cuidamos da educa\u00e7\u00e3o!","description":"Organiza\u00e7\u00e3o e preparo s\u00e3o os principais requisitos para um bom in\u00edcio de ano letivo. Acesse e saiba como garantir o melhor para a sua escola!","robots":{"index":"noindex","follow":"follow","max-snippet":"max-snippet:-1","max-image-preview":"max-image-preview:large","max-video-preview":"max-video-preview:-1"},"og_locale":"pt_BR","og_type":"article","og_title":"Como preparar a escola para o in\u00edcio do ano letivo? Confira 5 dicas! - SM Educa\u00e7\u00e3o - Juntos cuidamos da educa\u00e7\u00e3o!","og_description":"Organiza\u00e7\u00e3o e preparo s\u00e3o os principais requisitos para um bom in\u00edcio de ano letivo. Acesse e saiba como garantir o melhor para a sua escola!","og_url":"https:\/\/projetoslayerup.com.br\/smeducacao\/inicio-ano-letivo\/","og_site_name":"SM Educa\u00e7\u00e3o - Juntos cuidamos da educa\u00e7\u00e3o!","article_published_time":"2020-01-24T15:30:07+00:00","og_image":[{"width":674,"height":449,"url":"https:\/\/projetoslayerup.com.br\/smeducacao\/wp-content\/uploads\/2020\/01\/original-35ff5446f5c8e65574b50ef370a3935e-e1585598702110.jpeg","type":"image\/jpeg"}],"author":"SM Educa\u00e7\u00e3o","twitter_card":"summary_large_image","twitter_misc":{"Escrito por":"SM Educa\u00e7\u00e3o","Est. tempo de leitura":"5 minutos"},"schema":{"@context":"https:\/\/schema.org","@graph":[{"@type":"Article","@id":"https:\/\/projetoslayerup.com.br\/smeducacao\/inicio-ano-letivo\/#article","isPartOf":{"@id":"https:\/\/projetoslayerup.com.br\/smeducacao\/inicio-ano-letivo\/"},"author":{"name":"SM Educa\u00e7\u00e3o","@id":"https:\/\/projetoslayerup.com.br\/smeducacao\/#\/schema\/person\/45d7d41388698d0f902ff276caab47f5"},"headline":"Como preparar a escola para o in\u00edcio do ano letivo? Confira 5 dicas!","datePublished":"2020-01-24T15:30:07+00:00","mainEntityOfPage":{"@id":"https:\/\/projetoslayerup.com.br\/smeducacao\/inicio-ano-letivo\/"},"wordCount":844,"commentCount":1,"image":{"@id":"https:\/\/projetoslayerup.com.br\/smeducacao\/inicio-ano-letivo\/#primaryimage"},"thumbnailUrl":"https:\/\/projetoslayerup.com.br\/smeducacao\/wp-content\/uploads\/2020\/01\/original-35ff5446f5c8e65574b50ef370a3935e-e1585598702110.jpeg","keywords":["dicas","volta \u00e0s aulas"],"articleSection":["Dicas para professores"],"inLanguage":"pt-BR","potentialAction":[{"@type":"CommentAction","name":"Comment","target":["https:\/\/projetoslayerup.com.br\/smeducacao\/inicio-ano-letivo\/#respond"]}]},{"@type":"WebPage","@id":"https:\/\/projetoslayerup.com.br\/smeducacao\/inicio-ano-letivo\/","url":"https:\/\/projetoslayerup.com.br\/smeducacao\/inicio-ano-letivo\/","name":"Como preparar a escola para o in\u00edcio do ano letivo? Confira 5 dicas! - SM Educa\u00e7\u00e3o - Juntos cuidamos da educa\u00e7\u00e3o!","isPartOf":{"@id":"https:\/\/projetoslayerup.com.br\/smeducacao\/#website"},"primaryImageOfPage":{"@id":"https:\/\/projetoslayerup.com.br\/smeducacao\/inicio-ano-letivo\/#primaryimage"},"image":{"@id":"https:\/\/projetoslayerup.com.br\/smeducacao\/inicio-ano-letivo\/#primaryimage"},"thumbnailUrl":"https:\/\/projetoslayerup.com.br\/smeducacao\/wp-content\/uploads\/2020\/01\/original-35ff5446f5c8e65574b50ef370a3935e-e1585598702110.jpeg","datePublished":"2020-01-24T15:30:07+00:00","author":{"@id":"https:\/\/projetoslayerup.com.br\/smeducacao\/#\/schema\/person\/45d7d41388698d0f902ff276caab47f5"},"description":"Organiza\u00e7\u00e3o e preparo s\u00e3o os principais requisitos para um bom in\u00edcio de ano letivo. Acesse e saiba como garantir o melhor para a sua escola!","breadcrumb":{"@id":"https:\/\/projetoslayerup.com.br\/smeducacao\/inicio-ano-letivo\/#breadcrumb"},"inLanguage":"pt-BR","potentialAction":[{"@type":"ReadAction","target":["https:\/\/projetoslayerup.com.br\/smeducacao\/inicio-ano-letivo\/"]}]},{"@type":"ImageObject","inLanguage":"pt-BR","@id":"https:\/\/projetoslayerup.com.br\/smeducacao\/inicio-ano-letivo\/#primaryimage","url":"https:\/\/projetoslayerup.com.br\/smeducacao\/wp-content\/uploads\/2020\/01\/original-35ff5446f5c8e65574b50ef370a3935e-e1585598702110.jpeg","contentUrl":"https:\/\/projetoslayerup.com.br\/smeducacao\/wp-content\/uploads\/2020\/01\/original-35ff5446f5c8e65574b50ef370a3935e-e1585598702110.jpeg","width":674,"height":449,"caption":"in\u00edcio do ano letivo"},{"@type":"BreadcrumbList","@id":"https:\/\/projetoslayerup.com.br\/smeducacao\/inicio-ano-letivo\/#breadcrumb","itemListElement":[{"@type":"ListItem","position":1,"name":"In\u00edcio","item":"https:\/\/projetoslayerup.com.br\/smeducacao\/"},{"@type":"ListItem","position":2,"name":"Como preparar a escola para o in\u00edcio do ano letivo? Confira 5 dicas!"}]},{"@type":"WebSite","@id":"https:\/\/projetoslayerup.com.br\/smeducacao\/#website","url":"https:\/\/projetoslayerup.com.br\/smeducacao\/","name":"SM Educa\u00e7\u00e3o - Juntos cuidamos da educa\u00e7\u00e3o!","description":"Transformamos a educa\u00e7\u00e3o por meio de solu\u00e7\u00f5es digitais, solu\u00e7\u00f5es did\u00e1ticas para uma aprendizagem personalizada e solu\u00e7\u00f5es estrat\u00e9gicas eficientes. Juntos cuidamos da Educa\u00e7\u00e3o!","potentialAction":[{"@type":"SearchAction","target":{"@type":"EntryPoint","urlTemplate":"https:\/\/projetoslayerup.com.br\/smeducacao\/?s={search_term_string}"},"query-input":{"@type":"PropertyValueSpecification","valueRequired":true,"valueName":"search_term_string"}}],"inLanguage":"pt-BR"},{"@type":"Person","@id":"https:\/\/projetoslayerup.com.br\/smeducacao\/#\/schema\/person\/45d7d41388698d0f902ff276caab47f5","name":"SM Educa\u00e7\u00e3o","image":{"@type":"ImageObject","inLanguage":"pt-BR","@id":"https:\/\/secure.gravatar.com\/avatar\/24327468bc2a6fb95889620b4158620d90c5e352f7a18c30af0e3f8cb70bc104?s=96&d=mm&r=g","url":"https:\/\/secure.gravatar.com\/avatar\/24327468bc2a6fb95889620b4158620d90c5e352f7a18c30af0e3f8cb70bc104?s=96&d=mm&r=g","contentUrl":"https:\/\/secure.gravatar.com\/avatar\/24327468bc2a6fb95889620b4158620d90c5e352f7a18c30af0e3f8cb70bc104?s=96&d=mm&r=g","caption":"SM Educa\u00e7\u00e3o"},"url":"https:\/\/projetoslayerup.com.br\/smeducacao\/author\/smeducacao2021\/"}]}},"_links":{"self":[{"href":"https:\/\/projetoslayerup.com.br\/smeducacao\/wp-json\/wp\/v2\/posts\/784","targetHints":{"allow":["GET"]}}],"collection":[{"href":"https:\/\/projetoslayerup.com.br\/smeducacao\/wp-json\/wp\/v2\/posts"}],"about":[{"href":"https:\/\/projetoslayerup.com.br\/smeducacao\/wp-json\/wp\/v2\/types\/post"}],"author":[{"embeddable":true,"href":"https:\/\/projetoslayerup.com.br\/smeducacao\/wp-json\/wp\/v2\/users\/2"}],"replies":[{"embeddable":true,"href":"https:\/\/projetoslayerup.com.br\/smeducacao\/wp-json\/wp\/v2\/comments?post=784"}],"version-history":[{"count":0,"href":"https:\/\/projetoslayerup.com.br\/smeducacao\/wp-json\/wp\/v2\/posts\/784\/revisions"}],"wp:featuredmedia":[{"embeddable":true,"href":"https:\/\/projetoslayerup.com.br\/smeducacao\/wp-json\/wp\/v2\/media\/787"}],"wp:attachment":[{"href":"https:\/\/projetoslayerup.com.br\/smeducacao\/wp-json\/wp\/v2\/media?parent=784"}],"wp:term":[{"taxonomy":"category","embeddable":true,"href":"https:\/\/projetoslayerup.com.br\/smeducacao\/wp-json\/wp\/v2\/categories?post=784"},{"taxonomy":"post_tag","embeddable":true,"href":"https:\/\/projetoslayerup.com.br\/smeducacao\/wp-json\/wp\/v2\/tags?post=784"},{"taxonomy":"blog_nivel_escolar","embeddable":true,"href":"https:\/\/projetoslayerup.com.br\/smeducacao\/wp-json\/wp\/v2\/blog_nivel_escolar?post=784"},{"taxonomy":"blog_segmento_escolar","embeddable":true,"href":"https:\/\/projetoslayerup.com.br\/smeducacao\/wp-json\/wp\/v2\/blog_segmento_escolar?post=784"}],"curies":[{"name":"wp","href":"https:\/\/api.w.org\/{rel}","templated":true}]}}