{"id":7878,"date":"2026-05-08T10:51:03","date_gmt":"2026-05-08T13:51:03","guid":{"rendered":"https:\/\/www.smeducacao.com.br\/?p=7878"},"modified":"2026-08-19T18:15:39","modified_gmt":"2026-08-19T18:15:39","slug":"como-a-sm-educacao-apoia-a-educacao-publica-no-pnld-anos-iniciais-2027","status":"publish","type":"post","link":"https:\/\/projetoslayerup.com.br\/smeducacao\/como-a-sm-educacao-apoia-a-educacao-publica-no-pnld-anos-iniciais-2027\/","title":{"rendered":"Como a SM Educa\u00e7\u00e3o apoia a Educa\u00e7\u00e3o P\u00fablica no PNLD Anos Iniciais 2027?"},"content":{"rendered":"<p><span style=\"font-weight: 400;\">A educa\u00e7\u00e3o p\u00fablica brasileira vive um momento de grandes mudan\u00e7as. A chegada do ciclo do <\/span><b>PNLD Anos Iniciais<\/b><span style=\"font-weight: 400;\"> de 2027 n\u00e3o representa apenas a escolha de novos livros did\u00e1ticos, mas a consolida\u00e7\u00e3o das pol\u00edticas p\u00fablicas que buscam a alfabetiza\u00e7\u00e3o plena e a moderniza\u00e7\u00e3o do ensino. Para embarcar na <\/span><b>escola do futuro<\/b><span style=\"font-weight: 400;\">, \u00e9 fundamental contar com parceiros que possuam <\/span><i><span style=\"font-weight: 400;\">know-how<\/span><\/i><span style=\"font-weight: 400;\"> e autoridade comprovada.<\/span><\/p>\n<p><span style=\"font-weight: 400;\">A <\/span><b>SM Educa\u00e7\u00e3o<\/b><span style=\"font-weight: 400;\">, por exemplo, \u00e9 uma institui\u00e7\u00e3o que nasceu na escola e para a escola e traz consigo uma trajet\u00f3ria de mais de 80 anos de exist\u00eancia global e mais de 20 anos de solidez no Brasil.\u00a0<\/span><\/p>\n<p><span style=\"font-weight: 400;\">Entender o papel da <\/span><b>SM Educa\u00e7\u00e3o<\/b><span style=\"font-weight: 400;\"> exige olhar para o passado e compreender como a pr\u00f3pria educa\u00e7\u00e3o p\u00fablica brasileira se estruturou. Somente atrav\u00e9s de um <\/span><a href=\"https:\/\/www.gov.br\/mec\/pt-br\/acesso-a-informacao-paginas-unicas\/conheca-a-historia-da-educacao-brasileira\"><b>contexto hist\u00f3rico da educa\u00e7\u00e3o brasileira<\/b><\/a><span style=\"font-weight: 400;\"> \u00e9 poss\u00edvel valorizar as solu\u00e7\u00f5es que buscam trazer melhorias reais para o cen\u00e1rio atual.<\/span><\/p>\n<h2><b>Cronologia da Educa\u00e7\u00e3o P\u00fablica no Brasil: um caminho de desafios<\/b><\/h2>\n<p><span style=\"font-weight: 400;\">A hist\u00f3ria do ensino no Brasil \u00e9 marcada por uma transi\u00e7\u00e3o lenta da catequiza\u00e7\u00e3o colonial para a tentativa de implementa\u00e7\u00e3o de um sistema escolar p\u00fablico e laico.\u00a0<\/span><\/p>\n<p><span style=\"font-weight: 400;\">Desde o Manifesto dos Pioneiros da Educa\u00e7\u00e3o Nova, em 1932, at\u00e9 a homologa\u00e7\u00e3o da BNCC<\/span><b>, o pa\u00eds travou batalhas contra o analfabetismo, que na d\u00e9cada de 1920 atingia 65% da popula\u00e7\u00e3o<\/b><span style=\"font-weight: 400;\">. Essa <\/span><a href=\"https:\/\/www.gazetadopovo.com.br\/educacao\/a-historia-da-educacao-no-brasil-uma-longa-jornada-rumo-a-universalizacao-84npcihyra8yzs2j8nnqn8d91\/\"><b>longa jornada rumo \u00e0 universaliza\u00e7\u00e3o<\/b><\/a><span style=\"font-weight: 400;\"> moldou o que entendemos hoje por direito \u00e0 aprendizagem.<\/span><\/p>\n<p><img loading=\"lazy\" decoding=\"async\" class=\"alignnone size-full wp-image-7879\" src=\"https:\/\/projetoslayerup.com.br\/smeducacao\/wp-content\/uploads\/2026\/05\/SM_BlogpostPNLD-Anos_Iniciais_Cronologia_Abr_2026-scaled-1.png\" alt=\"Marcos hist\u00f3ricos da educa\u00e7\u00e3o\" width=\"1320\" height=\"2560\" srcset=\"https:\/\/projetoslayerup.com.br\/smeducacao\/wp-content\/uploads\/2026\/05\/SM_BlogpostPNLD-Anos_Iniciais_Cronologia_Abr_2026-scaled-1.png 1320w, https:\/\/projetoslayerup.com.br\/smeducacao\/wp-content\/uploads\/2026\/05\/SM_BlogpostPNLD-Anos_Iniciais_Cronologia_Abr_2026-scaled-1-155x300.png 155w, https:\/\/projetoslayerup.com.br\/smeducacao\/wp-content\/uploads\/2026\/05\/SM_BlogpostPNLD-Anos_Iniciais_Cronologia_Abr_2026-scaled-1-528x1024.png 528w, https:\/\/projetoslayerup.com.br\/smeducacao\/wp-content\/uploads\/2026\/05\/SM_BlogpostPNLD-Anos_Iniciais_Cronologia_Abr_2026-scaled-1-768x1489.png 768w, https:\/\/projetoslayerup.com.br\/smeducacao\/wp-content\/uploads\/2026\/05\/SM_BlogpostPNLD-Anos_Iniciais_Cronologia_Abr_2026-scaled-1-792x1536.png 792w, https:\/\/projetoslayerup.com.br\/smeducacao\/wp-content\/uploads\/2026\/05\/SM_BlogpostPNLD-Anos_Iniciais_Cronologia_Abr_2026-scaled-1-1056x2048.png 1056w\" sizes=\"auto, (max-width: 1320px) 100vw, 1320px\" \/><\/p>\n<p><span style=\"font-weight: 400;\">Hoje, embora o ensino fundamental esteja praticamente universalizado, a qualidade e a infraestrutura continuam a ser o nosso maior gargalo. Segundo dados de <\/span><a href=\"https:\/\/www.gov.br\/inep\/pt-br\/centrais-de-conteudo\/noticias\/censo-escolar\/mec-e-inep-divulgam-resultados-do-censo-escolar-2023\"><b>pesquisa elaborada pelo MEC e Inep<\/b><\/a><span style=\"font-weight: 400;\">, 66,8% das crian\u00e7as est\u00e3o na rede p\u00fablica, por\u00e9m, a realidade de muitas dessas unidades ainda carece de materiais de ensino de alto n\u00edvel e itens b\u00e1sicos de saneamento.<\/span><\/p>\n<h2><b>O PNLD 2027 como eixo de transforma\u00e7\u00e3o<\/b><\/h2>\n<p><span style=\"font-weight: 400;\">Diante desses desafios estruturais, o <\/span><b>PNLD 2027 Anos Iniciais<\/b><span style=\"font-weight: 400;\"> se posiciona como o direcionamento pedag\u00f3gico necess\u00e1rio para romper o ciclo das desigualdades. Nesse contexto, a SM Educa\u00e7\u00e3o garante <\/span><a href=\"https:\/\/pnld.smeducacao.com.br\/colecoes\/pnld-2027-anos-iniciais\/\"><b>obras did\u00e1ticas<\/b><\/a><span style=\"font-weight: 400;\"> rigorosamente alinhadas \u00e0 BNCC e ao <\/span><b>Compromisso Nacional Crian\u00e7a Alfabetizada<\/b><span style=\"font-weight: 400;\">.<\/span><\/p>\n<p><span style=\"font-weight: 400;\">O grande diferencial desses livros reside na integra\u00e7\u00e3o estrat\u00e9gica entre a alfabetiza\u00e7\u00e3o e a tecnologia, apresentando materiais elaborados para refletir e atuar sobre os desafios da atualidade. Para potencializar a gest\u00e3o da educa\u00e7\u00e3o p\u00fablica nesse processo de escolha, a SM disponibiliza um ecossistema completo:<\/span><\/p>\n<h3><b>Obras Did\u00e1ticas<\/b><\/h3>\n<ul>\n<li style=\"font-weight: 400;\" aria-level=\"1\"><b>Cole\u00e7\u00e3o did\u00e1tica Aprender Juntos:<\/b><span style=\"font-weight: 400;\"> refer\u00eancia em conte\u00fado e inova\u00e7\u00e3o, oferece forma\u00e7\u00e3o integral com pioneirismo em Educa\u00e7\u00e3o Digital e Midi\u00e1tica.<\/span><\/li>\n<li style=\"font-weight: 400;\" aria-level=\"1\"><b>Cole\u00e7\u00e3o did\u00e1tica Vamos Aprender:<\/b><span style=\"font-weight: 400;\"> focada em metodologia din\u00e2mica para recomposi\u00e7\u00e3o de aprendizagens e interven\u00e7\u00f5es r\u00e1pidas no ciclo de alfabetiza\u00e7\u00e3o.<\/span><\/li>\n<\/ul>\n<h3><b>FormA\u00e7\u00e3o<\/b><\/h3>\n<ul>\n<li style=\"font-weight: 400;\" aria-level=\"1\"><span style=\"font-weight: 400;\">Como o sucesso da escola do futuro depende diretamente da media\u00e7\u00e3o docente, a <\/span><b>SM Educa\u00e7\u00e3o<\/b><span style=\"font-weight: 400;\"> oferece o <\/span><a href=\"https:\/\/projetoslayerup.com.br\/smeducacao\/calendario\/\"><b>FormA\u00e7\u00e3o<\/b><\/a><span style=\"font-weight: 400;\">, uma iniciativa de <\/span><b>forma\u00e7\u00e3o continuada<\/b><span style=\"font-weight: 400;\"> que vai al\u00e9m do conte\u00fado institucional.<\/span><\/li>\n<li style=\"font-weight: 400;\" aria-level=\"1\"><span style=\"font-weight: 400;\">Ele se estabelece como u<\/span><b>m espa\u00e7o de troca pr\u00e1tica e colabora\u00e7\u00e3o<\/b><span style=\"font-weight: 400;\">, onde os <\/span><b>desafios reais da educa\u00e7\u00e3o p\u00fablica s\u00e3o discutidos<\/b><span style=\"font-weight: 400;\"> e trabalhados a partir da viv\u00eancia cotidiana da escola.<\/span><\/li>\n<li style=\"font-weight: 400;\" aria-level=\"1\"><span style=\"font-weight: 400;\">O foco \u00e9<\/span><b> instrumentalizar professores e gestores<\/b><span style=\"font-weight: 400;\"> para que se sintam seguros e preparados ao <\/span><b>aplicar as novas metodologias<\/b><span style=\"font-weight: 400;\">, garantindo a implementa\u00e7\u00e3o efetiva das compet\u00eancias digitais em sala de aula.<\/span><\/li>\n<\/ul>\n<h3><b>Simplifica<\/b><\/h3>\n<ul>\n<li style=\"font-weight: 400;\" aria-level=\"1\"><span style=\"font-weight: 400;\">Pensado para ser o bra\u00e7o direito do educador na ponta, o <\/span><a href=\"https:\/\/projetoslayerup.com.br\/smeducacao\/simplifica\/\"><b>Simplifica<\/b><\/a><span style=\"font-weight: 400;\"> \u00e9 a solu\u00e7\u00e3o digital que facilita a rotina pedag\u00f3gica ao organizar conte\u00fados, orienta\u00e7\u00f5es e recursos de forma direta e aplic\u00e1vel.<\/span><\/li>\n<li style=\"font-weight: 400;\" aria-level=\"1\"><span style=\"font-weight: 400;\">Em um cen\u00e1rio de transi\u00e7\u00e3o curricular e novas exig\u00eancias tecnol\u00f3gicas,<\/span><b> a ferramenta atua na otimiza\u00e7\u00e3o do planejamento<\/b><span style=\"font-weight: 400;\">, permitindo que o professor tenha uma vis\u00e3o clara e estruturada de suas metas.<\/span><\/li>\n<li style=\"font-weight: 400;\" aria-level=\"1\"><span style=\"font-weight: 400;\">O foco \u00e9 garantir que<\/span><b> o docente dedique menos tempo \u00e0 burocracia<\/b><span style=\"font-weight: 400;\"> e mais tempo ao acompanhamento efetivo da aprendizagem de seus alunos, transformando diretrizes em resultados reais na sala de aula.<\/span><span style=\"font-weight: 400;\">\u00a0<\/span><\/li>\n<\/ul>\n<p><span style=\"font-weight: 400;\">Fique por dentro de todas as etapas e atualiza\u00e7\u00f5es do <\/span><b>PNLD Anos Iniciais<\/b> <b>2027 <\/b><span style=\"font-weight: 400;\">em nossa <\/span><a href=\"https:\/\/materiais.smbrasil.com.br\/pnld-2027-anos-iniciais\"><b>p\u00e1gina exclusiva<\/b><\/a><span style=\"font-weight: 400;\">.\u00a0<\/span><\/p>\n<h2><b>O que define a escola do futuro?<\/b><\/h2>\n<p><img loading=\"lazy\" decoding=\"async\" class=\"alignnone size-full wp-image-7880\" src=\"https:\/\/projetoslayerup.com.br\/smeducacao\/wp-content\/uploads\/2026\/05\/SM_BlogpostPNLD-Anos-Iniciais_Header02_Abr_2026.png\" alt=\"o que define a escola do futuro\" width=\"1516\" height=\"742\" srcset=\"https:\/\/projetoslayerup.com.br\/smeducacao\/wp-content\/uploads\/2026\/05\/SM_BlogpostPNLD-Anos-Iniciais_Header02_Abr_2026.png 1516w, https:\/\/projetoslayerup.com.br\/smeducacao\/wp-content\/uploads\/2026\/05\/SM_BlogpostPNLD-Anos-Iniciais_Header02_Abr_2026-300x147.png 300w, https:\/\/projetoslayerup.com.br\/smeducacao\/wp-content\/uploads\/2026\/05\/SM_BlogpostPNLD-Anos-Iniciais_Header02_Abr_2026-1024x501.png 1024w, https:\/\/projetoslayerup.com.br\/smeducacao\/wp-content\/uploads\/2026\/05\/SM_BlogpostPNLD-Anos-Iniciais_Header02_Abr_2026-768x376.png 768w\" sizes=\"auto, (max-width: 1516px) 100vw, 1516px\" \/><\/p>\n<p><span style=\"font-weight: 400;\">Este conceito vai al\u00e9m da tecnologia fria. Trata-se de transformar dados em experi\u00eancias de aprendizagem personalizadas. Ao analisar as <\/span><b>tend\u00eancias estrat\u00e9gicas para 2026<\/b><span style=\"font-weight: 400;\">, observamos que o diferencial escolar estar\u00e1 na capacidade de integrar:<\/span><\/p>\n<ol>\n<li style=\"font-weight: 400;\" aria-level=\"1\"><b>IA e personaliza\u00e7\u00e3o:<\/b><span style=\"font-weight: 400;\"> algoritmos criando trilhas sob medida para cada ritmo de estudante.<\/span><\/li>\n<li style=\"font-weight: 400;\" aria-level=\"1\"><b>Ensino h\u00edbrido:<\/b><span style=\"font-weight: 400;\"> integra\u00e7\u00e3o estrat\u00e9gica entre o presencial e o digital com viv\u00eancias imersivas.<\/span><\/li>\n<li style=\"font-weight: 400;\" aria-level=\"1\"><b>Foco em compet\u00eancias:<\/b><span style=\"font-weight: 400;\"> desenvolvimento de <\/span><i><span style=\"font-weight: 400;\">soft skills<\/span><\/i><span style=\"font-weight: 400;\"> para resolver problemas do mundo real.<\/span><\/li>\n<li style=\"font-weight: 400;\" aria-level=\"1\"><b>Protagonismo estudantil:<\/b><span style=\"font-weight: 400;\"> o aluno como centro ativo da constru\u00e7\u00e3o do conhecimento.<\/span><\/li>\n<\/ol>\n<p><span style=\"font-weight: 400;\">As obras da SM Educa\u00e7\u00e3o articulam esses pilares para garantir que a escola p\u00fablica ofere\u00e7a <\/span><b>experi\u00eancias de aprendizagem significativas<\/b><span style=\"font-weight: 400;\"> e conectadas \u00e0s demandas do mercado.<\/span><\/p>\n<h2><b>Crit\u00e9rios de an\u00e1lise para gestores e professores<\/b><\/h2>\n<p><span style=\"font-weight: 400;\">Ao analisar os materiais do <\/span><b>PNLD Anos Iniciais<\/b><span style=\"font-weight: 400;\">, a escolha exige crit\u00e9rios t\u00e9cnicos que garantam ader\u00eancia \u00e0 realidade local:<\/span><\/p>\n<ul>\n<li style=\"font-weight: 400;\" aria-level=\"1\"><b>Clareza pedag\u00f3gica:<\/b><span style=\"font-weight: 400;\"> a metodologia \u00e9 clara e os objetivos coerentes?<\/span><\/li>\n<li style=\"font-weight: 400;\" aria-level=\"1\"><b>Progress\u00e3o:<\/b><span style=\"font-weight: 400;\"> existe uma evolu\u00e7\u00e3o l\u00f3gica dos conte\u00fados entre os anos escolares?<\/span><\/li>\n<li style=\"font-weight: 400;\" aria-level=\"1\"><b>Suporte ao professor:<\/b><span style=\"font-weight: 400;\"> o material oferece ferramentas como o <\/span><b>Simplifica<\/b><span style=\"font-weight: 400;\"> e o programa <\/span><b>FormA\u00e7\u00e3o<\/b><span style=\"font-weight: 400;\">?<\/span><\/li>\n<li style=\"font-weight: 400;\" aria-level=\"1\"><b>Alinhamento BNCC:<\/b><span style=\"font-weight: 400;\"> as habilidades est\u00e3o integradas de forma consistente?<\/span><\/li>\n<li style=\"font-weight: 400;\" aria-level=\"1\"><b>Recursos digitais:<\/b><span style=\"font-weight: 400;\"> as ferramentas digitais ampliam o aprendizado ou apenas replicam o papel?<\/span><\/li>\n<\/ul>\n<h2><b>SM Educa\u00e7\u00e3o: uma trajet\u00f3ria de impacto global<\/b><\/h2>\n<p><span style=\"font-weight: 400;\">A solidez da <\/span><b>SM Educa\u00e7\u00e3o<\/b><span style=\"font-weight: 400;\"> \u00e9 sustentada por uma hist\u00f3ria centen\u00e1ria. Pertencente \u00e0 <\/span><b>Funda\u00e7\u00e3o SM<\/b><span style=\"font-weight: 400;\">, a institui\u00e7\u00e3o possui um modelo de gest\u00e3o \u00fanico: o lucro das opera\u00e7\u00f5es editoriais \u00e9 integralmente revertido em projetos sociais e de melhoria da qualidade educativa.\u00a0<\/span><\/p>\n<p><span style=\"font-weight: 400;\">Atualmente, o grupo atua em <\/span><b>10 pa\u00edses<\/b><span style=\"font-weight: 400;\">, trazendo as melhores pr\u00e1ticas globais para a realidade brasileira.<\/span><\/p>\n<p><img loading=\"lazy\" decoding=\"async\" class=\"alignnone size-full wp-image-7881\" src=\"https:\/\/projetoslayerup.com.br\/smeducacao\/wp-content\/uploads\/2026\/05\/SM_BlogpostPNLD-Anos_Iniciais-Paises_Abr_2026.png\" alt=\"Presen\u00e7a internacional da SM Educa\u00e7\u00e3o\" width=\"1516\" height=\"1518\" srcset=\"https:\/\/projetoslayerup.com.br\/smeducacao\/wp-content\/uploads\/2026\/05\/SM_BlogpostPNLD-Anos_Iniciais-Paises_Abr_2026.png 1516w, https:\/\/projetoslayerup.com.br\/smeducacao\/wp-content\/uploads\/2026\/05\/SM_BlogpostPNLD-Anos_Iniciais-Paises_Abr_2026-300x300.png 300w, https:\/\/projetoslayerup.com.br\/smeducacao\/wp-content\/uploads\/2026\/05\/SM_BlogpostPNLD-Anos_Iniciais-Paises_Abr_2026-1024x1024.png 1024w, https:\/\/projetoslayerup.com.br\/smeducacao\/wp-content\/uploads\/2026\/05\/SM_BlogpostPNLD-Anos_Iniciais-Paises_Abr_2026-150x150.png 150w, https:\/\/projetoslayerup.com.br\/smeducacao\/wp-content\/uploads\/2026\/05\/SM_BlogpostPNLD-Anos_Iniciais-Paises_Abr_2026-768x769.png 768w\" sizes=\"auto, (max-width: 1516px) 100vw, 1516px\" \/><\/p>\n<h2><b>Um olhar de esperan\u00e7a sobre a educa\u00e7\u00e3o<\/b><\/h2>\n<p><span style=\"font-weight: 400;\">Caminhar rumo \u00e0 escola do futuro no ciclo do <\/span><b>PNLD Anos Iniciais<\/b><span style=\"font-weight: 400;\"> exige mais do que novos livros; exige compromisso com a forma\u00e7\u00e3o integral e equidade. Neste contexto, a SM Educa\u00e7\u00e3o, com seu <\/span><i><span style=\"font-weight: 400;\">know-how<\/span><\/i><span style=\"font-weight: 400;\"> internacional, reafirma seu papel como parceira estrat\u00e9gica das redes p\u00fablicas.<\/span><\/p>\n<p><span style=\"font-weight: 400;\">Ao unir tradi\u00e7\u00e3o pedag\u00f3gica e inova\u00e7\u00e3o tecnol\u00f3gica, a editora garante que cada escolha seja um passo concreto para transformar a realidade dos nossos estudantes.\u00a0<\/span><\/p>\n<p><span style=\"font-weight: 400;\">Para mais detalhes t\u00e9cnicos, <\/span><a href=\"https:\/\/pnld.smeducacao.com.br\/faq\/\"><b>acesse o FAQ do PNLD<\/b><\/a><span style=\"font-weight: 400;\"> ou visite o <\/span><a href=\"https:\/\/pnld.smeducacao.com.br\/\"><b>portal oficial<\/b><\/a> <span style=\"font-weight: 400;\">com as principais atualiza\u00e7\u00f5es.<\/span><\/p>\n","protected":false},"excerpt":{"rendered":"<p>A educa\u00e7\u00e3o p\u00fablica brasileira vive um momento de grandes mudan\u00e7as. A chegada do ciclo do PNLD Anos Iniciais de 2027 n\u00e3o representa apenas a escolha de novos livros did\u00e1ticos, mas a consolida\u00e7\u00e3o das pol\u00edticas p\u00fablicas que buscam a alfabetiza\u00e7\u00e3o plena e a moderniza\u00e7\u00e3o do ensino. Para embarcar na escola do futuro, \u00e9 fundamental contar com [&hellip;]<\/p>\n","protected":false},"author":2,"featured_media":7882,"comment_status":"open","ping_status":"open","sticky":false,"template":"","format":"standard","meta":{"_acf_changed":false,"footnotes":""},"categories":[5],"tags":[56,26,6],"blog_nivel_escolar":[],"blog_segmento_escolar":[],"class_list":["post-7878","post","type-post","status-publish","format-standard","has-post-thumbnail","hentry","category-pnld","tag-educacao-basica","tag-livros-pnld","tag-pnld"],"acf":[],"yoast_head":"<!-- This site is optimized with the Yoast SEO plugin v28.3 - https:\/\/yoast.com\/product\/yoast-seo-wordpress\/ -->\n<title>O papel da SM Educa\u00e7\u00e3o no ciclo do PNLD Anos Iniciais<\/title>\n<meta name=\"description\" content=\"Conhe\u00e7a a trajet\u00f3ria da Educa\u00e7\u00e3o P\u00fablica no Brasil e descubra como a expertise de mais de 80 anos da SM molda o PNLD Anos Iniciais para a escola do futuro.\" \/>\n<meta name=\"robots\" content=\"noindex, follow, max-snippet:-1, max-image-preview:large, max-video-preview:-1\" \/>\n<meta property=\"og:locale\" content=\"pt_BR\" \/>\n<meta property=\"og:type\" content=\"article\" \/>\n<meta property=\"og:title\" content=\"O papel da SM Educa\u00e7\u00e3o no ciclo do PNLD Anos Iniciais\" \/>\n<meta property=\"og:description\" content=\"Conhe\u00e7a a trajet\u00f3ria da Educa\u00e7\u00e3o P\u00fablica no Brasil e descubra como a expertise de mais de 80 anos da SM molda o PNLD Anos Iniciais para a escola do futuro.\" \/>\n<meta property=\"og:url\" content=\"https:\/\/projetoslayerup.com.br\/smeducacao\/como-a-sm-educacao-apoia-a-educacao-publica-no-pnld-anos-iniciais-2027\/\" \/>\n<meta property=\"og:site_name\" content=\"SM Educa\u00e7\u00e3o - Juntos cuidamos da educa\u00e7\u00e3o!\" \/>\n<meta property=\"article:published_time\" content=\"2026-05-08T13:51:03+00:00\" \/>\n<meta property=\"article:modified_time\" content=\"2026-08-19T18:15:39+00:00\" \/>\n<meta property=\"og:image\" content=\"https:\/\/projetoslayerup.com.br\/smeducacao\/wp-content\/uploads\/2026\/05\/SM_BlogpostPNLD-Anos-Iniciais_Header_Abr_2026-1024x584.png\" \/>\n\t<meta property=\"og:image:width\" content=\"1024\" \/>\n\t<meta property=\"og:image:height\" content=\"584\" \/>\n\t<meta property=\"og:image:type\" content=\"image\/png\" \/>\n<meta name=\"author\" content=\"SM Educa\u00e7\u00e3o\" \/>\n<meta name=\"twitter:card\" content=\"summary_large_image\" \/>\n<meta name=\"twitter:label1\" content=\"Escrito por\" \/>\n\t<meta name=\"twitter:data1\" content=\"SM Educa\u00e7\u00e3o\" \/>\n\t<meta name=\"twitter:label2\" content=\"Est. tempo de leitura\" \/>\n\t<meta name=\"twitter:data2\" content=\"7 minutos\" \/>\n<script type=\"application\/ld+json\" class=\"yoast-schema-graph\">{\"@context\":\"https:\\\/\\\/schema.org\",\"@graph\":[{\"@type\":\"Article\",\"@id\":\"https:\\\/\\\/projetoslayerup.com.br\\\/smeducacao\\\/como-a-sm-educacao-apoia-a-educacao-publica-no-pnld-anos-iniciais-2027\\\/#article\",\"isPartOf\":{\"@id\":\"https:\\\/\\\/projetoslayerup.com.br\\\/smeducacao\\\/como-a-sm-educacao-apoia-a-educacao-publica-no-pnld-anos-iniciais-2027\\\/\"},\"author\":{\"name\":\"SM Educa\u00e7\u00e3o\",\"@id\":\"https:\\\/\\\/projetoslayerup.com.br\\\/smeducacao\\\/#\\\/schema\\\/person\\\/45d7d41388698d0f902ff276caab47f5\"},\"headline\":\"Como a SM Educa\u00e7\u00e3o apoia a Educa\u00e7\u00e3o P\u00fablica no PNLD Anos Iniciais 2027?\",\"datePublished\":\"2026-05-08T13:51:03+00:00\",\"dateModified\":\"2026-08-19T18:15:39+00:00\",\"mainEntityOfPage\":{\"@id\":\"https:\\\/\\\/projetoslayerup.com.br\\\/smeducacao\\\/como-a-sm-educacao-apoia-a-educacao-publica-no-pnld-anos-iniciais-2027\\\/\"},\"wordCount\":1109,\"commentCount\":0,\"image\":{\"@id\":\"https:\\\/\\\/projetoslayerup.com.br\\\/smeducacao\\\/como-a-sm-educacao-apoia-a-educacao-publica-no-pnld-anos-iniciais-2027\\\/#primaryimage\"},\"thumbnailUrl\":\"https:\\\/\\\/projetoslayerup.com.br\\\/smeducacao\\\/wp-content\\\/uploads\\\/2026\\\/05\\\/SM_BlogpostPNLD-Anos-Iniciais_Header_Abr_2026.png\",\"keywords\":[\"educa\u00e7\u00e3o b\u00e1sica\",\"livros pnld\",\"PNLD\"],\"articleSection\":[\"PNLD\"],\"inLanguage\":\"pt-BR\",\"potentialAction\":[{\"@type\":\"CommentAction\",\"name\":\"Comment\",\"target\":[\"https:\\\/\\\/projetoslayerup.com.br\\\/smeducacao\\\/como-a-sm-educacao-apoia-a-educacao-publica-no-pnld-anos-iniciais-2027\\\/#respond\"]}]},{\"@type\":\"WebPage\",\"@id\":\"https:\\\/\\\/projetoslayerup.com.br\\\/smeducacao\\\/como-a-sm-educacao-apoia-a-educacao-publica-no-pnld-anos-iniciais-2027\\\/\",\"url\":\"https:\\\/\\\/projetoslayerup.com.br\\\/smeducacao\\\/como-a-sm-educacao-apoia-a-educacao-publica-no-pnld-anos-iniciais-2027\\\/\",\"name\":\"O papel da SM Educa\u00e7\u00e3o no ciclo do PNLD Anos Iniciais\",\"isPartOf\":{\"@id\":\"https:\\\/\\\/projetoslayerup.com.br\\\/smeducacao\\\/#website\"},\"primaryImageOfPage\":{\"@id\":\"https:\\\/\\\/projetoslayerup.com.br\\\/smeducacao\\\/como-a-sm-educacao-apoia-a-educacao-publica-no-pnld-anos-iniciais-2027\\\/#primaryimage\"},\"image\":{\"@id\":\"https:\\\/\\\/projetoslayerup.com.br\\\/smeducacao\\\/como-a-sm-educacao-apoia-a-educacao-publica-no-pnld-anos-iniciais-2027\\\/#primaryimage\"},\"thumbnailUrl\":\"https:\\\/\\\/projetoslayerup.com.br\\\/smeducacao\\\/wp-content\\\/uploads\\\/2026\\\/05\\\/SM_BlogpostPNLD-Anos-Iniciais_Header_Abr_2026.png\",\"datePublished\":\"2026-05-08T13:51:03+00:00\",\"dateModified\":\"2026-08-19T18:15:39+00:00\",\"author\":{\"@id\":\"https:\\\/\\\/projetoslayerup.com.br\\\/smeducacao\\\/#\\\/schema\\\/person\\\/45d7d41388698d0f902ff276caab47f5\"},\"description\":\"Conhe\u00e7a a trajet\u00f3ria da Educa\u00e7\u00e3o P\u00fablica no Brasil e descubra como a expertise de mais de 80 anos da SM molda o PNLD Anos Iniciais para a escola do futuro.\",\"breadcrumb\":{\"@id\":\"https:\\\/\\\/projetoslayerup.com.br\\\/smeducacao\\\/como-a-sm-educacao-apoia-a-educacao-publica-no-pnld-anos-iniciais-2027\\\/#breadcrumb\"},\"inLanguage\":\"pt-BR\",\"potentialAction\":[{\"@type\":\"ReadAction\",\"target\":[\"https:\\\/\\\/projetoslayerup.com.br\\\/smeducacao\\\/como-a-sm-educacao-apoia-a-educacao-publica-no-pnld-anos-iniciais-2027\\\/\"]}]},{\"@type\":\"ImageObject\",\"inLanguage\":\"pt-BR\",\"@id\":\"https:\\\/\\\/projetoslayerup.com.br\\\/smeducacao\\\/como-a-sm-educacao-apoia-a-educacao-publica-no-pnld-anos-iniciais-2027\\\/#primaryimage\",\"url\":\"https:\\\/\\\/projetoslayerup.com.br\\\/smeducacao\\\/wp-content\\\/uploads\\\/2026\\\/05\\\/SM_BlogpostPNLD-Anos-Iniciais_Header_Abr_2026.png\",\"contentUrl\":\"https:\\\/\\\/projetoslayerup.com.br\\\/smeducacao\\\/wp-content\\\/uploads\\\/2026\\\/05\\\/SM_BlogpostPNLD-Anos-Iniciais_Header_Abr_2026.png\",\"width\":1516,\"height\":864},{\"@type\":\"BreadcrumbList\",\"@id\":\"https:\\\/\\\/projetoslayerup.com.br\\\/smeducacao\\\/como-a-sm-educacao-apoia-a-educacao-publica-no-pnld-anos-iniciais-2027\\\/#breadcrumb\",\"itemListElement\":[{\"@type\":\"ListItem\",\"position\":1,\"name\":\"In\u00edcio\",\"item\":\"https:\\\/\\\/projetoslayerup.com.br\\\/smeducacao\\\/\"},{\"@type\":\"ListItem\",\"position\":2,\"name\":\"Como a SM Educa\u00e7\u00e3o apoia a Educa\u00e7\u00e3o P\u00fablica no PNLD Anos Iniciais 2027?\"}]},{\"@type\":\"WebSite\",\"@id\":\"https:\\\/\\\/projetoslayerup.com.br\\\/smeducacao\\\/#website\",\"url\":\"https:\\\/\\\/projetoslayerup.com.br\\\/smeducacao\\\/\",\"name\":\"SM Educa\u00e7\u00e3o - Juntos cuidamos da educa\u00e7\u00e3o!\",\"description\":\"Transformamos a educa\u00e7\u00e3o por meio de solu\u00e7\u00f5es digitais, solu\u00e7\u00f5es did\u00e1ticas para uma aprendizagem personalizada e solu\u00e7\u00f5es estrat\u00e9gicas eficientes. Juntos cuidamos da Educa\u00e7\u00e3o!\",\"potentialAction\":[{\"@type\":\"SearchAction\",\"target\":{\"@type\":\"EntryPoint\",\"urlTemplate\":\"https:\\\/\\\/projetoslayerup.com.br\\\/smeducacao\\\/?s={search_term_string}\"},\"query-input\":{\"@type\":\"PropertyValueSpecification\",\"valueRequired\":true,\"valueName\":\"search_term_string\"}}],\"inLanguage\":\"pt-BR\"},{\"@type\":\"Person\",\"@id\":\"https:\\\/\\\/projetoslayerup.com.br\\\/smeducacao\\\/#\\\/schema\\\/person\\\/45d7d41388698d0f902ff276caab47f5\",\"name\":\"SM Educa\u00e7\u00e3o\",\"image\":{\"@type\":\"ImageObject\",\"inLanguage\":\"pt-BR\",\"@id\":\"https:\\\/\\\/secure.gravatar.com\\\/avatar\\\/24327468bc2a6fb95889620b4158620d90c5e352f7a18c30af0e3f8cb70bc104?s=96&d=mm&r=g\",\"url\":\"https:\\\/\\\/secure.gravatar.com\\\/avatar\\\/24327468bc2a6fb95889620b4158620d90c5e352f7a18c30af0e3f8cb70bc104?s=96&d=mm&r=g\",\"contentUrl\":\"https:\\\/\\\/secure.gravatar.com\\\/avatar\\\/24327468bc2a6fb95889620b4158620d90c5e352f7a18c30af0e3f8cb70bc104?s=96&d=mm&r=g\",\"caption\":\"SM Educa\u00e7\u00e3o\"},\"url\":\"https:\\\/\\\/projetoslayerup.com.br\\\/smeducacao\\\/author\\\/smeducacao2021\\\/\"}]}<\/script>\n<!-- \/ Yoast SEO plugin. -->","yoast_head_json":{"title":"O papel da SM Educa\u00e7\u00e3o no ciclo do PNLD Anos Iniciais","description":"Conhe\u00e7a a trajet\u00f3ria da Educa\u00e7\u00e3o P\u00fablica no Brasil e descubra como a expertise de mais de 80 anos da SM molda o PNLD Anos Iniciais para a escola do futuro.","robots":{"index":"noindex","follow":"follow","max-snippet":"max-snippet:-1","max-image-preview":"max-image-preview:large","max-video-preview":"max-video-preview:-1"},"og_locale":"pt_BR","og_type":"article","og_title":"O papel da SM Educa\u00e7\u00e3o no ciclo do PNLD Anos Iniciais","og_description":"Conhe\u00e7a a trajet\u00f3ria da Educa\u00e7\u00e3o P\u00fablica no Brasil e descubra como a expertise de mais de 80 anos da SM molda o PNLD Anos Iniciais para a escola do futuro.","og_url":"https:\/\/projetoslayerup.com.br\/smeducacao\/como-a-sm-educacao-apoia-a-educacao-publica-no-pnld-anos-iniciais-2027\/","og_site_name":"SM Educa\u00e7\u00e3o - Juntos cuidamos da educa\u00e7\u00e3o!","article_published_time":"2026-05-08T13:51:03+00:00","article_modified_time":"2026-08-19T18:15:39+00:00","og_image":[{"width":1024,"height":584,"url":"https:\/\/projetoslayerup.com.br\/smeducacao\/wp-content\/uploads\/2026\/05\/SM_BlogpostPNLD-Anos-Iniciais_Header_Abr_2026-1024x584.png","type":"image\/png"}],"author":"SM Educa\u00e7\u00e3o","twitter_card":"summary_large_image","twitter_misc":{"Escrito por":"SM Educa\u00e7\u00e3o","Est. tempo de leitura":"7 minutos"},"schema":{"@context":"https:\/\/schema.org","@graph":[{"@type":"Article","@id":"https:\/\/projetoslayerup.com.br\/smeducacao\/como-a-sm-educacao-apoia-a-educacao-publica-no-pnld-anos-iniciais-2027\/#article","isPartOf":{"@id":"https:\/\/projetoslayerup.com.br\/smeducacao\/como-a-sm-educacao-apoia-a-educacao-publica-no-pnld-anos-iniciais-2027\/"},"author":{"name":"SM Educa\u00e7\u00e3o","@id":"https:\/\/projetoslayerup.com.br\/smeducacao\/#\/schema\/person\/45d7d41388698d0f902ff276caab47f5"},"headline":"Como a SM Educa\u00e7\u00e3o apoia a Educa\u00e7\u00e3o P\u00fablica no PNLD Anos Iniciais 2027?","datePublished":"2026-05-08T13:51:03+00:00","dateModified":"2026-08-19T18:15:39+00:00","mainEntityOfPage":{"@id":"https:\/\/projetoslayerup.com.br\/smeducacao\/como-a-sm-educacao-apoia-a-educacao-publica-no-pnld-anos-iniciais-2027\/"},"wordCount":1109,"commentCount":0,"image":{"@id":"https:\/\/projetoslayerup.com.br\/smeducacao\/como-a-sm-educacao-apoia-a-educacao-publica-no-pnld-anos-iniciais-2027\/#primaryimage"},"thumbnailUrl":"https:\/\/projetoslayerup.com.br\/smeducacao\/wp-content\/uploads\/2026\/05\/SM_BlogpostPNLD-Anos-Iniciais_Header_Abr_2026.png","keywords":["educa\u00e7\u00e3o b\u00e1sica","livros pnld","PNLD"],"articleSection":["PNLD"],"inLanguage":"pt-BR","potentialAction":[{"@type":"CommentAction","name":"Comment","target":["https:\/\/projetoslayerup.com.br\/smeducacao\/como-a-sm-educacao-apoia-a-educacao-publica-no-pnld-anos-iniciais-2027\/#respond"]}]},{"@type":"WebPage","@id":"https:\/\/projetoslayerup.com.br\/smeducacao\/como-a-sm-educacao-apoia-a-educacao-publica-no-pnld-anos-iniciais-2027\/","url":"https:\/\/projetoslayerup.com.br\/smeducacao\/como-a-sm-educacao-apoia-a-educacao-publica-no-pnld-anos-iniciais-2027\/","name":"O papel da SM Educa\u00e7\u00e3o no ciclo do PNLD Anos Iniciais","isPartOf":{"@id":"https:\/\/projetoslayerup.com.br\/smeducacao\/#website"},"primaryImageOfPage":{"@id":"https:\/\/projetoslayerup.com.br\/smeducacao\/como-a-sm-educacao-apoia-a-educacao-publica-no-pnld-anos-iniciais-2027\/#primaryimage"},"image":{"@id":"https:\/\/projetoslayerup.com.br\/smeducacao\/como-a-sm-educacao-apoia-a-educacao-publica-no-pnld-anos-iniciais-2027\/#primaryimage"},"thumbnailUrl":"https:\/\/projetoslayerup.com.br\/smeducacao\/wp-content\/uploads\/2026\/05\/SM_BlogpostPNLD-Anos-Iniciais_Header_Abr_2026.png","datePublished":"2026-05-08T13:51:03+00:00","dateModified":"2026-08-19T18:15:39+00:00","author":{"@id":"https:\/\/projetoslayerup.com.br\/smeducacao\/#\/schema\/person\/45d7d41388698d0f902ff276caab47f5"},"description":"Conhe\u00e7a a trajet\u00f3ria da Educa\u00e7\u00e3o P\u00fablica no Brasil e descubra como a expertise de mais de 80 anos da SM molda o PNLD Anos Iniciais para a escola do futuro.","breadcrumb":{"@id":"https:\/\/projetoslayerup.com.br\/smeducacao\/como-a-sm-educacao-apoia-a-educacao-publica-no-pnld-anos-iniciais-2027\/#breadcrumb"},"inLanguage":"pt-BR","potentialAction":[{"@type":"ReadAction","target":["https:\/\/projetoslayerup.com.br\/smeducacao\/como-a-sm-educacao-apoia-a-educacao-publica-no-pnld-anos-iniciais-2027\/"]}]},{"@type":"ImageObject","inLanguage":"pt-BR","@id":"https:\/\/projetoslayerup.com.br\/smeducacao\/como-a-sm-educacao-apoia-a-educacao-publica-no-pnld-anos-iniciais-2027\/#primaryimage","url":"https:\/\/projetoslayerup.com.br\/smeducacao\/wp-content\/uploads\/2026\/05\/SM_BlogpostPNLD-Anos-Iniciais_Header_Abr_2026.png","contentUrl":"https:\/\/projetoslayerup.com.br\/smeducacao\/wp-content\/uploads\/2026\/05\/SM_BlogpostPNLD-Anos-Iniciais_Header_Abr_2026.png","width":1516,"height":864},{"@type":"BreadcrumbList","@id":"https:\/\/projetoslayerup.com.br\/smeducacao\/como-a-sm-educacao-apoia-a-educacao-publica-no-pnld-anos-iniciais-2027\/#breadcrumb","itemListElement":[{"@type":"ListItem","position":1,"name":"In\u00edcio","item":"https:\/\/projetoslayerup.com.br\/smeducacao\/"},{"@type":"ListItem","position":2,"name":"Como a SM Educa\u00e7\u00e3o apoia a Educa\u00e7\u00e3o P\u00fablica no PNLD Anos Iniciais 2027?"}]},{"@type":"WebSite","@id":"https:\/\/projetoslayerup.com.br\/smeducacao\/#website","url":"https:\/\/projetoslayerup.com.br\/smeducacao\/","name":"SM Educa\u00e7\u00e3o - Juntos cuidamos da educa\u00e7\u00e3o!","description":"Transformamos a educa\u00e7\u00e3o por meio de solu\u00e7\u00f5es digitais, solu\u00e7\u00f5es did\u00e1ticas para uma aprendizagem personalizada e solu\u00e7\u00f5es estrat\u00e9gicas eficientes. Juntos cuidamos da Educa\u00e7\u00e3o!","potentialAction":[{"@type":"SearchAction","target":{"@type":"EntryPoint","urlTemplate":"https:\/\/projetoslayerup.com.br\/smeducacao\/?s={search_term_string}"},"query-input":{"@type":"PropertyValueSpecification","valueRequired":true,"valueName":"search_term_string"}}],"inLanguage":"pt-BR"},{"@type":"Person","@id":"https:\/\/projetoslayerup.com.br\/smeducacao\/#\/schema\/person\/45d7d41388698d0f902ff276caab47f5","name":"SM Educa\u00e7\u00e3o","image":{"@type":"ImageObject","inLanguage":"pt-BR","@id":"https:\/\/secure.gravatar.com\/avatar\/24327468bc2a6fb95889620b4158620d90c5e352f7a18c30af0e3f8cb70bc104?s=96&d=mm&r=g","url":"https:\/\/secure.gravatar.com\/avatar\/24327468bc2a6fb95889620b4158620d90c5e352f7a18c30af0e3f8cb70bc104?s=96&d=mm&r=g","contentUrl":"https:\/\/secure.gravatar.com\/avatar\/24327468bc2a6fb95889620b4158620d90c5e352f7a18c30af0e3f8cb70bc104?s=96&d=mm&r=g","caption":"SM Educa\u00e7\u00e3o"},"url":"https:\/\/projetoslayerup.com.br\/smeducacao\/author\/smeducacao2021\/"}]}},"_links":{"self":[{"href":"https:\/\/projetoslayerup.com.br\/smeducacao\/wp-json\/wp\/v2\/posts\/7878","targetHints":{"allow":["GET"]}}],"collection":[{"href":"https:\/\/projetoslayerup.com.br\/smeducacao\/wp-json\/wp\/v2\/posts"}],"about":[{"href":"https:\/\/projetoslayerup.com.br\/smeducacao\/wp-json\/wp\/v2\/types\/post"}],"author":[{"embeddable":true,"href":"https:\/\/projetoslayerup.com.br\/smeducacao\/wp-json\/wp\/v2\/users\/2"}],"replies":[{"embeddable":true,"href":"https:\/\/projetoslayerup.com.br\/smeducacao\/wp-json\/wp\/v2\/comments?post=7878"}],"version-history":[{"count":1,"href":"https:\/\/projetoslayerup.com.br\/smeducacao\/wp-json\/wp\/v2\/posts\/7878\/revisions"}],"predecessor-version":[{"id":13352,"href":"https:\/\/projetoslayerup.com.br\/smeducacao\/wp-json\/wp\/v2\/posts\/7878\/revisions\/13352"}],"wp:featuredmedia":[{"embeddable":true,"href":"https:\/\/projetoslayerup.com.br\/smeducacao\/wp-json\/wp\/v2\/media\/7882"}],"wp:attachment":[{"href":"https:\/\/projetoslayerup.com.br\/smeducacao\/wp-json\/wp\/v2\/media?parent=7878"}],"wp:term":[{"taxonomy":"category","embeddable":true,"href":"https:\/\/projetoslayerup.com.br\/smeducacao\/wp-json\/wp\/v2\/categories?post=7878"},{"taxonomy":"post_tag","embeddable":true,"href":"https:\/\/projetoslayerup.com.br\/smeducacao\/wp-json\/wp\/v2\/tags?post=7878"},{"taxonomy":"blog_nivel_escolar","embeddable":true,"href":"https:\/\/projetoslayerup.com.br\/smeducacao\/wp-json\/wp\/v2\/blog_nivel_escolar?post=7878"},{"taxonomy":"blog_segmento_escolar","embeddable":true,"href":"https:\/\/projetoslayerup.com.br\/smeducacao\/wp-json\/wp\/v2\/blog_segmento_escolar?post=7878"}],"curies":[{"name":"wp","href":"https:\/\/api.w.org\/{rel}","templated":true}]}}