{"id":788,"date":"2020-01-24T18:00:08","date_gmt":"2020-01-24T21:00:08","guid":{"rendered":"https:\/\/www.aeducacaonosmove.com.br\/blog\/projeto-politico-pedagogico"},"modified":"2020-01-24T18:00:08","modified_gmt":"2020-01-24T21:00:08","slug":"projeto-politico-pedagogico","status":"publish","type":"post","link":"https:\/\/projetoslayerup.com.br\/smeducacao\/projeto-politico-pedagogico\/","title":{"rendered":"Entenda como melhor utilizar o\u00a0Projeto Pol\u00edtico Pedag\u00f3gico em sua escola"},"content":{"rendered":"<p>O <strong>Projeto Pol\u00edtico Pedag\u00f3gico (PPP)<\/strong> \u00e9 um documento exigido pela <strong>Lei de Diretrizes e Bases da Educa\u00e7\u00e3o Nacional (LDB)<\/strong> e tem o objetivo de apresentar como a escola se organiza em torno de seus m\u00e9todos pedag\u00f3gicos,\u00a0identidade, miss\u00e3o e objetivos.<\/p>\n<p>Fica mais f\u00e1cil entender as dimens\u00f5es retratadas nesse documento a partir dos termos que comp\u00f5em a sigla PPP. <strong>Projeto<\/strong> \u00e9 o plano de a\u00e7\u00e3o; envolve as propostas e os meios que a escola utiliza para alcan\u00e7ar os objetivos delineados no documento. <strong>Pol\u00edtico<\/strong> se refere \u00e0 maneira como a escola se insere no contexto social e, dessa forma, contribui para uma forma\u00e7\u00e3o cidad\u00e3 dos alunos.<\/p>\n<p>E, finalmente, <strong>Pedag\u00f3gico<\/strong> trata do conjunto de projetos e atividades educacionais desenvolvidos na escola que contribuem para a melhora da rela\u00e7\u00e3o de ensino-aprendizado na sala de aula. Se voc\u00ea quer entender boas pr\u00e1ticas para o Projeto Pol\u00edtico Pedag\u00f3gico da sua escola, continue esta leitura e anote as nossas dicas!<\/p>\n<h2>Realizar um diagn\u00f3stico da escola<\/h2>\n<p><strong>Conhecer a escola \u00e9 o primeiro passo<\/strong>. A elabora\u00e7\u00e3o desse documento exige um estrito diagn\u00f3stico da institui\u00e7\u00e3o em todas as suas \u00e1reas: rela\u00e7\u00e3o com as fam\u00edlias dos alunos, <a href=\"https:\/\/projetoslayerup.com.br\/smeducacao\/metodos-inovadores-avaliacao\/\">crit\u00e9rios de avalia\u00e7\u00e3o escolar<\/a>, dados e estat\u00edsticas sobre os resultados em sala de aula, <a href=\"https:\/\/projetoslayerup.com.br\/smeducacao\/alunos-com-tdah\/\">diretrizes pedag\u00f3gicas<\/a>, etc.<\/p>\n<p>A equipe respons\u00e1vel pelo Projeto Pol\u00edtico Pedag\u00f3gico pode ser constitu\u00edda de diversas formas, como por meio de um conselho (com membros dos diferentes setores da comunidade escolar) ou via um grupo mais restrito de gestores.<\/p>\n<p>O que n\u00e3o pode faltar na constru\u00e7\u00e3o desse documento \u00e9 a figura de um mobilizador, posi\u00e7\u00e3o comumente sob responsabilidade da dire\u00e7\u00e3o escolar, e a garantia de que essa \u00e9 uma a\u00e7\u00e3o colaborativa: <strong>debates e trocas de experi\u00eancias <\/strong>com a presen\u00e7a de educadores e membros da dire\u00e7\u00e3o ajudam na elabora\u00e7\u00e3o de um documento fiel \u00e0 realidade da escola.<\/p>\n<h2>Projeto Pol\u00edtico Pedag\u00f3gico para definir metas para a institui\u00e7\u00e3o<\/h2>\n<p>As discuss\u00f5es em torno do Projeto Pol\u00edtico Pedag\u00f3gico devem gerar conclus\u00f5es sobre os desafios enfrentados pela escola. Nessa fase, devem ser definidas objetivamente metas e o que ser\u00e1 feito para alcan\u00e7\u00e1-las em cada um dos setores.<\/p>\n<p>\u00c9 importante que as metas ofere\u00e7am prazos e permitam definir quais profissionais ser\u00e3o mobilizados. Isso significa que <strong>n\u00e3o se deve ficar apenas na discuss\u00e3o te\u00f3rica sobre o que \u00e9 melhor para a comunidade escolar<\/strong>. Alguns exemplos de medidas diretas s\u00e3o altera\u00e7\u00f5es no curr\u00edculo escolar e atualiza\u00e7\u00e3o de <a href=\"https:\/\/projetoslayerup.com.br\/smeducacao\/o-que-analisar-ao-escolher-uma-editora-de-livros-didaticos\/\">livros did\u00e1ticos<\/a>.<\/p>\n<h2>Disponibilizar o documento para a comunidade escolar<\/h2>\n<p>Um erro comum no uso do Projeto Pol\u00edtico Pedag\u00f3gico \u00e9 n\u00e3o tornar o documento acess\u00edvel para todos os interessados. Saiba que, al\u00e9m de manter PPP atualizado, \u00e9 importante que a gest\u00e3o escolar o disponibilize em formas impressas (cartazes e <em>folders<\/em>, por exemplo) e no meio digital (no <em>site<\/em> da institui\u00e7\u00e3o e nas redes sociais).<\/p>\n<p>Manter os alunos e os seus respons\u00e1veis, os educadores e demais funcion\u00e1rios por dentro dos objetivos da escola \u00e9 uma excelente estrat\u00e9gia de engajamento.<\/p>\n<p>Cumprir todas as etapas na elabora\u00e7\u00e3o do Projeto Pol\u00edtico Pedag\u00f3gico permite que a escola organize suas atividades internas e defina suas metas de crescimento. Mas \u00e9 importante lembrar que a constru\u00e7\u00e3o e divulga\u00e7\u00e3o desse documento n\u00e3o \u00e9 o final do processo.<\/p>\n<p>As normas do Projeto Pol\u00edtico Pedag\u00f3gico devem ser<strong> revisitadas periodicamente<\/strong> e as <strong>a\u00e7\u00f5es realizadas dentro da escola precisam ser acompanhadas<\/strong> pela gest\u00e3o. Dessa forma, os respons\u00e1veis por esse documento conseguem reconhecer as necessidades da comunidade, enfrentar novos desafios e manter os objetivos da escola alinhados com a proposta.<\/p>\n<p>Gostou das dicas? Para ficar por dentro de outras discuss\u00f5es importantes em torno da educa\u00e7\u00e3o.<\/p>\n<p>Acompanhe nossas redes sociais e conte conosco para est\u00e1 evolu\u00e7\u00e3o na EDUCA\u00c7\u00c3O!<\/p>\n<p><strong>PORQUE A EDUCA\u00c7\u00c3O NOS MOVE!<\/strong><\/p>\n<ul>\n<li style=\"list-style-type: none;\">\n<ul>\n<li>Facebook (<a href=\"http:\/\/clickemailmkt.smbrasil.com.br\/ls\/click?upn=0ol-2FAXqDZWKwdVOx0kejzKQ-2B86uCxE8iCawGKNMwl0JJNpvVBsDyOpJNv18-2F6WY7elo8Sb9SapmrSltD4faMQFfWtPOyFYHpcjYOK2GSUEOYPP3bXfnCtG0jF-2FyNvlyU9RzKsSxp08B87y67wijGk3WiL-2FUjUIRonL1c3k9YLMtSFLBlRcYsLYoRF14NYC9YlLwKx79-2BCwzALgA5UoioxA-3D-3DgD8J_IAQU-2FzAIJiFca56OZICpxs1BJuacCg98tjObg9iFzvCEQ17FQhyPe64c2AwKI0IjalnEgDY7i3vYdQKc8L48b6WwjHNEuMAP9NCd6pD82ifNikZ-2BOZjJpTrl2o8BRp-2FAirnM86CeJ7zZCtEZJQ1M5nOkZuPi0tx-2B3St0XNWaqzeLyM5dxUySFbqjoJSfvBUwxpeeEZLErfPLBGFTRYeLW5xR7CeJKLprQjTQGzWhlslrE6ahN1-2FnnfOpdhdavhnY8-2BNwcNPsEq1HzNhhpTUgy9Rq-2FwwM-2Fa2VsMADrSl2p6sq23OHhP9pvtjgTalaZVtET55Q2qMqzoNcA-2FvSuVaqusJVk1-2FEKs9-2F6kTlxZKChnjZi90JoATIqzsu4jWXANIGyCIc3OG6RpWmqN5X3bepQSwj78PH5AGApBSKxWhGnEGXhEoQujITKGz1AO6YUriWUvaZT3BsWugzjfyvxGeLokVlbezDubpULT-2BuXKnW-2FIkzlx3PKszPYwV8MiChsdKO\" target=\"_blank\" rel=\"noopener noreferrer\">https:\/\/www.facebook.com\/SMEducacao\/<\/a>)<\/li>\n<li>Instagram: (<a href=\"http:\/\/clickemailmkt.smbrasil.com.br\/ls\/click?upn=0ol-2FAXqDZWKwdVOx0kejzLxyM57Q-2BhUjG2lmqEd2cQq8eRmhGSNtGfnvbC8lXuaSYDv1nrJpFmmjr9lzhFurGZQWj2dSCBez30DWmCdqiFs9xFdyE97zB1E3u0eU2f-2BneU4hySaI9d5zAANUnaDyo5H5AALJcE2KityC-2FRNFTrQT85B7tCHBowYBI3ZEtB0WLdXCi4WFhDfstq4fJkqKbYmbsx0e-2B0IiHLYL-2FBjDEv8-3D-MYn_IAQU-2FzAIJiFca56OZICpxs1BJuacCg98tjObg9iFzvCEQ17FQhyPe64c2AwKI0IjalnEgDY7i3vYdQKc8L48b6WwjHNEuMAP9NCd6pD82ifNikZ-2BOZjJpTrl2o8BRp-2FAirnM86CeJ7zZCtEZJQ1M5nOkZuPi0tx-2B3St0XNWaqzeLyM5dxUySFbqjoJSfvBUwxpeeEZLErfPLBGFTRYeLW5xR7CeJKLprQjTQGzWhlslrE6ahN1-2FnnfOpdhdavhnY8-2BNwcNPsEq1HzNhhpTUgy9Rq-2FwwM-2Fa2VsMADrSl2p6sq23OHhP9pvtjgTalaZVtET55Q2qMqzoNcA-2FvSuVaqussN9L7g7d2nDbtIH8Tt4Ld5N0synJyuSQRULc1GM6k9wVuciu2vT42DbO60-2B2GDBMvta3ytnz56MucjPuU7sEej0zkgR9Itzox8x-2BIdVE6hGiqGn7RJ2Co94lukp5sWFhvzyt2nDIsmRkXsINPADRurXvZx3OvuRGJQrmrNqZKf\" target=\"_blank\" rel=\"noopener noreferrer\">https:\/\/www.instagram.com\/smeducacao\/?hl=pt-br<\/a>)<\/li>\n<li>LinkedIn: (<a href=\"http:\/\/clickemailmkt.smbrasil.com.br\/ls\/click?upn=0ol-2FAXqDZWKwdVOx0kejzDCUXix2KfN-2F86yGJeIqQFtC78yi2jRN-2F40qVkkFM7-2FJwt0urH9eWgcHNx67eH1KDHr9TQnv7jSwsqUZrNGDYtKx44UG3gL-2BF26TVx2Eyask0v3Udc72mofrdOuPWxpKOjaRPek2TeOLSaoXqpEJNgRbCaBVCEDAoFDx-2BJ01Mo4fTDsZtG0IgOV2LrV-2F8fgc6ug1qf2v5gwQWY9-2BA-2BnSJmQ-3DtrLU_IAQU-2FzAIJiFca56OZICpxs1BJuacCg98tjObg9iFzvCEQ17FQhyPe64c2AwKI0IjalnEgDY7i3vYdQKc8L48b6WwjHNEuMAP9NCd6pD82ifNikZ-2BOZjJpTrl2o8BRp-2FAirnM86CeJ7zZCtEZJQ1M5nOkZuPi0tx-2B3St0XNWaqzeLyM5dxUySFbqjoJSfvBUwxpeeEZLErfPLBGFTRYeLW5xR7CeJKLprQjTQGzWhlslrE6ahN1-2FnnfOpdhdavhnY8-2BNwcNPsEq1HzNhhpTUgy9Rq-2FwwM-2Fa2VsMADrSl2p6sq23OHhP9pvtjgTalaZVtET55Q2qMqzoNcA-2FvSuVaquqORk3I5CeEwNv9wQHhZoJMvNvve9u-2FYtO5irlKDGhMzUROy75PhHJbXKRsiS8S9TEw4aBvlhvWgguXzjpKlD0XxZ0hPMUbuzGLx911LKiTTYTkHxFmEI-2B3PsCQK4Fb3fO-2FCCL3cQ-2FhXqUrnV-2BhlynrL7h1aWWb1IYBSvDiVBhpa\" target=\"_blank\" rel=\"noopener noreferrer\">https:\/\/www.linkedin.com\/company\/sm-educacao\/<\/a>)<\/li>\n<li>YouTube:\u00a0<a href=\"http:\/\/clickemailmkt.smbrasil.com.br\/ls\/click?upn=0ol-2FAXqDZWKwdVOx0kejzE1Sq-2BP8sgreIBBXDAWVszXZgq42UKnxRR-2FyzjalmmJ-2Bb-2B1KqizX6bcJiLoJOYQzsAz-2B09gV8y-2FxamuuNiIuU9JF0YhUqZz599vtr8KUuMtnstYRaMB7DjTf-2F3oGFJCdXIttWHrxqfQxgEZnrt2xH-2Fw4ZVVOnIlTOLTmBW73PqE-2B-2F1M7Qu1Zj7ua5OvgQv43VB6h-2BPlQZBy7dsiOLzlfKJQ-3DEI8A_IAQU-2FzAIJiFca56OZICpxs1BJuacCg98tjObg9iFzvCEQ17FQhyPe64c2AwKI0IjalnEgDY7i3vYdQKc8L48b6WwjHNEuMAP9NCd6pD82ifNikZ-2BOZjJpTrl2o8BRp-2FAirnM86CeJ7zZCtEZJQ1M5nOkZuPi0tx-2B3St0XNWaqzeLyM5dxUySFbqjoJSfvBUwxpeeEZLErfPLBGFTRYeLW5xR7CeJKLprQjTQGzWhlslrE6ahN1-2FnnfOpdhdavhnY8-2BNwcNPsEq1HzNhhpTUgy9Rq-2FwwM-2Fa2VsMADrSl2p6sq23OHhP9pvtjgTalaZVtET55Q2qMqzoNcA-2FvSuVaquk5o2sn2xt0Doy6gIihhW2ly1XBynWg-2BDZjYmWhFcg4xTi59oww0ydwOP7EWs1jJerSeZ-2FtW7UwLU5yz2qZI8Wq2WBrrtMM1aqRbbGiell93AeQCjQgwko-2BWxU8zqe6Fxt9bc667-2FN6iJggA1XtupQW-2FByad5u4O5Tc-2F0A3CSllN\" target=\"_blank\" rel=\"noopener noreferrer\">(https:\/\/www.youtube.com\/user\/edicoessm\/featured<\/a>)<\/li>\n<\/ul>\n<\/li>\n<\/ul>\n<div id=\"formulario-para-aplicacao-ao-final-dos-blogposts-382a210f79fd035353bb\" role=\"main\"><\/div>\n<p><script type=\"text\/javascript\" src=\"https:\/\/d335luupugsy2.cloudfront.net\/js\/rdstation-forms\/stable\/rdstation-forms.min.js\"><\/script><br \/>\n<script type=\"text\/javascript\"> new RDStationForms('formulario-para-aplicacao-ao-final-dos-blogposts-382a210f79fd035353bb', 'UA-12840758-1').createForm();<\/script><\/p>\n","protected":false},"excerpt":{"rendered":"<p>O Projeto Pol\u00edtico Pedag\u00f3gico (PPP) \u00e9 um documento exigido pela Lei de Diretrizes e Bases da Educa\u00e7\u00e3o Nacional (LDB) e tem o objetivo de apresentar como a escola se organiza em torno de seus m\u00e9todos pedag\u00f3gicos,\u00a0identidade, miss\u00e3o e objetivos. Fica mais f\u00e1cil entender as dimens\u00f5es retratadas nesse documento a partir dos termos que comp\u00f5em a [&hellip;]<\/p>\n","protected":false},"author":2,"featured_media":789,"comment_status":"open","ping_status":"open","sticky":false,"template":"","format":"standard","meta":{"_acf_changed":false,"footnotes":""},"categories":[4],"tags":[82,83],"blog_nivel_escolar":[],"blog_segmento_escolar":[],"class_list":["post-788","post","type-post","status-publish","format-standard","has-post-thumbnail","hentry","category-dicas-professor","tag-gestao-escolar","tag-ppp"],"acf":[],"yoast_head":"<!-- This site is optimized with the Yoast SEO plugin v28.3 - https:\/\/yoast.com\/product\/yoast-seo-wordpress\/ -->\n<title>Entenda como melhor utilizar o\u00a0Projeto Pol\u00edtico Pedag\u00f3gico em sua escola - SM Educa\u00e7\u00e3o - Juntos cuidamos da educa\u00e7\u00e3o!<\/title>\n<meta name=\"description\" content=\"O Projeto Pol\u00edtico Pedag\u00f3gico (PPP) \u00e9 um documento exigido pela Lei de Diretrizes e Bases da Educa\u00e7\u00e3o Nacional (LDB).\" \/>\n<meta name=\"robots\" content=\"noindex, follow, max-snippet:-1, max-image-preview:large, max-video-preview:-1\" \/>\n<meta property=\"og:locale\" content=\"pt_BR\" \/>\n<meta property=\"og:type\" content=\"article\" \/>\n<meta property=\"og:title\" content=\"Entenda como melhor utilizar o\u00a0Projeto Pol\u00edtico Pedag\u00f3gico em sua escola - SM Educa\u00e7\u00e3o - Juntos cuidamos da educa\u00e7\u00e3o!\" \/>\n<meta property=\"og:description\" content=\"O Projeto Pol\u00edtico Pedag\u00f3gico (PPP) \u00e9 um documento exigido pela Lei de Diretrizes e Bases da Educa\u00e7\u00e3o Nacional (LDB).\" \/>\n<meta property=\"og:url\" content=\"https:\/\/projetoslayerup.com.br\/smeducacao\/projeto-politico-pedagogico\/\" \/>\n<meta property=\"og:site_name\" content=\"SM Educa\u00e7\u00e3o - Juntos cuidamos da educa\u00e7\u00e3o!\" \/>\n<meta property=\"article:published_time\" content=\"2020-01-24T21:00:08+00:00\" \/>\n<meta property=\"og:image\" content=\"https:\/\/projetoslayerup.com.br\/smeducacao\/wp-content\/uploads\/2020\/01\/original-7d8338b21798e3b327717fb9ab1777f2-e1585598659157.jpeg\" \/>\n\t<meta property=\"og:image:width\" content=\"674\" \/>\n\t<meta property=\"og:image:height\" content=\"449\" \/>\n\t<meta property=\"og:image:type\" content=\"image\/jpeg\" \/>\n<meta name=\"author\" content=\"SM Educa\u00e7\u00e3o\" \/>\n<meta name=\"twitter:card\" content=\"summary_large_image\" \/>\n<meta name=\"twitter:label1\" content=\"Escrito por\" \/>\n\t<meta name=\"twitter:data1\" content=\"SM Educa\u00e7\u00e3o\" \/>\n\t<meta name=\"twitter:label2\" content=\"Est. tempo de leitura\" \/>\n\t<meta name=\"twitter:data2\" content=\"4 minutos\" \/>\n<script type=\"application\/ld+json\" class=\"yoast-schema-graph\">{\"@context\":\"https:\\\/\\\/schema.org\",\"@graph\":[{\"@type\":\"Article\",\"@id\":\"https:\\\/\\\/projetoslayerup.com.br\\\/smeducacao\\\/projeto-politico-pedagogico\\\/#article\",\"isPartOf\":{\"@id\":\"https:\\\/\\\/projetoslayerup.com.br\\\/smeducacao\\\/projeto-politico-pedagogico\\\/\"},\"author\":{\"name\":\"SM Educa\u00e7\u00e3o\",\"@id\":\"https:\\\/\\\/projetoslayerup.com.br\\\/smeducacao\\\/#\\\/schema\\\/person\\\/45d7d41388698d0f902ff276caab47f5\"},\"headline\":\"Entenda como melhor utilizar o\u00a0Projeto Pol\u00edtico Pedag\u00f3gico em sua escola\",\"datePublished\":\"2020-01-24T21:00:08+00:00\",\"mainEntityOfPage\":{\"@id\":\"https:\\\/\\\/projetoslayerup.com.br\\\/smeducacao\\\/projeto-politico-pedagogico\\\/\"},\"wordCount\":708,\"commentCount\":0,\"image\":{\"@id\":\"https:\\\/\\\/projetoslayerup.com.br\\\/smeducacao\\\/projeto-politico-pedagogico\\\/#primaryimage\"},\"thumbnailUrl\":\"https:\\\/\\\/projetoslayerup.com.br\\\/smeducacao\\\/wp-content\\\/uploads\\\/2020\\\/01\\\/original-7d8338b21798e3b327717fb9ab1777f2-e1585598659157.jpeg\",\"keywords\":[\"gest\u00e3o escolar\",\"ppp\"],\"articleSection\":[\"Dicas para professores\"],\"inLanguage\":\"pt-BR\",\"potentialAction\":[{\"@type\":\"CommentAction\",\"name\":\"Comment\",\"target\":[\"https:\\\/\\\/projetoslayerup.com.br\\\/smeducacao\\\/projeto-politico-pedagogico\\\/#respond\"]}]},{\"@type\":\"WebPage\",\"@id\":\"https:\\\/\\\/projetoslayerup.com.br\\\/smeducacao\\\/projeto-politico-pedagogico\\\/\",\"url\":\"https:\\\/\\\/projetoslayerup.com.br\\\/smeducacao\\\/projeto-politico-pedagogico\\\/\",\"name\":\"Entenda como melhor utilizar o\u00a0Projeto Pol\u00edtico Pedag\u00f3gico em sua escola - SM Educa\u00e7\u00e3o - Juntos cuidamos da educa\u00e7\u00e3o!\",\"isPartOf\":{\"@id\":\"https:\\\/\\\/projetoslayerup.com.br\\\/smeducacao\\\/#website\"},\"primaryImageOfPage\":{\"@id\":\"https:\\\/\\\/projetoslayerup.com.br\\\/smeducacao\\\/projeto-politico-pedagogico\\\/#primaryimage\"},\"image\":{\"@id\":\"https:\\\/\\\/projetoslayerup.com.br\\\/smeducacao\\\/projeto-politico-pedagogico\\\/#primaryimage\"},\"thumbnailUrl\":\"https:\\\/\\\/projetoslayerup.com.br\\\/smeducacao\\\/wp-content\\\/uploads\\\/2020\\\/01\\\/original-7d8338b21798e3b327717fb9ab1777f2-e1585598659157.jpeg\",\"datePublished\":\"2020-01-24T21:00:08+00:00\",\"author\":{\"@id\":\"https:\\\/\\\/projetoslayerup.com.br\\\/smeducacao\\\/#\\\/schema\\\/person\\\/45d7d41388698d0f902ff276caab47f5\"},\"description\":\"O Projeto Pol\u00edtico Pedag\u00f3gico (PPP) \u00e9 um documento exigido pela Lei de Diretrizes e Bases da Educa\u00e7\u00e3o Nacional (LDB).\",\"breadcrumb\":{\"@id\":\"https:\\\/\\\/projetoslayerup.com.br\\\/smeducacao\\\/projeto-politico-pedagogico\\\/#breadcrumb\"},\"inLanguage\":\"pt-BR\",\"potentialAction\":[{\"@type\":\"ReadAction\",\"target\":[\"https:\\\/\\\/projetoslayerup.com.br\\\/smeducacao\\\/projeto-politico-pedagogico\\\/\"]}]},{\"@type\":\"ImageObject\",\"inLanguage\":\"pt-BR\",\"@id\":\"https:\\\/\\\/projetoslayerup.com.br\\\/smeducacao\\\/projeto-politico-pedagogico\\\/#primaryimage\",\"url\":\"https:\\\/\\\/projetoslayerup.com.br\\\/smeducacao\\\/wp-content\\\/uploads\\\/2020\\\/01\\\/original-7d8338b21798e3b327717fb9ab1777f2-e1585598659157.jpeg\",\"contentUrl\":\"https:\\\/\\\/projetoslayerup.com.br\\\/smeducacao\\\/wp-content\\\/uploads\\\/2020\\\/01\\\/original-7d8338b21798e3b327717fb9ab1777f2-e1585598659157.jpeg\",\"width\":674,\"height\":449,\"caption\":\"Projeto Pol\u00edtico Pedag\u00f3gico\"},{\"@type\":\"BreadcrumbList\",\"@id\":\"https:\\\/\\\/projetoslayerup.com.br\\\/smeducacao\\\/projeto-politico-pedagogico\\\/#breadcrumb\",\"itemListElement\":[{\"@type\":\"ListItem\",\"position\":1,\"name\":\"In\u00edcio\",\"item\":\"https:\\\/\\\/projetoslayerup.com.br\\\/smeducacao\\\/\"},{\"@type\":\"ListItem\",\"position\":2,\"name\":\"Entenda como melhor utilizar o\u00a0Projeto Pol\u00edtico Pedag\u00f3gico em sua escola\"}]},{\"@type\":\"WebSite\",\"@id\":\"https:\\\/\\\/projetoslayerup.com.br\\\/smeducacao\\\/#website\",\"url\":\"https:\\\/\\\/projetoslayerup.com.br\\\/smeducacao\\\/\",\"name\":\"SM Educa\u00e7\u00e3o - Juntos cuidamos da educa\u00e7\u00e3o!\",\"description\":\"Transformamos a educa\u00e7\u00e3o por meio de solu\u00e7\u00f5es digitais, solu\u00e7\u00f5es did\u00e1ticas para uma aprendizagem personalizada e solu\u00e7\u00f5es estrat\u00e9gicas eficientes. Juntos cuidamos da Educa\u00e7\u00e3o!\",\"potentialAction\":[{\"@type\":\"SearchAction\",\"target\":{\"@type\":\"EntryPoint\",\"urlTemplate\":\"https:\\\/\\\/projetoslayerup.com.br\\\/smeducacao\\\/?s={search_term_string}\"},\"query-input\":{\"@type\":\"PropertyValueSpecification\",\"valueRequired\":true,\"valueName\":\"search_term_string\"}}],\"inLanguage\":\"pt-BR\"},{\"@type\":\"Person\",\"@id\":\"https:\\\/\\\/projetoslayerup.com.br\\\/smeducacao\\\/#\\\/schema\\\/person\\\/45d7d41388698d0f902ff276caab47f5\",\"name\":\"SM Educa\u00e7\u00e3o\",\"image\":{\"@type\":\"ImageObject\",\"inLanguage\":\"pt-BR\",\"@id\":\"https:\\\/\\\/secure.gravatar.com\\\/avatar\\\/24327468bc2a6fb95889620b4158620d90c5e352f7a18c30af0e3f8cb70bc104?s=96&d=mm&r=g\",\"url\":\"https:\\\/\\\/secure.gravatar.com\\\/avatar\\\/24327468bc2a6fb95889620b4158620d90c5e352f7a18c30af0e3f8cb70bc104?s=96&d=mm&r=g\",\"contentUrl\":\"https:\\\/\\\/secure.gravatar.com\\\/avatar\\\/24327468bc2a6fb95889620b4158620d90c5e352f7a18c30af0e3f8cb70bc104?s=96&d=mm&r=g\",\"caption\":\"SM Educa\u00e7\u00e3o\"},\"url\":\"https:\\\/\\\/projetoslayerup.com.br\\\/smeducacao\\\/author\\\/smeducacao2021\\\/\"}]}<\/script>\n<!-- \/ Yoast SEO plugin. -->","yoast_head_json":{"title":"Entenda como melhor utilizar o\u00a0Projeto Pol\u00edtico Pedag\u00f3gico em sua escola - SM Educa\u00e7\u00e3o - Juntos cuidamos da educa\u00e7\u00e3o!","description":"O Projeto Pol\u00edtico Pedag\u00f3gico (PPP) \u00e9 um documento exigido pela Lei de Diretrizes e Bases da Educa\u00e7\u00e3o Nacional (LDB).","robots":{"index":"noindex","follow":"follow","max-snippet":"max-snippet:-1","max-image-preview":"max-image-preview:large","max-video-preview":"max-video-preview:-1"},"og_locale":"pt_BR","og_type":"article","og_title":"Entenda como melhor utilizar o\u00a0Projeto Pol\u00edtico Pedag\u00f3gico em sua escola - SM Educa\u00e7\u00e3o - Juntos cuidamos da educa\u00e7\u00e3o!","og_description":"O Projeto Pol\u00edtico Pedag\u00f3gico (PPP) \u00e9 um documento exigido pela Lei de Diretrizes e Bases da Educa\u00e7\u00e3o Nacional (LDB).","og_url":"https:\/\/projetoslayerup.com.br\/smeducacao\/projeto-politico-pedagogico\/","og_site_name":"SM Educa\u00e7\u00e3o - Juntos cuidamos da educa\u00e7\u00e3o!","article_published_time":"2020-01-24T21:00:08+00:00","og_image":[{"width":674,"height":449,"url":"https:\/\/projetoslayerup.com.br\/smeducacao\/wp-content\/uploads\/2020\/01\/original-7d8338b21798e3b327717fb9ab1777f2-e1585598659157.jpeg","type":"image\/jpeg"}],"author":"SM Educa\u00e7\u00e3o","twitter_card":"summary_large_image","twitter_misc":{"Escrito por":"SM Educa\u00e7\u00e3o","Est. tempo de leitura":"4 minutos"},"schema":{"@context":"https:\/\/schema.org","@graph":[{"@type":"Article","@id":"https:\/\/projetoslayerup.com.br\/smeducacao\/projeto-politico-pedagogico\/#article","isPartOf":{"@id":"https:\/\/projetoslayerup.com.br\/smeducacao\/projeto-politico-pedagogico\/"},"author":{"name":"SM Educa\u00e7\u00e3o","@id":"https:\/\/projetoslayerup.com.br\/smeducacao\/#\/schema\/person\/45d7d41388698d0f902ff276caab47f5"},"headline":"Entenda como melhor utilizar o\u00a0Projeto Pol\u00edtico Pedag\u00f3gico em sua escola","datePublished":"2020-01-24T21:00:08+00:00","mainEntityOfPage":{"@id":"https:\/\/projetoslayerup.com.br\/smeducacao\/projeto-politico-pedagogico\/"},"wordCount":708,"commentCount":0,"image":{"@id":"https:\/\/projetoslayerup.com.br\/smeducacao\/projeto-politico-pedagogico\/#primaryimage"},"thumbnailUrl":"https:\/\/projetoslayerup.com.br\/smeducacao\/wp-content\/uploads\/2020\/01\/original-7d8338b21798e3b327717fb9ab1777f2-e1585598659157.jpeg","keywords":["gest\u00e3o escolar","ppp"],"articleSection":["Dicas para professores"],"inLanguage":"pt-BR","potentialAction":[{"@type":"CommentAction","name":"Comment","target":["https:\/\/projetoslayerup.com.br\/smeducacao\/projeto-politico-pedagogico\/#respond"]}]},{"@type":"WebPage","@id":"https:\/\/projetoslayerup.com.br\/smeducacao\/projeto-politico-pedagogico\/","url":"https:\/\/projetoslayerup.com.br\/smeducacao\/projeto-politico-pedagogico\/","name":"Entenda como melhor utilizar o\u00a0Projeto Pol\u00edtico Pedag\u00f3gico em sua escola - SM Educa\u00e7\u00e3o - Juntos cuidamos da educa\u00e7\u00e3o!","isPartOf":{"@id":"https:\/\/projetoslayerup.com.br\/smeducacao\/#website"},"primaryImageOfPage":{"@id":"https:\/\/projetoslayerup.com.br\/smeducacao\/projeto-politico-pedagogico\/#primaryimage"},"image":{"@id":"https:\/\/projetoslayerup.com.br\/smeducacao\/projeto-politico-pedagogico\/#primaryimage"},"thumbnailUrl":"https:\/\/projetoslayerup.com.br\/smeducacao\/wp-content\/uploads\/2020\/01\/original-7d8338b21798e3b327717fb9ab1777f2-e1585598659157.jpeg","datePublished":"2020-01-24T21:00:08+00:00","author":{"@id":"https:\/\/projetoslayerup.com.br\/smeducacao\/#\/schema\/person\/45d7d41388698d0f902ff276caab47f5"},"description":"O Projeto Pol\u00edtico Pedag\u00f3gico (PPP) \u00e9 um documento exigido pela Lei de Diretrizes e Bases da Educa\u00e7\u00e3o Nacional (LDB).","breadcrumb":{"@id":"https:\/\/projetoslayerup.com.br\/smeducacao\/projeto-politico-pedagogico\/#breadcrumb"},"inLanguage":"pt-BR","potentialAction":[{"@type":"ReadAction","target":["https:\/\/projetoslayerup.com.br\/smeducacao\/projeto-politico-pedagogico\/"]}]},{"@type":"ImageObject","inLanguage":"pt-BR","@id":"https:\/\/projetoslayerup.com.br\/smeducacao\/projeto-politico-pedagogico\/#primaryimage","url":"https:\/\/projetoslayerup.com.br\/smeducacao\/wp-content\/uploads\/2020\/01\/original-7d8338b21798e3b327717fb9ab1777f2-e1585598659157.jpeg","contentUrl":"https:\/\/projetoslayerup.com.br\/smeducacao\/wp-content\/uploads\/2020\/01\/original-7d8338b21798e3b327717fb9ab1777f2-e1585598659157.jpeg","width":674,"height":449,"caption":"Projeto Pol\u00edtico Pedag\u00f3gico"},{"@type":"BreadcrumbList","@id":"https:\/\/projetoslayerup.com.br\/smeducacao\/projeto-politico-pedagogico\/#breadcrumb","itemListElement":[{"@type":"ListItem","position":1,"name":"In\u00edcio","item":"https:\/\/projetoslayerup.com.br\/smeducacao\/"},{"@type":"ListItem","position":2,"name":"Entenda como melhor utilizar o\u00a0Projeto Pol\u00edtico Pedag\u00f3gico em sua escola"}]},{"@type":"WebSite","@id":"https:\/\/projetoslayerup.com.br\/smeducacao\/#website","url":"https:\/\/projetoslayerup.com.br\/smeducacao\/","name":"SM Educa\u00e7\u00e3o - Juntos cuidamos da educa\u00e7\u00e3o!","description":"Transformamos a educa\u00e7\u00e3o por meio de solu\u00e7\u00f5es digitais, solu\u00e7\u00f5es did\u00e1ticas para uma aprendizagem personalizada e solu\u00e7\u00f5es estrat\u00e9gicas eficientes. Juntos cuidamos da Educa\u00e7\u00e3o!","potentialAction":[{"@type":"SearchAction","target":{"@type":"EntryPoint","urlTemplate":"https:\/\/projetoslayerup.com.br\/smeducacao\/?s={search_term_string}"},"query-input":{"@type":"PropertyValueSpecification","valueRequired":true,"valueName":"search_term_string"}}],"inLanguage":"pt-BR"},{"@type":"Person","@id":"https:\/\/projetoslayerup.com.br\/smeducacao\/#\/schema\/person\/45d7d41388698d0f902ff276caab47f5","name":"SM Educa\u00e7\u00e3o","image":{"@type":"ImageObject","inLanguage":"pt-BR","@id":"https:\/\/secure.gravatar.com\/avatar\/24327468bc2a6fb95889620b4158620d90c5e352f7a18c30af0e3f8cb70bc104?s=96&d=mm&r=g","url":"https:\/\/secure.gravatar.com\/avatar\/24327468bc2a6fb95889620b4158620d90c5e352f7a18c30af0e3f8cb70bc104?s=96&d=mm&r=g","contentUrl":"https:\/\/secure.gravatar.com\/avatar\/24327468bc2a6fb95889620b4158620d90c5e352f7a18c30af0e3f8cb70bc104?s=96&d=mm&r=g","caption":"SM Educa\u00e7\u00e3o"},"url":"https:\/\/projetoslayerup.com.br\/smeducacao\/author\/smeducacao2021\/"}]}},"_links":{"self":[{"href":"https:\/\/projetoslayerup.com.br\/smeducacao\/wp-json\/wp\/v2\/posts\/788","targetHints":{"allow":["GET"]}}],"collection":[{"href":"https:\/\/projetoslayerup.com.br\/smeducacao\/wp-json\/wp\/v2\/posts"}],"about":[{"href":"https:\/\/projetoslayerup.com.br\/smeducacao\/wp-json\/wp\/v2\/types\/post"}],"author":[{"embeddable":true,"href":"https:\/\/projetoslayerup.com.br\/smeducacao\/wp-json\/wp\/v2\/users\/2"}],"replies":[{"embeddable":true,"href":"https:\/\/projetoslayerup.com.br\/smeducacao\/wp-json\/wp\/v2\/comments?post=788"}],"version-history":[{"count":0,"href":"https:\/\/projetoslayerup.com.br\/smeducacao\/wp-json\/wp\/v2\/posts\/788\/revisions"}],"wp:featuredmedia":[{"embeddable":true,"href":"https:\/\/projetoslayerup.com.br\/smeducacao\/wp-json\/wp\/v2\/media\/789"}],"wp:attachment":[{"href":"https:\/\/projetoslayerup.com.br\/smeducacao\/wp-json\/wp\/v2\/media?parent=788"}],"wp:term":[{"taxonomy":"category","embeddable":true,"href":"https:\/\/projetoslayerup.com.br\/smeducacao\/wp-json\/wp\/v2\/categories?post=788"},{"taxonomy":"post_tag","embeddable":true,"href":"https:\/\/projetoslayerup.com.br\/smeducacao\/wp-json\/wp\/v2\/tags?post=788"},{"taxonomy":"blog_nivel_escolar","embeddable":true,"href":"https:\/\/projetoslayerup.com.br\/smeducacao\/wp-json\/wp\/v2\/blog_nivel_escolar?post=788"},{"taxonomy":"blog_segmento_escolar","embeddable":true,"href":"https:\/\/projetoslayerup.com.br\/smeducacao\/wp-json\/wp\/v2\/blog_segmento_escolar?post=788"}],"curies":[{"name":"wp","href":"https:\/\/api.w.org\/{rel}","templated":true}]}}