{"id":7887,"date":"2026-05-08T11:08:32","date_gmt":"2026-05-08T14:08:32","guid":{"rendered":"https:\/\/www.smeducacao.com.br\/?p=7887"},"modified":"2026-08-19T18:15:23","modified_gmt":"2026-08-19T18:15:23","slug":"plano-de-aula-para-alfabetizacao-como-alinhar-sua-pratica-ao-compromisso-nacional-crianca-alfabetizada","status":"publish","type":"post","link":"https:\/\/projetoslayerup.com.br\/smeducacao\/plano-de-aula-para-alfabetizacao-como-alinhar-sua-pratica-ao-compromisso-nacional-crianca-alfabetizada\/","title":{"rendered":"Plano de aula para alfabetiza\u00e7\u00e3o: como alinhar sua pr\u00e1tica ao Compromisso Nacional Crian\u00e7a Alfabetizada"},"content":{"rendered":"<p><span style=\"font-weight: 400;\">No dia a dia das redes p\u00fablicas, a elabora\u00e7\u00e3o de um plano de aula eficiente para o <strong>Ensino Fundamental<\/strong> tornou-se o pilar central para atingir as metas de aprendizagem estabelecidas para o ciclo de 2027. Com as novas diretrizes do <\/span><a href=\"https:\/\/pnld.smeducacao.com.br\/colecoes\/pnld-2027-anos-iniciais\/\"><b>PNLD Anos Iniciais<\/b><\/a><span style=\"font-weight: 400;\"> e a urg\u00eancia imposta pelo cen\u00e1rio p\u00f3s-pandemia, o planejamento docente precisa ser mais do que uma lista de conte\u00fado.\u00a0<\/span><\/p>\n<p><span style=\"font-weight: 400;\">O foco agora \u00e9 garantir que a alfabetiza\u00e7\u00e3o ocorra na idade certa, utilizando os novos recursos pedag\u00f3gicos para que cada minuto na sala de aula se transforme em oportunidade letramento.<\/span><\/p>\n<p><span style=\"font-weight: 400;\">Este novo ciclo educacional exige que o professor entenda as pol\u00edticas p\u00fablicas e como o <\/span><a href=\"https:\/\/www.gov.br\/mec\/pt-br\/crianca-alfabetizada\"><b>Compromisso Nacional Crian\u00e7a Alfabetizada<\/b><\/a><span style=\"font-weight: 400;\">, se traduzem em pr\u00e1ticas de sala de aula. A escolha de <\/span><b>materiais did\u00e1ticos<\/b><span style=\"font-weight: 400;\"> alinhados a esse prop\u00f3sito \u00e9 o primeiro passo para reduzir as desigualdades e potencializar o aprendizado dos estudantes de norte a sul do pa\u00eds.<\/span><\/p>\n<h2><b>O cen\u00e1rio da alfabetiza\u00e7\u00e3o no Brasil: avan\u00e7os e horizontes<\/b><\/h2>\n<p><span style=\"font-weight: 400;\">O sucesso de um bom <\/span><b>plano de aula Ensino Fundamental<\/b><span style=\"font-weight: 400;\"> est\u00e1 diretamente ligado ao entendimento dos indicadores nacionais.\u00a0<\/span><\/p>\n<p><span style=\"font-weight: 400;\">De acordo com o <\/span><a href=\"https:\/\/www.institutonatura.org\/n\/indicador-crianca-alfabetizada-mostra-avanco-historico-da-alfabetizacao-no-brasil-em-2025\/\"><b>Indicador Crian\u00e7a Alfabetizada (ICA)<\/b><\/a><span style=\"font-weight: 400;\">, o Brasil alcan\u00e7ou o \u00edndice de <\/span><b>66% de crian\u00e7as alfabetizadas<\/b><span style=\"font-weight: 400;\"> no 2\u00ba ano em 2025. Embora o n\u00famero supere a meta projetada, ele tamb\u00e9m revela um desafio latente: cerca de 34% dos estudantes ainda precisam de estrat\u00e9gias de recomposi\u00e7\u00e3o de aprendizagem.<\/span><\/p>\n<p><img loading=\"lazy\" decoding=\"async\" class=\"alignnone size-full wp-image-7888\" src=\"https:\/\/projetoslayerup.com.br\/smeducacao\/wp-content\/uploads\/2026\/05\/Blogpost_PNLD2027Abril_2026_V1-3.png\" alt=\"alfabetiza\u00e7\u00e3o no Brasil\" width=\"1516\" height=\"1416\" srcset=\"https:\/\/projetoslayerup.com.br\/smeducacao\/wp-content\/uploads\/2026\/05\/Blogpost_PNLD2027Abril_2026_V1-3.png 1516w, https:\/\/projetoslayerup.com.br\/smeducacao\/wp-content\/uploads\/2026\/05\/Blogpost_PNLD2027Abril_2026_V1-3-300x280.png 300w, https:\/\/projetoslayerup.com.br\/smeducacao\/wp-content\/uploads\/2026\/05\/Blogpost_PNLD2027Abril_2026_V1-3-1024x956.png 1024w, https:\/\/projetoslayerup.com.br\/smeducacao\/wp-content\/uploads\/2026\/05\/Blogpost_PNLD2027Abril_2026_V1-3-768x717.png 768w\" sizes=\"auto, (max-width: 1516px) 100vw, 1516px\" \/><\/p>\n<p><span style=\"font-weight: 400;\">Estados como Cear\u00e1, Goi\u00e1s e Paran\u00e1, que lideram o ranking nacional, mostram que o segredo do sucesso reside no regime de colabora\u00e7\u00e3o e no uso estrat\u00e9gico de avalia\u00e7\u00f5es diagn\u00f3sticas. Para o professor, esses dados refor\u00e7am a necessidade de um <\/span><b>plano de a\u00e7\u00e3o<\/b><span style=\"font-weight: 400;\"> que preveja o <\/span><b>monitoramento constante da evolu\u00e7\u00e3o<\/b><span style=\"font-weight: 400;\"> dos alunos, garantindo que ningu\u00e9m seja deixado para tr\u00e1s no <\/span><b>processo de aquisi\u00e7\u00e3o da leitura e escrita<\/b><span style=\"font-weight: 400;\">.<\/span><\/p>\n<h2><b>Os materiais 100% consum\u00edveis: uma nova din\u00e2mica na alfabetiza\u00e7\u00e3o<\/b><\/h2>\n<p><span style=\"font-weight: 400;\">Uma das mudan\u00e7as mais impactantes do <\/span><b>PNLD 2027<\/b><span style=\"font-weight: 400;\"> \u00e9 a distribui\u00e7\u00e3o de <\/span><b>materiais did\u00e1ticos consum\u00edveis<\/b><span style=\"font-weight: 400;\"> para o 1\u00ba e 2\u00ba anos. No contexto de um <\/span><b>plano de aula Ensino Fundamental<\/b><span style=\"font-weight: 400;\">, essa mudan\u00e7a altera a forma como o aluno se relaciona com o saber.\u00a0<\/span><\/p>\n<p><span style=\"font-weight: 400;\">O livro deixa de ser um item de consulta para se tornar um registro hist\u00f3rico do aprendizado!<\/span><\/p>\n<p><b>Vantagens pr\u00e1ticas para o professor:<\/b><\/p>\n<ul>\n<li style=\"font-weight: 400;\" aria-level=\"1\"><b>Interatividade permanente:<\/b><span style=\"font-weight: 400;\"> ao planejar as atividades, o docente pode incentivar a crian\u00e7a a desenhar, circular e escrever diretamente na obra, o que \u00e9 fundamental para o desenvolvimento psicomotor.<\/span><\/li>\n<li style=\"font-weight: 400;\" aria-level=\"1\"><b>Apropria\u00e7\u00e3o do conhecimento:<\/b><span style=\"font-weight: 400;\"> o uso do material consum\u00edvel permite que o estudante leve para casa um registro de sua autoria, fortalecendo o v\u00ednculo entre a fam\u00edlia e a escola no processo de alfabetiza\u00e7\u00e3o.<\/span><\/li>\n<li style=\"font-weight: 400;\" aria-level=\"1\"><b>Agilidade no feedback:<\/b><span style=\"font-weight: 400;\"> durante a aula, o professor consegue validar as hip\u00f3teses de escrita do aluno de forma visual e r\u00e1pida, permitindo interven\u00e7\u00f5es no momento exato da d\u00favida.<\/span><\/li>\n<\/ul>\n<p><span style=\"font-weight: 400;\">Essas pr\u00e1ticas s\u00e3o corroboradas por especialistas que veem a escrita como um processo de constru\u00e7\u00e3o de sentido. A alfabetiza\u00e7\u00e3o deve respeitar as viv\u00eancias singulares e as necessidades espec\u00edficas de cada crian\u00e7a, algo facilitado pelo uso de <\/span><b>materiais did\u00e1ticos <\/b><span style=\"font-weight: 400;\">que permitem o registro autoral.<\/span><\/p>\n<h2><b>A BNCC como estrutura do planejamento did\u00e1tico<\/b><\/h2>\n<p><span style=\"font-weight: 400;\">O <\/span><a href=\"http:\/\/google.com\/url?q=https:\/\/www.smeducacao.com.br\/voce-sabe-o-que-e-a-bncc\/&amp;sa=D&amp;source=docs&amp;ust=1776346542531093&amp;usg=AOvVaw33wwDHcBrL2XFPcpOypNy3\"><b>objetivo central da BNCC<\/b><\/a><span style=\"font-weight: 400;\"> \u00e9 nivelar as oportunidades de aprendizado em todo o territ\u00f3rio nacional. Para a escola que est\u00e1 montando seu <\/span><b>plano de aula Ensino Fundamental<\/b><span style=\"font-weight: 400;\">, a Base oferece as compet\u00eancias e habilidades que servem como b\u00fassola pedag\u00f3gica.<\/span><\/p>\n<p><span style=\"font-weight: 400;\">No ciclo de alfabetiza\u00e7\u00e3o, \u00e9 crucial que o plano de aula contemple a mobiliza\u00e7\u00e3o de conhecimentos t\u00e9cnicos unidos a valores de cidadania. N\u00e3o basta ensinar a decodificar letras; \u00e9 preciso ensinar o aluno a resolver quest\u00f5es do cotidiano e a atuar no mundo.\u00a0<\/span><\/p>\n<p><span style=\"font-weight: 400;\">Esse processo de apropria\u00e7\u00e3o da escrita deve ser entendido como uma constru\u00e7\u00e3o progressiva de hip\u00f3teses, onde o estudante transita da percep\u00e7\u00e3o sonora para a representa\u00e7\u00e3o alfab\u00e9tica com autonomia. O aprendizado deve ocorrer por meio de experi\u00eancias significativas que conectem o c\u00f3digo lingu\u00edstico \u00e0 capacidade de expressar pensamentos, sentimentos e necessidades.\u00a0<\/span><\/p>\n<p><span style=\"font-weight: 400;\">Para alinhar suas pr\u00e1ticas \u00e0s 10 compet\u00eancias gerais, o professor pode buscar suporte t\u00e9cnico em canais especializados, como o <\/span><a href=\"https:\/\/pnld.smeducacao.com.br\/faq\/\"><b>FAQ sobre o PNLD<\/b><\/a><span style=\"font-weight: 400;\">, onde as d\u00favidas sobre a aplica\u00e7\u00e3o normativa s\u00e3o sanadas de forma pr\u00e1tica.<\/span><\/p>\n<h2><b>Passo a passo para um plano de aula eficaz em 2027<\/b><\/h2>\n<p><span style=\"font-weight: 400;\">Para construir um <\/span><b>plano de aula para os Anos Iniciais do Ensino Fundamental<\/b><span style=\"font-weight: 400;\"> que realmente transforme a realidade da sala de aula, o educador deve seguir uma estrutura modular e adapt\u00e1vel:<\/span><\/p>\n<h3><b>1. Diagn\u00f3stico e ponto de partida<\/b><\/h3>\n<p><span style=\"font-weight: 400;\">Antes de iniciar qualquer unidade do livro did\u00e1tico, utilize as <\/span><a href=\"https:\/\/pnld.smeducacao.com.br\/pnld-fundamental-anos-iniciais\/\"><b>ferramentas do Objeto 2 (Apoio Metodol\u00f3gico)<\/b><\/a><span style=\"font-weight: 400;\"> para realizar uma sondagem. Entender em qual fase da escrita o aluno se encontra (pr\u00e9-sil\u00e1bico, sil\u00e1bico ou alfab\u00e9tico*) \u00e9 vital para personalizar o ensino.<\/span><\/p>\n<p><img loading=\"lazy\" decoding=\"async\" class=\"alignnone size-full wp-image-7889\" src=\"https:\/\/projetoslayerup.com.br\/smeducacao\/wp-content\/uploads\/2026\/05\/Bullet-points-1.png\" alt=\"diagn\u00f3stico alfabetiza\u00e7\u00e3o\" width=\"1516\" height=\"1518\" srcset=\"https:\/\/projetoslayerup.com.br\/smeducacao\/wp-content\/uploads\/2026\/05\/Bullet-points-1.png 1516w, https:\/\/projetoslayerup.com.br\/smeducacao\/wp-content\/uploads\/2026\/05\/Bullet-points-1-300x300.png 300w, https:\/\/projetoslayerup.com.br\/smeducacao\/wp-content\/uploads\/2026\/05\/Bullet-points-1-1024x1024.png 1024w, https:\/\/projetoslayerup.com.br\/smeducacao\/wp-content\/uploads\/2026\/05\/Bullet-points-1-150x150.png 150w, https:\/\/projetoslayerup.com.br\/smeducacao\/wp-content\/uploads\/2026\/05\/Bullet-points-1-768x769.png 768w\" sizes=\"auto, (max-width: 1516px) 100vw, 1516px\" \/><\/p>\n<h3><b>2. Intencionalidade pedag\u00f3gica<\/b><\/h3>\n<p><span style=\"font-weight: 400;\">Cada atividade proposta deve ter uma inten\u00e7\u00e3o clara. No seu <\/span><b>plano de aula Ensino Fundamental<\/b><span style=\"font-weight: 400;\">, defina se o foco da aula \u00e9 a consci\u00eancia fonol\u00f3gica, a compreens\u00e3o de g\u00eaneros textuais ou a flu\u00eancia leitora.\u00a0<\/span><\/p>\n<p><span style=\"font-weight: 400;\">O material do <\/span><b>PNLD 2027 &#8211; Anos Iniciais<\/b><span style=\"font-weight: 400;\"> oferece sequ\u00eancias did\u00e1ticas que facilitam esse desdobramento.<\/span><\/p>\n<h3><b>3. Explora\u00e7\u00e3o da multimodalidade<\/b><\/h3>\n<p><span style=\"font-weight: 400;\">\u00c9 fundamental explorar materiais ricos em<\/span> <a href=\"https:\/\/sme.goiania.go.gov.br\/conexaoescola\/eaja\/lingua-portuguesa-o-texto-multimodal-e-suas-linguagens\/\"><b>textos multimodais (que misturam imagem, som e escrita)<\/b><\/a><span style=\"font-weight: 400;\">. Integre no seu planejamento momentos de leitura de infogr\u00e1ficos, tirinhas e conte\u00fados digitais. Isso prepara o aluno para a educa\u00e7\u00e3o digital e midi\u00e1tica, prevista no novo edital.<\/span><\/p>\n<ol start=\"4\">\n<li><b> Recomposi\u00e7\u00e3o de aprendizagem<\/b><\/li>\n<\/ol>\n<p><span style=\"font-weight: 400;\">Especialmente para as turmas de 1\u00ba e 2\u00ba anos, o plano<\/span> <span style=\"font-weight: 400;\">deve ser estruturado para garantir a consolida\u00e7\u00e3o da base alfab\u00e9tica de forma l\u00fadica e sistem\u00e1tica.\u00a0<\/span><\/p>\n<p><span style=\"font-weight: 400;\">Como o <\/span><b>Compromisso Nacional Crian\u00e7a Alfabetizada<\/b><span style=\"font-weight: 400;\"> estabelece o final do 2\u00ba ano como o marco para a alfabetiza\u00e7\u00e3o plena, o professor deve aproveitar a natureza dos <\/span><b>materiais did\u00e1ticos consum\u00edveis<\/b><span style=\"font-weight: 400;\"> para transformar a sala de aula em um ambiente de experimenta\u00e7\u00e3o constante.\u00a0<\/span><\/p>\n<h2><b>O impacto do PNLD 2027 na gest\u00e3o do tempo escolar<\/b><\/h2>\n<p><span style=\"font-weight: 400;\">Com <\/span><b>materiais did\u00e1ticos<\/b><span style=\"font-weight: 400;\"> criteriosamente definidos e organizados por maturidade cognitiva, o professor gasta menos tempo ditando conte\u00fados e mais tempo mediando discuss\u00f5es. O Objeto 1 do PNLD \u00e9 dividido estrategicamente:\u00a0<\/span><\/p>\n<p><img loading=\"lazy\" decoding=\"async\" class=\"alignnone size-full wp-image-7890\" src=\"https:\/\/projetoslayerup.com.br\/smeducacao\/wp-content\/uploads\/2026\/05\/Bullet-points-2-1.png\" alt=\"ciclo de alfabetiza\u00e7\u00e3o\" width=\"1516\" height=\"1518\" srcset=\"https:\/\/projetoslayerup.com.br\/smeducacao\/wp-content\/uploads\/2026\/05\/Bullet-points-2-1.png 1516w, https:\/\/projetoslayerup.com.br\/smeducacao\/wp-content\/uploads\/2026\/05\/Bullet-points-2-1-300x300.png 300w, https:\/\/projetoslayerup.com.br\/smeducacao\/wp-content\/uploads\/2026\/05\/Bullet-points-2-1-1024x1024.png 1024w, https:\/\/projetoslayerup.com.br\/smeducacao\/wp-content\/uploads\/2026\/05\/Bullet-points-2-1-150x150.png 150w, https:\/\/projetoslayerup.com.br\/smeducacao\/wp-content\/uploads\/2026\/05\/Bullet-points-2-1-768x769.png 768w\" sizes=\"auto, (max-width: 1516px) 100vw, 1516px\" \/><\/p>\n<p><span style=\"font-weight: 400;\">Essa organiza\u00e7\u00e3o modular permite que o educador direcione sua energia para o acompanhamento individualizado, respeitando o ritmo de cada estudante. Para entender como essas categorias se organizam na pr\u00e1tica e otimizam sua rotina, acesse o guia detalhado sobre o <\/span><a href=\"https:\/\/pnld.smeducacao.com.br\/pnld-fundamental-anos-iniciais\/\"><b>PNLD Fundamental Anos Iniciais<\/b><\/a><span style=\"font-weight: 400;\">.<\/span><\/p>\n<h2><b>Checklist de qualidade para o professor<\/b><\/h2>\n<p><span style=\"font-weight: 400;\">Ao revisar seu <\/span><b>plano de aula Ensino Fundamental<\/b><span style=\"font-weight: 400;\">, certifique-se de que ele contempla os seguintes itens:<\/span><\/p>\n<ul>\n<li style=\"font-weight: 400;\" aria-level=\"1\"><span style=\"font-weight: 400;\">[x] <\/span><b>Metas do CNCA:<\/b><span style=\"font-weight: 400;\"> o plano contribui para a meta de alfabetizar 100% da turma at\u00e9 o final do 2\u00ba ano?<\/span><\/li>\n<li style=\"font-weight: 400;\" aria-level=\"1\"><span style=\"font-weight: 400;\">[x] <\/span><b>Intera\u00e7\u00e3o com o livro:<\/b><span style=\"font-weight: 400;\"> h\u00e1 propostas que exijam que o aluno escreva e registre no material consum\u00edvel?<\/span><\/li>\n<li style=\"font-weight: 400;\" aria-level=\"1\"><span style=\"font-weight: 400;\">[x] <\/span><b>Diversidade cultural:<\/b><span style=\"font-weight: 400;\"> as refer\u00eancias de textos incluem a diversidade regional e \u00e9tnico-racial brasileira?<\/span><\/li>\n<li style=\"font-weight: 400;\" aria-level=\"1\"><span style=\"font-weight: 400;\">[x] <\/span><b>Avalia\u00e7\u00e3o formativa:<\/b><span style=\"font-weight: 400;\"> o plano prev\u00ea como o professor dar\u00e1 feedback individualizado aos alunos?<\/span><\/li>\n<\/ul>\n<h2><b>O professor deve ser visto como um agente da mudan\u00e7a<\/b><\/h2>\n<p><span style=\"font-weight: 400;\">O sucesso de qualquer pol\u00edtica p\u00fablica educacional depende da qualifica\u00e7\u00e3o e da paix\u00e3o de quem est\u00e1 na sala de aula. Os <\/span><b>materiais did\u00e1ticos<\/b><span style=\"font-weight: 400;\"> s\u00e3o o mapa que guia essa miss\u00e3o. O <\/span><b>PNLD 2027<\/b><span style=\"font-weight: 400;\"> e o <\/span><b>Compromisso Nacional Crian\u00e7a Alfabetizada<\/b><span style=\"font-weight: 400;\"> oferecem os recursos e as metas, mas \u00e9 o professor quem transforma o papel impresso em conhecimento vivo.<\/span><\/p>\n<p><span style=\"font-weight: 400;\">A <\/span><a href=\"https:\/\/projetoslayerup.com.br\/smeducacao\/\"><b>SM Educa\u00e7\u00e3o<\/b><\/a><span style=\"font-weight: 400;\">, com sua s\u00f3lida tradi\u00e7\u00e3o, reafirma o compromisso de estar ao lado do docente, oferecendo obras que respeitam a autonomia pedag\u00f3gica e potencializam os resultados de aprendizagem. <\/span><b>Planejar com excel\u00eancia \u00e9 o caminho<\/b><span style=\"font-weight: 400;\"> para garantir que cada crian\u00e7a brasileira descubra o poder transformador da leitura.<\/span><\/p>\n","protected":false},"excerpt":{"rendered":"<p>No dia a dia das redes p\u00fablicas, a elabora\u00e7\u00e3o de um plano de aula eficiente para o Ensino Fundamental tornou-se o pilar central para atingir as metas de aprendizagem estabelecidas para o ciclo de 2027. Com as novas diretrizes do PNLD Anos Iniciais e a urg\u00eancia imposta pelo cen\u00e1rio p\u00f3s-pandemia, o planejamento docente precisa ser [&hellip;]<\/p>\n","protected":false},"author":2,"featured_media":7891,"comment_status":"open","ping_status":"open","sticky":false,"template":"","format":"standard","meta":{"_acf_changed":false,"footnotes":""},"categories":[5],"tags":[73,56,6],"blog_nivel_escolar":[],"blog_segmento_escolar":[],"class_list":["post-7887","post","type-post","status-publish","format-standard","has-post-thumbnail","hentry","category-pnld","tag-alfabetizacao","tag-educacao-basica","tag-pnld"],"acf":[],"yoast_head":"<!-- This site is optimized with the Yoast SEO plugin v28.3 - https:\/\/yoast.com\/product\/yoast-seo-wordpress\/ -->\n<title>Saiba como estruturar seu plano de aula para os Anos Iniciais<\/title>\n<meta name=\"description\" content=\"Guia completo para professores. Crie um plano de aula Ensino Fundamental focado em alfabetiza\u00e7\u00e3o, alinhado ao PNLD 2027 e \u00e0s novas metas nacionais.\" \/>\n<meta name=\"robots\" content=\"noindex, follow, max-snippet:-1, max-image-preview:large, max-video-preview:-1\" \/>\n<meta property=\"og:locale\" content=\"pt_BR\" \/>\n<meta property=\"og:type\" content=\"article\" \/>\n<meta property=\"og:title\" content=\"Saiba como estruturar seu plano de aula para os Anos Iniciais\" \/>\n<meta property=\"og:description\" content=\"Guia completo para professores. Crie um plano de aula Ensino Fundamental focado em alfabetiza\u00e7\u00e3o, alinhado ao PNLD 2027 e \u00e0s novas metas nacionais.\" \/>\n<meta property=\"og:url\" content=\"https:\/\/projetoslayerup.com.br\/smeducacao\/plano-de-aula-para-alfabetizacao-como-alinhar-sua-pratica-ao-compromisso-nacional-crianca-alfabetizada\/\" \/>\n<meta property=\"og:site_name\" content=\"SM Educa\u00e7\u00e3o - Juntos cuidamos da educa\u00e7\u00e3o!\" \/>\n<meta property=\"article:published_time\" content=\"2026-05-08T14:08:32+00:00\" \/>\n<meta property=\"article:modified_time\" content=\"2026-08-19T18:15:23+00:00\" \/>\n<meta property=\"og:image\" content=\"https:\/\/projetoslayerup.com.br\/smeducacao\/wp-content\/uploads\/2026\/05\/SM_BlogpostPlanoDeAula_Header_Abr_2026-1024x584.png\" \/>\n\t<meta property=\"og:image:width\" content=\"1024\" \/>\n\t<meta property=\"og:image:height\" content=\"584\" \/>\n\t<meta property=\"og:image:type\" content=\"image\/png\" \/>\n<meta name=\"author\" content=\"SM Educa\u00e7\u00e3o\" \/>\n<meta name=\"twitter:card\" content=\"summary_large_image\" \/>\n<meta name=\"twitter:label1\" content=\"Escrito por\" \/>\n\t<meta name=\"twitter:data1\" content=\"SM Educa\u00e7\u00e3o\" \/>\n\t<meta name=\"twitter:label2\" content=\"Est. tempo de leitura\" \/>\n\t<meta name=\"twitter:data2\" content=\"8 minutos\" \/>\n<script type=\"application\/ld+json\" class=\"yoast-schema-graph\">{\"@context\":\"https:\\\/\\\/schema.org\",\"@graph\":[{\"@type\":\"Article\",\"@id\":\"https:\\\/\\\/projetoslayerup.com.br\\\/smeducacao\\\/plano-de-aula-para-alfabetizacao-como-alinhar-sua-pratica-ao-compromisso-nacional-crianca-alfabetizada\\\/#article\",\"isPartOf\":{\"@id\":\"https:\\\/\\\/projetoslayerup.com.br\\\/smeducacao\\\/plano-de-aula-para-alfabetizacao-como-alinhar-sua-pratica-ao-compromisso-nacional-crianca-alfabetizada\\\/\"},\"author\":{\"name\":\"SM Educa\u00e7\u00e3o\",\"@id\":\"https:\\\/\\\/projetoslayerup.com.br\\\/smeducacao\\\/#\\\/schema\\\/person\\\/45d7d41388698d0f902ff276caab47f5\"},\"headline\":\"Plano de aula para alfabetiza\u00e7\u00e3o: como alinhar sua pr\u00e1tica ao Compromisso Nacional Crian\u00e7a Alfabetizada\",\"datePublished\":\"2026-05-08T14:08:32+00:00\",\"dateModified\":\"2026-08-19T18:15:23+00:00\",\"mainEntityOfPage\":{\"@id\":\"https:\\\/\\\/projetoslayerup.com.br\\\/smeducacao\\\/plano-de-aula-para-alfabetizacao-como-alinhar-sua-pratica-ao-compromisso-nacional-crianca-alfabetizada\\\/\"},\"wordCount\":1338,\"commentCount\":0,\"image\":{\"@id\":\"https:\\\/\\\/projetoslayerup.com.br\\\/smeducacao\\\/plano-de-aula-para-alfabetizacao-como-alinhar-sua-pratica-ao-compromisso-nacional-crianca-alfabetizada\\\/#primaryimage\"},\"thumbnailUrl\":\"https:\\\/\\\/projetoslayerup.com.br\\\/smeducacao\\\/wp-content\\\/uploads\\\/2026\\\/05\\\/SM_BlogpostPlanoDeAula_Header_Abr_2026.png\",\"keywords\":[\"alfabetiza\u00e7\u00e3o\",\"educa\u00e7\u00e3o b\u00e1sica\",\"PNLD\"],\"articleSection\":[\"PNLD\"],\"inLanguage\":\"pt-BR\",\"potentialAction\":[{\"@type\":\"CommentAction\",\"name\":\"Comment\",\"target\":[\"https:\\\/\\\/projetoslayerup.com.br\\\/smeducacao\\\/plano-de-aula-para-alfabetizacao-como-alinhar-sua-pratica-ao-compromisso-nacional-crianca-alfabetizada\\\/#respond\"]}]},{\"@type\":\"WebPage\",\"@id\":\"https:\\\/\\\/projetoslayerup.com.br\\\/smeducacao\\\/plano-de-aula-para-alfabetizacao-como-alinhar-sua-pratica-ao-compromisso-nacional-crianca-alfabetizada\\\/\",\"url\":\"https:\\\/\\\/projetoslayerup.com.br\\\/smeducacao\\\/plano-de-aula-para-alfabetizacao-como-alinhar-sua-pratica-ao-compromisso-nacional-crianca-alfabetizada\\\/\",\"name\":\"Saiba como estruturar seu plano de aula para os Anos Iniciais\",\"isPartOf\":{\"@id\":\"https:\\\/\\\/projetoslayerup.com.br\\\/smeducacao\\\/#website\"},\"primaryImageOfPage\":{\"@id\":\"https:\\\/\\\/projetoslayerup.com.br\\\/smeducacao\\\/plano-de-aula-para-alfabetizacao-como-alinhar-sua-pratica-ao-compromisso-nacional-crianca-alfabetizada\\\/#primaryimage\"},\"image\":{\"@id\":\"https:\\\/\\\/projetoslayerup.com.br\\\/smeducacao\\\/plano-de-aula-para-alfabetizacao-como-alinhar-sua-pratica-ao-compromisso-nacional-crianca-alfabetizada\\\/#primaryimage\"},\"thumbnailUrl\":\"https:\\\/\\\/projetoslayerup.com.br\\\/smeducacao\\\/wp-content\\\/uploads\\\/2026\\\/05\\\/SM_BlogpostPlanoDeAula_Header_Abr_2026.png\",\"datePublished\":\"2026-05-08T14:08:32+00:00\",\"dateModified\":\"2026-08-19T18:15:23+00:00\",\"author\":{\"@id\":\"https:\\\/\\\/projetoslayerup.com.br\\\/smeducacao\\\/#\\\/schema\\\/person\\\/45d7d41388698d0f902ff276caab47f5\"},\"description\":\"Guia completo para professores. Crie um plano de aula Ensino Fundamental focado em alfabetiza\u00e7\u00e3o, alinhado ao PNLD 2027 e \u00e0s novas metas nacionais.\",\"breadcrumb\":{\"@id\":\"https:\\\/\\\/projetoslayerup.com.br\\\/smeducacao\\\/plano-de-aula-para-alfabetizacao-como-alinhar-sua-pratica-ao-compromisso-nacional-crianca-alfabetizada\\\/#breadcrumb\"},\"inLanguage\":\"pt-BR\",\"potentialAction\":[{\"@type\":\"ReadAction\",\"target\":[\"https:\\\/\\\/projetoslayerup.com.br\\\/smeducacao\\\/plano-de-aula-para-alfabetizacao-como-alinhar-sua-pratica-ao-compromisso-nacional-crianca-alfabetizada\\\/\"]}]},{\"@type\":\"ImageObject\",\"inLanguage\":\"pt-BR\",\"@id\":\"https:\\\/\\\/projetoslayerup.com.br\\\/smeducacao\\\/plano-de-aula-para-alfabetizacao-como-alinhar-sua-pratica-ao-compromisso-nacional-crianca-alfabetizada\\\/#primaryimage\",\"url\":\"https:\\\/\\\/projetoslayerup.com.br\\\/smeducacao\\\/wp-content\\\/uploads\\\/2026\\\/05\\\/SM_BlogpostPlanoDeAula_Header_Abr_2026.png\",\"contentUrl\":\"https:\\\/\\\/projetoslayerup.com.br\\\/smeducacao\\\/wp-content\\\/uploads\\\/2026\\\/05\\\/SM_BlogpostPlanoDeAula_Header_Abr_2026.png\",\"width\":1516,\"height\":864},{\"@type\":\"BreadcrumbList\",\"@id\":\"https:\\\/\\\/projetoslayerup.com.br\\\/smeducacao\\\/plano-de-aula-para-alfabetizacao-como-alinhar-sua-pratica-ao-compromisso-nacional-crianca-alfabetizada\\\/#breadcrumb\",\"itemListElement\":[{\"@type\":\"ListItem\",\"position\":1,\"name\":\"In\u00edcio\",\"item\":\"https:\\\/\\\/projetoslayerup.com.br\\\/smeducacao\\\/\"},{\"@type\":\"ListItem\",\"position\":2,\"name\":\"Plano de aula para alfabetiza\u00e7\u00e3o: como alinhar sua pr\u00e1tica ao Compromisso Nacional Crian\u00e7a Alfabetizada\"}]},{\"@type\":\"WebSite\",\"@id\":\"https:\\\/\\\/projetoslayerup.com.br\\\/smeducacao\\\/#website\",\"url\":\"https:\\\/\\\/projetoslayerup.com.br\\\/smeducacao\\\/\",\"name\":\"SM Educa\u00e7\u00e3o - Juntos cuidamos da educa\u00e7\u00e3o!\",\"description\":\"Transformamos a educa\u00e7\u00e3o por meio de solu\u00e7\u00f5es digitais, solu\u00e7\u00f5es did\u00e1ticas para uma aprendizagem personalizada e solu\u00e7\u00f5es estrat\u00e9gicas eficientes. Juntos cuidamos da Educa\u00e7\u00e3o!\",\"potentialAction\":[{\"@type\":\"SearchAction\",\"target\":{\"@type\":\"EntryPoint\",\"urlTemplate\":\"https:\\\/\\\/projetoslayerup.com.br\\\/smeducacao\\\/?s={search_term_string}\"},\"query-input\":{\"@type\":\"PropertyValueSpecification\",\"valueRequired\":true,\"valueName\":\"search_term_string\"}}],\"inLanguage\":\"pt-BR\"},{\"@type\":\"Person\",\"@id\":\"https:\\\/\\\/projetoslayerup.com.br\\\/smeducacao\\\/#\\\/schema\\\/person\\\/45d7d41388698d0f902ff276caab47f5\",\"name\":\"SM Educa\u00e7\u00e3o\",\"image\":{\"@type\":\"ImageObject\",\"inLanguage\":\"pt-BR\",\"@id\":\"https:\\\/\\\/secure.gravatar.com\\\/avatar\\\/24327468bc2a6fb95889620b4158620d90c5e352f7a18c30af0e3f8cb70bc104?s=96&d=mm&r=g\",\"url\":\"https:\\\/\\\/secure.gravatar.com\\\/avatar\\\/24327468bc2a6fb95889620b4158620d90c5e352f7a18c30af0e3f8cb70bc104?s=96&d=mm&r=g\",\"contentUrl\":\"https:\\\/\\\/secure.gravatar.com\\\/avatar\\\/24327468bc2a6fb95889620b4158620d90c5e352f7a18c30af0e3f8cb70bc104?s=96&d=mm&r=g\",\"caption\":\"SM Educa\u00e7\u00e3o\"},\"url\":\"https:\\\/\\\/projetoslayerup.com.br\\\/smeducacao\\\/author\\\/smeducacao2021\\\/\"}]}<\/script>\n<!-- \/ Yoast SEO plugin. -->","yoast_head_json":{"title":"Saiba como estruturar seu plano de aula para os Anos Iniciais","description":"Guia completo para professores. Crie um plano de aula Ensino Fundamental focado em alfabetiza\u00e7\u00e3o, alinhado ao PNLD 2027 e \u00e0s novas metas nacionais.","robots":{"index":"noindex","follow":"follow","max-snippet":"max-snippet:-1","max-image-preview":"max-image-preview:large","max-video-preview":"max-video-preview:-1"},"og_locale":"pt_BR","og_type":"article","og_title":"Saiba como estruturar seu plano de aula para os Anos Iniciais","og_description":"Guia completo para professores. Crie um plano de aula Ensino Fundamental focado em alfabetiza\u00e7\u00e3o, alinhado ao PNLD 2027 e \u00e0s novas metas nacionais.","og_url":"https:\/\/projetoslayerup.com.br\/smeducacao\/plano-de-aula-para-alfabetizacao-como-alinhar-sua-pratica-ao-compromisso-nacional-crianca-alfabetizada\/","og_site_name":"SM Educa\u00e7\u00e3o - Juntos cuidamos da educa\u00e7\u00e3o!","article_published_time":"2026-05-08T14:08:32+00:00","article_modified_time":"2026-08-19T18:15:23+00:00","og_image":[{"width":1024,"height":584,"url":"https:\/\/projetoslayerup.com.br\/smeducacao\/wp-content\/uploads\/2026\/05\/SM_BlogpostPlanoDeAula_Header_Abr_2026-1024x584.png","type":"image\/png"}],"author":"SM Educa\u00e7\u00e3o","twitter_card":"summary_large_image","twitter_misc":{"Escrito por":"SM Educa\u00e7\u00e3o","Est. tempo de leitura":"8 minutos"},"schema":{"@context":"https:\/\/schema.org","@graph":[{"@type":"Article","@id":"https:\/\/projetoslayerup.com.br\/smeducacao\/plano-de-aula-para-alfabetizacao-como-alinhar-sua-pratica-ao-compromisso-nacional-crianca-alfabetizada\/#article","isPartOf":{"@id":"https:\/\/projetoslayerup.com.br\/smeducacao\/plano-de-aula-para-alfabetizacao-como-alinhar-sua-pratica-ao-compromisso-nacional-crianca-alfabetizada\/"},"author":{"name":"SM Educa\u00e7\u00e3o","@id":"https:\/\/projetoslayerup.com.br\/smeducacao\/#\/schema\/person\/45d7d41388698d0f902ff276caab47f5"},"headline":"Plano de aula para alfabetiza\u00e7\u00e3o: como alinhar sua pr\u00e1tica ao Compromisso Nacional Crian\u00e7a Alfabetizada","datePublished":"2026-05-08T14:08:32+00:00","dateModified":"2026-08-19T18:15:23+00:00","mainEntityOfPage":{"@id":"https:\/\/projetoslayerup.com.br\/smeducacao\/plano-de-aula-para-alfabetizacao-como-alinhar-sua-pratica-ao-compromisso-nacional-crianca-alfabetizada\/"},"wordCount":1338,"commentCount":0,"image":{"@id":"https:\/\/projetoslayerup.com.br\/smeducacao\/plano-de-aula-para-alfabetizacao-como-alinhar-sua-pratica-ao-compromisso-nacional-crianca-alfabetizada\/#primaryimage"},"thumbnailUrl":"https:\/\/projetoslayerup.com.br\/smeducacao\/wp-content\/uploads\/2026\/05\/SM_BlogpostPlanoDeAula_Header_Abr_2026.png","keywords":["alfabetiza\u00e7\u00e3o","educa\u00e7\u00e3o b\u00e1sica","PNLD"],"articleSection":["PNLD"],"inLanguage":"pt-BR","potentialAction":[{"@type":"CommentAction","name":"Comment","target":["https:\/\/projetoslayerup.com.br\/smeducacao\/plano-de-aula-para-alfabetizacao-como-alinhar-sua-pratica-ao-compromisso-nacional-crianca-alfabetizada\/#respond"]}]},{"@type":"WebPage","@id":"https:\/\/projetoslayerup.com.br\/smeducacao\/plano-de-aula-para-alfabetizacao-como-alinhar-sua-pratica-ao-compromisso-nacional-crianca-alfabetizada\/","url":"https:\/\/projetoslayerup.com.br\/smeducacao\/plano-de-aula-para-alfabetizacao-como-alinhar-sua-pratica-ao-compromisso-nacional-crianca-alfabetizada\/","name":"Saiba como estruturar seu plano de aula para os Anos Iniciais","isPartOf":{"@id":"https:\/\/projetoslayerup.com.br\/smeducacao\/#website"},"primaryImageOfPage":{"@id":"https:\/\/projetoslayerup.com.br\/smeducacao\/plano-de-aula-para-alfabetizacao-como-alinhar-sua-pratica-ao-compromisso-nacional-crianca-alfabetizada\/#primaryimage"},"image":{"@id":"https:\/\/projetoslayerup.com.br\/smeducacao\/plano-de-aula-para-alfabetizacao-como-alinhar-sua-pratica-ao-compromisso-nacional-crianca-alfabetizada\/#primaryimage"},"thumbnailUrl":"https:\/\/projetoslayerup.com.br\/smeducacao\/wp-content\/uploads\/2026\/05\/SM_BlogpostPlanoDeAula_Header_Abr_2026.png","datePublished":"2026-05-08T14:08:32+00:00","dateModified":"2026-08-19T18:15:23+00:00","author":{"@id":"https:\/\/projetoslayerup.com.br\/smeducacao\/#\/schema\/person\/45d7d41388698d0f902ff276caab47f5"},"description":"Guia completo para professores. Crie um plano de aula Ensino Fundamental focado em alfabetiza\u00e7\u00e3o, alinhado ao PNLD 2027 e \u00e0s novas metas nacionais.","breadcrumb":{"@id":"https:\/\/projetoslayerup.com.br\/smeducacao\/plano-de-aula-para-alfabetizacao-como-alinhar-sua-pratica-ao-compromisso-nacional-crianca-alfabetizada\/#breadcrumb"},"inLanguage":"pt-BR","potentialAction":[{"@type":"ReadAction","target":["https:\/\/projetoslayerup.com.br\/smeducacao\/plano-de-aula-para-alfabetizacao-como-alinhar-sua-pratica-ao-compromisso-nacional-crianca-alfabetizada\/"]}]},{"@type":"ImageObject","inLanguage":"pt-BR","@id":"https:\/\/projetoslayerup.com.br\/smeducacao\/plano-de-aula-para-alfabetizacao-como-alinhar-sua-pratica-ao-compromisso-nacional-crianca-alfabetizada\/#primaryimage","url":"https:\/\/projetoslayerup.com.br\/smeducacao\/wp-content\/uploads\/2026\/05\/SM_BlogpostPlanoDeAula_Header_Abr_2026.png","contentUrl":"https:\/\/projetoslayerup.com.br\/smeducacao\/wp-content\/uploads\/2026\/05\/SM_BlogpostPlanoDeAula_Header_Abr_2026.png","width":1516,"height":864},{"@type":"BreadcrumbList","@id":"https:\/\/projetoslayerup.com.br\/smeducacao\/plano-de-aula-para-alfabetizacao-como-alinhar-sua-pratica-ao-compromisso-nacional-crianca-alfabetizada\/#breadcrumb","itemListElement":[{"@type":"ListItem","position":1,"name":"In\u00edcio","item":"https:\/\/projetoslayerup.com.br\/smeducacao\/"},{"@type":"ListItem","position":2,"name":"Plano de aula para alfabetiza\u00e7\u00e3o: como alinhar sua pr\u00e1tica ao Compromisso Nacional Crian\u00e7a Alfabetizada"}]},{"@type":"WebSite","@id":"https:\/\/projetoslayerup.com.br\/smeducacao\/#website","url":"https:\/\/projetoslayerup.com.br\/smeducacao\/","name":"SM Educa\u00e7\u00e3o - Juntos cuidamos da educa\u00e7\u00e3o!","description":"Transformamos a educa\u00e7\u00e3o por meio de solu\u00e7\u00f5es digitais, solu\u00e7\u00f5es did\u00e1ticas para uma aprendizagem personalizada e solu\u00e7\u00f5es estrat\u00e9gicas eficientes. Juntos cuidamos da Educa\u00e7\u00e3o!","potentialAction":[{"@type":"SearchAction","target":{"@type":"EntryPoint","urlTemplate":"https:\/\/projetoslayerup.com.br\/smeducacao\/?s={search_term_string}"},"query-input":{"@type":"PropertyValueSpecification","valueRequired":true,"valueName":"search_term_string"}}],"inLanguage":"pt-BR"},{"@type":"Person","@id":"https:\/\/projetoslayerup.com.br\/smeducacao\/#\/schema\/person\/45d7d41388698d0f902ff276caab47f5","name":"SM Educa\u00e7\u00e3o","image":{"@type":"ImageObject","inLanguage":"pt-BR","@id":"https:\/\/secure.gravatar.com\/avatar\/24327468bc2a6fb95889620b4158620d90c5e352f7a18c30af0e3f8cb70bc104?s=96&d=mm&r=g","url":"https:\/\/secure.gravatar.com\/avatar\/24327468bc2a6fb95889620b4158620d90c5e352f7a18c30af0e3f8cb70bc104?s=96&d=mm&r=g","contentUrl":"https:\/\/secure.gravatar.com\/avatar\/24327468bc2a6fb95889620b4158620d90c5e352f7a18c30af0e3f8cb70bc104?s=96&d=mm&r=g","caption":"SM Educa\u00e7\u00e3o"},"url":"https:\/\/projetoslayerup.com.br\/smeducacao\/author\/smeducacao2021\/"}]}},"_links":{"self":[{"href":"https:\/\/projetoslayerup.com.br\/smeducacao\/wp-json\/wp\/v2\/posts\/7887","targetHints":{"allow":["GET"]}}],"collection":[{"href":"https:\/\/projetoslayerup.com.br\/smeducacao\/wp-json\/wp\/v2\/posts"}],"about":[{"href":"https:\/\/projetoslayerup.com.br\/smeducacao\/wp-json\/wp\/v2\/types\/post"}],"author":[{"embeddable":true,"href":"https:\/\/projetoslayerup.com.br\/smeducacao\/wp-json\/wp\/v2\/users\/2"}],"replies":[{"embeddable":true,"href":"https:\/\/projetoslayerup.com.br\/smeducacao\/wp-json\/wp\/v2\/comments?post=7887"}],"version-history":[{"count":1,"href":"https:\/\/projetoslayerup.com.br\/smeducacao\/wp-json\/wp\/v2\/posts\/7887\/revisions"}],"predecessor-version":[{"id":11454,"href":"https:\/\/projetoslayerup.com.br\/smeducacao\/wp-json\/wp\/v2\/posts\/7887\/revisions\/11454"}],"wp:featuredmedia":[{"embeddable":true,"href":"https:\/\/projetoslayerup.com.br\/smeducacao\/wp-json\/wp\/v2\/media\/7891"}],"wp:attachment":[{"href":"https:\/\/projetoslayerup.com.br\/smeducacao\/wp-json\/wp\/v2\/media?parent=7887"}],"wp:term":[{"taxonomy":"category","embeddable":true,"href":"https:\/\/projetoslayerup.com.br\/smeducacao\/wp-json\/wp\/v2\/categories?post=7887"},{"taxonomy":"post_tag","embeddable":true,"href":"https:\/\/projetoslayerup.com.br\/smeducacao\/wp-json\/wp\/v2\/tags?post=7887"},{"taxonomy":"blog_nivel_escolar","embeddable":true,"href":"https:\/\/projetoslayerup.com.br\/smeducacao\/wp-json\/wp\/v2\/blog_nivel_escolar?post=7887"},{"taxonomy":"blog_segmento_escolar","embeddable":true,"href":"https:\/\/projetoslayerup.com.br\/smeducacao\/wp-json\/wp\/v2\/blog_segmento_escolar?post=7887"}],"curies":[{"name":"wp","href":"https:\/\/api.w.org\/{rel}","templated":true}]}}