{"id":7893,"date":"2026-05-06T11:19:57","date_gmt":"2026-05-06T14:19:57","guid":{"rendered":"https:\/\/www.smeducacao.com.br\/?p=7893"},"modified":"2026-08-19T18:16:12","modified_gmt":"2026-08-19T18:16:12","slug":"guia-definitivo-pnld-2027-entenda-os-objetos-1-e-2-e-como-se-organizar-para-a-escolha","status":"publish","type":"post","link":"https:\/\/projetoslayerup.com.br\/smeducacao\/guia-definitivo-pnld-2027-entenda-os-objetos-1-e-2-e-como-se-organizar-para-a-escolha\/","title":{"rendered":"Guia definitivo PNLD 2027: entenda os Objetos 1 e 2 e como se organizar para a escolha"},"content":{"rendered":"<p><span style=\"font-weight: 400;\">O cen\u00e1rio da educa\u00e7\u00e3o p\u00fablica brasileira atravessa um momento de transi\u00e7\u00e3o e atualiza\u00e7\u00e3o de metas. Com a chegada do <\/span><b>PNLD 2027 <\/b><a href=\"https:\/\/pnld.smeducacao.com.br\/\"><b>(Programa Nacional do Livro e do Material Did\u00e1tico)<\/b><\/a><span style=\"font-weight: 400;\">, gestores e educadores de todo o pa\u00eds precisam se preparar para um processo de escolha que vai muito al\u00e9m da renova\u00e7\u00e3o de acervos. Na pr\u00e1tica, trata-se de consolidar a base da pir\u00e2mide educacional nos <\/span><b>Anos Iniciais<\/b><span style=\"font-weight: 400;\"> do Ensino Fundamental.\u00a0<\/span><\/p>\n<p><span style=\"font-weight: 400;\">Compreender a articula\u00e7\u00e3o entre as diretrizes oficiais, as categorias de materiais e os indicadores de desempenho \u00e9 o primeiro passo para garantir que a escolha das obras reflita as necessidades reais de aprendizagem e o <\/span><b>compromisso com a qualidade do ensino p\u00fablico<\/b><span style=\"font-weight: 400;\">.<\/span><\/p>\n<h2><b>O foco estrat\u00e9gico do PNLD 2027<\/b><\/h2>\n<p><span style=\"font-weight: 400;\">O <\/span><b>PNLD<\/b><span style=\"font-weight: 400;\"> \u00e9 a pol\u00edtica p\u00fablica educacional mais antiga e est\u00e1vel do Brasil, criada em 1937. Sua miss\u00e3o \u00e9 prover, de forma sistem\u00e1tica e gratuita, obras did\u00e1ticas, pedag\u00f3gicas e liter\u00e1rias para as redes p\u00fablicas e institui\u00e7\u00f5es conveniadas. Para o ciclo de 2027 a 2030, o foco central s\u00e3o os <\/span><b>Anos Iniciais do Ensino Fundamental (1\u00ba ao 5\u00ba ano)<\/b><span style=\"font-weight: 400;\">.<\/span><\/p>\n<p><span style=\"font-weight: 400;\">O grande diferencial deste edital \u00e9 o seu alinhamento ao <\/span><a href=\"https:\/\/www.gov.br\/mec\/pt-br\/crianca-alfabetizada\"><b>Compromisso Nacional Crian\u00e7a Alfabetizada (CNCA)<\/b><\/a><span style=\"font-weight: 400;\">. O objetivo do Minist\u00e9rio da Educa\u00e7\u00e3o (MEC) \u00e9 garantir que <\/span><b>100% das crian\u00e7as estejam alfabetizadas at\u00e9 o final do 2\u00ba ano<\/b><span style=\"font-weight: 400;\">, promovendo uma continuidade pedag\u00f3gica s\u00f3lida e sem rupturas at\u00e9 o 5\u00ba ano.<\/span><\/p>\n<h2><b>Entendendo a estrutura: Objeto 1 e Objeto 2<\/b><\/h2>\n<p><img loading=\"lazy\" decoding=\"async\" class=\"alignnone size-full wp-image-7894\" src=\"https:\/\/projetoslayerup.com.br\/smeducacao\/wp-content\/uploads\/2026\/05\/Blogpost_PNLD2027Abril_2026_V1-02.png\" alt=\"Estrutura do PNLD 2027\" width=\"1516\" height=\"1518\" \/><\/p>\n<p><span style=\"font-weight: 400;\">A organiza\u00e7\u00e3o do edital pode parecer complexa \u00e0 primeira vista, mas ela foi desenhada para respeitar o <\/span><b>desenvolvimento psicomotor<\/b> <b>e a maturidade cognitiva <\/b><span style=\"font-weight: 400;\">de cada fase. A separa\u00e7\u00e3o entre <\/span><a href=\"https:\/\/pnld.smeducacao.com.br\/pnld-fundamental-anos-iniciais\/\"><b>Objeto 1<\/b><span style=\"font-weight: 400;\"> e <\/span><b>Objeto 2<\/b><\/a><span style=\"font-weight: 400;\"> \u00e9 fundamental para o planejamento da gest\u00e3o escolar.<\/span><\/p>\n<h3><b>Objeto 1: O cora\u00e7\u00e3o da sala de aula<\/b><\/h3>\n<p><span style=\"font-weight: 400;\">Destinado a estudantes e professores, o <\/span><b>Objeto 1<\/b><span style=\"font-weight: 400;\"> \u00e9 composto pelos livros que guiar\u00e3o o dia a dia pedag\u00f3gico. Ele est\u00e1 subdividido em categorias que atendem \u00e0s especificidades de cada ano:<\/span><\/p>\n<h3><b>Categoria 1: Ciclo de Alfabetiza\u00e7\u00e3o (1\u00ba e 2\u00ba anos)<\/b><\/h3>\n<p><span style=\"font-weight: 400;\">Nesta fase, o foco \u00e9 a <\/span><b>alfabetiza\u00e7\u00e3o plena<\/b><span style=\"font-weight: 400;\">, com \u00eanfase em leitura e escrita.<\/span><\/p>\n<ul>\n<li style=\"font-weight: 400;\" aria-level=\"1\"><b>Caracter\u00edsticas:<\/b><span style=\"font-weight: 400;\"> materiais <\/span><b>100% consum\u00edveis<\/b><span style=\"font-weight: 400;\">. Isso permite que o livro funcione como um portf\u00f3lio vivo, onde o aluno registra seu progresso diretamente na obra.<\/span><\/li>\n<li style=\"font-weight: 400;\" aria-level=\"1\"><b>Componentes:<\/b><span style=\"font-weight: 400;\"> L\u00edngua Portuguesa, Matem\u00e1tica, Ci\u00eancias, Hist\u00f3ria, Geografia, Arte e, de forma inovadora, <\/span><b>Educa\u00e7\u00e3o Digital e Midi\u00e1tica<\/b><span style=\"font-weight: 400;\">.<\/span><\/li>\n<\/ul>\n<h2><b>Categoria 2: Consolida\u00e7\u00e3o da Aprendizagem (3\u00ba ao 5\u00ba ano)<\/b><\/h2>\n<p><span style=\"font-weight: 400;\">O objetivo aqui \u00e9 o aprofundamento curricular.<\/span><\/p>\n<ul>\n<li style=\"font-weight: 400;\" aria-level=\"1\"><b>Materiais:<\/b><span style=\"font-weight: 400;\"> uma cole\u00e7\u00e3o estrat\u00e9gica. L\u00edngua Portuguesa e Matem\u00e1tica permanecem <\/span><b>consum\u00edveis<\/b><span style=\"font-weight: 400;\">, enquanto Ci\u00eancias, Hist\u00f3ria, Geografia e Arte passam a ser <\/span><b>reutiliz\u00e1veis<\/b><span style=\"font-weight: 400;\">.<\/span><\/li>\n<li style=\"font-weight: 400;\" aria-level=\"1\"><b>Destaque:<\/b><span style=\"font-weight: 400;\"> inclus\u00e3o de volume \u00fanico para <\/span><b>Produ\u00e7\u00e3o de Texto<\/b><span style=\"font-weight: 400;\">, essencial para o desenvolvimento da autonomia escrita.<\/span><\/li>\n<\/ul>\n<h2><b>Categoria 3: Amplia\u00e7\u00e3o da Aprendizagem<\/b><\/h2>\n<p><span style=\"font-weight: 400;\">Voltada para o enriquecimento de repert\u00f3rio e novas linguagens.<\/span><\/p>\n<ul>\n<li style=\"font-weight: 400;\" aria-level=\"1\"><b>L\u00edngua Inglesa e Espanhola:<\/b><span style=\"font-weight: 400;\"> pela primeira vez, h\u00e1 uma an\u00e1lise aprofundada de obras de l\u00ednguas estrangeiras para este segmento, garantindo que o <\/span><a href=\"https:\/\/projetoslayerup.com.br\/smeducacao\/programa-bilingue\/\"><b>ensino bil\u00edngue<\/b><\/a><span style=\"font-weight: 400;\"> esteja presente desde cedo.<\/span><\/li>\n<\/ul>\n<h3><b>Objeto 2: Apoio Te\u00f3rico-Metodol\u00f3gico\u00a0<\/b><\/h3>\n<p><span style=\"font-weight: 400;\">J\u00e1 o <\/span><b>Objeto 2<\/b><span style=\"font-weight: 400;\"> \u00e9 uma ferramenta essencial. Ele garante poder para o gestor e o coordenador pedag\u00f3gico.<\/span><\/p>\n<ul>\n<li style=\"font-weight: 400;\" aria-level=\"1\"><b>Formato:<\/b><span style=\"font-weight: 400;\"> Digital (PDF interativo).<\/span><\/li>\n<li style=\"font-weight: 400;\" aria-level=\"1\"><b>Fun\u00e7\u00e3o:<\/b><span style=\"font-weight: 400;\"> auxiliar em planejamentos, reuni\u00f5es e na forma\u00e7\u00e3o continuada dos professores, explicando o &#8220;porqu\u00ea&#8221; de cada abordagem metodol\u00f3gica escolhida nas obras did\u00e1ticas.<\/span><\/li>\n<\/ul>\n<p><span style=\"font-weight: 400;\">Se voc\u00ea ainda tem d\u00favidas t\u00e9cnicas sobre os objetos, confira uma se\u00e7\u00e3o exclusiva de <\/span><a href=\"https:\/\/pnld.smeducacao.com.br\/faq\/\"><b>Perguntas Frequentes (FAQ) sobre o PNLD<\/b><\/a><span style=\"font-weight: 400;\">.<\/span><\/p>\n<h2><b>O que o gestor precisa saber?<\/b><\/h2>\n<p><span style=\"font-weight: 400;\">N\u00e3o podemos ignorar os desafios externos que impactam o programa. Relat\u00f3rios recentes da Abrelivros indicam que o <\/span><a href=\"https:\/\/www.publishnews.com.br\/materias\/2025\/12\/03\/governo-federal-deixou-de-comprar-cerca-de-40-milhoes-de-livros-do-pnld-em-2025\"><b>governo federal deixou de adquirir cerca de 40 milh\u00f5es de livros em 2025<\/b><\/a><span style=\"font-weight: 400;\">, o que pode gerar gargalos de reposi\u00e7\u00e3o em algumas regi\u00f5es para 2026.<\/span><\/p>\n<p><span style=\"font-weight: 400;\">Para o <\/span><b>PNLD 2027<\/b><span style=\"font-weight: 400;\">, a recomenda\u00e7\u00e3o \u00e9 que a escola fa\u00e7a sua escolha com anteced\u00eancia e precis\u00e3o t\u00e9cnica. A <\/span><b>gest\u00e3o eficiente do acervo<\/b><span style=\"font-weight: 400;\"> garante a aquisi\u00e7\u00e3o de novas obras e a conserva\u00e7\u00e3o dos t\u00edtulos reutiliz\u00e1veis. Esse planejamento \u00e9 fundamental para que nenhum aluno fique sem material diante de poss\u00edveis instabilidades or\u00e7ament\u00e1rias.<\/span><\/p>\n<h2><b>O panorama da alfabetiza\u00e7\u00e3o no Brasil<\/b><\/h2>\n<p><span style=\"font-weight: 400;\">Dados recentes do <\/span><a href=\"https:\/\/www.cnnbrasil.com.br\/educacao\/ceara-goias-e-parana-lideram-indice-de-alfabetizacao-veja-lista-completa\/\"><b>Selo Nacional Compromisso com a Alfabetiza\u00e7\u00e3o<\/b><\/a><span style=\"font-weight: 400;\"> apontam que o Brasil superou a meta nacional de alfabetiza\u00e7\u00e3o em 2025, atingindo a marca de <\/span><b>66% de crian\u00e7as alfabetizadas na idade adequada<\/b><span style=\"font-weight: 400;\">. Estados como <\/span><b>Cear\u00e1 (84%)<\/b><span style=\"font-weight: 400;\">, <\/span><b>Goi\u00e1s (80%)<\/b><span style=\"font-weight: 400;\"> e <\/span><b>Paran\u00e1 (80%)<\/b><span style=\"font-weight: 400;\"> lideram o ranking, servindo de inspira\u00e7\u00e3o para as demais regi\u00f5es do pa\u00eds.\u00a0<\/span><\/p>\n<p><span style=\"font-weight: 400;\">Neste contexto, o <\/span><b>PNLD 2027 &#8211; Anos Iniciais<\/b><span style=\"font-weight: 400;\"> surge como o principal suporte material para que esses \u00edndices continuem em ascens\u00e3o, visando a <\/span><b>meta nacional de 80% at\u00e9 o ano de 2030<\/b><span style=\"font-weight: 400;\">.<\/span><\/p>\n<p><span style=\"font-weight: 400;\">Este avan\u00e7o reflete o amadurecimento das pol\u00edticas p\u00fablicas de <\/span><b>educa\u00e7\u00e3o b\u00e1sica<\/b><span style=\"font-weight: 400;\"> no pa\u00eds, que passaram a priorizar o regime de colabora\u00e7\u00e3o entre estados e munic\u00edpios. A supera\u00e7\u00e3o das metas estabelecidas pelo <\/span><b>MEC<\/b><span style=\"font-weight: 400;\"> e pelo <\/span><b>FNDE<\/b><span style=\"font-weight: 400;\"> em 2025 demonstra que, quando h\u00e1 um alinhamento entre materiais did\u00e1ticos de qualidade e gest\u00e3o pedag\u00f3gica eficiente, \u00e9 poss\u00edvel reduzir as desigualdades hist\u00f3ricas.\u00a0<\/span><\/p>\n<p><span style=\"font-weight: 400;\">O foco agora se volta para a <\/span><b>manuten\u00e7\u00e3o e aumento desses resultados<\/b><span style=\"font-weight: 400;\">, garantindo que o direito de aprender seja democratizado em <\/span><b>todas as regi\u00f5es brasileiras<\/b><span style=\"font-weight: 400;\">, independentemente de suas particularidades socioecon\u00f4micas.<\/span><\/p>\n<h2><b>Como organizar o processo de escolha na sua institui\u00e7\u00e3o?<\/b><\/h2>\n<p><span style=\"font-weight: 400;\">A escolha das obras \u00e9 um processo democr\u00e1tico e deve envolver todo o corpo docente. Para facilitar, confira este roteiro de organiza\u00e7\u00e3o:<\/span><\/p>\n<ol>\n<li style=\"font-weight: 400;\" aria-level=\"1\"><b>Constitui\u00e7\u00e3o do grupo de estudo:<\/b><span style=\"font-weight: 400;\"> crie comiss\u00f5es por \u00e1reas do conhecimento para analisar as amostras digitais e f\u00edsicas.<\/span><\/li>\n<li style=\"font-weight: 400;\" aria-level=\"1\"><b>An\u00e1lise de ades\u00e3o \u00e0 BNCC:<\/b><span style=\"font-weight: 400;\"> garanta que o material cubra 100% das compet\u00eancias e habilidades obrigat\u00f3rias.<\/span><\/li>\n<li style=\"font-weight: 400;\" aria-level=\"1\"><b>Avalia\u00e7\u00e3o da escaneabilidade e linguagem:<\/b><span style=\"font-weight: 400;\"> o livro \u00e9 atrativo para a crian\u00e7a? A linguagem est\u00e1 adequada \u00e0 faixa et\u00e1ria?<\/span><\/li>\n<li style=\"font-weight: 400;\" aria-level=\"1\"><b>Verifica\u00e7\u00e3o de materiais digitais:<\/b><span style=\"font-weight: 400;\"> teste os PDFs interativos e os recursos complementares. No <\/span><b>PNLD 2027<\/b><span style=\"font-weight: 400;\">, o digital n\u00e3o \u00e9 mais apenas um &#8220;extra&#8221;, mas parte integrante da experi\u00eancia.<\/span><\/li>\n<li style=\"font-weight: 400;\" aria-level=\"1\"><b>Relev\u00e2ncia e diversidade:<\/b><span style=\"font-weight: 400;\"> escolha obras que representem a pluralidade da sociedade brasileira, incluindo recortes de ra\u00e7a, cultura e acessibilidade (Braille).<\/span><\/li>\n<\/ol>\n<h2><b>O pr\u00f3ximo passo da sua escola<\/b><\/h2>\n<p><img loading=\"lazy\" decoding=\"async\" class=\"alignnone size-full wp-image-7895\" src=\"https:\/\/projetoslayerup.com.br\/smeducacao\/wp-content\/uploads\/2026\/05\/Blogpost_PNLD2027Abril_2026_V1-04.png\" alt=\"Por que escolher a SM Educa\u00e7\u00e3o no PNLD 2027\" width=\"1516\" height=\"742\" \/><\/p>\n<p><span style=\"font-weight: 400;\">A escolha do <\/span><b>PNLD 2027<\/b><span style=\"font-weight: 400;\"> \u00e9 a oportunidade de redefinir a qualidade do ensino nos Anos Iniciais. Navegar por este edital exige estrat\u00e9gia, conhecimento t\u00e9cnico e um olhar atento \u00e0s necessidades dos estudantes.<\/span><\/p>\n<p><span style=\"font-weight: 400;\">O suporte institucional qualificado \u00e9 um diferencial nessa jornada, e o detalhamento sobre a estrutura\u00e7\u00e3o dos materiais para este ciclo pode ser consultado na p\u00e1gina exclusiva sobre o <\/span><a href=\"https:\/\/pnld.smeducacao.com.br\/pnld-fundamental-anos-iniciais\/\"><b>PNLD dos Anos Iniciais<\/b><\/a><span style=\"font-weight: 400;\">.<\/span><\/p>\n<h2><b>Por que escolher a SM Educa\u00e7\u00e3o no PNLD 2027?<\/b><\/h2>\n<p><span style=\"font-weight: 400;\">Com mais de 85 anos de tradi\u00e7\u00e3o, a <\/span><a href=\"https:\/\/projetoslayerup.com.br\/smeducacao\/\"><b>SM Educa\u00e7\u00e3o<\/b><\/a><span style=\"font-weight: 400;\"> entende as min\u00facias do <\/span><b>Ensino P\u00fablico<\/b><span style=\"font-weight: 400;\"> brasileiro. Para este edital, submetemos obras que n\u00e3o s\u00e3o apenas livros, mas projetos educacionais completos.<\/span><\/p>\n<ul>\n<li style=\"font-weight: 400;\" aria-level=\"1\"><b>Alinhamento ao CNCA:<\/b><span style=\"font-weight: 400;\"> nossas cole\u00e7\u00f5es foram desenhadas para facilitar o processo de alfabetiza\u00e7\u00e3o eficiente, sem rupturas entre o 2\u00ba e o 3\u00ba ano.<\/span><\/li>\n<li style=\"font-weight: 400;\" aria-level=\"1\"><b>Forma\u00e7\u00e3o docente:<\/b><span style=\"font-weight: 400;\"> oferecemos planos de aula detalhados e suporte para a inclus\u00e3o da diversidade em sala de aula.<\/span><\/li>\n<li style=\"font-weight: 400;\" aria-level=\"1\"><b>Prop\u00f3sito social:<\/b><span style=\"font-weight: 400;\"> a SM pertence \u00e0 <\/span><b>Funda\u00e7\u00e3o SM<\/b><span style=\"font-weight: 400;\">, o que significa que 100% dos dividendos s\u00e3o reinvestidos em projetos sociais, como forma\u00e7\u00e3o de professores e fomento \u00e0 leitura no Brasil.<\/span><\/li>\n<\/ul>\n<p><span style=\"font-weight: 400;\">Ao selecionar uma obra da SM, sua escola se une a uma rede que j\u00e1 beneficiou mais de 200 mil alunos e 90 mil professores nos \u00faltimos anos.<\/span><\/p>\n","protected":false},"excerpt":{"rendered":"<p>O cen\u00e1rio da educa\u00e7\u00e3o p\u00fablica brasileira atravessa um momento de transi\u00e7\u00e3o e atualiza\u00e7\u00e3o de metas. Com a chegada do PNLD 2027 (Programa Nacional do Livro e do Material Did\u00e1tico), gestores e educadores de todo o pa\u00eds precisam se preparar para um processo de escolha que vai muito al\u00e9m da renova\u00e7\u00e3o de acervos. Na pr\u00e1tica, trata-se [&hellip;]<\/p>\n","protected":false},"author":2,"featured_media":7899,"comment_status":"open","ping_status":"open","sticky":false,"template":"","format":"standard","meta":{"_acf_changed":false,"footnotes":""},"categories":[5],"tags":[56,26,6],"blog_nivel_escolar":[],"blog_segmento_escolar":[],"class_list":["post-7893","post","type-post","status-publish","format-standard","has-post-thumbnail","hentry","category-pnld","tag-educacao-basica","tag-livros-pnld","tag-pnld"],"acf":[],"yoast_head":"<!-- This site is optimized with the Yoast SEO plugin v28.3 - https:\/\/yoast.com\/product\/yoast-seo-wordpress\/ -->\n<title>PNLD 2027: como fazer sua escolha nos Objetos 1 e 2<\/title>\n<meta name=\"description\" content=\"Guia completo sobre o PNLD 2027 Anos Iniciais. Entenda os Objetos 1 e 2, o impacto do Compromisso Nacional Crian\u00e7a Alfabetizada e como organizar sua escola.\" \/>\n<meta name=\"robots\" content=\"noindex, follow, max-snippet:-1, max-image-preview:large, max-video-preview:-1\" \/>\n<meta property=\"og:locale\" content=\"pt_BR\" \/>\n<meta property=\"og:type\" content=\"article\" \/>\n<meta property=\"og:title\" content=\"PNLD 2027: como fazer sua escolha nos Objetos 1 e 2\" \/>\n<meta property=\"og:description\" content=\"Guia completo sobre o PNLD 2027 Anos Iniciais. Entenda os Objetos 1 e 2, o impacto do Compromisso Nacional Crian\u00e7a Alfabetizada e como organizar sua escola.\" \/>\n<meta property=\"og:url\" content=\"https:\/\/projetoslayerup.com.br\/smeducacao\/guia-definitivo-pnld-2027-entenda-os-objetos-1-e-2-e-como-se-organizar-para-a-escolha\/\" \/>\n<meta property=\"og:site_name\" content=\"SM Educa\u00e7\u00e3o - Juntos cuidamos da educa\u00e7\u00e3o!\" \/>\n<meta property=\"article:published_time\" content=\"2026-05-06T14:19:57+00:00\" \/>\n<meta property=\"article:modified_time\" content=\"2026-08-19T18:16:12+00:00\" \/>\n<meta property=\"og:image\" content=\"https:\/\/projetoslayerup.com.br\/smeducacao\/wp-content\/uploads\/2026\/05\/Blogpost_PNLD2027_HEADER_Abril_2026_V1.png\" \/>\n\t<meta property=\"og:image:width\" content=\"1516\" \/>\n\t<meta property=\"og:image:height\" content=\"864\" \/>\n\t<meta property=\"og:image:type\" content=\"image\/png\" \/>\n<meta name=\"author\" content=\"SM Educa\u00e7\u00e3o\" \/>\n<meta name=\"twitter:card\" content=\"summary_large_image\" \/>\n<meta name=\"twitter:label1\" content=\"Escrito por\" \/>\n\t<meta name=\"twitter:data1\" content=\"SM Educa\u00e7\u00e3o\" \/>\n\t<meta name=\"twitter:label2\" content=\"Est. tempo de leitura\" \/>\n\t<meta name=\"twitter:data2\" content=\"7 minutos\" \/>\n<script type=\"application\/ld+json\" class=\"yoast-schema-graph\">{\"@context\":\"https:\\\/\\\/schema.org\",\"@graph\":[{\"@type\":\"Article\",\"@id\":\"https:\\\/\\\/projetoslayerup.com.br\\\/smeducacao\\\/guia-definitivo-pnld-2027-entenda-os-objetos-1-e-2-e-como-se-organizar-para-a-escolha\\\/#article\",\"isPartOf\":{\"@id\":\"https:\\\/\\\/projetoslayerup.com.br\\\/smeducacao\\\/guia-definitivo-pnld-2027-entenda-os-objetos-1-e-2-e-como-se-organizar-para-a-escolha\\\/\"},\"author\":{\"name\":\"SM Educa\u00e7\u00e3o\",\"@id\":\"https:\\\/\\\/projetoslayerup.com.br\\\/smeducacao\\\/#\\\/schema\\\/person\\\/45d7d41388698d0f902ff276caab47f5\"},\"headline\":\"Guia definitivo PNLD 2027: entenda os Objetos 1 e 2 e como se organizar para a escolha\",\"datePublished\":\"2026-05-06T14:19:57+00:00\",\"dateModified\":\"2026-08-19T18:16:12+00:00\",\"mainEntityOfPage\":{\"@id\":\"https:\\\/\\\/projetoslayerup.com.br\\\/smeducacao\\\/guia-definitivo-pnld-2027-entenda-os-objetos-1-e-2-e-como-se-organizar-para-a-escolha\\\/\"},\"wordCount\":1255,\"commentCount\":0,\"image\":{\"@id\":\"https:\\\/\\\/projetoslayerup.com.br\\\/smeducacao\\\/guia-definitivo-pnld-2027-entenda-os-objetos-1-e-2-e-como-se-organizar-para-a-escolha\\\/#primaryimage\"},\"thumbnailUrl\":\"https:\\\/\\\/projetoslayerup.com.br\\\/smeducacao\\\/wp-content\\\/uploads\\\/2026\\\/05\\\/Blogpost_PNLD2027_HEADER_Abril_2026_V1.png\",\"keywords\":[\"educa\u00e7\u00e3o b\u00e1sica\",\"livros pnld\",\"PNLD\"],\"articleSection\":[\"PNLD\"],\"inLanguage\":\"pt-BR\",\"potentialAction\":[{\"@type\":\"CommentAction\",\"name\":\"Comment\",\"target\":[\"https:\\\/\\\/projetoslayerup.com.br\\\/smeducacao\\\/guia-definitivo-pnld-2027-entenda-os-objetos-1-e-2-e-como-se-organizar-para-a-escolha\\\/#respond\"]}]},{\"@type\":\"WebPage\",\"@id\":\"https:\\\/\\\/projetoslayerup.com.br\\\/smeducacao\\\/guia-definitivo-pnld-2027-entenda-os-objetos-1-e-2-e-como-se-organizar-para-a-escolha\\\/\",\"url\":\"https:\\\/\\\/projetoslayerup.com.br\\\/smeducacao\\\/guia-definitivo-pnld-2027-entenda-os-objetos-1-e-2-e-como-se-organizar-para-a-escolha\\\/\",\"name\":\"PNLD 2027: como fazer sua escolha nos Objetos 1 e 2\",\"isPartOf\":{\"@id\":\"https:\\\/\\\/projetoslayerup.com.br\\\/smeducacao\\\/#website\"},\"primaryImageOfPage\":{\"@id\":\"https:\\\/\\\/projetoslayerup.com.br\\\/smeducacao\\\/guia-definitivo-pnld-2027-entenda-os-objetos-1-e-2-e-como-se-organizar-para-a-escolha\\\/#primaryimage\"},\"image\":{\"@id\":\"https:\\\/\\\/projetoslayerup.com.br\\\/smeducacao\\\/guia-definitivo-pnld-2027-entenda-os-objetos-1-e-2-e-como-se-organizar-para-a-escolha\\\/#primaryimage\"},\"thumbnailUrl\":\"https:\\\/\\\/projetoslayerup.com.br\\\/smeducacao\\\/wp-content\\\/uploads\\\/2026\\\/05\\\/Blogpost_PNLD2027_HEADER_Abril_2026_V1.png\",\"datePublished\":\"2026-05-06T14:19:57+00:00\",\"dateModified\":\"2026-08-19T18:16:12+00:00\",\"author\":{\"@id\":\"https:\\\/\\\/projetoslayerup.com.br\\\/smeducacao\\\/#\\\/schema\\\/person\\\/45d7d41388698d0f902ff276caab47f5\"},\"description\":\"Guia completo sobre o PNLD 2027 Anos Iniciais. Entenda os Objetos 1 e 2, o impacto do Compromisso Nacional Crian\u00e7a Alfabetizada e como organizar sua escola.\",\"breadcrumb\":{\"@id\":\"https:\\\/\\\/projetoslayerup.com.br\\\/smeducacao\\\/guia-definitivo-pnld-2027-entenda-os-objetos-1-e-2-e-como-se-organizar-para-a-escolha\\\/#breadcrumb\"},\"inLanguage\":\"pt-BR\",\"potentialAction\":[{\"@type\":\"ReadAction\",\"target\":[\"https:\\\/\\\/projetoslayerup.com.br\\\/smeducacao\\\/guia-definitivo-pnld-2027-entenda-os-objetos-1-e-2-e-como-se-organizar-para-a-escolha\\\/\"]}]},{\"@type\":\"ImageObject\",\"inLanguage\":\"pt-BR\",\"@id\":\"https:\\\/\\\/projetoslayerup.com.br\\\/smeducacao\\\/guia-definitivo-pnld-2027-entenda-os-objetos-1-e-2-e-como-se-organizar-para-a-escolha\\\/#primaryimage\",\"url\":\"https:\\\/\\\/projetoslayerup.com.br\\\/smeducacao\\\/wp-content\\\/uploads\\\/2026\\\/05\\\/Blogpost_PNLD2027_HEADER_Abril_2026_V1.png\",\"contentUrl\":\"https:\\\/\\\/projetoslayerup.com.br\\\/smeducacao\\\/wp-content\\\/uploads\\\/2026\\\/05\\\/Blogpost_PNLD2027_HEADER_Abril_2026_V1.png\",\"width\":1516,\"height\":864,\"caption\":\"PNLD 2027: como escolher os Objetos 1 e 2\"},{\"@type\":\"BreadcrumbList\",\"@id\":\"https:\\\/\\\/projetoslayerup.com.br\\\/smeducacao\\\/guia-definitivo-pnld-2027-entenda-os-objetos-1-e-2-e-como-se-organizar-para-a-escolha\\\/#breadcrumb\",\"itemListElement\":[{\"@type\":\"ListItem\",\"position\":1,\"name\":\"In\u00edcio\",\"item\":\"https:\\\/\\\/projetoslayerup.com.br\\\/smeducacao\\\/\"},{\"@type\":\"ListItem\",\"position\":2,\"name\":\"Guia definitivo PNLD 2027: entenda os Objetos 1 e 2 e como se organizar para a escolha\"}]},{\"@type\":\"WebSite\",\"@id\":\"https:\\\/\\\/projetoslayerup.com.br\\\/smeducacao\\\/#website\",\"url\":\"https:\\\/\\\/projetoslayerup.com.br\\\/smeducacao\\\/\",\"name\":\"SM Educa\u00e7\u00e3o - Juntos cuidamos da educa\u00e7\u00e3o!\",\"description\":\"Transformamos a educa\u00e7\u00e3o por meio de solu\u00e7\u00f5es digitais, solu\u00e7\u00f5es did\u00e1ticas para uma aprendizagem personalizada e solu\u00e7\u00f5es estrat\u00e9gicas eficientes. Juntos cuidamos da Educa\u00e7\u00e3o!\",\"potentialAction\":[{\"@type\":\"SearchAction\",\"target\":{\"@type\":\"EntryPoint\",\"urlTemplate\":\"https:\\\/\\\/projetoslayerup.com.br\\\/smeducacao\\\/?s={search_term_string}\"},\"query-input\":{\"@type\":\"PropertyValueSpecification\",\"valueRequired\":true,\"valueName\":\"search_term_string\"}}],\"inLanguage\":\"pt-BR\"},{\"@type\":\"Person\",\"@id\":\"https:\\\/\\\/projetoslayerup.com.br\\\/smeducacao\\\/#\\\/schema\\\/person\\\/45d7d41388698d0f902ff276caab47f5\",\"name\":\"SM Educa\u00e7\u00e3o\",\"image\":{\"@type\":\"ImageObject\",\"inLanguage\":\"pt-BR\",\"@id\":\"https:\\\/\\\/secure.gravatar.com\\\/avatar\\\/24327468bc2a6fb95889620b4158620d90c5e352f7a18c30af0e3f8cb70bc104?s=96&d=mm&r=g\",\"url\":\"https:\\\/\\\/secure.gravatar.com\\\/avatar\\\/24327468bc2a6fb95889620b4158620d90c5e352f7a18c30af0e3f8cb70bc104?s=96&d=mm&r=g\",\"contentUrl\":\"https:\\\/\\\/secure.gravatar.com\\\/avatar\\\/24327468bc2a6fb95889620b4158620d90c5e352f7a18c30af0e3f8cb70bc104?s=96&d=mm&r=g\",\"caption\":\"SM Educa\u00e7\u00e3o\"},\"url\":\"https:\\\/\\\/projetoslayerup.com.br\\\/smeducacao\\\/author\\\/smeducacao2021\\\/\"}]}<\/script>\n<!-- \/ Yoast SEO plugin. -->","yoast_head_json":{"title":"PNLD 2027: como fazer sua escolha nos Objetos 1 e 2","description":"Guia completo sobre o PNLD 2027 Anos Iniciais. Entenda os Objetos 1 e 2, o impacto do Compromisso Nacional Crian\u00e7a Alfabetizada e como organizar sua escola.","robots":{"index":"noindex","follow":"follow","max-snippet":"max-snippet:-1","max-image-preview":"max-image-preview:large","max-video-preview":"max-video-preview:-1"},"og_locale":"pt_BR","og_type":"article","og_title":"PNLD 2027: como fazer sua escolha nos Objetos 1 e 2","og_description":"Guia completo sobre o PNLD 2027 Anos Iniciais. Entenda os Objetos 1 e 2, o impacto do Compromisso Nacional Crian\u00e7a Alfabetizada e como organizar sua escola.","og_url":"https:\/\/projetoslayerup.com.br\/smeducacao\/guia-definitivo-pnld-2027-entenda-os-objetos-1-e-2-e-como-se-organizar-para-a-escolha\/","og_site_name":"SM Educa\u00e7\u00e3o - Juntos cuidamos da educa\u00e7\u00e3o!","article_published_time":"2026-05-06T14:19:57+00:00","article_modified_time":"2026-08-19T18:16:12+00:00","og_image":[{"width":1516,"height":864,"url":"https:\/\/projetoslayerup.com.br\/smeducacao\/wp-content\/uploads\/2026\/05\/Blogpost_PNLD2027_HEADER_Abril_2026_V1.png","type":"image\/png"}],"author":"SM Educa\u00e7\u00e3o","twitter_card":"summary_large_image","twitter_misc":{"Escrito por":"SM Educa\u00e7\u00e3o","Est. tempo de leitura":"7 minutos"},"schema":{"@context":"https:\/\/schema.org","@graph":[{"@type":"Article","@id":"https:\/\/projetoslayerup.com.br\/smeducacao\/guia-definitivo-pnld-2027-entenda-os-objetos-1-e-2-e-como-se-organizar-para-a-escolha\/#article","isPartOf":{"@id":"https:\/\/projetoslayerup.com.br\/smeducacao\/guia-definitivo-pnld-2027-entenda-os-objetos-1-e-2-e-como-se-organizar-para-a-escolha\/"},"author":{"name":"SM Educa\u00e7\u00e3o","@id":"https:\/\/projetoslayerup.com.br\/smeducacao\/#\/schema\/person\/45d7d41388698d0f902ff276caab47f5"},"headline":"Guia definitivo PNLD 2027: entenda os Objetos 1 e 2 e como se organizar para a escolha","datePublished":"2026-05-06T14:19:57+00:00","dateModified":"2026-08-19T18:16:12+00:00","mainEntityOfPage":{"@id":"https:\/\/projetoslayerup.com.br\/smeducacao\/guia-definitivo-pnld-2027-entenda-os-objetos-1-e-2-e-como-se-organizar-para-a-escolha\/"},"wordCount":1255,"commentCount":0,"image":{"@id":"https:\/\/projetoslayerup.com.br\/smeducacao\/guia-definitivo-pnld-2027-entenda-os-objetos-1-e-2-e-como-se-organizar-para-a-escolha\/#primaryimage"},"thumbnailUrl":"https:\/\/projetoslayerup.com.br\/smeducacao\/wp-content\/uploads\/2026\/05\/Blogpost_PNLD2027_HEADER_Abril_2026_V1.png","keywords":["educa\u00e7\u00e3o b\u00e1sica","livros pnld","PNLD"],"articleSection":["PNLD"],"inLanguage":"pt-BR","potentialAction":[{"@type":"CommentAction","name":"Comment","target":["https:\/\/projetoslayerup.com.br\/smeducacao\/guia-definitivo-pnld-2027-entenda-os-objetos-1-e-2-e-como-se-organizar-para-a-escolha\/#respond"]}]},{"@type":"WebPage","@id":"https:\/\/projetoslayerup.com.br\/smeducacao\/guia-definitivo-pnld-2027-entenda-os-objetos-1-e-2-e-como-se-organizar-para-a-escolha\/","url":"https:\/\/projetoslayerup.com.br\/smeducacao\/guia-definitivo-pnld-2027-entenda-os-objetos-1-e-2-e-como-se-organizar-para-a-escolha\/","name":"PNLD 2027: como fazer sua escolha nos Objetos 1 e 2","isPartOf":{"@id":"https:\/\/projetoslayerup.com.br\/smeducacao\/#website"},"primaryImageOfPage":{"@id":"https:\/\/projetoslayerup.com.br\/smeducacao\/guia-definitivo-pnld-2027-entenda-os-objetos-1-e-2-e-como-se-organizar-para-a-escolha\/#primaryimage"},"image":{"@id":"https:\/\/projetoslayerup.com.br\/smeducacao\/guia-definitivo-pnld-2027-entenda-os-objetos-1-e-2-e-como-se-organizar-para-a-escolha\/#primaryimage"},"thumbnailUrl":"https:\/\/projetoslayerup.com.br\/smeducacao\/wp-content\/uploads\/2026\/05\/Blogpost_PNLD2027_HEADER_Abril_2026_V1.png","datePublished":"2026-05-06T14:19:57+00:00","dateModified":"2026-08-19T18:16:12+00:00","author":{"@id":"https:\/\/projetoslayerup.com.br\/smeducacao\/#\/schema\/person\/45d7d41388698d0f902ff276caab47f5"},"description":"Guia completo sobre o PNLD 2027 Anos Iniciais. Entenda os Objetos 1 e 2, o impacto do Compromisso Nacional Crian\u00e7a Alfabetizada e como organizar sua escola.","breadcrumb":{"@id":"https:\/\/projetoslayerup.com.br\/smeducacao\/guia-definitivo-pnld-2027-entenda-os-objetos-1-e-2-e-como-se-organizar-para-a-escolha\/#breadcrumb"},"inLanguage":"pt-BR","potentialAction":[{"@type":"ReadAction","target":["https:\/\/projetoslayerup.com.br\/smeducacao\/guia-definitivo-pnld-2027-entenda-os-objetos-1-e-2-e-como-se-organizar-para-a-escolha\/"]}]},{"@type":"ImageObject","inLanguage":"pt-BR","@id":"https:\/\/projetoslayerup.com.br\/smeducacao\/guia-definitivo-pnld-2027-entenda-os-objetos-1-e-2-e-como-se-organizar-para-a-escolha\/#primaryimage","url":"https:\/\/projetoslayerup.com.br\/smeducacao\/wp-content\/uploads\/2026\/05\/Blogpost_PNLD2027_HEADER_Abril_2026_V1.png","contentUrl":"https:\/\/projetoslayerup.com.br\/smeducacao\/wp-content\/uploads\/2026\/05\/Blogpost_PNLD2027_HEADER_Abril_2026_V1.png","width":1516,"height":864,"caption":"PNLD 2027: como escolher os Objetos 1 e 2"},{"@type":"BreadcrumbList","@id":"https:\/\/projetoslayerup.com.br\/smeducacao\/guia-definitivo-pnld-2027-entenda-os-objetos-1-e-2-e-como-se-organizar-para-a-escolha\/#breadcrumb","itemListElement":[{"@type":"ListItem","position":1,"name":"In\u00edcio","item":"https:\/\/projetoslayerup.com.br\/smeducacao\/"},{"@type":"ListItem","position":2,"name":"Guia definitivo PNLD 2027: entenda os Objetos 1 e 2 e como se organizar para a escolha"}]},{"@type":"WebSite","@id":"https:\/\/projetoslayerup.com.br\/smeducacao\/#website","url":"https:\/\/projetoslayerup.com.br\/smeducacao\/","name":"SM Educa\u00e7\u00e3o - Juntos cuidamos da educa\u00e7\u00e3o!","description":"Transformamos a educa\u00e7\u00e3o por meio de solu\u00e7\u00f5es digitais, solu\u00e7\u00f5es did\u00e1ticas para uma aprendizagem personalizada e solu\u00e7\u00f5es estrat\u00e9gicas eficientes. Juntos cuidamos da Educa\u00e7\u00e3o!","potentialAction":[{"@type":"SearchAction","target":{"@type":"EntryPoint","urlTemplate":"https:\/\/projetoslayerup.com.br\/smeducacao\/?s={search_term_string}"},"query-input":{"@type":"PropertyValueSpecification","valueRequired":true,"valueName":"search_term_string"}}],"inLanguage":"pt-BR"},{"@type":"Person","@id":"https:\/\/projetoslayerup.com.br\/smeducacao\/#\/schema\/person\/45d7d41388698d0f902ff276caab47f5","name":"SM Educa\u00e7\u00e3o","image":{"@type":"ImageObject","inLanguage":"pt-BR","@id":"https:\/\/secure.gravatar.com\/avatar\/24327468bc2a6fb95889620b4158620d90c5e352f7a18c30af0e3f8cb70bc104?s=96&d=mm&r=g","url":"https:\/\/secure.gravatar.com\/avatar\/24327468bc2a6fb95889620b4158620d90c5e352f7a18c30af0e3f8cb70bc104?s=96&d=mm&r=g","contentUrl":"https:\/\/secure.gravatar.com\/avatar\/24327468bc2a6fb95889620b4158620d90c5e352f7a18c30af0e3f8cb70bc104?s=96&d=mm&r=g","caption":"SM Educa\u00e7\u00e3o"},"url":"https:\/\/projetoslayerup.com.br\/smeducacao\/author\/smeducacao2021\/"}]}},"_links":{"self":[{"href":"https:\/\/projetoslayerup.com.br\/smeducacao\/wp-json\/wp\/v2\/posts\/7893","targetHints":{"allow":["GET"]}}],"collection":[{"href":"https:\/\/projetoslayerup.com.br\/smeducacao\/wp-json\/wp\/v2\/posts"}],"about":[{"href":"https:\/\/projetoslayerup.com.br\/smeducacao\/wp-json\/wp\/v2\/types\/post"}],"author":[{"embeddable":true,"href":"https:\/\/projetoslayerup.com.br\/smeducacao\/wp-json\/wp\/v2\/users\/2"}],"replies":[{"embeddable":true,"href":"https:\/\/projetoslayerup.com.br\/smeducacao\/wp-json\/wp\/v2\/comments?post=7893"}],"version-history":[{"count":1,"href":"https:\/\/projetoslayerup.com.br\/smeducacao\/wp-json\/wp\/v2\/posts\/7893\/revisions"}],"predecessor-version":[{"id":13354,"href":"https:\/\/projetoslayerup.com.br\/smeducacao\/wp-json\/wp\/v2\/posts\/7893\/revisions\/13354"}],"wp:featuredmedia":[{"embeddable":true,"href":"https:\/\/projetoslayerup.com.br\/smeducacao\/wp-json\/wp\/v2\/media\/7899"}],"wp:attachment":[{"href":"https:\/\/projetoslayerup.com.br\/smeducacao\/wp-json\/wp\/v2\/media?parent=7893"}],"wp:term":[{"taxonomy":"category","embeddable":true,"href":"https:\/\/projetoslayerup.com.br\/smeducacao\/wp-json\/wp\/v2\/categories?post=7893"},{"taxonomy":"post_tag","embeddable":true,"href":"https:\/\/projetoslayerup.com.br\/smeducacao\/wp-json\/wp\/v2\/tags?post=7893"},{"taxonomy":"blog_nivel_escolar","embeddable":true,"href":"https:\/\/projetoslayerup.com.br\/smeducacao\/wp-json\/wp\/v2\/blog_nivel_escolar?post=7893"},{"taxonomy":"blog_segmento_escolar","embeddable":true,"href":"https:\/\/projetoslayerup.com.br\/smeducacao\/wp-json\/wp\/v2\/blog_segmento_escolar?post=7893"}],"curies":[{"name":"wp","href":"https:\/\/api.w.org\/{rel}","templated":true}]}}