{"id":7957,"date":"2026-07-28T12:35:24","date_gmt":"2026-07-28T15:35:24","guid":{"rendered":"https:\/\/www.smeducacao.com.br\/?p=7957"},"modified":"2026-08-24T17:08:35","modified_gmt":"2026-08-24T17:08:35","slug":"alfabetizacao-na-educacao-infantil-como-promover-a-continuidade","status":"publish","type":"post","link":"https:\/\/projetoslayerup.com.br\/smeducacao\/alfabetizacao-na-educacao-infantil-como-promover-a-continuidade\/","title":{"rendered":"Alfabetiza\u00e7\u00e3o na educa\u00e7\u00e3o infantil: como promover a continuidade?"},"content":{"rendered":"\n<p class=\"wp-block-paragraph\"><span dir=\"auto\" style=\"vertical-align: inherit;\"><span dir=\"auto\" style=\"vertical-align: inherit;\">A alfabetiza\u00e7\u00e3o <\/span><\/span><strong><span dir=\"auto\" style=\"vertical-align: inherit;\"><span dir=\"auto\" style=\"vertical-align: inherit;\">na educa\u00e7\u00e3o infantil<\/span><\/span><\/strong><span dir=\"auto\" style=\"vertical-align: inherit;\"><span dir=\"auto\" style=\"vertical-align: inherit;\"> \u00e9 um dos dois temas mais debatidos nas pol\u00edticas p\u00fablicas brasileiras. Em \u00faltima an\u00e1lise, contribuir para que todas as crian\u00e7as desenvolvam <\/span><\/span><a href=\"https:\/\/projetoslayerup.com.br\/smeducacao\/pnld-a-literatura-em-prol-do-desenvolvimento-integral-de-todos-as-estudantes\/\" target=\"_blank\" rel=\"noopener\"><strong><span dir=\"auto\" style=\"vertical-align: inherit;\"><span dir=\"auto\" style=\"vertical-align: inherit;\">compet\u00eancias relacionadas \u00e0 leitura<\/span><\/span><\/strong><\/a><span dir=\"auto\" style=\"vertical-align: inherit;\"><span dir=\"auto\" style=\"vertical-align: inherit;\"> , escrita e matem\u00e1tica \u00e9 um compromisso que impacta n\u00e3o apenas a vida escolar, mas tamb\u00e9m a participa\u00e7\u00e3o social e o exerc\u00edcio da cidadania.<\/span><\/span><\/p>\n\n\n\n<p class=\"wp-block-paragraph\"><span dir=\"auto\" style=\"vertical-align: inherit;\"><span dir=\"auto\" style=\"vertical-align: inherit;\">Apesar disso, <\/span><\/span><strong><span dir=\"auto\" style=\"vertical-align: inherit;\"><span dir=\"auto\" style=\"vertical-align: inherit;\">ainda \u00e9 comum associar a alfabetiza\u00e7\u00e3o apenas aos primeiros anos da Educa\u00e7\u00e3o Fundamental<\/span><\/span><\/strong><span dir=\"auto\" style=\"vertical-align: inherit;\"><span dir=\"auto\" style=\"vertical-align: inherit;\"> . Essa percep\u00e7\u00e3o faz com que, muitas vezes, um aspecto fundamental do desenvolvimento infantil seja negligenciado: <\/span><\/span><strong><span dir=\"auto\" style=\"vertical-align: inherit;\"><span dir=\"auto\" style=\"vertical-align: inherit;\">a aprendizagem come\u00e7a muito antes do contato formal com letras, s\u00edlabas e palavras.<\/span><\/span><\/strong><\/p>\n\n\n\n<p class=\"wp-block-paragraph\"><span dir=\"auto\" style=\"vertical-align: inherit;\"><span dir=\"auto\" style=\"vertical-align: inherit;\">Desde os primeiros anos de vida, <\/span><\/span><strong><span dir=\"auto\" style=\"vertical-align: inherit;\"><span dir=\"auto\" style=\"vertical-align: inherit;\">enquanto crian\u00e7as, constru\u00edmos repert\u00f3rios, expandimos nosso vocabul\u00e1rio, observamos nossos pais<\/span><\/span><\/strong><span dir=\"auto\" style=\"vertical-align: inherit;\"><span dir=\"auto\" style=\"vertical-align: inherit;\"> e desenvolvemos formas de comunica\u00e7\u00e3o. Essas experi\u00eancias formam a base sobre a qual a aprendizagem futura ser\u00e1 constru\u00edda.<\/span><\/span><\/p>\n\n\n\n<p class=\"wp-block-paragraph\"><span dir=\"auto\" style=\"vertical-align: inherit;\"><span dir=\"auto\" style=\"vertical-align: inherit;\">Neste contexto, destacamos o conceito de <\/span><\/span><strong><span dir=\"auto\" style=\"vertical-align: inherit;\"><span dir=\"auto\" style=\"vertical-align: inherit;\">alfabetiza\u00e7\u00e3o na educa\u00e7\u00e3o infantil<\/span><\/span><\/strong><span dir=\"auto\" style=\"vertical-align: inherit;\"><span dir=\"auto\" style=\"vertical-align: inherit;\"> , uma abordagem que entende a aprendizagem como um <\/span><\/span><strong><span dir=\"auto\" style=\"vertical-align: inherit;\"><span dir=\"auto\" style=\"vertical-align: inherit;\">processo progressivo, articulado e intencional,<\/span><\/span><\/strong><span dir=\"auto\" style=\"vertical-align: inherit;\"><span dir=\"auto\" style=\"vertical-align: inherit;\"> que come\u00e7a na primeira inf\u00e2ncia e se fortalece ao longo de toda a trajet\u00f3ria escolar.<\/span><\/span><\/p>\n\n\n\n<figure class=\"wp-block-image size-full\"><img loading=\"lazy\" decoding=\"async\" width=\"720\" height=\"410\" src=\"https:\/\/projetoslayerup.com.br\/smeducacao\/wp-content\/uploads\/2026\/07\/Imagem-01-720x410-1.webp\" alt=\"\" class=\"wp-image-13616\" srcset=\"https:\/\/projetoslayerup.com.br\/smeducacao\/wp-content\/uploads\/2026\/07\/Imagem-01-720x410-1.webp 720w, https:\/\/projetoslayerup.com.br\/smeducacao\/wp-content\/uploads\/2026\/07\/Imagem-01-720x410-1-300x171.webp 300w\" sizes=\"auto, (max-width: 720px) 100vw, 720px\" \/><\/figure>\n\n\n\n<h2 class=\"wp-block-heading\"><br> <span dir=\"auto\" style=\"vertical-align: inherit;\"><span dir=\"auto\" style=\"vertical-align: inherit;\">O maior desafio \u00e9 promover a continuidade da aprendizagem.<\/span><\/span><\/h2>\n\n\n\n<p class=\"wp-block-paragraph\"><span dir=\"auto\" style=\"vertical-align: inherit;\"><span dir=\"auto\" style=\"vertical-align: inherit;\">A transi\u00e7\u00e3o entre <\/span><\/span><a href=\"https:\/\/projetoslayerup.com.br\/smeducacao\/educacao-infantil-o-que-aprendemos-nesta-etapa\/\" target=\"_blank\" rel=\"noopener\"><strong><span dir=\"auto\" style=\"vertical-align: inherit;\"><span dir=\"auto\" style=\"vertical-align: inherit;\">a Educa\u00e7\u00e3o Infantil<\/span><\/span><\/strong><\/a><span dir=\"auto\" style=\"vertical-align: inherit;\"><span dir=\"auto\" style=\"vertical-align: inherit;\"> e os Anos Iniciais do Ensino Fundamental <\/span><\/span><strong><span dir=\"auto\" style=\"vertical-align: inherit;\"><span dir=\"auto\" style=\"vertical-align: inherit;\">representa um momento importante na trajet\u00f3ria das crian\u00e7as<\/span><\/span><\/strong><span dir=\"auto\" style=\"vertical-align: inherit;\"><span dir=\"auto\" style=\"vertical-align: inherit;\"> . Ao mesmo tempo em que ampliam sua autonomia e come\u00e7am a lidar com novas rotinas escolares, elas tamb\u00e9m se deparam com expectativas relacionadas \u00e0 alfabetiza\u00e7\u00e3o, \u00e0 escrita e \u00e0 matem\u00e1tica.<\/span><\/span><\/p>\n\n\n\n<p class=\"wp-block-paragraph\"><span dir=\"auto\" style=\"vertical-align: inherit;\"><span dir=\"auto\" style=\"vertical-align: inherit;\">Falar de <\/span><\/span><strong><span dir=\"auto\" style=\"vertical-align: inherit;\"><span dir=\"auto\" style=\"vertical-align: inherit;\">alfabetiza\u00e7\u00e3o na educa\u00e7\u00e3o infantil<\/span><\/span><\/strong><span dir=\"auto\" style=\"vertical-align: inherit;\"><span dir=\"auto\" style=\"vertical-align: inherit;\"> significa reconhecer que a aprendizagem acontece progressivamente e que cada etapa da educa\u00e7\u00e3o tem um papel importante na constru\u00e7\u00e3o desse percurso. Em vez de uma mudan\u00e7a entre as s\u00e9ries, <\/span><\/span><strong><span dir=\"auto\" style=\"vertical-align: inherit;\"><span dir=\"auto\" style=\"vertical-align: inherit;\">a transi\u00e7\u00e3o precisa representar a continuidade de experi\u00eancias, descobertas e aprendizados<\/span><\/span><\/strong><span dir=\"auto\" style=\"vertical-align: inherit;\"><span dir=\"auto\" style=\"vertical-align: inherit;\"> que come\u00e7aram muito antes da Educa\u00e7\u00e3o Fundamental.<\/span><\/span><\/p>\n\n\n<div class=\"wp-block-image\">\n<figure class=\"aligncenter size-full is-resized\"><img loading=\"lazy\" decoding=\"async\" width=\"720\" height=\"554\" src=\"https:\/\/projetoslayerup.com.br\/smeducacao\/wp-content\/uploads\/2026\/07\/topicos-02-1-720x554-1.webp\" alt=\"\" class=\"wp-image-13617\" style=\"aspect-ratio:1.2980972515856237;width:614px;height:auto\" srcset=\"https:\/\/projetoslayerup.com.br\/smeducacao\/wp-content\/uploads\/2026\/07\/topicos-02-1-720x554-1.webp 720w, https:\/\/projetoslayerup.com.br\/smeducacao\/wp-content\/uploads\/2026\/07\/topicos-02-1-720x554-1-300x231.webp 300w\" sizes=\"auto, (max-width: 720px) 100vw, 720px\" \/><\/figure>\n<\/div>\n\n\n<p class=\"wp-block-paragraph\"><\/p>\n\n\n\n<h2 class=\"wp-block-heading\"><span dir=\"auto\" style=\"vertical-align: inherit;\"><span dir=\"auto\" style=\"vertical-align: inherit;\">O papel do professor na constru\u00e7\u00e3o das bases da alfabetiza\u00e7\u00e3o<\/span><\/span><\/h2>\n\n\n\n<p class=\"wp-block-paragraph\"><span dir=\"auto\" style=\"vertical-align: inherit;\"><span dir=\"auto\" style=\"vertical-align: inherit;\">Contribuir para <\/span><\/span><strong><span dir=\"auto\" style=\"vertical-align: inherit;\"><span dir=\"auto\" style=\"vertical-align: inherit;\">essa continuidade exige intencionalidade pedag\u00f3gica.<\/span><\/span><\/strong><span dir=\"auto\" style=\"vertical-align: inherit;\"><span dir=\"auto\" style=\"vertical-align: inherit;\"> Isso significa compreender que cada atividade proposta pode contribuir para o desenvolvimento de habilidades relacionadas \u00e0 linguagem, ao racioc\u00ednio l\u00f3gico e \u00e0 participa\u00e7\u00e3o social.<\/span><\/span><\/p>\n\n\n\n<p class=\"wp-block-paragraph\"><span dir=\"auto\" style=\"vertical-align: inherit;\"><span dir=\"auto\" style=\"vertical-align: inherit;\">O professor desempenha um papel fundamental no processo de cria\u00e7\u00e3o de ambientes de aprendizagem que estimulem a curiosidade, a pesquisa, a comunica\u00e7\u00e3o e a constru\u00e7\u00e3o de significados. Entre as pr\u00e1ticas que fortalecem esse caminho est\u00e3o:<\/span><\/span><\/p>\n\n\n\n<h3 class=\"wp-block-heading\"><span dir=\"auto\" style=\"vertical-align: inherit;\"><span dir=\"auto\" style=\"vertical-align: inherit;\">&#8211; Leitura compartilhada<\/span><\/span><\/h3>\n\n\n\n<p class=\"wp-block-paragraph\"><span dir=\"auto\" style=\"vertical-align: inherit;\"><span dir=\"auto\" style=\"vertical-align: inherit;\">O contato frequente com livros e narrativas amplia os repert\u00f3rios lingu\u00edsticos e favorece o desenvolvimento da imagina\u00e7\u00e3o e da compreens\u00e3o textual.<\/span><\/span><\/p>\n\n\n\n<h3 class=\"wp-block-heading\"><span dir=\"auto\" style=\"vertical-align: inherit;\"><span dir=\"auto\" style=\"vertical-align: inherit;\">&#8211; Intera\u00e7\u00f5es significativas<\/span><\/span><\/h3>\n\n\n\n<p class=\"wp-block-paragraph\"><span dir=\"auto\" style=\"vertical-align: inherit;\"><span dir=\"auto\" style=\"vertical-align: inherit;\">Conversas, debates e momentos de escuta ajudam as crian\u00e7as a organizar os pensamentos e expandir as formas de express\u00e3o.<\/span><\/span><\/p>\n\n\n\n<h3 class=\"wp-block-heading\"><span dir=\"auto\" style=\"vertical-align: inherit;\"><span dir=\"auto\" style=\"vertical-align: inherit;\">&#8211; Explora\u00e7\u00e3o de diferentes l\u00ednguas<\/span><\/span><\/h3>\n\n\n\n<p class=\"wp-block-paragraph\"><span dir=\"auto\" style=\"vertical-align: inherit;\"><span dir=\"auto\" style=\"vertical-align: inherit;\">Desenhos, m\u00fasica, brincadeiras, jogos e produ\u00e7\u00f5es art\u00edsticas contribuem para o desenvolvimento integral.<\/span><\/span><\/p>\n\n\n\n<h3 class=\"wp-block-heading\"><span dir=\"auto\" style=\"vertical-align: inherit;\"><span dir=\"auto\" style=\"vertical-align: inherit;\">&#8211; Situa\u00e7\u00f5es de pesquisa<\/span><\/span><\/h3>\n\n\n\n<p class=\"wp-block-paragraph\"><span dir=\"auto\" style=\"vertical-align: inherit;\"><span dir=\"auto\" style=\"vertical-align: inherit;\">Propor desafios e perguntas estimula a observa\u00e7\u00e3o, o racioc\u00ednio e a formula\u00e7\u00e3o de hip\u00f3teses.<\/span><\/span><\/p>\n\n\n\n<p class=\"wp-block-paragraph\"><a href=\"https:\/\/projetoslayerup.com.br\/smeducacao\/9-atividades-efetivas-para-o-trabalho-com-alfabetizacao-e-letramento\/\"><strong><span dir=\"auto\" style=\"vertical-align: inherit;\"><span dir=\"auto\" style=\"vertical-align: inherit;\">O papel do professor \u00e9 criar atividades<\/span><\/span><\/strong> <\/a><span dir=\"auto\" style=\"vertical-align: inherit;\"><span dir=\"auto\" style=\"vertical-align: inherit;\"> para que as crian\u00e7as aprendam de forma significativa, respeitando seu desenvolvimento e suas necessidades. Isso ocorre por meio de<\/span><\/span><strong><span dir=\"auto\" style=\"vertical-align: inherit;\"><span dir=\"auto\" style=\"vertical-align: inherit;\"> experi\u00eancias planejadas, intera\u00e7\u00f5es de qualidade e propostas que estimulam a curiosidade.<\/span><\/span><\/strong><span dir=\"auto\" style=\"vertical-align: inherit;\"><span dir=\"auto\" style=\"vertical-align: inherit;\"> \u00c9 nesse contexto que os educadores contribuem para a constru\u00e7\u00e3o de bases s\u00f3lidas para o percurso da alfabetiza\u00e7\u00e3o.<\/span><\/span><\/p>\n\n\n\n<h2 class=\"wp-block-heading\"><span dir=\"auto\" style=\"vertical-align: inherit;\"><span dir=\"auto\" style=\"vertical-align: inherit;\">Predictores da aprendizagem: os elementos que ajudam a acompanhar o desenvolvimento<\/span><\/span><\/h2>\n\n\n\n<p class=\"wp-block-paragraph\"><span dir=\"auto\" style=\"vertical-align: inherit;\"><span dir=\"auto\" style=\"vertical-align: inherit;\">Uma das estrat\u00e9gias mais importantes para promover <\/span><\/span><strong><span dir=\"auto\" style=\"vertical-align: inherit;\"><span dir=\"auto\" style=\"vertical-align: inherit;\">a alfabetiza\u00e7\u00e3o na educa\u00e7\u00e3o infantil<\/span><\/span><\/strong><span dir=\"auto\" style=\"vertical-align: inherit;\"><span dir=\"auto\" style=\"vertical-align: inherit;\"> \u00e9 a observa\u00e7\u00e3o de dois chamados preditores de aprendizagem. Eles funcionam como indicadores que ajudam os educadores a monitorar o desenvolvimento infantil e a identificar quais habilidades est\u00e3o sendo desenvolvidas ao longo do tempo.<\/span><\/span><\/p>\n\n\n\n<p class=\"wp-block-paragraph\"><span dir=\"auto\" style=\"vertical-align: inherit;\"><span dir=\"auto\" style=\"vertical-align: inherit;\">Esses sinais n\u00e3o servem para rotular ou classificar crian\u00e7as. Seu objetivo \u00e9 orientar interven\u00e7\u00f5es pedag\u00f3gicas mais assertivas. Entre os principais preditores est\u00e3o:<\/span><\/span><\/p>\n\n\n<div class=\"wp-block-image\">\n<figure class=\"aligncenter size-full is-resized\"><img loading=\"lazy\" decoding=\"async\" width=\"603\" height=\"700\" src=\"https:\/\/projetoslayerup.com.br\/smeducacao\/wp-content\/uploads\/2026\/07\/Topicos-1-603x700-1.webp\" alt=\"\" class=\"wp-image-13619\" style=\"aspect-ratio:0.86;width:602px;height:auto\" srcset=\"https:\/\/projetoslayerup.com.br\/smeducacao\/wp-content\/uploads\/2026\/07\/Topicos-1-603x700-1.webp 603w, https:\/\/projetoslayerup.com.br\/smeducacao\/wp-content\/uploads\/2026\/07\/Topicos-1-603x700-1-258x300.webp 258w\" sizes=\"auto, (max-width: 603px) 100vw, 603px\" \/><\/figure>\n<\/div>\n\n\n<p class=\"wp-block-paragraph\"><\/p>\n\n\n\n<p class=\"wp-block-paragraph\"><strong><span dir=\"auto\" style=\"vertical-align: inherit;\"><span dir=\"auto\" style=\"vertical-align: inherit;\">A observa\u00e7\u00e3o desses indicadores oferece evid\u00eancias importantes<\/span><\/span><\/strong><span dir=\"auto\" style=\"vertical-align: inherit;\"><span dir=\"auto\" style=\"vertical-align: inherit;\"> sobre o desenvolvimento infantil e ajuda os educadores a tomarem decis\u00f5es pedag\u00f3gicas mais embasadas. Ao identificar precocemente avan\u00e7os e desafios, <\/span><\/span><strong><span dir=\"auto\" style=\"vertical-align: inherit;\"><span dir=\"auto\" style=\"vertical-align: inherit;\">\u00e9 poss\u00edvel planejar interven\u00e7\u00f5es adequadas, acompanhar a evolu\u00e7\u00e3o<\/span><\/span><\/strong><span dir=\"auto\" style=\"vertical-align: inherit;\"><span dir=\"auto\" style=\"vertical-align: inherit;\"> da aprendizagem e fortalecer <\/span><\/span><strong><span dir=\"auto\" style=\"vertical-align: inherit;\"><span dir=\"auto\" style=\"vertical-align: inherit;\">a alfabetiza\u00e7\u00e3o na educa\u00e7\u00e3o infantil,<\/span><\/span><\/strong><span dir=\"auto\" style=\"vertical-align: inherit;\"><span dir=\"auto\" style=\"vertical-align: inherit;\"> promovendo cursos mais consistentes e alinhados \u00e0s necessidades de cada crian\u00e7a.<\/span><\/span><\/p>\n\n\n\n<h2 class=\"wp-block-heading\"><span dir=\"auto\" style=\"vertical-align: inherit;\"><span dir=\"auto\" style=\"vertical-align: inherit;\">O que diz a BNCC e quais s\u00e3o as pol\u00edticas p\u00fablicas sobre alfabetiza\u00e7\u00e3o?<\/span><\/span><\/h2>\n\n\n\n<h3 class=\"wp-block-heading\"><span dir=\"auto\" style=\"vertical-align: inherit;\"><span dir=\"auto\" style=\"vertical-align: inherit;\">&#8211; Base Curricular Comum Nacional (BNCC)<\/span><\/span><\/h3>\n\n\n\n<p class=\"wp-block-paragraph\"><a href=\"https:\/\/www.gov.br\/mec\/pt-br\/cne\/base-nacional-comum-curricular-bncc\" target=\"_blank\" rel=\"noopener\"><strong><span dir=\"auto\" style=\"vertical-align: inherit;\"><span dir=\"auto\" style=\"vertical-align: inherit;\">A BNCC reconhece a import\u00e2ncia<\/span><\/span><\/strong><\/a><span dir=\"auto\" style=\"vertical-align: inherit;\"><span dir=\"auto\" style=\"vertical-align: inherit;\"> do desenvolvimento integral das crian\u00e7as e oferece experi\u00eancias que favorecem a constru\u00e7\u00e3o gradual de compet\u00eancias relacionadas \u00e0 linguagem, comunica\u00e7\u00e3o e racioc\u00ednio matem\u00e1tico.<\/span><\/span><\/p>\n\n\n\n<h3 class=\"wp-block-heading\"><span dir=\"auto\" style=\"vertical-align: inherit;\"><span dir=\"auto\" style=\"vertical-align: inherit;\">&#8211; Compromisso Nacional com a Alfabetiza\u00e7\u00e3o<\/span><\/span><\/h3>\n\n\n\n<p class=\"wp-block-paragraph\"><span dir=\"auto\" style=\"vertical-align: inherit;\"><span dir=\"auto\" style=\"vertical-align: inherit;\">A iniciativa \u00e9 um dos dois focos do <\/span><\/span><strong><span dir=\"auto\" style=\"vertical-align: inherit;\"><span dir=\"auto\" style=\"vertical-align: inherit;\">PNLD 2027 &#8211; Anos Iniciais<\/span><\/span><\/strong><span dir=\"auto\" style=\"vertical-align: inherit;\"><span dir=\"auto\" style=\"vertical-align: inherit;\"> e refor\u00e7a a alfabetiza\u00e7\u00e3o como um direito de todas as crian\u00e7as. Refor\u00e7a tamb\u00e9m a import\u00e2ncia de a\u00e7\u00f5es articuladas entre as diferentes etapas da educa\u00e7\u00e3o b\u00e1sica.<\/span><\/span><\/p>\n\n\n\n<h3 class=\"wp-block-heading\"><span dir=\"auto\" style=\"vertical-align: inherit;\"><span dir=\"auto\" style=\"vertical-align: inherit;\">&#8211; Compromisso Nacional com a Matem\u00e1tica para Todos<\/span><\/span><\/h3>\n\n\n\n<p class=\"wp-block-paragraph\"><span dir=\"auto\" style=\"vertical-align: inherit;\"><span dir=\"auto\" style=\"vertical-align: inherit;\">A pol\u00edtica reconhece a numeracia como parte fundamental do desenvolvimento e da aprendizagem infantil ao longo da escolaridade.<\/span><\/span><\/p>\n\n\n\n<h3 class=\"wp-block-heading\"><span dir=\"auto\" style=\"vertical-align: inherit;\"><span dir=\"auto\" style=\"vertical-align: inherit;\">A primeira inf\u00e2ncia como prioridade educacional<\/span><\/span><\/h3>\n\n\n\n<p class=\"wp-block-paragraph\"><strong><span dir=\"auto\" style=\"vertical-align: inherit;\"><span dir=\"auto\" style=\"vertical-align: inherit;\">Diversos estudos e pol\u00edticas p\u00fablicas<\/span><\/span><\/strong><span dir=\"auto\" style=\"vertical-align: inherit;\"><span dir=\"auto\" style=\"vertical-align: inherit;\"> sugerem que os primeiros anos de vida representam um fator estrat\u00e9gico para <\/span><\/span><strong><span dir=\"auto\" style=\"vertical-align: inherit;\"><span dir=\"auto\" style=\"vertical-align: inherit;\">o desenvolvimento cognitivo, emocional e social.<\/span><\/span><\/strong><\/p>\n\n\n\n<p class=\"wp-block-paragraph\"><span dir=\"auto\" style=\"vertical-align: inherit;\"><span dir=\"auto\" style=\"vertical-align: inherit;\">Esses documentos demonstram que <\/span><\/span><strong><span dir=\"auto\" style=\"vertical-align: inherit;\"><span dir=\"auto\" style=\"vertical-align: inherit;\">a alfabetiza\u00e7\u00e3o na educa\u00e7\u00e3o infantil<\/span><\/span><\/strong><span dir=\"auto\" style=\"vertical-align: inherit;\"><span dir=\"auto\" style=\"vertical-align: inherit;\"> n\u00e3o \u00e9 apenas um prop\u00f3sito pedag\u00f3gico. Ela tamb\u00e9m est\u00e1 alinhada aos compromissos educacionais assumidos pelo pa\u00eds.<\/span><\/span><\/p>\n\n\n\n<figure class=\"wp-block-image size-full\"><img loading=\"lazy\" decoding=\"async\" width=\"720\" height=\"493\" src=\"https:\/\/projetoslayerup.com.br\/smeducacao\/wp-content\/uploads\/2026\/07\/Frase-1-720x493-1.webp\" alt=\"\" class=\"wp-image-13620\" srcset=\"https:\/\/projetoslayerup.com.br\/smeducacao\/wp-content\/uploads\/2026\/07\/Frase-1-720x493-1.webp 720w, https:\/\/projetoslayerup.com.br\/smeducacao\/wp-content\/uploads\/2026\/07\/Frase-1-720x493-1-300x205.webp 300w\" sizes=\"auto, (max-width: 720px) 100vw, 720px\" \/><\/figure>\n\n\n\n<h2 class=\"wp-block-heading\"><span dir=\"auto\" style=\"vertical-align: inherit;\"><span dir=\"auto\" style=\"vertical-align: inherit;\">Como evitar rupturas entre a Educa\u00e7\u00e3o Infantil e os Primeiros Anos de Vida?<\/span><\/span><\/h2>\n\n\n\n<p class=\"wp-block-paragraph\"><span dir=\"auto\" style=\"vertical-align: inherit;\"><span dir=\"auto\" style=\"vertical-align: inherit;\">Um dos dois maiores desafios enfrentados pelas escolas \u00e9 garantir que a aprendizagem constru\u00edda na <\/span><\/span><strong><span dir=\"auto\" style=\"vertical-align: inherit;\"><span dir=\"auto\" style=\"vertical-align: inherit;\">Educa\u00e7\u00e3o Infantil<\/span><\/span><\/strong><span dir=\"auto\" style=\"vertical-align: inherit;\"><span dir=\"auto\" style=\"vertical-align: inherit;\"> seja considerada e ampliada nos primeiros anos. Quando n\u00e3o h\u00e1 di\u00e1logo entre as equipes, as crian\u00e7as podem enfrentar mudan\u00e7as repentinas na metodologia, na linguagem e nas expectativas de aprendizagem. <\/span><\/span><br>\n<span dir=\"auto\" style=\"vertical-align: inherit;\"><span dir=\"auto\" style=\"vertical-align: inherit;\">Para evitar essas rupturas, algumas medidas s\u00e3o essenciais:<\/span><\/span><\/p>\n\n\n\n<figure class=\"wp-block-image size-full\"><img loading=\"lazy\" decoding=\"async\" width=\"720\" height=\"563\" src=\"https:\/\/projetoslayerup.com.br\/smeducacao\/wp-content\/uploads\/2026\/07\/topicos-03-720x563-1.webp\" alt=\"\" class=\"wp-image-13621\" srcset=\"https:\/\/projetoslayerup.com.br\/smeducacao\/wp-content\/uploads\/2026\/07\/topicos-03-720x563-1.webp 720w, https:\/\/projetoslayerup.com.br\/smeducacao\/wp-content\/uploads\/2026\/07\/topicos-03-720x563-1-300x235.webp 300w\" sizes=\"auto, (max-width: 720px) 100vw, 720px\" \/><\/figure>\n\n\n\n<h2 class=\"wp-block-heading\"> <span dir=\"auto\" style=\"vertical-align: inherit;\"><span dir=\"auto\" style=\"vertical-align: inherit;\">A forma\u00e7\u00e3o cont\u00ednua de professores tamb\u00e9m fortalece a alfabetiza\u00e7\u00e3o.<\/span><\/span><\/h2>\n\n\n\n<p class=\"wp-block-paragraph\"><span dir=\"auto\" style=\"vertical-align: inherit;\"><span dir=\"auto\" style=\"vertical-align: inherit;\">Investir tempo em <\/span><\/span><a href=\"https:\/\/projetoslayerup.com.br\/smeducacao\/\/capacitacao-professores-formacao-continuada\/\" target=\"_blank\" rel=\"noopener\"><strong><span dir=\"auto\" style=\"vertical-align: inherit;\"><span dir=\"auto\" style=\"vertical-align: inherit;\">forma\u00e7\u00e3o cont\u00ednua<\/span><\/span><\/strong><\/a><span dir=\"auto\" style=\"vertical-align: inherit;\"><span dir=\"auto\" style=\"vertical-align: inherit;\"> incentiva a constante elabora\u00e7\u00e3o de estrat\u00e9gias, o planejamento e a atualiza\u00e7\u00e3o das pr\u00e1ticas pedag\u00f3gicas. As <\/span><\/span><strong><span dir=\"auto\" style=\"vertical-align: inherit;\"><span dir=\"auto\" style=\"vertical-align: inherit;\">transforma\u00e7\u00f5es sociais, culturais e educacionais desafiam diariamente o trabalho docente<\/span><\/span><\/strong><span dir=\"auto\" style=\"vertical-align: inherit;\"><span dir=\"auto\" style=\"vertical-align: inherit;\"> , tornando essencial a amplia\u00e7\u00e3o de repert\u00f3rios e o fortalecimento das compet\u00eancias profissionais.<\/span><\/span><\/p>\n\n\n\n<p class=\"wp-block-paragraph\"><span dir=\"auto\" style=\"vertical-align: inherit;\"><span dir=\"auto\" style=\"vertical-align: inherit;\">Nesse contexto, ou webinar <\/span><\/span><a href=\"https:\/\/www.youtube.com\/watch?v=IOYp7x477dU&amp;list=PLUzRXpd6UbVXDcHeaKd5oI2NCQB5ritHB&amp;index=1\"><strong><span dir=\"auto\" style=\"vertical-align: inherit;\"><span dir=\"auto\" style=\"vertical-align: inherit;\">&#8220;Transi\u00e7\u00e3o e Alfabetiza\u00e7\u00e3o: como promover a continuidade?&#8221;<\/span><\/span><\/strong><\/a><span dir=\"auto\" style=\"vertical-align: inherit;\"><span dir=\"auto\" style=\"vertical-align: inherit;\"> , promovido pela SM Education, aprofunda esse debate reunindo especialistas que discutem os desafios da transi\u00e7\u00e3o entre a Educa\u00e7\u00e3o Infantil e os Anos Iniciais do Ensino Fundamental, al\u00e9m de apresentar estrat\u00e9gias para fortalecer a continuidade da aprendizagem.<\/span><\/span><\/p>\n\n\n<div class=\"wp-block-image\">\n<figure class=\"aligncenter size-full is-resized\"><img loading=\"lazy\" decoding=\"async\" width=\"720\" height=\"405\" src=\"https:\/\/projetoslayerup.com.br\/smeducacao\/wp-content\/uploads\/2026\/07\/SM_THUMB-SEM-CTA_WEBINAR_03.07_JUL_26_V1-720x405-1.webp\" alt=\"\" class=\"wp-image-13622\" style=\"aspect-ratio:1.7745664739884393;width:614px;height:auto\" srcset=\"https:\/\/projetoslayerup.com.br\/smeducacao\/wp-content\/uploads\/2026\/07\/SM_THUMB-SEM-CTA_WEBINAR_03.07_JUL_26_V1-720x405-1.webp 720w, https:\/\/projetoslayerup.com.br\/smeducacao\/wp-content\/uploads\/2026\/07\/SM_THUMB-SEM-CTA_WEBINAR_03.07_JUL_26_V1-720x405-1-300x169.webp 300w\" sizes=\"auto, (max-width: 720px) 100vw, 720px\" \/><\/figure>\n<\/div>\n\n\n<p class=\"wp-block-paragraph\"><\/p>\n\n\n\n<p class=\"wp-block-paragraph\"><span dir=\"auto\" style=\"vertical-align: inherit;\"><span dir=\"auto\" style=\"vertical-align: inherit;\">Encontrei este tema com a <\/span><\/span><strong><span dir=\"auto\" style=\"vertical-align: inherit;\"><span dir=\"auto\" style=\"vertical-align: inherit;\">participa\u00e7\u00e3o de Raquel de Oliveira<\/span><\/span><\/strong><span dir=\"auto\" style=\"vertical-align: inherit;\"><span dir=\"auto\" style=\"vertical-align: inherit;\"> , estrategista em educa\u00e7\u00e3o, e a media\u00e7\u00e3o de Rosemary Nascimento, assessora pedag\u00f3gica da SM Educa\u00e7\u00e3o. Para a comunidade escolar, este tema permite a todos:<\/span><\/span><\/p>\n\n\n<div class=\"wp-block-image\">\n<figure class=\"aligncenter size-full is-resized\"><img loading=\"lazy\" decoding=\"async\" width=\"720\" height=\"493\" src=\"https:\/\/projetoslayerup.com.br\/smeducacao\/wp-content\/uploads\/2026\/07\/topicos-04-720x493-1.webp\" alt=\"\" class=\"wp-image-13618\" style=\"aspect-ratio:1.4631828978622328;width:616px;height:auto\" srcset=\"https:\/\/projetoslayerup.com.br\/smeducacao\/wp-content\/uploads\/2026\/07\/topicos-04-720x493-1.webp 720w, https:\/\/projetoslayerup.com.br\/smeducacao\/wp-content\/uploads\/2026\/07\/topicos-04-720x493-1-300x205.webp 300w\" sizes=\"auto, (max-width: 720px) 100vw, 720px\" \/><\/figure>\n<\/div>\n\n\n<p class=\"wp-block-paragraph\"><\/p>\n\n\n\n<p class=\"wp-block-paragraph\"><span dir=\"auto\" style=\"vertical-align: inherit;\"><span dir=\"auto\" style=\"vertical-align: inherit;\">Na se\u00e7\u00e3o &#8220;Em <\/span><\/span><strong><span dir=\"auto\" style=\"vertical-align: inherit;\"><span dir=\"auto\" style=\"vertical-align: inherit;\">Treinamento&#8221;, o espa\u00e7o da SM Education<\/span><\/span><\/strong><span dir=\"auto\" style=\"vertical-align: inherit;\"><span dir=\"auto\" style=\"vertical-align: inherit;\"> dedicado \u00e0s escolas p\u00fablicas, os educadores encontram conte\u00fado, webinars e experi\u00eancias que conectam teoria e pr\u00e1tica para apoiar os desafios do dia a dia escolar.<\/span><\/span><\/p>\n\n\n\n<p class=\"wp-block-paragraph\"><a href=\"https:\/\/projetoslayerup.com.br\/smeducacao\/calendario\/\" target=\"_blank\" rel=\"noopener\"><strong><span dir=\"auto\" style=\"vertical-align: inherit;\"><span dir=\"auto\" style=\"vertical-align: inherit;\">Acesse o calend\u00e1rio de treinamentos<\/span><\/span><\/strong><\/a><span dir=\"auto\" style=\"vertical-align: inherit;\"><span dir=\"auto\" style=\"vertical-align: inherit;\"> , amplie seus conhecimentos e continue fortalecendo as pr\u00e1ticas que refor\u00e7am o direito \u00e0 aprendizagem desde a primeira inf\u00e2ncia. Em \u00faltima an\u00e1lise, a alfabetiza\u00e7\u00e3o cont\u00ednua \u00e9 constru\u00edda diariamente, por meio das experi\u00eancias, intera\u00e7\u00f5es e oportunidades que acompanham cada aluno ao longo de sua trajet\u00f3ria escolar.<\/span><\/span><\/p>\n","protected":false},"excerpt":{"rendered":"<p>A alfabetiza\u00e7\u00e3o na educa\u00e7\u00e3o infantil \u00e9 um dos dois temas mais debatidos nas pol\u00edticas p\u00fablicas brasileiras. Em \u00faltima an\u00e1lise, contribuir para que todas as crian\u00e7as desenvolvam compet\u00eancias relacionadas \u00e0 leitura , escrita e matem\u00e1tica \u00e9 um compromisso que impacta n\u00e3o apenas a vida escolar, mas tamb\u00e9m a participa\u00e7\u00e3o social e o exerc\u00edcio da cidadania. Apesar [&hellip;]<\/p>\n","protected":false},"author":3,"featured_media":7958,"comment_status":"open","ping_status":"open","sticky":false,"template":"","format":"standard","meta":{"_acf_changed":false,"footnotes":""},"categories":[1887,19],"tags":[73,66,86],"blog_nivel_escolar":[],"blog_segmento_escolar":[],"class_list":["post-7957","post","type-post","status-publish","format-standard","has-post-thumbnail","hentry","category-educacao-publica","category-gestao-e-coordenacao","tag-alfabetizacao","tag-educacao-infantil","tag-formacao-continuada"],"acf":[],"yoast_head":"<!-- This site is optimized with the Yoast SEO plugin v28.3 - https:\/\/yoast.com\/product\/yoast-seo-wordpress\/ -->\n<title>Alfabetiza\u00e7\u00e3o na educa\u00e7\u00e3o infantil: como promover a continuidade? - SM Educa\u00e7\u00e3o - Juntos cuidamos da educa\u00e7\u00e3o!<\/title>\n<meta name=\"description\" content=\"Entenda porque a alfabetiza\u00e7\u00e3o na educa\u00e7\u00e3o infantil come\u00e7a antes do 1\u00ba ano e descubra como fortalecer a continuidade para promover o direito de aprender.\" \/>\n<meta name=\"robots\" content=\"noindex, follow, max-snippet:-1, max-image-preview:large, max-video-preview:-1\" \/>\n<meta property=\"og:locale\" content=\"pt_BR\" \/>\n<meta property=\"og:type\" content=\"article\" \/>\n<meta property=\"og:title\" content=\"Alfabetiza\u00e7\u00e3o na educa\u00e7\u00e3o infantil: como promover a continuidade? - SM Educa\u00e7\u00e3o - Juntos cuidamos da educa\u00e7\u00e3o!\" \/>\n<meta property=\"og:description\" content=\"Entenda porque a alfabetiza\u00e7\u00e3o na educa\u00e7\u00e3o infantil come\u00e7a antes do 1\u00ba ano e descubra como fortalecer a continuidade para promover o direito de aprender.\" \/>\n<meta property=\"og:url\" content=\"https:\/\/projetoslayerup.com.br\/smeducacao\/alfabetizacao-na-educacao-infantil-como-promover-a-continuidade\/\" \/>\n<meta property=\"og:site_name\" content=\"SM Educa\u00e7\u00e3o - Juntos cuidamos da educa\u00e7\u00e3o!\" \/>\n<meta property=\"article:published_time\" content=\"2026-07-28T15:35:24+00:00\" \/>\n<meta property=\"article:modified_time\" content=\"2026-08-24T17:08:35+00:00\" \/>\n<meta property=\"og:image\" content=\"https:\/\/projetoslayerup.com.br\/smeducacao\/wp-content\/uploads\/2026\/07\/HEADER_V1-1024x584.png\" \/>\n\t<meta property=\"og:image:width\" content=\"1024\" \/>\n\t<meta property=\"og:image:height\" content=\"584\" \/>\n\t<meta property=\"og:image:type\" content=\"image\/png\" \/>\n<meta name=\"author\" content=\"SM Educa\u00e7\u00e3o\" \/>\n<meta name=\"twitter:card\" content=\"summary_large_image\" \/>\n<meta name=\"twitter:label1\" content=\"Escrito por\" \/>\n\t<meta name=\"twitter:data1\" content=\"SM Educa\u00e7\u00e3o\" \/>\n\t<meta name=\"twitter:label2\" content=\"Est. tempo de leitura\" \/>\n\t<meta name=\"twitter:data2\" content=\"8 minutos\" \/>\n<script type=\"application\/ld+json\" class=\"yoast-schema-graph\">{\"@context\":\"https:\\\/\\\/schema.org\",\"@graph\":[{\"@type\":\"Article\",\"@id\":\"https:\\\/\\\/projetoslayerup.com.br\\\/smeducacao\\\/alfabetizacao-na-educacao-infantil-como-promover-a-continuidade\\\/#article\",\"isPartOf\":{\"@id\":\"https:\\\/\\\/projetoslayerup.com.br\\\/smeducacao\\\/alfabetizacao-na-educacao-infantil-como-promover-a-continuidade\\\/\"},\"author\":{\"name\":\"SM Educa\u00e7\u00e3o\",\"@id\":\"https:\\\/\\\/projetoslayerup.com.br\\\/smeducacao\\\/#\\\/schema\\\/person\\\/5975af341b2aba095e1c3f2c224a4dde\"},\"headline\":\"Alfabetiza\u00e7\u00e3o na educa\u00e7\u00e3o infantil: como promover a continuidade?\",\"datePublished\":\"2026-07-28T15:35:24+00:00\",\"dateModified\":\"2026-08-24T17:08:35+00:00\",\"mainEntityOfPage\":{\"@id\":\"https:\\\/\\\/projetoslayerup.com.br\\\/smeducacao\\\/alfabetizacao-na-educacao-infantil-como-promover-a-continuidade\\\/\"},\"wordCount\":1254,\"commentCount\":0,\"image\":{\"@id\":\"https:\\\/\\\/projetoslayerup.com.br\\\/smeducacao\\\/alfabetizacao-na-educacao-infantil-como-promover-a-continuidade\\\/#primaryimage\"},\"thumbnailUrl\":\"https:\\\/\\\/projetoslayerup.com.br\\\/smeducacao\\\/wp-content\\\/uploads\\\/2026\\\/07\\\/HEADER_V1.png\",\"keywords\":[\"alfabetiza\u00e7\u00e3o\",\"educa\u00e7\u00e3o infantil\",\"forma\u00e7\u00e3o continuada\"],\"articleSection\":[\"Educa\u00e7\u00e3o P\u00fablica\",\"Gest\u00e3o e coordena\u00e7\u00e3o\"],\"inLanguage\":\"pt-BR\",\"potentialAction\":[{\"@type\":\"CommentAction\",\"name\":\"Comment\",\"target\":[\"https:\\\/\\\/projetoslayerup.com.br\\\/smeducacao\\\/alfabetizacao-na-educacao-infantil-como-promover-a-continuidade\\\/#respond\"]}]},{\"@type\":\"WebPage\",\"@id\":\"https:\\\/\\\/projetoslayerup.com.br\\\/smeducacao\\\/alfabetizacao-na-educacao-infantil-como-promover-a-continuidade\\\/\",\"url\":\"https:\\\/\\\/projetoslayerup.com.br\\\/smeducacao\\\/alfabetizacao-na-educacao-infantil-como-promover-a-continuidade\\\/\",\"name\":\"Alfabetiza\u00e7\u00e3o na educa\u00e7\u00e3o infantil: como promover a continuidade? - SM Educa\u00e7\u00e3o - Juntos cuidamos da educa\u00e7\u00e3o!\",\"isPartOf\":{\"@id\":\"https:\\\/\\\/projetoslayerup.com.br\\\/smeducacao\\\/#website\"},\"primaryImageOfPage\":{\"@id\":\"https:\\\/\\\/projetoslayerup.com.br\\\/smeducacao\\\/alfabetizacao-na-educacao-infantil-como-promover-a-continuidade\\\/#primaryimage\"},\"image\":{\"@id\":\"https:\\\/\\\/projetoslayerup.com.br\\\/smeducacao\\\/alfabetizacao-na-educacao-infantil-como-promover-a-continuidade\\\/#primaryimage\"},\"thumbnailUrl\":\"https:\\\/\\\/projetoslayerup.com.br\\\/smeducacao\\\/wp-content\\\/uploads\\\/2026\\\/07\\\/HEADER_V1.png\",\"datePublished\":\"2026-07-28T15:35:24+00:00\",\"dateModified\":\"2026-08-24T17:08:35+00:00\",\"author\":{\"@id\":\"https:\\\/\\\/projetoslayerup.com.br\\\/smeducacao\\\/#\\\/schema\\\/person\\\/5975af341b2aba095e1c3f2c224a4dde\"},\"description\":\"Entenda porque a alfabetiza\u00e7\u00e3o na educa\u00e7\u00e3o infantil come\u00e7a antes do 1\u00ba ano e descubra como fortalecer a continuidade para promover o direito de aprender.\",\"breadcrumb\":{\"@id\":\"https:\\\/\\\/projetoslayerup.com.br\\\/smeducacao\\\/alfabetizacao-na-educacao-infantil-como-promover-a-continuidade\\\/#breadcrumb\"},\"inLanguage\":\"pt-BR\",\"potentialAction\":[{\"@type\":\"ReadAction\",\"target\":[\"https:\\\/\\\/projetoslayerup.com.br\\\/smeducacao\\\/alfabetizacao-na-educacao-infantil-como-promover-a-continuidade\\\/\"]}]},{\"@type\":\"ImageObject\",\"inLanguage\":\"pt-BR\",\"@id\":\"https:\\\/\\\/projetoslayerup.com.br\\\/smeducacao\\\/alfabetizacao-na-educacao-infantil-como-promover-a-continuidade\\\/#primaryimage\",\"url\":\"https:\\\/\\\/projetoslayerup.com.br\\\/smeducacao\\\/wp-content\\\/uploads\\\/2026\\\/07\\\/HEADER_V1.png\",\"contentUrl\":\"https:\\\/\\\/projetoslayerup.com.br\\\/smeducacao\\\/wp-content\\\/uploads\\\/2026\\\/07\\\/HEADER_V1.png\",\"width\":1516,\"height\":864},{\"@type\":\"BreadcrumbList\",\"@id\":\"https:\\\/\\\/projetoslayerup.com.br\\\/smeducacao\\\/alfabetizacao-na-educacao-infantil-como-promover-a-continuidade\\\/#breadcrumb\",\"itemListElement\":[{\"@type\":\"ListItem\",\"position\":1,\"name\":\"In\u00edcio\",\"item\":\"https:\\\/\\\/projetoslayerup.com.br\\\/smeducacao\\\/\"},{\"@type\":\"ListItem\",\"position\":2,\"name\":\"Alfabetiza\u00e7\u00e3o na educa\u00e7\u00e3o infantil: como promover a continuidade?\"}]},{\"@type\":\"WebSite\",\"@id\":\"https:\\\/\\\/projetoslayerup.com.br\\\/smeducacao\\\/#website\",\"url\":\"https:\\\/\\\/projetoslayerup.com.br\\\/smeducacao\\\/\",\"name\":\"SM Educa\u00e7\u00e3o - Juntos cuidamos da educa\u00e7\u00e3o!\",\"description\":\"Transformamos a educa\u00e7\u00e3o por meio de solu\u00e7\u00f5es digitais, solu\u00e7\u00f5es did\u00e1ticas para uma aprendizagem personalizada e solu\u00e7\u00f5es estrat\u00e9gicas eficientes. Juntos cuidamos da Educa\u00e7\u00e3o!\",\"potentialAction\":[{\"@type\":\"SearchAction\",\"target\":{\"@type\":\"EntryPoint\",\"urlTemplate\":\"https:\\\/\\\/projetoslayerup.com.br\\\/smeducacao\\\/?s={search_term_string}\"},\"query-input\":{\"@type\":\"PropertyValueSpecification\",\"valueRequired\":true,\"valueName\":\"search_term_string\"}}],\"inLanguage\":\"pt-BR\"},{\"@type\":\"Person\",\"@id\":\"https:\\\/\\\/projetoslayerup.com.br\\\/smeducacao\\\/#\\\/schema\\\/person\\\/5975af341b2aba095e1c3f2c224a4dde\",\"name\":\"SM Educa\u00e7\u00e3o\",\"image\":{\"@type\":\"ImageObject\",\"inLanguage\":\"pt-BR\",\"@id\":\"https:\\\/\\\/secure.gravatar.com\\\/avatar\\\/664504bb2f69758a659f5c22932e77e5acdb43917576b0403cb976a182c48c76?s=96&d=mm&r=g\",\"url\":\"https:\\\/\\\/secure.gravatar.com\\\/avatar\\\/664504bb2f69758a659f5c22932e77e5acdb43917576b0403cb976a182c48c76?s=96&d=mm&r=g\",\"contentUrl\":\"https:\\\/\\\/secure.gravatar.com\\\/avatar\\\/664504bb2f69758a659f5c22932e77e5acdb43917576b0403cb976a182c48c76?s=96&d=mm&r=g\",\"caption\":\"SM Educa\u00e7\u00e3o\"},\"url\":\"https:\\\/\\\/projetoslayerup.com.br\\\/smeducacao\\\/author\\\/smeducacao\\\/\"}]}<\/script>\n<!-- \/ Yoast SEO plugin. -->","yoast_head_json":{"title":"Alfabetiza\u00e7\u00e3o na educa\u00e7\u00e3o infantil: como promover a continuidade? - SM Educa\u00e7\u00e3o - Juntos cuidamos da educa\u00e7\u00e3o!","description":"Entenda porque a alfabetiza\u00e7\u00e3o na educa\u00e7\u00e3o infantil come\u00e7a antes do 1\u00ba ano e descubra como fortalecer a continuidade para promover o direito de aprender.","robots":{"index":"noindex","follow":"follow","max-snippet":"max-snippet:-1","max-image-preview":"max-image-preview:large","max-video-preview":"max-video-preview:-1"},"og_locale":"pt_BR","og_type":"article","og_title":"Alfabetiza\u00e7\u00e3o na educa\u00e7\u00e3o infantil: como promover a continuidade? - SM Educa\u00e7\u00e3o - Juntos cuidamos da educa\u00e7\u00e3o!","og_description":"Entenda porque a alfabetiza\u00e7\u00e3o na educa\u00e7\u00e3o infantil come\u00e7a antes do 1\u00ba ano e descubra como fortalecer a continuidade para promover o direito de aprender.","og_url":"https:\/\/projetoslayerup.com.br\/smeducacao\/alfabetizacao-na-educacao-infantil-como-promover-a-continuidade\/","og_site_name":"SM Educa\u00e7\u00e3o - Juntos cuidamos da educa\u00e7\u00e3o!","article_published_time":"2026-07-28T15:35:24+00:00","article_modified_time":"2026-08-24T17:08:35+00:00","og_image":[{"width":1024,"height":584,"url":"https:\/\/projetoslayerup.com.br\/smeducacao\/wp-content\/uploads\/2026\/07\/HEADER_V1-1024x584.png","type":"image\/png"}],"author":"SM Educa\u00e7\u00e3o","twitter_card":"summary_large_image","twitter_misc":{"Escrito por":"SM Educa\u00e7\u00e3o","Est. tempo de leitura":"8 minutos"},"schema":{"@context":"https:\/\/schema.org","@graph":[{"@type":"Article","@id":"https:\/\/projetoslayerup.com.br\/smeducacao\/alfabetizacao-na-educacao-infantil-como-promover-a-continuidade\/#article","isPartOf":{"@id":"https:\/\/projetoslayerup.com.br\/smeducacao\/alfabetizacao-na-educacao-infantil-como-promover-a-continuidade\/"},"author":{"name":"SM Educa\u00e7\u00e3o","@id":"https:\/\/projetoslayerup.com.br\/smeducacao\/#\/schema\/person\/5975af341b2aba095e1c3f2c224a4dde"},"headline":"Alfabetiza\u00e7\u00e3o na educa\u00e7\u00e3o infantil: como promover a continuidade?","datePublished":"2026-07-28T15:35:24+00:00","dateModified":"2026-08-24T17:08:35+00:00","mainEntityOfPage":{"@id":"https:\/\/projetoslayerup.com.br\/smeducacao\/alfabetizacao-na-educacao-infantil-como-promover-a-continuidade\/"},"wordCount":1254,"commentCount":0,"image":{"@id":"https:\/\/projetoslayerup.com.br\/smeducacao\/alfabetizacao-na-educacao-infantil-como-promover-a-continuidade\/#primaryimage"},"thumbnailUrl":"https:\/\/projetoslayerup.com.br\/smeducacao\/wp-content\/uploads\/2026\/07\/HEADER_V1.png","keywords":["alfabetiza\u00e7\u00e3o","educa\u00e7\u00e3o infantil","forma\u00e7\u00e3o continuada"],"articleSection":["Educa\u00e7\u00e3o P\u00fablica","Gest\u00e3o e coordena\u00e7\u00e3o"],"inLanguage":"pt-BR","potentialAction":[{"@type":"CommentAction","name":"Comment","target":["https:\/\/projetoslayerup.com.br\/smeducacao\/alfabetizacao-na-educacao-infantil-como-promover-a-continuidade\/#respond"]}]},{"@type":"WebPage","@id":"https:\/\/projetoslayerup.com.br\/smeducacao\/alfabetizacao-na-educacao-infantil-como-promover-a-continuidade\/","url":"https:\/\/projetoslayerup.com.br\/smeducacao\/alfabetizacao-na-educacao-infantil-como-promover-a-continuidade\/","name":"Alfabetiza\u00e7\u00e3o na educa\u00e7\u00e3o infantil: como promover a continuidade? - SM Educa\u00e7\u00e3o - Juntos cuidamos da educa\u00e7\u00e3o!","isPartOf":{"@id":"https:\/\/projetoslayerup.com.br\/smeducacao\/#website"},"primaryImageOfPage":{"@id":"https:\/\/projetoslayerup.com.br\/smeducacao\/alfabetizacao-na-educacao-infantil-como-promover-a-continuidade\/#primaryimage"},"image":{"@id":"https:\/\/projetoslayerup.com.br\/smeducacao\/alfabetizacao-na-educacao-infantil-como-promover-a-continuidade\/#primaryimage"},"thumbnailUrl":"https:\/\/projetoslayerup.com.br\/smeducacao\/wp-content\/uploads\/2026\/07\/HEADER_V1.png","datePublished":"2026-07-28T15:35:24+00:00","dateModified":"2026-08-24T17:08:35+00:00","author":{"@id":"https:\/\/projetoslayerup.com.br\/smeducacao\/#\/schema\/person\/5975af341b2aba095e1c3f2c224a4dde"},"description":"Entenda porque a alfabetiza\u00e7\u00e3o na educa\u00e7\u00e3o infantil come\u00e7a antes do 1\u00ba ano e descubra como fortalecer a continuidade para promover o direito de aprender.","breadcrumb":{"@id":"https:\/\/projetoslayerup.com.br\/smeducacao\/alfabetizacao-na-educacao-infantil-como-promover-a-continuidade\/#breadcrumb"},"inLanguage":"pt-BR","potentialAction":[{"@type":"ReadAction","target":["https:\/\/projetoslayerup.com.br\/smeducacao\/alfabetizacao-na-educacao-infantil-como-promover-a-continuidade\/"]}]},{"@type":"ImageObject","inLanguage":"pt-BR","@id":"https:\/\/projetoslayerup.com.br\/smeducacao\/alfabetizacao-na-educacao-infantil-como-promover-a-continuidade\/#primaryimage","url":"https:\/\/projetoslayerup.com.br\/smeducacao\/wp-content\/uploads\/2026\/07\/HEADER_V1.png","contentUrl":"https:\/\/projetoslayerup.com.br\/smeducacao\/wp-content\/uploads\/2026\/07\/HEADER_V1.png","width":1516,"height":864},{"@type":"BreadcrumbList","@id":"https:\/\/projetoslayerup.com.br\/smeducacao\/alfabetizacao-na-educacao-infantil-como-promover-a-continuidade\/#breadcrumb","itemListElement":[{"@type":"ListItem","position":1,"name":"In\u00edcio","item":"https:\/\/projetoslayerup.com.br\/smeducacao\/"},{"@type":"ListItem","position":2,"name":"Alfabetiza\u00e7\u00e3o na educa\u00e7\u00e3o infantil: como promover a continuidade?"}]},{"@type":"WebSite","@id":"https:\/\/projetoslayerup.com.br\/smeducacao\/#website","url":"https:\/\/projetoslayerup.com.br\/smeducacao\/","name":"SM Educa\u00e7\u00e3o - Juntos cuidamos da educa\u00e7\u00e3o!","description":"Transformamos a educa\u00e7\u00e3o por meio de solu\u00e7\u00f5es digitais, solu\u00e7\u00f5es did\u00e1ticas para uma aprendizagem personalizada e solu\u00e7\u00f5es estrat\u00e9gicas eficientes. Juntos cuidamos da Educa\u00e7\u00e3o!","potentialAction":[{"@type":"SearchAction","target":{"@type":"EntryPoint","urlTemplate":"https:\/\/projetoslayerup.com.br\/smeducacao\/?s={search_term_string}"},"query-input":{"@type":"PropertyValueSpecification","valueRequired":true,"valueName":"search_term_string"}}],"inLanguage":"pt-BR"},{"@type":"Person","@id":"https:\/\/projetoslayerup.com.br\/smeducacao\/#\/schema\/person\/5975af341b2aba095e1c3f2c224a4dde","name":"SM Educa\u00e7\u00e3o","image":{"@type":"ImageObject","inLanguage":"pt-BR","@id":"https:\/\/secure.gravatar.com\/avatar\/664504bb2f69758a659f5c22932e77e5acdb43917576b0403cb976a182c48c76?s=96&d=mm&r=g","url":"https:\/\/secure.gravatar.com\/avatar\/664504bb2f69758a659f5c22932e77e5acdb43917576b0403cb976a182c48c76?s=96&d=mm&r=g","contentUrl":"https:\/\/secure.gravatar.com\/avatar\/664504bb2f69758a659f5c22932e77e5acdb43917576b0403cb976a182c48c76?s=96&d=mm&r=g","caption":"SM Educa\u00e7\u00e3o"},"url":"https:\/\/projetoslayerup.com.br\/smeducacao\/author\/smeducacao\/"}]}},"_links":{"self":[{"href":"https:\/\/projetoslayerup.com.br\/smeducacao\/wp-json\/wp\/v2\/posts\/7957","targetHints":{"allow":["GET"]}}],"collection":[{"href":"https:\/\/projetoslayerup.com.br\/smeducacao\/wp-json\/wp\/v2\/posts"}],"about":[{"href":"https:\/\/projetoslayerup.com.br\/smeducacao\/wp-json\/wp\/v2\/types\/post"}],"author":[{"embeddable":true,"href":"https:\/\/projetoslayerup.com.br\/smeducacao\/wp-json\/wp\/v2\/users\/3"}],"replies":[{"embeddable":true,"href":"https:\/\/projetoslayerup.com.br\/smeducacao\/wp-json\/wp\/v2\/comments?post=7957"}],"version-history":[{"count":2,"href":"https:\/\/projetoslayerup.com.br\/smeducacao\/wp-json\/wp\/v2\/posts\/7957\/revisions"}],"predecessor-version":[{"id":13623,"href":"https:\/\/projetoslayerup.com.br\/smeducacao\/wp-json\/wp\/v2\/posts\/7957\/revisions\/13623"}],"wp:featuredmedia":[{"embeddable":true,"href":"https:\/\/projetoslayerup.com.br\/smeducacao\/wp-json\/wp\/v2\/media\/7958"}],"wp:attachment":[{"href":"https:\/\/projetoslayerup.com.br\/smeducacao\/wp-json\/wp\/v2\/media?parent=7957"}],"wp:term":[{"taxonomy":"category","embeddable":true,"href":"https:\/\/projetoslayerup.com.br\/smeducacao\/wp-json\/wp\/v2\/categories?post=7957"},{"taxonomy":"post_tag","embeddable":true,"href":"https:\/\/projetoslayerup.com.br\/smeducacao\/wp-json\/wp\/v2\/tags?post=7957"},{"taxonomy":"blog_nivel_escolar","embeddable":true,"href":"https:\/\/projetoslayerup.com.br\/smeducacao\/wp-json\/wp\/v2\/blog_nivel_escolar?post=7957"},{"taxonomy":"blog_segmento_escolar","embeddable":true,"href":"https:\/\/projetoslayerup.com.br\/smeducacao\/wp-json\/wp\/v2\/blog_segmento_escolar?post=7957"}],"curies":[{"name":"wp","href":"https:\/\/api.w.org\/{rel}","templated":true}]}}