{"id":800,"date":"2020-02-07T16:30:22","date_gmt":"2020-02-07T19:30:22","guid":{"rendered":"https:\/\/www.aeducacaonosmove.com.br\/blog\/formacao-continuada-de-professores"},"modified":"2020-02-07T16:30:22","modified_gmt":"2020-02-07T19:30:22","slug":"formacao-continuada-de-professores","status":"publish","type":"post","link":"https:\/\/projetoslayerup.com.br\/smeducacao\/formacao-continuada-de-professores\/","title":{"rendered":"Como organizar a forma\u00e7\u00e3o continuada de professores na escola?"},"content":{"rendered":"<p>Na doc\u00eancia, assim como em outras profiss\u00f5es, a forma\u00e7\u00e3o continuada de professores \u00e9 muito importante. Isso porque <strong>o mundo est\u00e1 mudando constantemente<\/strong> e o professor precisa se manter atualizado para oferecer aos alunos oportunidades de desenvolvimento alinhadas \u00e0s expectativas e necessidades das novas gera\u00e7\u00f5es.<\/p>\n<p>Neste <em>post<\/em>, vamos dar algumas dicas de como implementar e organizar a forma\u00e7\u00e3o continuada de professores na escola. Confira!<\/p>\n<h2>Fa\u00e7a um levantamento das principais dificuldades<\/h2>\n<p>Para fazer com que a <a href=\"https:\/\/projetoslayerup.com.br\/smeducacao\/capacitacao-professores-formacao-continuada\/\">forma\u00e7\u00e3o continuada<\/a> gere resultados, \u00e9 preciso saber primeiro o que deve ser melhorado. Por isso, <strong>fa\u00e7a um levantamento de quais s\u00e3o as principais dificuldades<\/strong> dos professores nas salas de aula.<\/p>\n<p>Uma sugest\u00e3o \u00e9 fazer essa an\u00e1lise por meio de conversas com os profissionais sobre os problemas que eles enfrentam com suas turmas. Reuni\u00f5es frequentes podem ajudar a descobrir o que deve ser trabalhado para melhorar o crescimento deles.<\/p>\n<h2>Convide professores a compartilharem suas experi\u00eancias<\/h2>\n<p>Alguns docentes podem iniciar o processo de <a href=\"https:\/\/www.aeducacaonosmove.com.br\/blog\/formacao-continuada\" target=\"_blank\" rel=\"noopener noreferrer\">forma\u00e7\u00e3o continuada<\/a> voluntariamente. No entanto, nem todo mundo ter\u00e1 essa atitude de maneira espont\u00e2nea. E nada melhor do que um <strong>exemplo real para mostrar o benef\u00edcio<\/strong> de um programa como esse para o futuro deles, n\u00e3o \u00e9 mesmo?<\/p>\n<p>Convide profissionais que j\u00e1 fizeram ou fazem algum curso ou treinamento referente a forma\u00e7\u00e3o continuada para dar palestras e explicar como esse processo contribui para melhorar a pr\u00e1tica deles. Dessa forma, os benef\u00edcios ficar\u00e3o mais claros para os outros.<\/p>\n<h2>Organize uma autoavalia\u00e7\u00e3o<\/h2>\n<p>A gente tende a gostar de algo quando percebe resultados, n\u00e3o \u00e9 mesmo? A forma\u00e7\u00e3o continuada de professores funciona da mesma forma. Quando eles virem que h\u00e1 evolu\u00e7\u00e3o na pr\u00e1tica, v\u00e3o se sentir mais motivados a seguir com a a\u00e7\u00e3o.<\/p>\n<p>Depois de cada encontro, seja palestra, workshops ou cursos, pe\u00e7a para os docentes preencherem uma autoavalia\u00e7\u00e3o. Dessa forma, eles t\u00eam oportunidade de pensar e analisar como o processo os ajuda.<\/p>\n<h2>Planeje a com anteced\u00eancia<\/h2>\n<p>A forma\u00e7\u00e3o continuada contribui n\u00e3o s\u00f3 para o desenvolvimento do professor como tamb\u00e9m para o progresso da escola toda. Com profissionais competentes e atualizados, <strong>o ensino ter\u00e1 melhor qualidade.<\/strong> E isso, com certeza, atrai um n\u00famero maior de pais e alunos durante a <a href=\"https:\/\/www.aeducacaonosmove.com.br\/blog\/campanha-de-matriculas\" target=\"_blank\" rel=\"noopener noreferrer\">campanha de matr\u00edculas<\/a>.<\/p>\n<p>Por isso, \u00e9 muito importante planejar a forma\u00e7\u00e3o continuada de professores com anteced\u00eancia, j\u00e1 que ela repercute diretamente na educa\u00e7\u00e3o de estudantes. Esse cuidado pode gerar uma propaganda boca a boca para a escola. Quanto antes come\u00e7ar esse processo, mais r\u00e1pido voc\u00ea ver\u00e1 os pais satisfeitos com o ensino, al\u00e9m de um n\u00famero maior de pessoas interessadas em matricular seus filhos.<\/p>\n<p><strong>A forma\u00e7\u00e3o continuada de professores tem benef\u00edcios para o profissional<\/strong>, que ter\u00e1 uma vis\u00e3o mais atualizada e completa de como atuar em sala de aula e poder\u00e1 se sentir mais motivado durante o trabalho. Afinal, \u00e9 muito bom ver seus <a href=\"https:\/\/www.aeducacaonosmove.com.br\/blog\/engajar-os-alunos-no-aprendizado\" target=\"_blank\" rel=\"noopener noreferrer\">alunos engajados<\/a> e aprendendo o conte\u00fado sem grandes dificuldades.<\/p>\n<p>Gostou de conhecer essas dicas sobre a forma\u00e7\u00e3o continuada de professores? Ent\u00e3o, siga-nos nas redes sociais para receber outros conte\u00fados interessantes como este! Estamos no <a href=\"https:\/\/www.facebook.com\/SMEducacao\/\" target=\"_blank\" rel=\"noopener noreferrer\">Facebook<\/a> e no <a href=\"https:\/\/www.instagram.com\/smeducacao\/\" target=\"_blank\" rel=\"noopener noreferrer\">Instagram<\/a>!<\/p>\n<div id=\"formulario-para-aplicacao-ao-final-dos-blogposts-382a210f79fd035353bb\" role=\"main\"><\/div>\n<p><script type=\"text\/javascript\" src=\"https:\/\/d335luupugsy2.cloudfront.net\/js\/rdstation-forms\/stable\/rdstation-forms.min.js\"><\/script><br \/>\n<script type=\"text\/javascript\"> new RDStationForms('formulario-para-aplicacao-ao-final-dos-blogposts-382a210f79fd035353bb', 'UA-12840758-1').createForm();<\/script><\/p>\n","protected":false},"excerpt":{"rendered":"<p>Na doc\u00eancia, assim como em outras profiss\u00f5es, a forma\u00e7\u00e3o continuada de professores \u00e9 muito importante. Isso porque o mundo est\u00e1 mudando constantemente e o professor precisa se manter atualizado para oferecer aos alunos oportunidades de desenvolvimento alinhadas \u00e0s expectativas e necessidades das novas gera\u00e7\u00f5es. Neste post, vamos dar algumas dicas de como implementar e organizar [&hellip;]<\/p>\n","protected":false},"author":2,"featured_media":802,"comment_status":"open","ping_status":"open","sticky":false,"template":"","format":"standard","meta":{"_acf_changed":false,"footnotes":""},"categories":[17],"tags":[86,84],"blog_nivel_escolar":[],"blog_segmento_escolar":[],"class_list":["post-800","post","type-post","status-publish","format-standard","has-post-thumbnail","hentry","category-solucoes-educacionais","tag-formacao-continuada","tag-formacao-de-professores"],"acf":[],"yoast_head":"<!-- This site is optimized with the Yoast SEO plugin v28.3 - https:\/\/yoast.com\/product\/yoast-seo-wordpress\/ -->\n<title>Como organizar a forma\u00e7\u00e3o continuada de professores na escola? - SM Educa\u00e7\u00e3o - Juntos cuidamos da educa\u00e7\u00e3o!<\/title>\n<meta name=\"description\" content=\"Na doc\u00eancia, assim como em outras profiss\u00f5es, a forma\u00e7\u00e3o continuada de professores \u00e9 muito importante. Saiba como organizar e implementar.\" \/>\n<meta name=\"robots\" content=\"noindex, follow, max-snippet:-1, max-image-preview:large, max-video-preview:-1\" \/>\n<meta property=\"og:locale\" content=\"pt_BR\" \/>\n<meta property=\"og:type\" content=\"article\" \/>\n<meta property=\"og:title\" content=\"Como organizar a forma\u00e7\u00e3o continuada de professores na escola? - SM Educa\u00e7\u00e3o - Juntos cuidamos da educa\u00e7\u00e3o!\" \/>\n<meta property=\"og:description\" content=\"Na doc\u00eancia, assim como em outras profiss\u00f5es, a forma\u00e7\u00e3o continuada de professores \u00e9 muito importante. Saiba como organizar e implementar.\" \/>\n<meta property=\"og:url\" content=\"https:\/\/projetoslayerup.com.br\/smeducacao\/formacao-continuada-de-professores\/\" \/>\n<meta property=\"og:site_name\" content=\"SM Educa\u00e7\u00e3o - Juntos cuidamos da educa\u00e7\u00e3o!\" \/>\n<meta property=\"article:published_time\" content=\"2020-02-07T19:30:22+00:00\" \/>\n<meta property=\"og:image\" content=\"https:\/\/projetoslayerup.com.br\/smeducacao\/wp-content\/uploads\/2020\/02\/original-0ff2587ac2a9ca3dc45b2b8cdf86b09a-e1585598523570.jpeg\" \/>\n\t<meta property=\"og:image:width\" content=\"689\" \/>\n\t<meta property=\"og:image:height\" content=\"459\" \/>\n\t<meta property=\"og:image:type\" content=\"image\/jpeg\" \/>\n<meta name=\"author\" content=\"SM Educa\u00e7\u00e3o\" \/>\n<meta name=\"twitter:card\" content=\"summary_large_image\" \/>\n<meta name=\"twitter:label1\" content=\"Escrito por\" \/>\n\t<meta name=\"twitter:data1\" content=\"SM Educa\u00e7\u00e3o\" \/>\n\t<meta name=\"twitter:label2\" content=\"Est. tempo de leitura\" \/>\n\t<meta name=\"twitter:data2\" content=\"3 minutos\" \/>\n<script type=\"application\/ld+json\" class=\"yoast-schema-graph\">{\"@context\":\"https:\\\/\\\/schema.org\",\"@graph\":[{\"@type\":\"Article\",\"@id\":\"https:\\\/\\\/projetoslayerup.com.br\\\/smeducacao\\\/formacao-continuada-de-professores\\\/#article\",\"isPartOf\":{\"@id\":\"https:\\\/\\\/projetoslayerup.com.br\\\/smeducacao\\\/formacao-continuada-de-professores\\\/\"},\"author\":{\"name\":\"SM Educa\u00e7\u00e3o\",\"@id\":\"https:\\\/\\\/projetoslayerup.com.br\\\/smeducacao\\\/#\\\/schema\\\/person\\\/45d7d41388698d0f902ff276caab47f5\"},\"headline\":\"Como organizar a forma\u00e7\u00e3o continuada de professores na escola?\",\"datePublished\":\"2020-02-07T19:30:22+00:00\",\"mainEntityOfPage\":{\"@id\":\"https:\\\/\\\/projetoslayerup.com.br\\\/smeducacao\\\/formacao-continuada-de-professores\\\/\"},\"wordCount\":548,\"commentCount\":0,\"image\":{\"@id\":\"https:\\\/\\\/projetoslayerup.com.br\\\/smeducacao\\\/formacao-continuada-de-professores\\\/#primaryimage\"},\"thumbnailUrl\":\"https:\\\/\\\/projetoslayerup.com.br\\\/smeducacao\\\/wp-content\\\/uploads\\\/2020\\\/02\\\/original-0ff2587ac2a9ca3dc45b2b8cdf86b09a-e1585598523570.jpeg\",\"keywords\":[\"forma\u00e7\u00e3o continuada\",\"forma\u00e7\u00e3o de professores\"],\"articleSection\":[\"Solu\u00e7\u00f5es educacionais\"],\"inLanguage\":\"pt-BR\",\"potentialAction\":[{\"@type\":\"CommentAction\",\"name\":\"Comment\",\"target\":[\"https:\\\/\\\/projetoslayerup.com.br\\\/smeducacao\\\/formacao-continuada-de-professores\\\/#respond\"]}]},{\"@type\":\"WebPage\",\"@id\":\"https:\\\/\\\/projetoslayerup.com.br\\\/smeducacao\\\/formacao-continuada-de-professores\\\/\",\"url\":\"https:\\\/\\\/projetoslayerup.com.br\\\/smeducacao\\\/formacao-continuada-de-professores\\\/\",\"name\":\"Como organizar a forma\u00e7\u00e3o continuada de professores na escola? - SM Educa\u00e7\u00e3o - Juntos cuidamos da educa\u00e7\u00e3o!\",\"isPartOf\":{\"@id\":\"https:\\\/\\\/projetoslayerup.com.br\\\/smeducacao\\\/#website\"},\"primaryImageOfPage\":{\"@id\":\"https:\\\/\\\/projetoslayerup.com.br\\\/smeducacao\\\/formacao-continuada-de-professores\\\/#primaryimage\"},\"image\":{\"@id\":\"https:\\\/\\\/projetoslayerup.com.br\\\/smeducacao\\\/formacao-continuada-de-professores\\\/#primaryimage\"},\"thumbnailUrl\":\"https:\\\/\\\/projetoslayerup.com.br\\\/smeducacao\\\/wp-content\\\/uploads\\\/2020\\\/02\\\/original-0ff2587ac2a9ca3dc45b2b8cdf86b09a-e1585598523570.jpeg\",\"datePublished\":\"2020-02-07T19:30:22+00:00\",\"author\":{\"@id\":\"https:\\\/\\\/projetoslayerup.com.br\\\/smeducacao\\\/#\\\/schema\\\/person\\\/45d7d41388698d0f902ff276caab47f5\"},\"description\":\"Na doc\u00eancia, assim como em outras profiss\u00f5es, a forma\u00e7\u00e3o continuada de professores \u00e9 muito importante. Saiba como organizar e implementar.\",\"breadcrumb\":{\"@id\":\"https:\\\/\\\/projetoslayerup.com.br\\\/smeducacao\\\/formacao-continuada-de-professores\\\/#breadcrumb\"},\"inLanguage\":\"pt-BR\",\"potentialAction\":[{\"@type\":\"ReadAction\",\"target\":[\"https:\\\/\\\/projetoslayerup.com.br\\\/smeducacao\\\/formacao-continuada-de-professores\\\/\"]}]},{\"@type\":\"ImageObject\",\"inLanguage\":\"pt-BR\",\"@id\":\"https:\\\/\\\/projetoslayerup.com.br\\\/smeducacao\\\/formacao-continuada-de-professores\\\/#primaryimage\",\"url\":\"https:\\\/\\\/projetoslayerup.com.br\\\/smeducacao\\\/wp-content\\\/uploads\\\/2020\\\/02\\\/original-0ff2587ac2a9ca3dc45b2b8cdf86b09a-e1585598523570.jpeg\",\"contentUrl\":\"https:\\\/\\\/projetoslayerup.com.br\\\/smeducacao\\\/wp-content\\\/uploads\\\/2020\\\/02\\\/original-0ff2587ac2a9ca3dc45b2b8cdf86b09a-e1585598523570.jpeg\",\"width\":689,\"height\":459,\"caption\":\"forma\u00e7\u00e3o continuada de professores\"},{\"@type\":\"BreadcrumbList\",\"@id\":\"https:\\\/\\\/projetoslayerup.com.br\\\/smeducacao\\\/formacao-continuada-de-professores\\\/#breadcrumb\",\"itemListElement\":[{\"@type\":\"ListItem\",\"position\":1,\"name\":\"In\u00edcio\",\"item\":\"https:\\\/\\\/projetoslayerup.com.br\\\/smeducacao\\\/\"},{\"@type\":\"ListItem\",\"position\":2,\"name\":\"Como organizar a forma\u00e7\u00e3o continuada de professores na escola?\"}]},{\"@type\":\"WebSite\",\"@id\":\"https:\\\/\\\/projetoslayerup.com.br\\\/smeducacao\\\/#website\",\"url\":\"https:\\\/\\\/projetoslayerup.com.br\\\/smeducacao\\\/\",\"name\":\"SM Educa\u00e7\u00e3o - Juntos cuidamos da educa\u00e7\u00e3o!\",\"description\":\"Transformamos a educa\u00e7\u00e3o por meio de solu\u00e7\u00f5es digitais, solu\u00e7\u00f5es did\u00e1ticas para uma aprendizagem personalizada e solu\u00e7\u00f5es estrat\u00e9gicas eficientes. Juntos cuidamos da Educa\u00e7\u00e3o!\",\"potentialAction\":[{\"@type\":\"SearchAction\",\"target\":{\"@type\":\"EntryPoint\",\"urlTemplate\":\"https:\\\/\\\/projetoslayerup.com.br\\\/smeducacao\\\/?s={search_term_string}\"},\"query-input\":{\"@type\":\"PropertyValueSpecification\",\"valueRequired\":true,\"valueName\":\"search_term_string\"}}],\"inLanguage\":\"pt-BR\"},{\"@type\":\"Person\",\"@id\":\"https:\\\/\\\/projetoslayerup.com.br\\\/smeducacao\\\/#\\\/schema\\\/person\\\/45d7d41388698d0f902ff276caab47f5\",\"name\":\"SM Educa\u00e7\u00e3o\",\"image\":{\"@type\":\"ImageObject\",\"inLanguage\":\"pt-BR\",\"@id\":\"https:\\\/\\\/secure.gravatar.com\\\/avatar\\\/24327468bc2a6fb95889620b4158620d90c5e352f7a18c30af0e3f8cb70bc104?s=96&d=mm&r=g\",\"url\":\"https:\\\/\\\/secure.gravatar.com\\\/avatar\\\/24327468bc2a6fb95889620b4158620d90c5e352f7a18c30af0e3f8cb70bc104?s=96&d=mm&r=g\",\"contentUrl\":\"https:\\\/\\\/secure.gravatar.com\\\/avatar\\\/24327468bc2a6fb95889620b4158620d90c5e352f7a18c30af0e3f8cb70bc104?s=96&d=mm&r=g\",\"caption\":\"SM Educa\u00e7\u00e3o\"},\"url\":\"https:\\\/\\\/projetoslayerup.com.br\\\/smeducacao\\\/author\\\/smeducacao2021\\\/\"}]}<\/script>\n<!-- \/ Yoast SEO plugin. -->","yoast_head_json":{"title":"Como organizar a forma\u00e7\u00e3o continuada de professores na escola? - SM Educa\u00e7\u00e3o - Juntos cuidamos da educa\u00e7\u00e3o!","description":"Na doc\u00eancia, assim como em outras profiss\u00f5es, a forma\u00e7\u00e3o continuada de professores \u00e9 muito importante. Saiba como organizar e implementar.","robots":{"index":"noindex","follow":"follow","max-snippet":"max-snippet:-1","max-image-preview":"max-image-preview:large","max-video-preview":"max-video-preview:-1"},"og_locale":"pt_BR","og_type":"article","og_title":"Como organizar a forma\u00e7\u00e3o continuada de professores na escola? - SM Educa\u00e7\u00e3o - Juntos cuidamos da educa\u00e7\u00e3o!","og_description":"Na doc\u00eancia, assim como em outras profiss\u00f5es, a forma\u00e7\u00e3o continuada de professores \u00e9 muito importante. Saiba como organizar e implementar.","og_url":"https:\/\/projetoslayerup.com.br\/smeducacao\/formacao-continuada-de-professores\/","og_site_name":"SM Educa\u00e7\u00e3o - Juntos cuidamos da educa\u00e7\u00e3o!","article_published_time":"2020-02-07T19:30:22+00:00","og_image":[{"width":689,"height":459,"url":"https:\/\/projetoslayerup.com.br\/smeducacao\/wp-content\/uploads\/2020\/02\/original-0ff2587ac2a9ca3dc45b2b8cdf86b09a-e1585598523570.jpeg","type":"image\/jpeg"}],"author":"SM Educa\u00e7\u00e3o","twitter_card":"summary_large_image","twitter_misc":{"Escrito por":"SM Educa\u00e7\u00e3o","Est. tempo de leitura":"3 minutos"},"schema":{"@context":"https:\/\/schema.org","@graph":[{"@type":"Article","@id":"https:\/\/projetoslayerup.com.br\/smeducacao\/formacao-continuada-de-professores\/#article","isPartOf":{"@id":"https:\/\/projetoslayerup.com.br\/smeducacao\/formacao-continuada-de-professores\/"},"author":{"name":"SM Educa\u00e7\u00e3o","@id":"https:\/\/projetoslayerup.com.br\/smeducacao\/#\/schema\/person\/45d7d41388698d0f902ff276caab47f5"},"headline":"Como organizar a forma\u00e7\u00e3o continuada de professores na escola?","datePublished":"2020-02-07T19:30:22+00:00","mainEntityOfPage":{"@id":"https:\/\/projetoslayerup.com.br\/smeducacao\/formacao-continuada-de-professores\/"},"wordCount":548,"commentCount":0,"image":{"@id":"https:\/\/projetoslayerup.com.br\/smeducacao\/formacao-continuada-de-professores\/#primaryimage"},"thumbnailUrl":"https:\/\/projetoslayerup.com.br\/smeducacao\/wp-content\/uploads\/2020\/02\/original-0ff2587ac2a9ca3dc45b2b8cdf86b09a-e1585598523570.jpeg","keywords":["forma\u00e7\u00e3o continuada","forma\u00e7\u00e3o de professores"],"articleSection":["Solu\u00e7\u00f5es educacionais"],"inLanguage":"pt-BR","potentialAction":[{"@type":"CommentAction","name":"Comment","target":["https:\/\/projetoslayerup.com.br\/smeducacao\/formacao-continuada-de-professores\/#respond"]}]},{"@type":"WebPage","@id":"https:\/\/projetoslayerup.com.br\/smeducacao\/formacao-continuada-de-professores\/","url":"https:\/\/projetoslayerup.com.br\/smeducacao\/formacao-continuada-de-professores\/","name":"Como organizar a forma\u00e7\u00e3o continuada de professores na escola? - SM Educa\u00e7\u00e3o - Juntos cuidamos da educa\u00e7\u00e3o!","isPartOf":{"@id":"https:\/\/projetoslayerup.com.br\/smeducacao\/#website"},"primaryImageOfPage":{"@id":"https:\/\/projetoslayerup.com.br\/smeducacao\/formacao-continuada-de-professores\/#primaryimage"},"image":{"@id":"https:\/\/projetoslayerup.com.br\/smeducacao\/formacao-continuada-de-professores\/#primaryimage"},"thumbnailUrl":"https:\/\/projetoslayerup.com.br\/smeducacao\/wp-content\/uploads\/2020\/02\/original-0ff2587ac2a9ca3dc45b2b8cdf86b09a-e1585598523570.jpeg","datePublished":"2020-02-07T19:30:22+00:00","author":{"@id":"https:\/\/projetoslayerup.com.br\/smeducacao\/#\/schema\/person\/45d7d41388698d0f902ff276caab47f5"},"description":"Na doc\u00eancia, assim como em outras profiss\u00f5es, a forma\u00e7\u00e3o continuada de professores \u00e9 muito importante. Saiba como organizar e implementar.","breadcrumb":{"@id":"https:\/\/projetoslayerup.com.br\/smeducacao\/formacao-continuada-de-professores\/#breadcrumb"},"inLanguage":"pt-BR","potentialAction":[{"@type":"ReadAction","target":["https:\/\/projetoslayerup.com.br\/smeducacao\/formacao-continuada-de-professores\/"]}]},{"@type":"ImageObject","inLanguage":"pt-BR","@id":"https:\/\/projetoslayerup.com.br\/smeducacao\/formacao-continuada-de-professores\/#primaryimage","url":"https:\/\/projetoslayerup.com.br\/smeducacao\/wp-content\/uploads\/2020\/02\/original-0ff2587ac2a9ca3dc45b2b8cdf86b09a-e1585598523570.jpeg","contentUrl":"https:\/\/projetoslayerup.com.br\/smeducacao\/wp-content\/uploads\/2020\/02\/original-0ff2587ac2a9ca3dc45b2b8cdf86b09a-e1585598523570.jpeg","width":689,"height":459,"caption":"forma\u00e7\u00e3o continuada de professores"},{"@type":"BreadcrumbList","@id":"https:\/\/projetoslayerup.com.br\/smeducacao\/formacao-continuada-de-professores\/#breadcrumb","itemListElement":[{"@type":"ListItem","position":1,"name":"In\u00edcio","item":"https:\/\/projetoslayerup.com.br\/smeducacao\/"},{"@type":"ListItem","position":2,"name":"Como organizar a forma\u00e7\u00e3o continuada de professores na escola?"}]},{"@type":"WebSite","@id":"https:\/\/projetoslayerup.com.br\/smeducacao\/#website","url":"https:\/\/projetoslayerup.com.br\/smeducacao\/","name":"SM Educa\u00e7\u00e3o - Juntos cuidamos da educa\u00e7\u00e3o!","description":"Transformamos a educa\u00e7\u00e3o por meio de solu\u00e7\u00f5es digitais, solu\u00e7\u00f5es did\u00e1ticas para uma aprendizagem personalizada e solu\u00e7\u00f5es estrat\u00e9gicas eficientes. Juntos cuidamos da Educa\u00e7\u00e3o!","potentialAction":[{"@type":"SearchAction","target":{"@type":"EntryPoint","urlTemplate":"https:\/\/projetoslayerup.com.br\/smeducacao\/?s={search_term_string}"},"query-input":{"@type":"PropertyValueSpecification","valueRequired":true,"valueName":"search_term_string"}}],"inLanguage":"pt-BR"},{"@type":"Person","@id":"https:\/\/projetoslayerup.com.br\/smeducacao\/#\/schema\/person\/45d7d41388698d0f902ff276caab47f5","name":"SM Educa\u00e7\u00e3o","image":{"@type":"ImageObject","inLanguage":"pt-BR","@id":"https:\/\/secure.gravatar.com\/avatar\/24327468bc2a6fb95889620b4158620d90c5e352f7a18c30af0e3f8cb70bc104?s=96&d=mm&r=g","url":"https:\/\/secure.gravatar.com\/avatar\/24327468bc2a6fb95889620b4158620d90c5e352f7a18c30af0e3f8cb70bc104?s=96&d=mm&r=g","contentUrl":"https:\/\/secure.gravatar.com\/avatar\/24327468bc2a6fb95889620b4158620d90c5e352f7a18c30af0e3f8cb70bc104?s=96&d=mm&r=g","caption":"SM Educa\u00e7\u00e3o"},"url":"https:\/\/projetoslayerup.com.br\/smeducacao\/author\/smeducacao2021\/"}]}},"_links":{"self":[{"href":"https:\/\/projetoslayerup.com.br\/smeducacao\/wp-json\/wp\/v2\/posts\/800","targetHints":{"allow":["GET"]}}],"collection":[{"href":"https:\/\/projetoslayerup.com.br\/smeducacao\/wp-json\/wp\/v2\/posts"}],"about":[{"href":"https:\/\/projetoslayerup.com.br\/smeducacao\/wp-json\/wp\/v2\/types\/post"}],"author":[{"embeddable":true,"href":"https:\/\/projetoslayerup.com.br\/smeducacao\/wp-json\/wp\/v2\/users\/2"}],"replies":[{"embeddable":true,"href":"https:\/\/projetoslayerup.com.br\/smeducacao\/wp-json\/wp\/v2\/comments?post=800"}],"version-history":[{"count":0,"href":"https:\/\/projetoslayerup.com.br\/smeducacao\/wp-json\/wp\/v2\/posts\/800\/revisions"}],"wp:featuredmedia":[{"embeddable":true,"href":"https:\/\/projetoslayerup.com.br\/smeducacao\/wp-json\/wp\/v2\/media\/802"}],"wp:attachment":[{"href":"https:\/\/projetoslayerup.com.br\/smeducacao\/wp-json\/wp\/v2\/media?parent=800"}],"wp:term":[{"taxonomy":"category","embeddable":true,"href":"https:\/\/projetoslayerup.com.br\/smeducacao\/wp-json\/wp\/v2\/categories?post=800"},{"taxonomy":"post_tag","embeddable":true,"href":"https:\/\/projetoslayerup.com.br\/smeducacao\/wp-json\/wp\/v2\/tags?post=800"},{"taxonomy":"blog_nivel_escolar","embeddable":true,"href":"https:\/\/projetoslayerup.com.br\/smeducacao\/wp-json\/wp\/v2\/blog_nivel_escolar?post=800"},{"taxonomy":"blog_segmento_escolar","embeddable":true,"href":"https:\/\/projetoslayerup.com.br\/smeducacao\/wp-json\/wp\/v2\/blog_segmento_escolar?post=800"}],"curies":[{"name":"wp","href":"https:\/\/api.w.org\/{rel}","templated":true}]}}