{"id":839,"date":"2020-03-20T12:23:13","date_gmt":"2020-03-20T15:23:13","guid":{"rendered":"https:\/\/www.aeducacaonosmove.com.br\/?p=839"},"modified":"2020-03-20T12:23:13","modified_gmt":"2020-03-20T15:23:13","slug":"comunicado-sm-educacao-covid-19","status":"publish","type":"post","link":"https:\/\/projetoslayerup.com.br\/smeducacao\/comunicado-sm-educacao-covid-19\/","title":{"rendered":"Comunicado SM Educa\u00e7\u00e3o | Educamos.sm"},"content":{"rendered":"\n<p><span style=\"font-weight: 400;\">Considerando as atuais medidas de conten\u00e7\u00e3o do Covid-19, que levaram \u00e0 suspens\u00e3o das aulas em diversas regi\u00f5es do pa\u00eds, a SM Educa\u00e7\u00e3o refor\u00e7a, por meio deste comunicado, a possibilidade de <\/span><b>desenvolver tarefas de forma remota <\/b><span style=\"font-weight: 400;\">com o <\/span><b>apoio da plataforma digital de aprendizagem educamos.sm<\/b><span style=\"font-weight: 400;\">.<\/span><\/p>\n<p>&nbsp;<\/p>\n<p><span style=\"font-weight: 400;\">A plataforma de aprendizagem educamos.sm apresenta uma s\u00e9rie de recursos digitais de ensino e aprendizagem para docentes e alunos, dispon\u00edveis para as escolas parceiras e adotantes das cole\u00e7\u00f5es did\u00e1ticas da SM Educa\u00e7\u00e3o. Com o uso da ferramenta, \u00e9 poss\u00edvel fazer a <\/span><b>gest\u00e3o de classe<\/b><span style=\"font-weight: 400;\">, <\/span><b>desenvolver atividades<\/b><span style=\"font-weight: 400;\">, <\/span><b>fazer avalia\u00e7\u00f5es <\/b><span style=\"font-weight: 400;\">e <\/span><b>manter a comunica\u00e7\u00e3o com todos os alunos de forma remota<\/b><span style=\"font-weight: 400;\">.\u00a0<\/span><\/p>\n<p>&nbsp;<\/p>\n<p><span style=\"font-weight: 400;\">As funcionalidades s\u00e3o pr\u00e1ticas e simples de usar, com acesso individual. A ferramenta permite realizar:<\/span><\/p>\n<p>&nbsp;<\/p>\n<ul>\n<li style=\"font-weight: 400;\"><span style=\"font-weight: 400;\">Disponibilidade de acesso em qualquer hora e local.<\/span><\/li>\n<li style=\"font-weight: 400;\"><span style=\"font-weight: 400;\">Cria\u00e7\u00e3o de turmas e\/ou grupos de alunos.<\/span><\/li>\n<li style=\"font-weight: 400;\"><span style=\"font-weight: 400;\">Envio, acompanhamento e avalia\u00e7\u00e3o de materiais para os alunos.<\/span><\/li>\n<li style=\"font-weight: 400;\"><span style=\"font-weight: 400;\">Libera\u00e7\u00e3o de tarefas individuais ou em grupos.<\/span><\/li>\n<li style=\"font-weight: 400;\"><span style=\"font-weight: 400;\">Comunica\u00e7\u00e3o com alunos por meio das atividades, envio e recebimento de notifica\u00e7\u00f5es.<\/span><\/li>\n<li style=\"font-weight: 400;\"><span style=\"font-weight: 400;\">Otimiza\u00e7\u00e3o do tempo.<\/span><\/li>\n<li style=\"font-weight: 400;\"><span style=\"font-weight: 400;\">Aux\u00edlio na organiza\u00e7\u00e3o de atividades.<\/span><\/li>\n<li style=\"font-weight: 400;\"><span style=\"font-weight: 400;\">Avalia\u00e7\u00e3o e gest\u00e3o de performance do aluno.<\/span><\/li>\n<li style=\"font-weight: 400;\"><span style=\"font-weight: 400;\">Personaliza\u00e7\u00e3o da plataforma com arquivos pessoais do aluno (\u00e1udio, v\u00eddeo, imagens, links web e documentos em Word ou PowerPoint).<\/span><\/li>\n<li style=\"font-weight: 400;\"><span style=\"font-weight: 400;\">O professor pode produzir, publicar e disponibilizar materiais, <\/span><i><span style=\"font-weight: 400;\">podcasts<\/span><\/i><span style=\"font-weight: 400;\"> e\/ou v\u00eddeoaulas para seus alunos.<\/span><\/li>\n<\/ul>\n<p>&nbsp;<\/p>\n<p><span style=\"font-weight: 400;\">Hoje s\u00e3o mais de 300 mil professores beneficiados pela plataforma nos pa\u00edses em que estamos presentes, com o acesso de mais de um milh\u00e3o de alunos. S\u00e3o diversas atividades dispon\u00edveis para uso na plataforma, que podem ser aproveitadas pelos alunos em casa, com acompanhamento remoto do professor. No Brasil, mais de mil escolas utilizam a aprovam o educamos.sm, o que permite impactar continuamente a aprendizagem de mais de 30 mil alunos em todo o pa\u00eds.\u00a0<\/span><\/p>\n<p><span style=\"font-weight: 400;\">\u00a0<\/span><\/p>\n<p><span style=\"font-weight: 400;\">Desenvolvemos alguns v\u00eddeos com a demonstra\u00e7\u00e3o de todas as funcionalidades da plataforma. Esse conte\u00fado j\u00e1 est\u00e1 dispon\u00edvel em nosso canal do Youtube da SM Educa\u00e7\u00e3o:\u00a0<\/span><\/p>\n<p>&nbsp;<\/p>\n<p><iframe loading=\"lazy\" title=\"EDUCAMOS.SM\" width=\"500\" height=\"281\" src=\"https:\/\/www.youtube.com\/embed\/videoseries?list=PLUzRXpd6UbVWvk-sdKWRMMo2lL4PpIMHZ\" frameborder=\"0\" allow=\"accelerometer; autoplay; clipboard-write; encrypted-media; gyroscope; picture-in-picture; web-share\" referrerpolicy=\"strict-origin-when-cross-origin\" allowfullscreen><\/iframe><\/p>\n<p>&nbsp;<\/p>\n<p><span style=\"font-weight: 400;\">Educamos.sm \u00e9 uma alternativa eficiente e segura para que as escolas continuem <\/span><span style=\"font-weight: 400;\">*<\/span><span style=\"font-weight: 400;\">desenvolvendo atividades no per\u00edodo de suspens\u00e3o de aulas. Acesse a plataforma por meio do link <\/span><a href=\"https:\/\/br.educamos.sm\/\"><span style=\"font-weight: 400;\">https:\/\/br.educamos.sm\/<\/span><\/a><\/p>\n<p>&nbsp;<\/p>\n<p><span style=\"font-weight: 400;\">Em caso de d\u00favidas, conte com o nosso atendimento pelo e-mail <\/span><a href=\"mailto:atendimento@grupo-sm.com\"><span style=\"font-weight: 400;\">atendimento@grupo-sm.com<\/span><\/a><span style=\"font-weight: 400;\">.<br \/><br \/><\/span><\/p>\n<p><b><i>*Educamos.sm n\u00e3o gera comprova\u00e7\u00e3o de cumprimento de carga hor\u00e1ria<\/i><\/b><\/p>\n<p><span style=\"font-weight: 400;\">\u00a0<\/span><\/p>\n\n<div id=\"formulario-para-aplicacao-ao-final-dos-blogposts-v2-73cd9a38551449a595a5\" role=\"main\">\u00a0<\/div>\n<p><script type=\"text\/javascript\" src=\"https:\/\/d335luupugsy2.cloudfront.net\/js\/rdstation-forms\/stable\/rdstation-forms.min.js\"><\/script><br \/><script type=\"text\/javascript\"> new RDStationForms('formulario-para-aplicacao-ao-final-dos-blogposts-v2-73cd9a38551449a595a5', 'UA-12840758-1').createForm();<\/script><\/p>","protected":false},"excerpt":{"rendered":"<p>\u00a0<\/p>\n","protected":false},"author":2,"featured_media":850,"comment_status":"open","ping_status":"open","sticky":false,"template":"","format":"standard","meta":{"_acf_changed":false,"footnotes":""},"categories":[13,17],"tags":[],"blog_nivel_escolar":[],"blog_segmento_escolar":[],"class_list":["post-839","post","type-post","status-publish","format-standard","has-post-thumbnail","hentry","category-institucional","category-solucoes-educacionais"],"acf":[],"yoast_head":"<!-- This site is optimized with the Yoast SEO plugin v28.3 - https:\/\/yoast.com\/product\/yoast-seo-wordpress\/ -->\n<title>Comunicado SM Educa\u00e7\u00e3o | Educamos.sm<\/title>\n<meta name=\"description\" content=\"Neste comunicado, a SM Educa\u00e7\u00e3o refor\u00e7a a possibilidade de desenvolver tarefas de forma remota com o apoio da plataforma educamos.sm.\" \/>\n<meta name=\"robots\" content=\"noindex, follow, max-snippet:-1, max-image-preview:large, max-video-preview:-1\" \/>\n<meta property=\"og:locale\" content=\"pt_BR\" \/>\n<meta property=\"og:type\" content=\"article\" \/>\n<meta property=\"og:title\" content=\"Comunicado SM Educa\u00e7\u00e3o | Educamos.sm\" \/>\n<meta property=\"og:description\" content=\"Neste comunicado, a SM Educa\u00e7\u00e3o refor\u00e7a a possibilidade de desenvolver tarefas de forma remota com o apoio da plataforma educamos.sm.\" \/>\n<meta property=\"og:url\" content=\"https:\/\/projetoslayerup.com.br\/smeducacao\/comunicado-sm-educacao-covid-19\/\" \/>\n<meta property=\"og:site_name\" content=\"SM Educa\u00e7\u00e3o - Juntos cuidamos da educa\u00e7\u00e3o!\" \/>\n<meta property=\"article:published_time\" content=\"2020-03-20T15:23:13+00:00\" \/>\n<meta property=\"og:image\" content=\"https:\/\/projetoslayerup.com.br\/smeducacao\/wp-content\/uploads\/2020\/03\/iStock-515264128-e1585598241227.jpg\" \/>\n\t<meta property=\"og:image:width\" content=\"689\" \/>\n\t<meta property=\"og:image:height\" content=\"459\" \/>\n\t<meta property=\"og:image:type\" content=\"image\/jpeg\" \/>\n<meta name=\"author\" content=\"SM Educa\u00e7\u00e3o\" \/>\n<meta name=\"twitter:card\" content=\"summary_large_image\" \/>\n<meta name=\"twitter:label1\" content=\"Escrito por\" \/>\n\t<meta name=\"twitter:data1\" content=\"SM Educa\u00e7\u00e3o\" \/>\n\t<meta name=\"twitter:label2\" content=\"Est. tempo de leitura\" \/>\n\t<meta name=\"twitter:data2\" content=\"3 minutos\" \/>\n<script type=\"application\/ld+json\" class=\"yoast-schema-graph\">{\"@context\":\"https:\\\/\\\/schema.org\",\"@graph\":[{\"@type\":\"Article\",\"@id\":\"https:\\\/\\\/projetoslayerup.com.br\\\/smeducacao\\\/comunicado-sm-educacao-covid-19\\\/#article\",\"isPartOf\":{\"@id\":\"https:\\\/\\\/projetoslayerup.com.br\\\/smeducacao\\\/comunicado-sm-educacao-covid-19\\\/\"},\"author\":{\"name\":\"SM Educa\u00e7\u00e3o\",\"@id\":\"https:\\\/\\\/projetoslayerup.com.br\\\/smeducacao\\\/#\\\/schema\\\/person\\\/45d7d41388698d0f902ff276caab47f5\"},\"headline\":\"Comunicado SM Educa\u00e7\u00e3o | Educamos.sm\",\"datePublished\":\"2020-03-20T15:23:13+00:00\",\"mainEntityOfPage\":{\"@id\":\"https:\\\/\\\/projetoslayerup.com.br\\\/smeducacao\\\/comunicado-sm-educacao-covid-19\\\/\"},\"wordCount\":435,\"commentCount\":0,\"image\":{\"@id\":\"https:\\\/\\\/projetoslayerup.com.br\\\/smeducacao\\\/comunicado-sm-educacao-covid-19\\\/#primaryimage\"},\"thumbnailUrl\":\"https:\\\/\\\/projetoslayerup.com.br\\\/smeducacao\\\/wp-content\\\/uploads\\\/2020\\\/03\\\/iStock-515264128-e1585598241227.jpg\",\"articleSection\":[\"Institucional\",\"Solu\u00e7\u00f5es educacionais\"],\"inLanguage\":\"pt-BR\",\"potentialAction\":[{\"@type\":\"CommentAction\",\"name\":\"Comment\",\"target\":[\"https:\\\/\\\/projetoslayerup.com.br\\\/smeducacao\\\/comunicado-sm-educacao-covid-19\\\/#respond\"]}]},{\"@type\":\"WebPage\",\"@id\":\"https:\\\/\\\/projetoslayerup.com.br\\\/smeducacao\\\/comunicado-sm-educacao-covid-19\\\/\",\"url\":\"https:\\\/\\\/projetoslayerup.com.br\\\/smeducacao\\\/comunicado-sm-educacao-covid-19\\\/\",\"name\":\"Comunicado SM Educa\u00e7\u00e3o | Educamos.sm\",\"isPartOf\":{\"@id\":\"https:\\\/\\\/projetoslayerup.com.br\\\/smeducacao\\\/#website\"},\"primaryImageOfPage\":{\"@id\":\"https:\\\/\\\/projetoslayerup.com.br\\\/smeducacao\\\/comunicado-sm-educacao-covid-19\\\/#primaryimage\"},\"image\":{\"@id\":\"https:\\\/\\\/projetoslayerup.com.br\\\/smeducacao\\\/comunicado-sm-educacao-covid-19\\\/#primaryimage\"},\"thumbnailUrl\":\"https:\\\/\\\/projetoslayerup.com.br\\\/smeducacao\\\/wp-content\\\/uploads\\\/2020\\\/03\\\/iStock-515264128-e1585598241227.jpg\",\"datePublished\":\"2020-03-20T15:23:13+00:00\",\"author\":{\"@id\":\"https:\\\/\\\/projetoslayerup.com.br\\\/smeducacao\\\/#\\\/schema\\\/person\\\/45d7d41388698d0f902ff276caab47f5\"},\"description\":\"Neste comunicado, a SM Educa\u00e7\u00e3o refor\u00e7a a possibilidade de desenvolver tarefas de forma remota com o apoio da plataforma educamos.sm.\",\"breadcrumb\":{\"@id\":\"https:\\\/\\\/projetoslayerup.com.br\\\/smeducacao\\\/comunicado-sm-educacao-covid-19\\\/#breadcrumb\"},\"inLanguage\":\"pt-BR\",\"potentialAction\":[{\"@type\":\"ReadAction\",\"target\":[\"https:\\\/\\\/projetoslayerup.com.br\\\/smeducacao\\\/comunicado-sm-educacao-covid-19\\\/\"]}]},{\"@type\":\"ImageObject\",\"inLanguage\":\"pt-BR\",\"@id\":\"https:\\\/\\\/projetoslayerup.com.br\\\/smeducacao\\\/comunicado-sm-educacao-covid-19\\\/#primaryimage\",\"url\":\"https:\\\/\\\/projetoslayerup.com.br\\\/smeducacao\\\/wp-content\\\/uploads\\\/2020\\\/03\\\/iStock-515264128-e1585598241227.jpg\",\"contentUrl\":\"https:\\\/\\\/projetoslayerup.com.br\\\/smeducacao\\\/wp-content\\\/uploads\\\/2020\\\/03\\\/iStock-515264128-e1585598241227.jpg\",\"width\":689,\"height\":459,\"caption\":\"dificuldades para lecionar\"},{\"@type\":\"BreadcrumbList\",\"@id\":\"https:\\\/\\\/projetoslayerup.com.br\\\/smeducacao\\\/comunicado-sm-educacao-covid-19\\\/#breadcrumb\",\"itemListElement\":[{\"@type\":\"ListItem\",\"position\":1,\"name\":\"In\u00edcio\",\"item\":\"https:\\\/\\\/projetoslayerup.com.br\\\/smeducacao\\\/\"},{\"@type\":\"ListItem\",\"position\":2,\"name\":\"Comunicado SM Educa\u00e7\u00e3o | Educamos.sm\"}]},{\"@type\":\"WebSite\",\"@id\":\"https:\\\/\\\/projetoslayerup.com.br\\\/smeducacao\\\/#website\",\"url\":\"https:\\\/\\\/projetoslayerup.com.br\\\/smeducacao\\\/\",\"name\":\"SM Educa\u00e7\u00e3o - Juntos cuidamos da educa\u00e7\u00e3o!\",\"description\":\"Transformamos a educa\u00e7\u00e3o por meio de solu\u00e7\u00f5es digitais, solu\u00e7\u00f5es did\u00e1ticas para uma aprendizagem personalizada e solu\u00e7\u00f5es estrat\u00e9gicas eficientes. Juntos cuidamos da Educa\u00e7\u00e3o!\",\"potentialAction\":[{\"@type\":\"SearchAction\",\"target\":{\"@type\":\"EntryPoint\",\"urlTemplate\":\"https:\\\/\\\/projetoslayerup.com.br\\\/smeducacao\\\/?s={search_term_string}\"},\"query-input\":{\"@type\":\"PropertyValueSpecification\",\"valueRequired\":true,\"valueName\":\"search_term_string\"}}],\"inLanguage\":\"pt-BR\"},{\"@type\":\"Person\",\"@id\":\"https:\\\/\\\/projetoslayerup.com.br\\\/smeducacao\\\/#\\\/schema\\\/person\\\/45d7d41388698d0f902ff276caab47f5\",\"name\":\"SM Educa\u00e7\u00e3o\",\"image\":{\"@type\":\"ImageObject\",\"inLanguage\":\"pt-BR\",\"@id\":\"https:\\\/\\\/secure.gravatar.com\\\/avatar\\\/24327468bc2a6fb95889620b4158620d90c5e352f7a18c30af0e3f8cb70bc104?s=96&d=mm&r=g\",\"url\":\"https:\\\/\\\/secure.gravatar.com\\\/avatar\\\/24327468bc2a6fb95889620b4158620d90c5e352f7a18c30af0e3f8cb70bc104?s=96&d=mm&r=g\",\"contentUrl\":\"https:\\\/\\\/secure.gravatar.com\\\/avatar\\\/24327468bc2a6fb95889620b4158620d90c5e352f7a18c30af0e3f8cb70bc104?s=96&d=mm&r=g\",\"caption\":\"SM Educa\u00e7\u00e3o\"},\"url\":\"https:\\\/\\\/projetoslayerup.com.br\\\/smeducacao\\\/author\\\/smeducacao2021\\\/\"}]}<\/script>\n<!-- \/ Yoast SEO plugin. -->","yoast_head_json":{"title":"Comunicado SM Educa\u00e7\u00e3o | Educamos.sm","description":"Neste comunicado, a SM Educa\u00e7\u00e3o refor\u00e7a a possibilidade de desenvolver tarefas de forma remota com o apoio da plataforma educamos.sm.","robots":{"index":"noindex","follow":"follow","max-snippet":"max-snippet:-1","max-image-preview":"max-image-preview:large","max-video-preview":"max-video-preview:-1"},"og_locale":"pt_BR","og_type":"article","og_title":"Comunicado SM Educa\u00e7\u00e3o | Educamos.sm","og_description":"Neste comunicado, a SM Educa\u00e7\u00e3o refor\u00e7a a possibilidade de desenvolver tarefas de forma remota com o apoio da plataforma educamos.sm.","og_url":"https:\/\/projetoslayerup.com.br\/smeducacao\/comunicado-sm-educacao-covid-19\/","og_site_name":"SM Educa\u00e7\u00e3o - Juntos cuidamos da educa\u00e7\u00e3o!","article_published_time":"2020-03-20T15:23:13+00:00","og_image":[{"width":689,"height":459,"url":"https:\/\/projetoslayerup.com.br\/smeducacao\/wp-content\/uploads\/2020\/03\/iStock-515264128-e1585598241227.jpg","type":"image\/jpeg"}],"author":"SM Educa\u00e7\u00e3o","twitter_card":"summary_large_image","twitter_misc":{"Escrito por":"SM Educa\u00e7\u00e3o","Est. tempo de leitura":"3 minutos"},"schema":{"@context":"https:\/\/schema.org","@graph":[{"@type":"Article","@id":"https:\/\/projetoslayerup.com.br\/smeducacao\/comunicado-sm-educacao-covid-19\/#article","isPartOf":{"@id":"https:\/\/projetoslayerup.com.br\/smeducacao\/comunicado-sm-educacao-covid-19\/"},"author":{"name":"SM Educa\u00e7\u00e3o","@id":"https:\/\/projetoslayerup.com.br\/smeducacao\/#\/schema\/person\/45d7d41388698d0f902ff276caab47f5"},"headline":"Comunicado SM Educa\u00e7\u00e3o | Educamos.sm","datePublished":"2020-03-20T15:23:13+00:00","mainEntityOfPage":{"@id":"https:\/\/projetoslayerup.com.br\/smeducacao\/comunicado-sm-educacao-covid-19\/"},"wordCount":435,"commentCount":0,"image":{"@id":"https:\/\/projetoslayerup.com.br\/smeducacao\/comunicado-sm-educacao-covid-19\/#primaryimage"},"thumbnailUrl":"https:\/\/projetoslayerup.com.br\/smeducacao\/wp-content\/uploads\/2020\/03\/iStock-515264128-e1585598241227.jpg","articleSection":["Institucional","Solu\u00e7\u00f5es educacionais"],"inLanguage":"pt-BR","potentialAction":[{"@type":"CommentAction","name":"Comment","target":["https:\/\/projetoslayerup.com.br\/smeducacao\/comunicado-sm-educacao-covid-19\/#respond"]}]},{"@type":"WebPage","@id":"https:\/\/projetoslayerup.com.br\/smeducacao\/comunicado-sm-educacao-covid-19\/","url":"https:\/\/projetoslayerup.com.br\/smeducacao\/comunicado-sm-educacao-covid-19\/","name":"Comunicado SM Educa\u00e7\u00e3o | Educamos.sm","isPartOf":{"@id":"https:\/\/projetoslayerup.com.br\/smeducacao\/#website"},"primaryImageOfPage":{"@id":"https:\/\/projetoslayerup.com.br\/smeducacao\/comunicado-sm-educacao-covid-19\/#primaryimage"},"image":{"@id":"https:\/\/projetoslayerup.com.br\/smeducacao\/comunicado-sm-educacao-covid-19\/#primaryimage"},"thumbnailUrl":"https:\/\/projetoslayerup.com.br\/smeducacao\/wp-content\/uploads\/2020\/03\/iStock-515264128-e1585598241227.jpg","datePublished":"2020-03-20T15:23:13+00:00","author":{"@id":"https:\/\/projetoslayerup.com.br\/smeducacao\/#\/schema\/person\/45d7d41388698d0f902ff276caab47f5"},"description":"Neste comunicado, a SM Educa\u00e7\u00e3o refor\u00e7a a possibilidade de desenvolver tarefas de forma remota com o apoio da plataforma educamos.sm.","breadcrumb":{"@id":"https:\/\/projetoslayerup.com.br\/smeducacao\/comunicado-sm-educacao-covid-19\/#breadcrumb"},"inLanguage":"pt-BR","potentialAction":[{"@type":"ReadAction","target":["https:\/\/projetoslayerup.com.br\/smeducacao\/comunicado-sm-educacao-covid-19\/"]}]},{"@type":"ImageObject","inLanguage":"pt-BR","@id":"https:\/\/projetoslayerup.com.br\/smeducacao\/comunicado-sm-educacao-covid-19\/#primaryimage","url":"https:\/\/projetoslayerup.com.br\/smeducacao\/wp-content\/uploads\/2020\/03\/iStock-515264128-e1585598241227.jpg","contentUrl":"https:\/\/projetoslayerup.com.br\/smeducacao\/wp-content\/uploads\/2020\/03\/iStock-515264128-e1585598241227.jpg","width":689,"height":459,"caption":"dificuldades para lecionar"},{"@type":"BreadcrumbList","@id":"https:\/\/projetoslayerup.com.br\/smeducacao\/comunicado-sm-educacao-covid-19\/#breadcrumb","itemListElement":[{"@type":"ListItem","position":1,"name":"In\u00edcio","item":"https:\/\/projetoslayerup.com.br\/smeducacao\/"},{"@type":"ListItem","position":2,"name":"Comunicado SM Educa\u00e7\u00e3o | Educamos.sm"}]},{"@type":"WebSite","@id":"https:\/\/projetoslayerup.com.br\/smeducacao\/#website","url":"https:\/\/projetoslayerup.com.br\/smeducacao\/","name":"SM Educa\u00e7\u00e3o - Juntos cuidamos da educa\u00e7\u00e3o!","description":"Transformamos a educa\u00e7\u00e3o por meio de solu\u00e7\u00f5es digitais, solu\u00e7\u00f5es did\u00e1ticas para uma aprendizagem personalizada e solu\u00e7\u00f5es estrat\u00e9gicas eficientes. Juntos cuidamos da Educa\u00e7\u00e3o!","potentialAction":[{"@type":"SearchAction","target":{"@type":"EntryPoint","urlTemplate":"https:\/\/projetoslayerup.com.br\/smeducacao\/?s={search_term_string}"},"query-input":{"@type":"PropertyValueSpecification","valueRequired":true,"valueName":"search_term_string"}}],"inLanguage":"pt-BR"},{"@type":"Person","@id":"https:\/\/projetoslayerup.com.br\/smeducacao\/#\/schema\/person\/45d7d41388698d0f902ff276caab47f5","name":"SM Educa\u00e7\u00e3o","image":{"@type":"ImageObject","inLanguage":"pt-BR","@id":"https:\/\/secure.gravatar.com\/avatar\/24327468bc2a6fb95889620b4158620d90c5e352f7a18c30af0e3f8cb70bc104?s=96&d=mm&r=g","url":"https:\/\/secure.gravatar.com\/avatar\/24327468bc2a6fb95889620b4158620d90c5e352f7a18c30af0e3f8cb70bc104?s=96&d=mm&r=g","contentUrl":"https:\/\/secure.gravatar.com\/avatar\/24327468bc2a6fb95889620b4158620d90c5e352f7a18c30af0e3f8cb70bc104?s=96&d=mm&r=g","caption":"SM Educa\u00e7\u00e3o"},"url":"https:\/\/projetoslayerup.com.br\/smeducacao\/author\/smeducacao2021\/"}]}},"_links":{"self":[{"href":"https:\/\/projetoslayerup.com.br\/smeducacao\/wp-json\/wp\/v2\/posts\/839","targetHints":{"allow":["GET"]}}],"collection":[{"href":"https:\/\/projetoslayerup.com.br\/smeducacao\/wp-json\/wp\/v2\/posts"}],"about":[{"href":"https:\/\/projetoslayerup.com.br\/smeducacao\/wp-json\/wp\/v2\/types\/post"}],"author":[{"embeddable":true,"href":"https:\/\/projetoslayerup.com.br\/smeducacao\/wp-json\/wp\/v2\/users\/2"}],"replies":[{"embeddable":true,"href":"https:\/\/projetoslayerup.com.br\/smeducacao\/wp-json\/wp\/v2\/comments?post=839"}],"version-history":[{"count":0,"href":"https:\/\/projetoslayerup.com.br\/smeducacao\/wp-json\/wp\/v2\/posts\/839\/revisions"}],"wp:featuredmedia":[{"embeddable":true,"href":"https:\/\/projetoslayerup.com.br\/smeducacao\/wp-json\/wp\/v2\/media\/850"}],"wp:attachment":[{"href":"https:\/\/projetoslayerup.com.br\/smeducacao\/wp-json\/wp\/v2\/media?parent=839"}],"wp:term":[{"taxonomy":"category","embeddable":true,"href":"https:\/\/projetoslayerup.com.br\/smeducacao\/wp-json\/wp\/v2\/categories?post=839"},{"taxonomy":"post_tag","embeddable":true,"href":"https:\/\/projetoslayerup.com.br\/smeducacao\/wp-json\/wp\/v2\/tags?post=839"},{"taxonomy":"blog_nivel_escolar","embeddable":true,"href":"https:\/\/projetoslayerup.com.br\/smeducacao\/wp-json\/wp\/v2\/blog_nivel_escolar?post=839"},{"taxonomy":"blog_segmento_escolar","embeddable":true,"href":"https:\/\/projetoslayerup.com.br\/smeducacao\/wp-json\/wp\/v2\/blog_segmento_escolar?post=839"}],"curies":[{"name":"wp","href":"https:\/\/api.w.org\/{rel}","templated":true}]}}