{"id":869,"date":"2020-04-02T17:09:55","date_gmt":"2020-04-02T20:09:55","guid":{"rendered":"https:\/\/www.aeducacaonosmove.com.br\/?p=869"},"modified":"2020-04-02T17:09:55","modified_gmt":"2020-04-02T20:09:55","slug":"leia-a-carta-do-presidente-da-sm-aos-educadores","status":"publish","type":"post","link":"https:\/\/projetoslayerup.com.br\/smeducacao\/leia-a-carta-do-presidente-da-sm-aos-educadores\/","title":{"rendered":"Leia a carta do Presidente da SM aos Educadores"},"content":{"rendered":"\n<h2 class=\"wp-block-heading\">Queridas e queridos educadores,<\/h2>\n\n\n\n<div><br \/>Nestes dias t\u00e3o complexos, n\u00f3s da <a href=\"https:\/\/projetoslayerup.com.br\/smeducacao\/\">SM Educa\u00e7\u00e3o<\/a> temos sentido a necessidade de escrever a voc\u00eas e lhes transmitir nossa solidariedade e, acima de tudo, nosso agradecimento.<br \/><br \/><\/div>\n<div>Imaginamos que n\u00e3o deve ter sido nada f\u00e1cil ter que interromper as atividades com seus alunos de forma t\u00e3o abrupta. Assim como n\u00e3o deve ser f\u00e1cil enfrentar o desafio de inventar recursos e colocar em pr\u00e1tica uma mudan\u00e7a quase radical na metodologia, com pouco tempo para faz\u00ea-lo, \u00e0 medida que voc\u00eas se esfor\u00e7am todos os dias para evitar o agravamento\u00a0da lacuna social entre seus alunos e suas fam\u00edlias.<br \/><br \/><\/div>\n<div>Todas as horas que voc\u00eas est\u00e3o dedicando a esclarecer d\u00favidas, responder a e-mails ou tentar avan\u00e7ar em suas mat\u00e9rias, em meio a uma situa\u00e7\u00e3o t\u00e3o complexa e an\u00f4mala como esta, j\u00e1 seriam motivo mais do que suficiente para agradecimento. Mas, se h\u00e1 algo que nos emociona ainda mais, \u00e9 o enorme esfor\u00e7o que voc\u00eas est\u00e3o fazendo para que seus alunos n\u00e3o se sintam perdidos e sozinhos nesta situa\u00e7\u00e3o, t\u00e3o prop\u00edcia a que o medo e o des\u00e2nimo se espalhem.<br \/><br \/><\/div>\n<div>Somos testemunhas da forma como voc\u00eas procuram manter contato com todos eles, como\u00a0os motivam dia a dia e tentam faz\u00ea-los se apegar a uma certa normalidade perante tanta estranheza. Portanto, apesar dos arquivos que chegam at\u00e9 voc\u00eas sem nome, dos e-mails que trazem todo o corpo da mensagem na linha de assunto e at\u00e9 mesmo das fotos giradas e desfocadas, nas quais mal se consegue ler a tarefa atribu\u00edda, sabemos que voc\u00eas est\u00e3o<\/div>\n<div>procurando uma forma de avan\u00e7ar e que, na falta de salas de aula, seus grupos encontram\u00a0nas suas palavras e na sua presen\u00e7a \u2014 ainda que virtual \u2014 esse espa\u00e7o comum que continua\u00a0sendo, al\u00e9m de um local de aprendizado, um ref\u00fagio di\u00e1rio.<br \/><br \/><\/div>\n<div>Talvez voc\u00eas encontrem dificuldades para cumprir os conte\u00fados program\u00e1ticos deste per\u00edodo \u2014 embora isso n\u00e3o importe muito \u2014, e tampouco sabemos quando poderemos voltar \u00e0s escolas e institui\u00e7\u00f5es de ensino ou se teremos o recesso em julho. Mas o que sabemos \u00e9 que, nestas semanas incertas, gra\u00e7as ao trabalho de voc\u00eas e ao carinho com que o realizam, nossas crian\u00e7as e adolescentes se encontram nas melhores m\u00e3os. Porque, longe de terem\u00a0cruzado os bra\u00e7os, voc\u00eas est\u00e3o lutando para chegar at\u00e9 eles, para continuar lhes abrindo horizontes por meio do conhecimento, fazendo com que se tornem cidad\u00e3os cr\u00edticos e aut\u00f4nomos; homens e mulheres de um amanh\u00e3 em que poder\u00e3o, com toda certeza, tirar conclus\u00f5es v\u00e1lidas sobre este presente incerto. Um tempo do qual esperamos sair fortalecidos e dispostos a buscar novos caminhos em dire\u00e7\u00e3o a uma sociedade mais justa. E mais solid\u00e1ria.<br \/><br \/><\/div>\n<div style=\"text-align: left;\">Assim, enquanto atravessamos este momento singular, n\u00f3s da SM Educa\u00e7\u00e3o desejamos expressar nossos sinceros agradecimentos e tamb\u00e9m nosso <a href=\"https:\/\/materiais.smbrasil.com.br\/hub-de-conteudos-a-educacao-nao-para\">apoio para que voc\u00eas continuem essa busca pelo bem comum<\/a>. Porque, sem o trabalho de voc\u00eas, n\u00e3o poder\u00edamos construir esse futuro que, com a contribui\u00e7\u00e3o de todos, \u00e9 o nosso melhor presente.\u00a0<\/div>\n\n\n\n<p><span style=\"font-size: inherit;\"><img loading=\"lazy\" decoding=\"async\" class=\"size-full wp-image-873 alignnone\" src=\"https:\/\/www.aeducacaonosmove.com.br\/wp-content\/uploads\/2020\/04\/assinatura-1.png\" alt=\"\" width=\"182\" height=\"80\" \/><br \/>\u00a0 \u00a0 \u00a0Luis Fernando Crespo<br \/><\/span><span style=\"font-size: inherit;\"><span style=\"font-size: inherit;\">\u00a0 \u00a0 \u00a0Presidente da SM<\/span><\/span><\/p>\n<div id=\"formulario-para-aplicacao-ao-final-dos-blogposts-v2-73cd9a38551449a595a5\" role=\"main\">\u00a0<\/div>\n<p><span style=\"font-size: inherit;\"><script type=\"text\/javascript\" src=\"https:\/\/d335luupugsy2.cloudfront.net\/js\/rdstation-forms\/stable\/rdstation-forms.min.js\"><\/script> <script type=\"text\/javascript\"> new RDStationForms('formulario-para-aplicacao-ao-final-dos-blogposts-v2-73cd9a38551449a595a5', 'UA-12840758-1').createForm();<\/script> <\/span><\/p>\n<p>&nbsp;<\/p>","protected":false},"excerpt":{"rendered":"<p>Queridas e queridos educadores, &nbsp;<\/p>\n","protected":false},"author":2,"featured_media":872,"comment_status":"open","ping_status":"open","sticky":false,"template":"","format":"standard","meta":{"_acf_changed":false,"footnotes":""},"categories":[13,17],"tags":[],"blog_nivel_escolar":[],"blog_segmento_escolar":[],"class_list":["post-869","post","type-post","status-publish","format-standard","has-post-thumbnail","hentry","category-institucional","category-solucoes-educacionais"],"acf":[],"yoast_head":"<!-- This site is optimized with the Yoast SEO plugin v28.3 - https:\/\/yoast.com\/product\/yoast-seo-wordpress\/ -->\n<title>Leia a carta do Presidente da SM aos Educadores - SM Educa\u00e7\u00e3o - Juntos cuidamos da educa\u00e7\u00e3o!<\/title>\n<meta name=\"description\" content=\"Nestes dias t\u00e3o complexos, temos sentido a necessidade de transmitir nossa solidariedade e agradecimento. Confira a carta do presidente da SM!\" \/>\n<meta name=\"robots\" content=\"noindex, follow, max-snippet:-1, max-image-preview:large, max-video-preview:-1\" \/>\n<meta property=\"og:locale\" content=\"pt_BR\" \/>\n<meta property=\"og:type\" content=\"article\" \/>\n<meta property=\"og:title\" content=\"Leia a carta do Presidente da SM aos Educadores - SM Educa\u00e7\u00e3o - Juntos cuidamos da educa\u00e7\u00e3o!\" \/>\n<meta property=\"og:description\" content=\"Nestes dias t\u00e3o complexos, temos sentido a necessidade de transmitir nossa solidariedade e agradecimento. Confira a carta do presidente da SM!\" \/>\n<meta property=\"og:url\" content=\"https:\/\/projetoslayerup.com.br\/smeducacao\/leia-a-carta-do-presidente-da-sm-aos-educadores\/\" \/>\n<meta property=\"og:site_name\" content=\"SM Educa\u00e7\u00e3o - Juntos cuidamos da educa\u00e7\u00e3o!\" \/>\n<meta property=\"article:published_time\" content=\"2020-04-02T20:09:55+00:00\" \/>\n<meta property=\"og:image\" content=\"https:\/\/projetoslayerup.com.br\/smeducacao\/wp-content\/uploads\/2020\/04\/imagem_carta.jpg\" \/>\n\t<meta property=\"og:image:width\" content=\"828\" \/>\n\t<meta property=\"og:image:height\" content=\"552\" \/>\n\t<meta property=\"og:image:type\" content=\"image\/jpeg\" \/>\n<meta name=\"author\" content=\"SM Educa\u00e7\u00e3o\" \/>\n<meta name=\"twitter:card\" content=\"summary_large_image\" \/>\n<meta name=\"twitter:label1\" content=\"Escrito por\" \/>\n\t<meta name=\"twitter:data1\" content=\"SM Educa\u00e7\u00e3o\" \/>\n\t<meta name=\"twitter:label2\" content=\"Est. tempo de leitura\" \/>\n\t<meta name=\"twitter:data2\" content=\"3 minutos\" \/>\n<script type=\"application\/ld+json\" class=\"yoast-schema-graph\">{\"@context\":\"https:\\\/\\\/schema.org\",\"@graph\":[{\"@type\":\"Article\",\"@id\":\"https:\\\/\\\/projetoslayerup.com.br\\\/smeducacao\\\/leia-a-carta-do-presidente-da-sm-aos-educadores\\\/#article\",\"isPartOf\":{\"@id\":\"https:\\\/\\\/projetoslayerup.com.br\\\/smeducacao\\\/leia-a-carta-do-presidente-da-sm-aos-educadores\\\/\"},\"author\":{\"name\":\"SM Educa\u00e7\u00e3o\",\"@id\":\"https:\\\/\\\/projetoslayerup.com.br\\\/smeducacao\\\/#\\\/schema\\\/person\\\/45d7d41388698d0f902ff276caab47f5\"},\"headline\":\"Leia a carta do Presidente da SM aos Educadores\",\"datePublished\":\"2020-04-02T20:09:55+00:00\",\"mainEntityOfPage\":{\"@id\":\"https:\\\/\\\/projetoslayerup.com.br\\\/smeducacao\\\/leia-a-carta-do-presidente-da-sm-aos-educadores\\\/\"},\"wordCount\":567,\"commentCount\":1,\"image\":{\"@id\":\"https:\\\/\\\/projetoslayerup.com.br\\\/smeducacao\\\/leia-a-carta-do-presidente-da-sm-aos-educadores\\\/#primaryimage\"},\"thumbnailUrl\":\"https:\\\/\\\/projetoslayerup.com.br\\\/smeducacao\\\/wp-content\\\/uploads\\\/2020\\\/04\\\/imagem_carta.jpg\",\"articleSection\":[\"Institucional\",\"Solu\u00e7\u00f5es educacionais\"],\"inLanguage\":\"pt-BR\",\"potentialAction\":[{\"@type\":\"CommentAction\",\"name\":\"Comment\",\"target\":[\"https:\\\/\\\/projetoslayerup.com.br\\\/smeducacao\\\/leia-a-carta-do-presidente-da-sm-aos-educadores\\\/#respond\"]}]},{\"@type\":\"WebPage\",\"@id\":\"https:\\\/\\\/projetoslayerup.com.br\\\/smeducacao\\\/leia-a-carta-do-presidente-da-sm-aos-educadores\\\/\",\"url\":\"https:\\\/\\\/projetoslayerup.com.br\\\/smeducacao\\\/leia-a-carta-do-presidente-da-sm-aos-educadores\\\/\",\"name\":\"Leia a carta do Presidente da SM aos Educadores - SM Educa\u00e7\u00e3o - Juntos cuidamos da educa\u00e7\u00e3o!\",\"isPartOf\":{\"@id\":\"https:\\\/\\\/projetoslayerup.com.br\\\/smeducacao\\\/#website\"},\"primaryImageOfPage\":{\"@id\":\"https:\\\/\\\/projetoslayerup.com.br\\\/smeducacao\\\/leia-a-carta-do-presidente-da-sm-aos-educadores\\\/#primaryimage\"},\"image\":{\"@id\":\"https:\\\/\\\/projetoslayerup.com.br\\\/smeducacao\\\/leia-a-carta-do-presidente-da-sm-aos-educadores\\\/#primaryimage\"},\"thumbnailUrl\":\"https:\\\/\\\/projetoslayerup.com.br\\\/smeducacao\\\/wp-content\\\/uploads\\\/2020\\\/04\\\/imagem_carta.jpg\",\"datePublished\":\"2020-04-02T20:09:55+00:00\",\"author\":{\"@id\":\"https:\\\/\\\/projetoslayerup.com.br\\\/smeducacao\\\/#\\\/schema\\\/person\\\/45d7d41388698d0f902ff276caab47f5\"},\"description\":\"Nestes dias t\u00e3o complexos, temos sentido a necessidade de transmitir nossa solidariedade e agradecimento. Confira a carta do presidente da SM!\",\"breadcrumb\":{\"@id\":\"https:\\\/\\\/projetoslayerup.com.br\\\/smeducacao\\\/leia-a-carta-do-presidente-da-sm-aos-educadores\\\/#breadcrumb\"},\"inLanguage\":\"pt-BR\",\"potentialAction\":[{\"@type\":\"ReadAction\",\"target\":[\"https:\\\/\\\/projetoslayerup.com.br\\\/smeducacao\\\/leia-a-carta-do-presidente-da-sm-aos-educadores\\\/\"]}]},{\"@type\":\"ImageObject\",\"inLanguage\":\"pt-BR\",\"@id\":\"https:\\\/\\\/projetoslayerup.com.br\\\/smeducacao\\\/leia-a-carta-do-presidente-da-sm-aos-educadores\\\/#primaryimage\",\"url\":\"https:\\\/\\\/projetoslayerup.com.br\\\/smeducacao\\\/wp-content\\\/uploads\\\/2020\\\/04\\\/imagem_carta.jpg\",\"contentUrl\":\"https:\\\/\\\/projetoslayerup.com.br\\\/smeducacao\\\/wp-content\\\/uploads\\\/2020\\\/04\\\/imagem_carta.jpg\",\"width\":828,\"height\":552,\"caption\":\"Passo a passo para cria\u00e7\u00e3o de roteiro de v\u00eddeo online\"},{\"@type\":\"BreadcrumbList\",\"@id\":\"https:\\\/\\\/projetoslayerup.com.br\\\/smeducacao\\\/leia-a-carta-do-presidente-da-sm-aos-educadores\\\/#breadcrumb\",\"itemListElement\":[{\"@type\":\"ListItem\",\"position\":1,\"name\":\"In\u00edcio\",\"item\":\"https:\\\/\\\/projetoslayerup.com.br\\\/smeducacao\\\/\"},{\"@type\":\"ListItem\",\"position\":2,\"name\":\"Leia a carta do Presidente da SM aos Educadores\"}]},{\"@type\":\"WebSite\",\"@id\":\"https:\\\/\\\/projetoslayerup.com.br\\\/smeducacao\\\/#website\",\"url\":\"https:\\\/\\\/projetoslayerup.com.br\\\/smeducacao\\\/\",\"name\":\"SM Educa\u00e7\u00e3o - Juntos cuidamos da educa\u00e7\u00e3o!\",\"description\":\"Transformamos a educa\u00e7\u00e3o por meio de solu\u00e7\u00f5es digitais, solu\u00e7\u00f5es did\u00e1ticas para uma aprendizagem personalizada e solu\u00e7\u00f5es estrat\u00e9gicas eficientes. Juntos cuidamos da Educa\u00e7\u00e3o!\",\"potentialAction\":[{\"@type\":\"SearchAction\",\"target\":{\"@type\":\"EntryPoint\",\"urlTemplate\":\"https:\\\/\\\/projetoslayerup.com.br\\\/smeducacao\\\/?s={search_term_string}\"},\"query-input\":{\"@type\":\"PropertyValueSpecification\",\"valueRequired\":true,\"valueName\":\"search_term_string\"}}],\"inLanguage\":\"pt-BR\"},{\"@type\":\"Person\",\"@id\":\"https:\\\/\\\/projetoslayerup.com.br\\\/smeducacao\\\/#\\\/schema\\\/person\\\/45d7d41388698d0f902ff276caab47f5\",\"name\":\"SM Educa\u00e7\u00e3o\",\"image\":{\"@type\":\"ImageObject\",\"inLanguage\":\"pt-BR\",\"@id\":\"https:\\\/\\\/secure.gravatar.com\\\/avatar\\\/24327468bc2a6fb95889620b4158620d90c5e352f7a18c30af0e3f8cb70bc104?s=96&d=mm&r=g\",\"url\":\"https:\\\/\\\/secure.gravatar.com\\\/avatar\\\/24327468bc2a6fb95889620b4158620d90c5e352f7a18c30af0e3f8cb70bc104?s=96&d=mm&r=g\",\"contentUrl\":\"https:\\\/\\\/secure.gravatar.com\\\/avatar\\\/24327468bc2a6fb95889620b4158620d90c5e352f7a18c30af0e3f8cb70bc104?s=96&d=mm&r=g\",\"caption\":\"SM Educa\u00e7\u00e3o\"},\"url\":\"https:\\\/\\\/projetoslayerup.com.br\\\/smeducacao\\\/author\\\/smeducacao2021\\\/\"}]}<\/script>\n<!-- \/ Yoast SEO plugin. -->","yoast_head_json":{"title":"Leia a carta do Presidente da SM aos Educadores - SM Educa\u00e7\u00e3o - Juntos cuidamos da educa\u00e7\u00e3o!","description":"Nestes dias t\u00e3o complexos, temos sentido a necessidade de transmitir nossa solidariedade e agradecimento. Confira a carta do presidente da SM!","robots":{"index":"noindex","follow":"follow","max-snippet":"max-snippet:-1","max-image-preview":"max-image-preview:large","max-video-preview":"max-video-preview:-1"},"og_locale":"pt_BR","og_type":"article","og_title":"Leia a carta do Presidente da SM aos Educadores - SM Educa\u00e7\u00e3o - Juntos cuidamos da educa\u00e7\u00e3o!","og_description":"Nestes dias t\u00e3o complexos, temos sentido a necessidade de transmitir nossa solidariedade e agradecimento. Confira a carta do presidente da SM!","og_url":"https:\/\/projetoslayerup.com.br\/smeducacao\/leia-a-carta-do-presidente-da-sm-aos-educadores\/","og_site_name":"SM Educa\u00e7\u00e3o - Juntos cuidamos da educa\u00e7\u00e3o!","article_published_time":"2020-04-02T20:09:55+00:00","og_image":[{"width":828,"height":552,"url":"https:\/\/projetoslayerup.com.br\/smeducacao\/wp-content\/uploads\/2020\/04\/imagem_carta.jpg","type":"image\/jpeg"}],"author":"SM Educa\u00e7\u00e3o","twitter_card":"summary_large_image","twitter_misc":{"Escrito por":"SM Educa\u00e7\u00e3o","Est. tempo de leitura":"3 minutos"},"schema":{"@context":"https:\/\/schema.org","@graph":[{"@type":"Article","@id":"https:\/\/projetoslayerup.com.br\/smeducacao\/leia-a-carta-do-presidente-da-sm-aos-educadores\/#article","isPartOf":{"@id":"https:\/\/projetoslayerup.com.br\/smeducacao\/leia-a-carta-do-presidente-da-sm-aos-educadores\/"},"author":{"name":"SM Educa\u00e7\u00e3o","@id":"https:\/\/projetoslayerup.com.br\/smeducacao\/#\/schema\/person\/45d7d41388698d0f902ff276caab47f5"},"headline":"Leia a carta do Presidente da SM aos Educadores","datePublished":"2020-04-02T20:09:55+00:00","mainEntityOfPage":{"@id":"https:\/\/projetoslayerup.com.br\/smeducacao\/leia-a-carta-do-presidente-da-sm-aos-educadores\/"},"wordCount":567,"commentCount":1,"image":{"@id":"https:\/\/projetoslayerup.com.br\/smeducacao\/leia-a-carta-do-presidente-da-sm-aos-educadores\/#primaryimage"},"thumbnailUrl":"https:\/\/projetoslayerup.com.br\/smeducacao\/wp-content\/uploads\/2020\/04\/imagem_carta.jpg","articleSection":["Institucional","Solu\u00e7\u00f5es educacionais"],"inLanguage":"pt-BR","potentialAction":[{"@type":"CommentAction","name":"Comment","target":["https:\/\/projetoslayerup.com.br\/smeducacao\/leia-a-carta-do-presidente-da-sm-aos-educadores\/#respond"]}]},{"@type":"WebPage","@id":"https:\/\/projetoslayerup.com.br\/smeducacao\/leia-a-carta-do-presidente-da-sm-aos-educadores\/","url":"https:\/\/projetoslayerup.com.br\/smeducacao\/leia-a-carta-do-presidente-da-sm-aos-educadores\/","name":"Leia a carta do Presidente da SM aos Educadores - SM Educa\u00e7\u00e3o - Juntos cuidamos da educa\u00e7\u00e3o!","isPartOf":{"@id":"https:\/\/projetoslayerup.com.br\/smeducacao\/#website"},"primaryImageOfPage":{"@id":"https:\/\/projetoslayerup.com.br\/smeducacao\/leia-a-carta-do-presidente-da-sm-aos-educadores\/#primaryimage"},"image":{"@id":"https:\/\/projetoslayerup.com.br\/smeducacao\/leia-a-carta-do-presidente-da-sm-aos-educadores\/#primaryimage"},"thumbnailUrl":"https:\/\/projetoslayerup.com.br\/smeducacao\/wp-content\/uploads\/2020\/04\/imagem_carta.jpg","datePublished":"2020-04-02T20:09:55+00:00","author":{"@id":"https:\/\/projetoslayerup.com.br\/smeducacao\/#\/schema\/person\/45d7d41388698d0f902ff276caab47f5"},"description":"Nestes dias t\u00e3o complexos, temos sentido a necessidade de transmitir nossa solidariedade e agradecimento. Confira a carta do presidente da SM!","breadcrumb":{"@id":"https:\/\/projetoslayerup.com.br\/smeducacao\/leia-a-carta-do-presidente-da-sm-aos-educadores\/#breadcrumb"},"inLanguage":"pt-BR","potentialAction":[{"@type":"ReadAction","target":["https:\/\/projetoslayerup.com.br\/smeducacao\/leia-a-carta-do-presidente-da-sm-aos-educadores\/"]}]},{"@type":"ImageObject","inLanguage":"pt-BR","@id":"https:\/\/projetoslayerup.com.br\/smeducacao\/leia-a-carta-do-presidente-da-sm-aos-educadores\/#primaryimage","url":"https:\/\/projetoslayerup.com.br\/smeducacao\/wp-content\/uploads\/2020\/04\/imagem_carta.jpg","contentUrl":"https:\/\/projetoslayerup.com.br\/smeducacao\/wp-content\/uploads\/2020\/04\/imagem_carta.jpg","width":828,"height":552,"caption":"Passo a passo para cria\u00e7\u00e3o de roteiro de v\u00eddeo online"},{"@type":"BreadcrumbList","@id":"https:\/\/projetoslayerup.com.br\/smeducacao\/leia-a-carta-do-presidente-da-sm-aos-educadores\/#breadcrumb","itemListElement":[{"@type":"ListItem","position":1,"name":"In\u00edcio","item":"https:\/\/projetoslayerup.com.br\/smeducacao\/"},{"@type":"ListItem","position":2,"name":"Leia a carta do Presidente da SM aos Educadores"}]},{"@type":"WebSite","@id":"https:\/\/projetoslayerup.com.br\/smeducacao\/#website","url":"https:\/\/projetoslayerup.com.br\/smeducacao\/","name":"SM Educa\u00e7\u00e3o - Juntos cuidamos da educa\u00e7\u00e3o!","description":"Transformamos a educa\u00e7\u00e3o por meio de solu\u00e7\u00f5es digitais, solu\u00e7\u00f5es did\u00e1ticas para uma aprendizagem personalizada e solu\u00e7\u00f5es estrat\u00e9gicas eficientes. Juntos cuidamos da Educa\u00e7\u00e3o!","potentialAction":[{"@type":"SearchAction","target":{"@type":"EntryPoint","urlTemplate":"https:\/\/projetoslayerup.com.br\/smeducacao\/?s={search_term_string}"},"query-input":{"@type":"PropertyValueSpecification","valueRequired":true,"valueName":"search_term_string"}}],"inLanguage":"pt-BR"},{"@type":"Person","@id":"https:\/\/projetoslayerup.com.br\/smeducacao\/#\/schema\/person\/45d7d41388698d0f902ff276caab47f5","name":"SM Educa\u00e7\u00e3o","image":{"@type":"ImageObject","inLanguage":"pt-BR","@id":"https:\/\/secure.gravatar.com\/avatar\/24327468bc2a6fb95889620b4158620d90c5e352f7a18c30af0e3f8cb70bc104?s=96&d=mm&r=g","url":"https:\/\/secure.gravatar.com\/avatar\/24327468bc2a6fb95889620b4158620d90c5e352f7a18c30af0e3f8cb70bc104?s=96&d=mm&r=g","contentUrl":"https:\/\/secure.gravatar.com\/avatar\/24327468bc2a6fb95889620b4158620d90c5e352f7a18c30af0e3f8cb70bc104?s=96&d=mm&r=g","caption":"SM Educa\u00e7\u00e3o"},"url":"https:\/\/projetoslayerup.com.br\/smeducacao\/author\/smeducacao2021\/"}]}},"_links":{"self":[{"href":"https:\/\/projetoslayerup.com.br\/smeducacao\/wp-json\/wp\/v2\/posts\/869","targetHints":{"allow":["GET"]}}],"collection":[{"href":"https:\/\/projetoslayerup.com.br\/smeducacao\/wp-json\/wp\/v2\/posts"}],"about":[{"href":"https:\/\/projetoslayerup.com.br\/smeducacao\/wp-json\/wp\/v2\/types\/post"}],"author":[{"embeddable":true,"href":"https:\/\/projetoslayerup.com.br\/smeducacao\/wp-json\/wp\/v2\/users\/2"}],"replies":[{"embeddable":true,"href":"https:\/\/projetoslayerup.com.br\/smeducacao\/wp-json\/wp\/v2\/comments?post=869"}],"version-history":[{"count":0,"href":"https:\/\/projetoslayerup.com.br\/smeducacao\/wp-json\/wp\/v2\/posts\/869\/revisions"}],"wp:featuredmedia":[{"embeddable":true,"href":"https:\/\/projetoslayerup.com.br\/smeducacao\/wp-json\/wp\/v2\/media\/872"}],"wp:attachment":[{"href":"https:\/\/projetoslayerup.com.br\/smeducacao\/wp-json\/wp\/v2\/media?parent=869"}],"wp:term":[{"taxonomy":"category","embeddable":true,"href":"https:\/\/projetoslayerup.com.br\/smeducacao\/wp-json\/wp\/v2\/categories?post=869"},{"taxonomy":"post_tag","embeddable":true,"href":"https:\/\/projetoslayerup.com.br\/smeducacao\/wp-json\/wp\/v2\/tags?post=869"},{"taxonomy":"blog_nivel_escolar","embeddable":true,"href":"https:\/\/projetoslayerup.com.br\/smeducacao\/wp-json\/wp\/v2\/blog_nivel_escolar?post=869"},{"taxonomy":"blog_segmento_escolar","embeddable":true,"href":"https:\/\/projetoslayerup.com.br\/smeducacao\/wp-json\/wp\/v2\/blog_segmento_escolar?post=869"}],"curies":[{"name":"wp","href":"https:\/\/api.w.org\/{rel}","templated":true}]}}