{"id":13490,"date":"2025-07-15T00:00:00","date_gmt":"2025-07-15T03:00:00","guid":{"rendered":"https:\/\/projetoslayerup.com.br\/vetnil\/?post_type=noticias&#038;p=13490"},"modified":"2026-01-28T09:14:41","modified_gmt":"2026-01-28T12:14:41","slug":"inverno-e-saude-equina-como-evitar-doencas-e-garantir-o-bem-estar-dos-cavalos","status":"publish","type":"noticias","link":"https:\/\/projetoslayerup.com.br\/vetnil\/noticias\/inverno-e-saude-equina-como-evitar-doencas-e-garantir-o-bem-estar-dos-cavalos\/","title":{"rendered":"INVERNO E SA\u00daDE EQUINA: COMO EVITAR DOEN\u00c7AS E GARANTIR O BEM-ESTAR DOS CAVALOS"},"content":{"rendered":"\n<p>Com a chegada do inverno, quedas acentuadas de temperatura, intensifica\u00e7\u00e3o dos ventos frios e redu\u00e7\u00e3o da umidade do ar imp\u00f5em desafios para o manejo de equinos. Embora sejam animais naturalmente resistentes e dotados de mecanismos eficientes de termorregula\u00e7\u00e3o,&nbsp;<strong>Gabriela Oliveira, Analista de Comunica\u00e7\u00e3o T\u00e9cnica da Vetnil\u00ae<\/strong>, lembra que os cavalos tamb\u00e9m sentem frio, mas sua zona de conforto t\u00e9rmico \u00e9 diferente da dos humanos. Enquanto as temperaturas de conforto t\u00e9rmico em humanos variam de 20\u00b0C a 26\u00b0C, a dos cavalos varia entre 5\u00b0C e 25\u00b0C. Abaixo de 5\u00b0C, especialmente com vento e umidade, o risco de hipotermia e outras complica\u00e7\u00f5es aumenta.<\/p>\n\n\n\n<p>Os&nbsp;<strong>sinais<\/strong>&nbsp;de que um cavalo est\u00e1 sentindo frio incluem tremores, apatia, recusa em se mover, pelagem eri\u00e7ada, extremidades frias e at\u00e9 redu\u00e7\u00e3o do apetite. Em resposta ao frio, os equinos desenvolvem a pelagem de inverno, mais longa e densa, al\u00e9m de comportamentos como agrupar-se com outros animais e buscar abrigo. Contudo, esses mecanismos podem ser insuficientes em situa\u00e7\u00f5es de frio intenso, vento ou chuva prolongada, exigindo interven\u00e7\u00e3o humana.<\/p>\n\n\n\n<p>Al\u00e9m do desconforto t\u00e9rmico, o inverno predisp\u00f5e os cavalos a uma s\u00e9rie de doen\u00e7as. O confinamento prolongado em baias, a redu\u00e7\u00e3o da ventila\u00e7\u00e3o e o esfor\u00e7o metab\u00f3lico para manter a temperatura corporal contribuem para a queda da imunidade e favorecem a dissemina\u00e7\u00e3o de agentes infecciosos. \u201cDurante o inverno, \u00e9 comum que os cavalos fiquem mais tempo confinados em baias, o que favorece a dissemina\u00e7\u00e3o de doen\u00e7as respirat\u00f3rias altamente contagiosas. Al\u00e9m disso, as baixas temperaturas podem deprimir o sistema imunol\u00f3gico, tornando os animais mais vulner\u00e1veis a infec\u00e7\u00f5es\u201d, alerta&nbsp;<strong>Gabriela<\/strong>.<\/p>\n\n\n\n<p>Dentre as&nbsp;<strong>principais afec\u00e7\u00f5es<\/strong>&nbsp;que acometem os equinos no inverno, a&nbsp;<strong>Influenza Equina<\/strong>, conhecida como gripe equina, \u00e9 uma das infec\u00e7\u00f5es respirat\u00f3rias mais comuns nessa \u00e9poca. Altamente contagiosa, pode provocar surtos em plant\u00e9is no inverno. \u201cOs principais sinais cl\u00ednicos incluem secre\u00e7\u00e3o nasal, tosse seca, febre e letargia. A vacina\u00e7\u00e3o anual \u00e9 a principal medida preventiva, sendo essencial tamb\u00e9m imunizar \u00e9guas prenhes para proteger os potros por meio do colostro.\u201d, destaca&nbsp;<strong>Gabriela<\/strong>.<\/p>\n\n\n\n<p>A&nbsp;<strong>Pneumonia<\/strong>&nbsp;\u00e9 uma inflama\u00e7\u00e3o pulmonar, normalmente causada por bact\u00e9rias, v\u00edrus ou fungos, muitas vezes secund\u00e1ria a infec\u00e7\u00f5es virais n\u00e3o tratadas. Os sinais cl\u00ednicos incluem tosse produtiva, secre\u00e7\u00e3o nasal, geralmente purulenta, febre e apatia. O diagn\u00f3stico precoce e o tratamento adequado s\u00e3o essenciais para evitar complica\u00e7\u00f5es e sequelas respirat\u00f3rias.<\/p>\n\n\n\n<p>Outra doen\u00e7a preocupante \u00e9 o&nbsp;<strong>Garrotilho<\/strong>&nbsp;(ou Adenite Equina). \u00c9 uma enfermidade bacteriana, causada por&nbsp;<em>Streptococcus equi<\/em>, altamente contagiosa entre cavalos e, embora possa ocorrer o ano todo, o frio e a umidade favorecem sua propaga\u00e7\u00e3o. Febre, apatia, aumento dos linfonodos regionais (cabe\u00e7a e pesco\u00e7o), dificuldade para deglutir e secre\u00e7\u00e3o nasal purulenta est\u00e3o entre os principais sinais observados. Apesar de possuir baixa letalidade, a doen\u00e7a provoca grandes preju\u00edzos econ\u00f4micos, principalmente relacionados \u00e0 queda do desempenho de animais atletas e custos associados ao tratamento medicamentoso. A vacina\u00e7\u00e3o regular \u00e9 indispens\u00e1vel para prevenir surtos.<\/p>\n\n\n\n<p>Doen\u00e7as respirat\u00f3rias cr\u00f4nicas, como a&nbsp;<strong>Obstru\u00e7\u00e3o Recorrente das Vias A\u00e9reas<\/strong>&nbsp;(ORVA) e a&nbsp;<strong>Doen\u00e7a Inflamat\u00f3ria das Vias A\u00e9reas<\/strong>&nbsp;(DIVA) tamb\u00e9m tendem a se agravar no inverno, especialmente devido ao maior tempo de estabula\u00e7\u00e3o. Gabriela ressalta que a&nbsp;<strong>ORVA<\/strong>&nbsp;\u00e9 uma enfermidade cr\u00f4nica e progressiva, mais frequente em cavalos adultos e idosos, caracterizada por hipersensibilidade das vias a\u00e9reas inferiores \u00e0 inala\u00e7\u00e3o de part\u00edculas irritantes, como poeira, mofo e endotoxinas presentes no feno e na cama. Essa condi\u00e7\u00e3o leva a inflama\u00e7\u00e3o neutrof\u00edlica, aumento da produ\u00e7\u00e3o de muco e broncoconstri\u00e7\u00e3o, resultando em tosse cr\u00f4nica, dispneia, intoler\u00e2ncia ao exerc\u00edcio e, nos casos mais graves, altera\u00e7\u00f5es no padr\u00e3o respirat\u00f3rio em repouso (como a chamada \u201clinha de esfor\u00e7o abdominal\u201d). J\u00e1 a&nbsp;<strong>DIVA<\/strong>&nbsp;acomete preferencialmente cavalos mais jovens, sobretudo animais de alta performance, sendo mais facilmente percebida durante os exerc\u00edcios f\u00edsicos. Caracteriza-se por inflama\u00e7\u00e3o das vias a\u00e9reas distais com predom\u00ednio de infiltrado neutrof\u00edlico, manifestando-se por tosse ocasional, secre\u00e7\u00e3o nasal mucopurulenta e queda de rendimento durante o exerc\u00edcio. \u201cO manejo ambiental \u00e9 essencial em ambas as condi\u00e7\u00f5es, incluindo a redu\u00e7\u00e3o da exposi\u00e7\u00e3o a al\u00e9rgenos, melhoria da ventila\u00e7\u00e3o, uso de cama de melhor qualidade e, em alguns casos, a adapta\u00e7\u00e3o da dieta para minimizar fontes de part\u00edculas irritantes. Em casos mais severos, pode ser necess\u00e1ria interven\u00e7\u00e3o medicamentosa com broncodilatadores, mucol\u00edticos e corticosteroides para controlar a inflama\u00e7\u00e3o e restaurar a fun\u00e7\u00e3o respirat\u00f3ria\u201d, explica.<\/p>\n\n\n\n<p>Essa \u00e9poca do ano ainda pode ter impacto no sistema musculoesquel\u00e9tico dos equinos. As articula\u00e7\u00f5es, especialmente em animais idosos, podem sofrer mais com o frio. Rigidez articular e claudica\u00e7\u00e3o s\u00e3o sinais que merecem aten\u00e7\u00e3o. Pode ser necess\u00e1rio o uso de anti-inflamat\u00f3rios e analg\u00e9sicos para controle da dor. Al\u00e9m disso, produtos com a\u00e7\u00e3o condroprotetora podem auxiliar na manuten\u00e7\u00e3o da sa\u00fade articular durante o inverno. Tamb\u00e9m \u00e9 importante que sejam realizados alongamentos e exerc\u00edcios de aquecimento previamente \u00e0 pr\u00e1tica de atividades f\u00edsicas.<\/p>\n\n\n\n<p><strong>Dentre os cuidados com os equinos no inverno<\/strong>, al\u00e9m do que j\u00e1 foi citado, \u00e9 importante refor\u00e7ar medidas que contribuam para a manuten\u00e7\u00e3o da sa\u00fade e do desempenho dos animais durante a esta\u00e7\u00e3o fria. A&nbsp;<strong>hidrata\u00e7\u00e3o<\/strong>&nbsp;merece aten\u00e7\u00e3o especial, j\u00e1 que a ingest\u00e3o de \u00e1gua tende a diminuir nos dias frios, aumentando o risco de c\u00f3licas por compacta\u00e7\u00e3o. Para estimular o consumo h\u00eddrico, recomenda-se oferecer \u00e1gua morna e, quando necess\u00e1rio, utilizar&nbsp;<strong>eletrol\u00edticos<\/strong>.<\/p>\n\n\n\n<p>A&nbsp;<strong>imunidade<\/strong>&nbsp;tamb\u00e9m pode ser favorecida com ajustes na dieta, incluindo suplementa\u00e7\u00e3o com vitaminas, como a&nbsp;<strong>vitamina C<\/strong>, e elementos como a&nbsp;<strong>espirulina<\/strong>, que auxiliam na resposta imunol\u00f3gica e na resist\u00eancia a agentes infecciosos. O manejo alimentar deve contemplar o aumento da oferta de fibras de qualidade, como o feno, cuja fermenta\u00e7\u00e3o no intestino grosso gera calor e ajuda na termorregula\u00e7\u00e3o. A adapta\u00e7\u00e3o da quantidade de concentrados e a suplementa\u00e7\u00e3o da dieta, sempre sob orienta\u00e7\u00e3o veterin\u00e1ria, podem ser necess\u00e1rias para suprir o maior gasto energ\u00e9tico dos animais no frio.<\/p>\n\n\n\n<p>Quanto ao ambiente, garantir abrigos secos, ventilados e protegidos de vento e chuva \u00e9 essencial. O uso de&nbsp;<strong>mantas t\u00e9rmicas<\/strong>, principalmente em cavalos magros, debilitados, idosos ou tosquiados, pode auxiliar a manter os cavalos aquecidos. Essas pr\u00e1ticas, associadas ao acompanhamento profissional, contribuem para um manejo mais eficiente e para o bem-estar dos equinos mesmo nas condi\u00e7\u00f5es mais adversas do inverno.<\/p>\n\n\n\n<p>Investir nos cuidados com os equinos durante o inverno \u00e9 fundamental para garantir sa\u00fade e desempenho, especialmente em animais de alta performance. \u201cA aten\u00e7\u00e3o e o cuidado com os cavalos durante o per\u00edodo mais frio do ano s\u00e3o essenciais para evitar doen\u00e7as, assegurar o conforto t\u00e9rmico e manter o desempenho, tanto em trabalho quanto em competi\u00e7\u00f5es. Monitorar sinais de desconforto, adaptar o manejo e contar com o apoio t\u00e9cnico de veterin\u00e1rios s\u00e3o as melhores estrat\u00e9gias para atravessar o inverno com seguran\u00e7a e preservar o bem-estar dos animais\u201d, conclui&nbsp;<strong>Gabriela<\/strong>.<\/p>\n","protected":false},"excerpt":{"rendered":"<p>Com a chegada do inverno, quedas acentuadas de temperatura, intensifica\u00e7\u00e3o dos ventos frios e redu\u00e7\u00e3o da umidade do ar imp\u00f5em desafios para o manejo de equinos. Embora sejam animais naturalmente resistentes e dotados de mecanismos eficientes de termorregula\u00e7\u00e3o,&nbsp;Gabriela Oliveira, Analista de Comunica\u00e7\u00e3o T\u00e9cnica da Vetnil\u00ae, lembra que os cavalos tamb\u00e9m sentem frio, mas sua zona [&hellip;]<\/p>\n","protected":false},"author":10,"featured_media":13491,"parent":0,"template":"","categorias-de-noticias":[],"class_list":["post-13490","noticias","type-noticias","status-publish","has-post-thumbnail","hentry"],"yoast_head":"<!-- This site is optimized with the Yoast SEO plugin v27.3 - https:\/\/yoast.com\/product\/yoast-seo-wordpress\/ -->\n<title>INVERNO E SA\u00daDE EQUINA: COMO EVITAR DOEN\u00c7AS E GARANTIR O BEM-ESTAR DOS CAVALOS &#8211; VETNIL<\/title>\n<meta name=\"robots\" content=\"noindex, follow, max-snippet:-1, max-image-preview:large, max-video-preview:-1\" \/>\n<meta property=\"og:locale\" content=\"pt_BR\" \/>\n<meta property=\"og:type\" content=\"article\" \/>\n<meta property=\"og:title\" content=\"INVERNO E SA\u00daDE EQUINA: COMO EVITAR DOEN\u00c7AS E GARANTIR O BEM-ESTAR DOS CAVALOS &#8211; VETNIL\" \/>\n<meta property=\"og:description\" content=\"Com a chegada do inverno, quedas acentuadas de temperatura, intensifica\u00e7\u00e3o dos ventos frios e redu\u00e7\u00e3o da umidade do ar imp\u00f5em desafios para o manejo de equinos. Embora sejam animais naturalmente resistentes e dotados de mecanismos eficientes de termorregula\u00e7\u00e3o,&nbsp;Gabriela Oliveira, Analista de Comunica\u00e7\u00e3o T\u00e9cnica da Vetnil\u00ae, lembra que os cavalos tamb\u00e9m sentem frio, mas sua zona [&hellip;]\" \/>\n<meta property=\"og:url\" content=\"https:\/\/projetoslayerup.com.br\/vetnil\/noticias\/inverno-e-saude-equina-como-evitar-doencas-e-garantir-o-bem-estar-dos-cavalos\/\" \/>\n<meta property=\"og:site_name\" content=\"VETNIL\" \/>\n<meta property=\"article:modified_time\" content=\"2026-01-28T12:14:41+00:00\" \/>\n<meta property=\"og:image\" content=\"https:\/\/projetoslayerup.com.br\/vetnil\/wp-content\/uploads\/2026\/01\/news_68793aacbe2a8.webp\" \/>\n\t<meta property=\"og:image:width\" content=\"1200\" \/>\n\t<meta property=\"og:image:height\" content=\"1200\" \/>\n\t<meta property=\"og:image:type\" content=\"image\/webp\" \/>\n<meta name=\"twitter:card\" content=\"summary_large_image\" \/>\n<meta name=\"twitter:label1\" content=\"Est. tempo de leitura\" \/>\n\t<meta name=\"twitter:data1\" content=\"7 minutos\" \/>\n<script type=\"application\/ld+json\" class=\"yoast-schema-graph\">{\"@context\":\"https:\\\/\\\/schema.org\",\"@graph\":[{\"@type\":\"WebPage\",\"@id\":\"https:\\\/\\\/projetoslayerup.com.br\\\/vetnil\\\/noticias\\\/inverno-e-saude-equina-como-evitar-doencas-e-garantir-o-bem-estar-dos-cavalos\\\/\",\"url\":\"https:\\\/\\\/projetoslayerup.com.br\\\/vetnil\\\/noticias\\\/inverno-e-saude-equina-como-evitar-doencas-e-garantir-o-bem-estar-dos-cavalos\\\/\",\"name\":\"INVERNO E SA\u00daDE EQUINA: COMO EVITAR DOEN\u00c7AS E GARANTIR O BEM-ESTAR DOS CAVALOS &#8211; VETNIL\",\"isPartOf\":{\"@id\":\"https:\\\/\\\/projetoslayerup.com.br\\\/vetnil\\\/#website\"},\"primaryImageOfPage\":{\"@id\":\"https:\\\/\\\/projetoslayerup.com.br\\\/vetnil\\\/noticias\\\/inverno-e-saude-equina-como-evitar-doencas-e-garantir-o-bem-estar-dos-cavalos\\\/#primaryimage\"},\"image\":{\"@id\":\"https:\\\/\\\/projetoslayerup.com.br\\\/vetnil\\\/noticias\\\/inverno-e-saude-equina-como-evitar-doencas-e-garantir-o-bem-estar-dos-cavalos\\\/#primaryimage\"},\"thumbnailUrl\":\"https:\\\/\\\/projetoslayerup.com.br\\\/vetnil\\\/wp-content\\\/uploads\\\/2026\\\/01\\\/news_68793aacbe2a8.webp\",\"datePublished\":\"2025-07-15T03:00:00+00:00\",\"dateModified\":\"2026-01-28T12:14:41+00:00\",\"breadcrumb\":{\"@id\":\"https:\\\/\\\/projetoslayerup.com.br\\\/vetnil\\\/noticias\\\/inverno-e-saude-equina-como-evitar-doencas-e-garantir-o-bem-estar-dos-cavalos\\\/#breadcrumb\"},\"inLanguage\":\"pt-BR\",\"potentialAction\":[{\"@type\":\"ReadAction\",\"target\":[\"https:\\\/\\\/projetoslayerup.com.br\\\/vetnil\\\/noticias\\\/inverno-e-saude-equina-como-evitar-doencas-e-garantir-o-bem-estar-dos-cavalos\\\/\"]}]},{\"@type\":\"ImageObject\",\"inLanguage\":\"pt-BR\",\"@id\":\"https:\\\/\\\/projetoslayerup.com.br\\\/vetnil\\\/noticias\\\/inverno-e-saude-equina-como-evitar-doencas-e-garantir-o-bem-estar-dos-cavalos\\\/#primaryimage\",\"url\":\"https:\\\/\\\/projetoslayerup.com.br\\\/vetnil\\\/wp-content\\\/uploads\\\/2026\\\/01\\\/news_68793aacbe2a8.webp\",\"contentUrl\":\"https:\\\/\\\/projetoslayerup.com.br\\\/vetnil\\\/wp-content\\\/uploads\\\/2026\\\/01\\\/news_68793aacbe2a8.webp\",\"width\":1200,\"height\":1200},{\"@type\":\"BreadcrumbList\",\"@id\":\"https:\\\/\\\/projetoslayerup.com.br\\\/vetnil\\\/noticias\\\/inverno-e-saude-equina-como-evitar-doencas-e-garantir-o-bem-estar-dos-cavalos\\\/#breadcrumb\",\"itemListElement\":[{\"@type\":\"ListItem\",\"position\":1,\"name\":\"Home\",\"item\":\"https:\\\/\\\/projetoslayerup.com.br\\\/vetnil\\\/\"},{\"@type\":\"ListItem\",\"position\":2,\"name\":\"Not\u00edcias\",\"item\":\"https:\\\/\\\/projetoslayerup.com.br\\\/vetnil\\\/es\\\/noticias\\\/\"},{\"@type\":\"ListItem\",\"position\":3,\"name\":\"INVERNO E SA\u00daDE EQUINA: COMO EVITAR DOEN\u00c7AS E GARANTIR O BEM-ESTAR DOS CAVALOS\"}]},{\"@type\":\"WebSite\",\"@id\":\"https:\\\/\\\/projetoslayerup.com.br\\\/vetnil\\\/#website\",\"url\":\"https:\\\/\\\/projetoslayerup.com.br\\\/vetnil\\\/\",\"name\":\"VETNIL\",\"description\":\"Parceira de quem cuida - Sa\u00fade e Bem-estar animal\",\"publisher\":{\"@id\":\"https:\\\/\\\/projetoslayerup.com.br\\\/vetnil\\\/#organization\"},\"potentialAction\":[{\"@type\":\"SearchAction\",\"target\":{\"@type\":\"EntryPoint\",\"urlTemplate\":\"https:\\\/\\\/projetoslayerup.com.br\\\/vetnil\\\/?s={search_term_string}\"},\"query-input\":{\"@type\":\"PropertyValueSpecification\",\"valueRequired\":true,\"valueName\":\"search_term_string\"}}],\"inLanguage\":\"pt-BR\"},{\"@type\":\"Organization\",\"@id\":\"https:\\\/\\\/projetoslayerup.com.br\\\/vetnil\\\/#organization\",\"name\":\"VETNIL\",\"url\":\"https:\\\/\\\/projetoslayerup.com.br\\\/vetnil\\\/\",\"logo\":{\"@type\":\"ImageObject\",\"inLanguage\":\"pt-BR\",\"@id\":\"https:\\\/\\\/projetoslayerup.com.br\\\/vetnil\\\/#\\\/schema\\\/logo\\\/image\\\/\",\"url\":\"https:\\\/\\\/projetoslayerup.com.br\\\/vetnil\\\/wp-content\\\/uploads\\\/2023\\\/09\\\/logo-vetnil.svg\",\"contentUrl\":\"https:\\\/\\\/projetoslayerup.com.br\\\/vetnil\\\/wp-content\\\/uploads\\\/2023\\\/09\\\/logo-vetnil.svg\",\"width\":141,\"height\":25,\"caption\":\"VETNIL\"},\"image\":{\"@id\":\"https:\\\/\\\/projetoslayerup.com.br\\\/vetnil\\\/#\\\/schema\\\/logo\\\/image\\\/\"}}]}<\/script>\n<!-- \/ Yoast SEO plugin. -->","yoast_head_json":{"title":"INVERNO E SA\u00daDE EQUINA: COMO EVITAR DOEN\u00c7AS E GARANTIR O BEM-ESTAR DOS CAVALOS &#8211; VETNIL","robots":{"index":"noindex","follow":"follow","max-snippet":"max-snippet:-1","max-image-preview":"max-image-preview:large","max-video-preview":"max-video-preview:-1"},"og_locale":"pt_BR","og_type":"article","og_title":"INVERNO E SA\u00daDE EQUINA: COMO EVITAR DOEN\u00c7AS E GARANTIR O BEM-ESTAR DOS CAVALOS &#8211; VETNIL","og_description":"Com a chegada do inverno, quedas acentuadas de temperatura, intensifica\u00e7\u00e3o dos ventos frios e redu\u00e7\u00e3o da umidade do ar imp\u00f5em desafios para o manejo de equinos. Embora sejam animais naturalmente resistentes e dotados de mecanismos eficientes de termorregula\u00e7\u00e3o,&nbsp;Gabriela Oliveira, Analista de Comunica\u00e7\u00e3o T\u00e9cnica da Vetnil\u00ae, lembra que os cavalos tamb\u00e9m sentem frio, mas sua zona [&hellip;]","og_url":"https:\/\/projetoslayerup.com.br\/vetnil\/noticias\/inverno-e-saude-equina-como-evitar-doencas-e-garantir-o-bem-estar-dos-cavalos\/","og_site_name":"VETNIL","article_modified_time":"2026-01-28T12:14:41+00:00","og_image":[{"width":1200,"height":1200,"url":"https:\/\/projetoslayerup.com.br\/vetnil\/wp-content\/uploads\/2026\/01\/news_68793aacbe2a8.webp","type":"image\/webp"}],"twitter_card":"summary_large_image","twitter_misc":{"Est. tempo de leitura":"7 minutos"},"schema":{"@context":"https:\/\/schema.org","@graph":[{"@type":"WebPage","@id":"https:\/\/projetoslayerup.com.br\/vetnil\/noticias\/inverno-e-saude-equina-como-evitar-doencas-e-garantir-o-bem-estar-dos-cavalos\/","url":"https:\/\/projetoslayerup.com.br\/vetnil\/noticias\/inverno-e-saude-equina-como-evitar-doencas-e-garantir-o-bem-estar-dos-cavalos\/","name":"INVERNO E SA\u00daDE EQUINA: COMO EVITAR DOEN\u00c7AS E GARANTIR O BEM-ESTAR DOS CAVALOS &#8211; VETNIL","isPartOf":{"@id":"https:\/\/projetoslayerup.com.br\/vetnil\/#website"},"primaryImageOfPage":{"@id":"https:\/\/projetoslayerup.com.br\/vetnil\/noticias\/inverno-e-saude-equina-como-evitar-doencas-e-garantir-o-bem-estar-dos-cavalos\/#primaryimage"},"image":{"@id":"https:\/\/projetoslayerup.com.br\/vetnil\/noticias\/inverno-e-saude-equina-como-evitar-doencas-e-garantir-o-bem-estar-dos-cavalos\/#primaryimage"},"thumbnailUrl":"https:\/\/projetoslayerup.com.br\/vetnil\/wp-content\/uploads\/2026\/01\/news_68793aacbe2a8.webp","datePublished":"2025-07-15T03:00:00+00:00","dateModified":"2026-01-28T12:14:41+00:00","breadcrumb":{"@id":"https:\/\/projetoslayerup.com.br\/vetnil\/noticias\/inverno-e-saude-equina-como-evitar-doencas-e-garantir-o-bem-estar-dos-cavalos\/#breadcrumb"},"inLanguage":"pt-BR","potentialAction":[{"@type":"ReadAction","target":["https:\/\/projetoslayerup.com.br\/vetnil\/noticias\/inverno-e-saude-equina-como-evitar-doencas-e-garantir-o-bem-estar-dos-cavalos\/"]}]},{"@type":"ImageObject","inLanguage":"pt-BR","@id":"https:\/\/projetoslayerup.com.br\/vetnil\/noticias\/inverno-e-saude-equina-como-evitar-doencas-e-garantir-o-bem-estar-dos-cavalos\/#primaryimage","url":"https:\/\/projetoslayerup.com.br\/vetnil\/wp-content\/uploads\/2026\/01\/news_68793aacbe2a8.webp","contentUrl":"https:\/\/projetoslayerup.com.br\/vetnil\/wp-content\/uploads\/2026\/01\/news_68793aacbe2a8.webp","width":1200,"height":1200},{"@type":"BreadcrumbList","@id":"https:\/\/projetoslayerup.com.br\/vetnil\/noticias\/inverno-e-saude-equina-como-evitar-doencas-e-garantir-o-bem-estar-dos-cavalos\/#breadcrumb","itemListElement":[{"@type":"ListItem","position":1,"name":"Home","item":"https:\/\/projetoslayerup.com.br\/vetnil\/"},{"@type":"ListItem","position":2,"name":"Not\u00edcias","item":"https:\/\/projetoslayerup.com.br\/vetnil\/es\/noticias\/"},{"@type":"ListItem","position":3,"name":"INVERNO E SA\u00daDE EQUINA: COMO EVITAR DOEN\u00c7AS E GARANTIR O BEM-ESTAR DOS CAVALOS"}]},{"@type":"WebSite","@id":"https:\/\/projetoslayerup.com.br\/vetnil\/#website","url":"https:\/\/projetoslayerup.com.br\/vetnil\/","name":"VETNIL","description":"Parceira de quem cuida - Sa\u00fade e Bem-estar animal","publisher":{"@id":"https:\/\/projetoslayerup.com.br\/vetnil\/#organization"},"potentialAction":[{"@type":"SearchAction","target":{"@type":"EntryPoint","urlTemplate":"https:\/\/projetoslayerup.com.br\/vetnil\/?s={search_term_string}"},"query-input":{"@type":"PropertyValueSpecification","valueRequired":true,"valueName":"search_term_string"}}],"inLanguage":"pt-BR"},{"@type":"Organization","@id":"https:\/\/projetoslayerup.com.br\/vetnil\/#organization","name":"VETNIL","url":"https:\/\/projetoslayerup.com.br\/vetnil\/","logo":{"@type":"ImageObject","inLanguage":"pt-BR","@id":"https:\/\/projetoslayerup.com.br\/vetnil\/#\/schema\/logo\/image\/","url":"https:\/\/projetoslayerup.com.br\/vetnil\/wp-content\/uploads\/2023\/09\/logo-vetnil.svg","contentUrl":"https:\/\/projetoslayerup.com.br\/vetnil\/wp-content\/uploads\/2023\/09\/logo-vetnil.svg","width":141,"height":25,"caption":"VETNIL"},"image":{"@id":"https:\/\/projetoslayerup.com.br\/vetnil\/#\/schema\/logo\/image\/"}}]}},"lang":"pt","translations":{"pt":13490},"pll_sync_post":[],"_links":{"self":[{"href":"https:\/\/projetoslayerup.com.br\/vetnil\/wp-json\/wp\/v2\/noticias\/13490","targetHints":{"allow":["GET"]}}],"collection":[{"href":"https:\/\/projetoslayerup.com.br\/vetnil\/wp-json\/wp\/v2\/noticias"}],"about":[{"href":"https:\/\/projetoslayerup.com.br\/vetnil\/wp-json\/wp\/v2\/types\/noticias"}],"author":[{"embeddable":true,"href":"https:\/\/projetoslayerup.com.br\/vetnil\/wp-json\/wp\/v2\/users\/10"}],"version-history":[{"count":1,"href":"https:\/\/projetoslayerup.com.br\/vetnil\/wp-json\/wp\/v2\/noticias\/13490\/revisions"}],"predecessor-version":[{"id":13492,"href":"https:\/\/projetoslayerup.com.br\/vetnil\/wp-json\/wp\/v2\/noticias\/13490\/revisions\/13492"}],"wp:featuredmedia":[{"embeddable":true,"href":"https:\/\/projetoslayerup.com.br\/vetnil\/wp-json\/wp\/v2\/media\/13491"}],"wp:attachment":[{"href":"https:\/\/projetoslayerup.com.br\/vetnil\/wp-json\/wp\/v2\/media?parent=13490"}],"wp:term":[{"taxonomy":"categorias-de-noticias","embeddable":true,"href":"https:\/\/projetoslayerup.com.br\/vetnil\/wp-json\/wp\/v2\/categorias-de-noticias?post=13490"}],"curies":[{"name":"wp","href":"https:\/\/api.w.org\/{rel}","templated":true}]}}