{"id":13779,"date":"2026-02-13T15:33:45","date_gmt":"2026-02-13T18:33:45","guid":{"rendered":"https:\/\/projetoslayerup.com.br\/vetnil\/?post_type=noticias&#038;p=13779"},"modified":"2026-02-13T15:33:47","modified_gmt":"2026-02-13T18:33:47","slug":"cuidado-com-a-pele-e-os-pelos-dos-pets","status":"publish","type":"noticias","link":"https:\/\/projetoslayerup.com.br\/vetnil\/noticias\/cuidado-com-a-pele-e-os-pelos-dos-pets\/","title":{"rendered":"CUIDADO COM A PELE E OS PELOS DOS PETS"},"content":{"rendered":"\n<p>Higiene adequada, cuidados t\u00f3picos, hidrata\u00e7\u00e3o e nutri\u00e7\u00e3o equilibrada s\u00e3o pilares para manter a pele protegida e a pelagem bonita e funcional, explica M\u00e9dico-Veterin\u00e1rio da Vetnil\u00ae.<\/p>\n\n\n\n<p>A pele e os pelos dos pets auxiliam na prote\u00e7\u00e3o do organismo e at\u00e9 espelham o grau de bem-estar de c\u00e3es e gatos. Mais do que um aspecto est\u00e9tico, uma pelagem saud\u00e1vel e uma pele \u00edntegra ajudam na regula\u00e7\u00e3o da temperatura corporal, atuam como barreira contra agentes externos e refletem diretamente o estado geral de sa\u00fade dos animais.<\/p>\n\n\n\n<p>Segundo <strong>Kau\u00ea Ribeiro, M\u00e9dico-Veterin\u00e1rio da Vetnil\u00ae<\/strong>, altera\u00e7\u00f5es cut\u00e2neas e na pelagem podem ser sinais de que algo n\u00e3o vai bem. \u201cPelos opacos, quebradi\u00e7os, queda excessiva, descama\u00e7\u00e3o, coceira ou falhas na pelagem podem indicar desde defici\u00eancias nutricionais at\u00e9 doen\u00e7as dermatol\u00f3gicas ou sist\u00eamicas. Por isso, observar e cuidar da pele e dos pelos deve fazer parte da rotina de aten\u00e7\u00e3o \u00e0 sa\u00fade do pet\u201d, explica.<\/p>\n\n\n\n<p><strong>Higiene e banho: equil\u00edbrio \u00e9 fundamental<\/strong><\/p>\n\n\n\n<p>Diferente dos humanos, c\u00e3es e gatos n\u00e3o precisam de banhos frequentes. O <strong>M\u00e9dico-Veterin\u00e1rio<\/strong> orienta que a periodicidade deve respeitar o estilo de vida do animal, o tipo de pelagem e poss\u00edveis condi\u00e7\u00f5es dermatol\u00f3gicas.<\/p>\n\n\n\n<p>\u201cA escova\u00e7\u00e3o regular, por exemplo, \u00e9 uma aliada importante para remover pelos soltos, estimular a circula\u00e7\u00e3o sangu\u00ednea e manter o aspecto saud\u00e1vel da pelagem. Quando o banho \u00e9 necess\u00e1rio, \u00e9 essencial utilizar produtos espec\u00edficos para pets, formulados para respeitar o pH da pele e evitar irrita\u00e7\u00f5es ou alergias\u201d, aponta <strong>Ribeiro<\/strong>.<\/p>\n\n\n\n<p>Pensando em pets com pele sens\u00edvel, o <strong>Shampoo Pelo&amp;Derme\u00ae Hipoalerg\u00eanico<\/strong>, da <strong>Vetnil\u00ae<\/strong>, \u00e9 uma op\u00e7\u00e3o indicada para c\u00e3es e gatos, formulado para promover limpeza suave, conforto e hidrata\u00e7\u00e3o, contribuindo para pelos mais macios e saud\u00e1veis.<\/p>\n\n\n\n<p><strong>Cuidados t\u00f3picos e sa\u00fade da pele caminham juntos<\/strong><\/p>\n\n\n\n<p>Al\u00e9m da ingest\u00e3o adequada de \u00e1gua, cuidados t\u00f3picos que auxiliam na hidrata\u00e7\u00e3o e integridade da pele tamb\u00e9m merecem aten\u00e7\u00e3o especial. Em alguns quadros, como dermatites al\u00e9rgicas, o uso de produtos dermatol\u00f3gicos espec\u00edficos ajuda a refor\u00e7ar a barreira da pele, reduzindo o desconforto e auxiliando no controle das les\u00f5es.<\/p>\n\n\n\n<p>\u201cRefor\u00e7ar a fun\u00e7\u00e3o de barreira da pele \u00e9 uma forma de proteg\u00ea-la contra agress\u00f5es externas e evitar o ressecamento, que pode intensificar a coceira e inflama\u00e7\u00e3o\u201d, destaca <strong>Ribeiro<\/strong>.<\/p>\n\n\n\n<p>Dentro desse cuidado, a <strong>Vetnil\u00ae<\/strong> conta com a <strong>Linha Vetnil\u00ae Skin Care<\/strong>, uma linha premium de dermocosm\u00e9ticos desenvolvida para atender diferentes necessidades da pele e da pelagem, com f\u00f3rmulas livres de parabenos, corantes e outros componentes potencialmente irritantes. O portf\u00f3lio conta com solu\u00e7\u00f5es que auxiliam desde a limpeza at\u00e9 a prote\u00e7\u00e3o e hidrata\u00e7\u00e3o cut\u00e2neas.<\/p>\n\n\n\n<p><strong>Nutri\u00e7\u00e3o e suplementa\u00e7\u00e3o: beleza que vem de dentro<\/strong><\/p>\n\n\n\n<p>A qualidade da alimenta\u00e7\u00e3o impacta diretamente a sa\u00fade da pele e dos pelos. Vitaminas, minerais e \u00e1cidos graxos essenciais participam da forma\u00e7\u00e3o e manuten\u00e7\u00e3o da estrutura cut\u00e2nea e do ciclo de crescimento dos pelos. Nutrientes como biotina, zinco e \u00f4mega 3 t\u00eam papel reconhecido nesse processo.<\/p>\n\n\n\n<p>Nesse contexto, o <strong>Pelo&amp;Derme\u00ae Gold<\/strong>, suplemento com biotina e zinco quelatado, auxilia no fortalecimento da pele e na manuten\u00e7\u00e3o de pelos mais resistentes e saud\u00e1veis. J\u00e1 o <strong>Pelo&amp;Derme\u00ae 750 e 1500 DHA + EPA<\/strong> oferece \u00e1cidos graxos essenciais, vitaminas e minerais que contribuem para a integridade da pele e da pelagem, sendo uma \u00f3tima op\u00e7\u00e3o para o suporte nutricional e que, em breve, estar\u00e1 dispon\u00edvel em uma nova apresenta\u00e7\u00e3o.<\/p>\n\n\n\n<p>Com um portf\u00f3lio extenso de solu\u00e7\u00f5es voltadas ao cuidado da pele e dos pelos, a <strong>Vetnil\u00ae<\/strong> refor\u00e7a seu compromisso em apoiar os respons\u00e1veis pelos animais e M\u00e9dicos-Veterin\u00e1rios na promo\u00e7\u00e3o da sa\u00fade e da qualidade de vida dos pets. \u201cCuidar da pele e da pelagem \u00e9 uma forma de prevenir problemas, promover conforto e garantir bem-estar aos animais em todas as fases da vida\u201d, conclui <strong>Kau\u00ea Ribeiro<\/strong>.<\/p>\n\n\n\n<p>Como marca parceira de quem cuida, a <strong>Vetnil\u00ae<\/strong> disponibiliza em blog e redes sociais conte\u00fados exclusivos com o prop\u00f3sito de esclarecer as principais d\u00favidas e orientar sobre os cuidados que os pets devem receber. Siga<strong> @vetniloficial.<\/strong><\/p>\n\n\n\n<p><\/p>\n","protected":false},"excerpt":{"rendered":"<p>Higiene adequada, cuidados t\u00f3picos, hidrata\u00e7\u00e3o e nutri\u00e7\u00e3o equilibrada s\u00e3o pilares para manter a pele protegida e a pelagem bonita e funcional, explica M\u00e9dico-Veterin\u00e1rio da Vetnil\u00ae. A pele e os pelos dos pets auxiliam na prote\u00e7\u00e3o do organismo e at\u00e9 espelham o grau de bem-estar de c\u00e3es e gatos. Mais do que um aspecto est\u00e9tico, uma [&hellip;]<\/p>\n","protected":false},"author":15,"featured_media":13780,"parent":0,"template":"","categorias-de-noticias":[611],"class_list":["post-13779","noticias","type-noticias","status-publish","has-post-thumbnail","hentry","categorias-de-noticias-noticias-dicas-e-cuidados"],"yoast_head":"<!-- This site is optimized with the Yoast SEO plugin v27.3 - https:\/\/yoast.com\/product\/yoast-seo-wordpress\/ -->\n<title>CUIDADO COM A PELE E OS PELOS DOS PETS &#8211; VETNIL<\/title>\n<meta name=\"robots\" content=\"noindex, follow, max-snippet:-1, max-image-preview:large, max-video-preview:-1\" \/>\n<meta property=\"og:locale\" content=\"pt_BR\" \/>\n<meta property=\"og:type\" content=\"article\" \/>\n<meta property=\"og:title\" content=\"CUIDADO COM A PELE E OS PELOS DOS PETS &#8211; VETNIL\" \/>\n<meta property=\"og:description\" content=\"Higiene adequada, cuidados t\u00f3picos, hidrata\u00e7\u00e3o e nutri\u00e7\u00e3o equilibrada s\u00e3o pilares para manter a pele protegida e a pelagem bonita e funcional, explica M\u00e9dico-Veterin\u00e1rio da Vetnil\u00ae. A pele e os pelos dos pets auxiliam na prote\u00e7\u00e3o do organismo e at\u00e9 espelham o grau de bem-estar de c\u00e3es e gatos. Mais do que um aspecto est\u00e9tico, uma [&hellip;]\" \/>\n<meta property=\"og:url\" content=\"https:\/\/projetoslayerup.com.br\/vetnil\/noticias\/cuidado-com-a-pele-e-os-pelos-dos-pets\/\" \/>\n<meta property=\"og:site_name\" content=\"VETNIL\" \/>\n<meta property=\"article:modified_time\" content=\"2026-02-13T18:33:47+00:00\" \/>\n<meta property=\"og:image\" content=\"https:\/\/projetoslayerup.com.br\/vetnil\/wp-content\/uploads\/2026\/02\/Release_Cuidados_Pele_fev26800x800-100.jpg\" \/>\n\t<meta property=\"og:image:width\" content=\"800\" \/>\n\t<meta property=\"og:image:height\" content=\"800\" \/>\n\t<meta property=\"og:image:type\" content=\"image\/jpeg\" \/>\n<meta name=\"twitter:card\" content=\"summary_large_image\" \/>\n<meta name=\"twitter:label1\" content=\"Est. tempo de leitura\" \/>\n\t<meta name=\"twitter:data1\" content=\"4 minutos\" \/>\n<script type=\"application\/ld+json\" class=\"yoast-schema-graph\">{\"@context\":\"https:\\\/\\\/schema.org\",\"@graph\":[{\"@type\":\"WebPage\",\"@id\":\"https:\\\/\\\/projetoslayerup.com.br\\\/vetnil\\\/noticias\\\/cuidado-com-a-pele-e-os-pelos-dos-pets\\\/\",\"url\":\"https:\\\/\\\/projetoslayerup.com.br\\\/vetnil\\\/noticias\\\/cuidado-com-a-pele-e-os-pelos-dos-pets\\\/\",\"name\":\"CUIDADO COM A PELE E OS PELOS DOS PETS &#8211; VETNIL\",\"isPartOf\":{\"@id\":\"https:\\\/\\\/projetoslayerup.com.br\\\/vetnil\\\/#website\"},\"primaryImageOfPage\":{\"@id\":\"https:\\\/\\\/projetoslayerup.com.br\\\/vetnil\\\/noticias\\\/cuidado-com-a-pele-e-os-pelos-dos-pets\\\/#primaryimage\"},\"image\":{\"@id\":\"https:\\\/\\\/projetoslayerup.com.br\\\/vetnil\\\/noticias\\\/cuidado-com-a-pele-e-os-pelos-dos-pets\\\/#primaryimage\"},\"thumbnailUrl\":\"https:\\\/\\\/projetoslayerup.com.br\\\/vetnil\\\/wp-content\\\/uploads\\\/2026\\\/02\\\/Release_Cuidados_Pele_fev26800x800-100.jpg\",\"datePublished\":\"2026-02-13T18:33:45+00:00\",\"dateModified\":\"2026-02-13T18:33:47+00:00\",\"breadcrumb\":{\"@id\":\"https:\\\/\\\/projetoslayerup.com.br\\\/vetnil\\\/noticias\\\/cuidado-com-a-pele-e-os-pelos-dos-pets\\\/#breadcrumb\"},\"inLanguage\":\"pt-BR\",\"potentialAction\":[{\"@type\":\"ReadAction\",\"target\":[\"https:\\\/\\\/projetoslayerup.com.br\\\/vetnil\\\/noticias\\\/cuidado-com-a-pele-e-os-pelos-dos-pets\\\/\"]}]},{\"@type\":\"ImageObject\",\"inLanguage\":\"pt-BR\",\"@id\":\"https:\\\/\\\/projetoslayerup.com.br\\\/vetnil\\\/noticias\\\/cuidado-com-a-pele-e-os-pelos-dos-pets\\\/#primaryimage\",\"url\":\"https:\\\/\\\/projetoslayerup.com.br\\\/vetnil\\\/wp-content\\\/uploads\\\/2026\\\/02\\\/Release_Cuidados_Pele_fev26800x800-100.jpg\",\"contentUrl\":\"https:\\\/\\\/projetoslayerup.com.br\\\/vetnil\\\/wp-content\\\/uploads\\\/2026\\\/02\\\/Release_Cuidados_Pele_fev26800x800-100.jpg\",\"width\":800,\"height\":800},{\"@type\":\"BreadcrumbList\",\"@id\":\"https:\\\/\\\/projetoslayerup.com.br\\\/vetnil\\\/noticias\\\/cuidado-com-a-pele-e-os-pelos-dos-pets\\\/#breadcrumb\",\"itemListElement\":[{\"@type\":\"ListItem\",\"position\":1,\"name\":\"Home\",\"item\":\"https:\\\/\\\/projetoslayerup.com.br\\\/vetnil\\\/\"},{\"@type\":\"ListItem\",\"position\":2,\"name\":\"Not\u00edcias\",\"item\":\"https:\\\/\\\/projetoslayerup.com.br\\\/vetnil\\\/es\\\/noticias\\\/\"},{\"@type\":\"ListItem\",\"position\":3,\"name\":\"CUIDADO COM A PELE E OS PELOS DOS PETS\"}]},{\"@type\":\"WebSite\",\"@id\":\"https:\\\/\\\/projetoslayerup.com.br\\\/vetnil\\\/#website\",\"url\":\"https:\\\/\\\/projetoslayerup.com.br\\\/vetnil\\\/\",\"name\":\"VETNIL\",\"description\":\"Parceira de quem cuida - Sa\u00fade e Bem-estar animal\",\"publisher\":{\"@id\":\"https:\\\/\\\/projetoslayerup.com.br\\\/vetnil\\\/#organization\"},\"potentialAction\":[{\"@type\":\"SearchAction\",\"target\":{\"@type\":\"EntryPoint\",\"urlTemplate\":\"https:\\\/\\\/projetoslayerup.com.br\\\/vetnil\\\/?s={search_term_string}\"},\"query-input\":{\"@type\":\"PropertyValueSpecification\",\"valueRequired\":true,\"valueName\":\"search_term_string\"}}],\"inLanguage\":\"pt-BR\"},{\"@type\":\"Organization\",\"@id\":\"https:\\\/\\\/projetoslayerup.com.br\\\/vetnil\\\/#organization\",\"name\":\"VETNIL\",\"url\":\"https:\\\/\\\/projetoslayerup.com.br\\\/vetnil\\\/\",\"logo\":{\"@type\":\"ImageObject\",\"inLanguage\":\"pt-BR\",\"@id\":\"https:\\\/\\\/projetoslayerup.com.br\\\/vetnil\\\/#\\\/schema\\\/logo\\\/image\\\/\",\"url\":\"https:\\\/\\\/projetoslayerup.com.br\\\/vetnil\\\/wp-content\\\/uploads\\\/2023\\\/09\\\/logo-vetnil.svg\",\"contentUrl\":\"https:\\\/\\\/projetoslayerup.com.br\\\/vetnil\\\/wp-content\\\/uploads\\\/2023\\\/09\\\/logo-vetnil.svg\",\"width\":141,\"height\":25,\"caption\":\"VETNIL\"},\"image\":{\"@id\":\"https:\\\/\\\/projetoslayerup.com.br\\\/vetnil\\\/#\\\/schema\\\/logo\\\/image\\\/\"}}]}<\/script>\n<!-- \/ Yoast SEO plugin. -->","yoast_head_json":{"title":"CUIDADO COM A PELE E OS PELOS DOS PETS &#8211; VETNIL","robots":{"index":"noindex","follow":"follow","max-snippet":"max-snippet:-1","max-image-preview":"max-image-preview:large","max-video-preview":"max-video-preview:-1"},"og_locale":"pt_BR","og_type":"article","og_title":"CUIDADO COM A PELE E OS PELOS DOS PETS &#8211; VETNIL","og_description":"Higiene adequada, cuidados t\u00f3picos, hidrata\u00e7\u00e3o e nutri\u00e7\u00e3o equilibrada s\u00e3o pilares para manter a pele protegida e a pelagem bonita e funcional, explica M\u00e9dico-Veterin\u00e1rio da Vetnil\u00ae. A pele e os pelos dos pets auxiliam na prote\u00e7\u00e3o do organismo e at\u00e9 espelham o grau de bem-estar de c\u00e3es e gatos. Mais do que um aspecto est\u00e9tico, uma [&hellip;]","og_url":"https:\/\/projetoslayerup.com.br\/vetnil\/noticias\/cuidado-com-a-pele-e-os-pelos-dos-pets\/","og_site_name":"VETNIL","article_modified_time":"2026-02-13T18:33:47+00:00","og_image":[{"width":800,"height":800,"url":"https:\/\/projetoslayerup.com.br\/vetnil\/wp-content\/uploads\/2026\/02\/Release_Cuidados_Pele_fev26800x800-100.jpg","type":"image\/jpeg"}],"twitter_card":"summary_large_image","twitter_misc":{"Est. tempo de leitura":"4 minutos"},"schema":{"@context":"https:\/\/schema.org","@graph":[{"@type":"WebPage","@id":"https:\/\/projetoslayerup.com.br\/vetnil\/noticias\/cuidado-com-a-pele-e-os-pelos-dos-pets\/","url":"https:\/\/projetoslayerup.com.br\/vetnil\/noticias\/cuidado-com-a-pele-e-os-pelos-dos-pets\/","name":"CUIDADO COM A PELE E OS PELOS DOS PETS &#8211; VETNIL","isPartOf":{"@id":"https:\/\/projetoslayerup.com.br\/vetnil\/#website"},"primaryImageOfPage":{"@id":"https:\/\/projetoslayerup.com.br\/vetnil\/noticias\/cuidado-com-a-pele-e-os-pelos-dos-pets\/#primaryimage"},"image":{"@id":"https:\/\/projetoslayerup.com.br\/vetnil\/noticias\/cuidado-com-a-pele-e-os-pelos-dos-pets\/#primaryimage"},"thumbnailUrl":"https:\/\/projetoslayerup.com.br\/vetnil\/wp-content\/uploads\/2026\/02\/Release_Cuidados_Pele_fev26800x800-100.jpg","datePublished":"2026-02-13T18:33:45+00:00","dateModified":"2026-02-13T18:33:47+00:00","breadcrumb":{"@id":"https:\/\/projetoslayerup.com.br\/vetnil\/noticias\/cuidado-com-a-pele-e-os-pelos-dos-pets\/#breadcrumb"},"inLanguage":"pt-BR","potentialAction":[{"@type":"ReadAction","target":["https:\/\/projetoslayerup.com.br\/vetnil\/noticias\/cuidado-com-a-pele-e-os-pelos-dos-pets\/"]}]},{"@type":"ImageObject","inLanguage":"pt-BR","@id":"https:\/\/projetoslayerup.com.br\/vetnil\/noticias\/cuidado-com-a-pele-e-os-pelos-dos-pets\/#primaryimage","url":"https:\/\/projetoslayerup.com.br\/vetnil\/wp-content\/uploads\/2026\/02\/Release_Cuidados_Pele_fev26800x800-100.jpg","contentUrl":"https:\/\/projetoslayerup.com.br\/vetnil\/wp-content\/uploads\/2026\/02\/Release_Cuidados_Pele_fev26800x800-100.jpg","width":800,"height":800},{"@type":"BreadcrumbList","@id":"https:\/\/projetoslayerup.com.br\/vetnil\/noticias\/cuidado-com-a-pele-e-os-pelos-dos-pets\/#breadcrumb","itemListElement":[{"@type":"ListItem","position":1,"name":"Home","item":"https:\/\/projetoslayerup.com.br\/vetnil\/"},{"@type":"ListItem","position":2,"name":"Not\u00edcias","item":"https:\/\/projetoslayerup.com.br\/vetnil\/es\/noticias\/"},{"@type":"ListItem","position":3,"name":"CUIDADO COM A PELE E OS PELOS DOS PETS"}]},{"@type":"WebSite","@id":"https:\/\/projetoslayerup.com.br\/vetnil\/#website","url":"https:\/\/projetoslayerup.com.br\/vetnil\/","name":"VETNIL","description":"Parceira de quem cuida - Sa\u00fade e Bem-estar animal","publisher":{"@id":"https:\/\/projetoslayerup.com.br\/vetnil\/#organization"},"potentialAction":[{"@type":"SearchAction","target":{"@type":"EntryPoint","urlTemplate":"https:\/\/projetoslayerup.com.br\/vetnil\/?s={search_term_string}"},"query-input":{"@type":"PropertyValueSpecification","valueRequired":true,"valueName":"search_term_string"}}],"inLanguage":"pt-BR"},{"@type":"Organization","@id":"https:\/\/projetoslayerup.com.br\/vetnil\/#organization","name":"VETNIL","url":"https:\/\/projetoslayerup.com.br\/vetnil\/","logo":{"@type":"ImageObject","inLanguage":"pt-BR","@id":"https:\/\/projetoslayerup.com.br\/vetnil\/#\/schema\/logo\/image\/","url":"https:\/\/projetoslayerup.com.br\/vetnil\/wp-content\/uploads\/2023\/09\/logo-vetnil.svg","contentUrl":"https:\/\/projetoslayerup.com.br\/vetnil\/wp-content\/uploads\/2023\/09\/logo-vetnil.svg","width":141,"height":25,"caption":"VETNIL"},"image":{"@id":"https:\/\/projetoslayerup.com.br\/vetnil\/#\/schema\/logo\/image\/"}}]}},"lang":"pt","translations":{"pt":13779},"pll_sync_post":[],"_links":{"self":[{"href":"https:\/\/projetoslayerup.com.br\/vetnil\/wp-json\/wp\/v2\/noticias\/13779","targetHints":{"allow":["GET"]}}],"collection":[{"href":"https:\/\/projetoslayerup.com.br\/vetnil\/wp-json\/wp\/v2\/noticias"}],"about":[{"href":"https:\/\/projetoslayerup.com.br\/vetnil\/wp-json\/wp\/v2\/types\/noticias"}],"author":[{"embeddable":true,"href":"https:\/\/projetoslayerup.com.br\/vetnil\/wp-json\/wp\/v2\/users\/15"}],"version-history":[{"count":1,"href":"https:\/\/projetoslayerup.com.br\/vetnil\/wp-json\/wp\/v2\/noticias\/13779\/revisions"}],"predecessor-version":[{"id":13781,"href":"https:\/\/projetoslayerup.com.br\/vetnil\/wp-json\/wp\/v2\/noticias\/13779\/revisions\/13781"}],"wp:featuredmedia":[{"embeddable":true,"href":"https:\/\/projetoslayerup.com.br\/vetnil\/wp-json\/wp\/v2\/media\/13780"}],"wp:attachment":[{"href":"https:\/\/projetoslayerup.com.br\/vetnil\/wp-json\/wp\/v2\/media?parent=13779"}],"wp:term":[{"taxonomy":"categorias-de-noticias","embeddable":true,"href":"https:\/\/projetoslayerup.com.br\/vetnil\/wp-json\/wp\/v2\/categorias-de-noticias?post=13779"}],"curies":[{"name":"wp","href":"https:\/\/api.w.org\/{rel}","templated":true}]}}