{"id":9454,"date":"2024-08-01T13:25:00","date_gmt":"2024-08-01T16:25:00","guid":{"rendered":"https:\/\/projetoslayerup.com.br\/vetnil\/?post_type=noticias&#038;p=9454"},"modified":"2024-08-27T13:26:56","modified_gmt":"2024-08-27T16:26:56","slug":"vetnil-r-marca-presenca-no-congresso-medvep","status":"publish","type":"noticias","link":"https:\/\/projetoslayerup.com.br\/vetnil\/noticias\/vetnil-r-marca-presenca-no-congresso-medvep\/","title":{"rendered":"Vetnil\u00ae marca presen\u00e7a no Congresso Medvep"},"content":{"rendered":"\n<p>A&nbsp;<strong>Vetnil\u00ae<\/strong>, empresa brasileira do setor veterin\u00e1rio e parceira de quem cuida, participou, entre os dias 25 e 27 de julho, do&nbsp;<strong>Congresso Medvep Internacional de Especialidades Veterin\u00e1rias<\/strong>, realizado na cidade de Curitiba (PR). Patrocinadora oficial do evento, a companhia apresentou seu mais recente lan\u00e7amento pet, al\u00e9m de apoiar uma s\u00e9rie de palestras.<\/p>\n\n\n\n<p>Durante o evento,&nbsp; o estande da&nbsp;<strong>Vetnil\u00ae<\/strong>&nbsp;recebeu os congressistas presentes e apresentou a&nbsp;<strong>Doxiciclina&nbsp;<\/strong><strong>Vetnil Comprimidos<\/strong>, um antimicrobiano indicado para o tratamento de diversas doen\u00e7as infecciosas bacterianas em c\u00e3es e gatos, sendo o ativo de escolha para o tratamento da erliquiose, doen\u00e7a transmitida pelo carrapato. Pertencente \u00e0 classe das tetraciclinas, se diferencia dos demais antibi\u00f3ticos da classe por ter melhores caracter\u00edsticas farmacocin\u00e9ticas, facilitando o uso e conferindo maior seguran\u00e7a.<\/p>\n\n\n\n<p>A&nbsp;<strong>Doxiciclina Vetnil Comprimidos<\/strong>&nbsp;pode ser encontrada em tr\u00eas apresenta\u00e7\u00f5es, em cartuchos com 14 comprimidos de 25 mg, 50 mg e 100 mg de hiclato de doxiciclina.<\/p>\n\n\n\n<p><strong>Palestras<\/strong><\/p>\n\n\n\n<p>Com intuito de levar conhecimento ao p\u00fablico presente, a&nbsp;<strong>Vetnil\u00ae<\/strong>&nbsp;tamb\u00e9m patrocinou uma s\u00e9rie de palestras durante o Congresso. No&nbsp;<strong>Simp\u00f3sio Barreira Cut\u00e2nea<\/strong>, destacamos os temas Microbioma Cut\u00e2neo, com a m\u00e9dica-veterin\u00e1ria, professora doutora Bruna Duarte Pacheco; Disfun\u00e7\u00e3o da Barreira Cut\u00e2nea, Hidrata\u00e7\u00e3o e Controle das Disbioses em C\u00e3es com Dermatite At\u00f3pica, apresentado pelo m\u00e9dico-veterin\u00e1rio, professor doutor Rafael Ferreira; Recupera\u00e7\u00e3o da Fun\u00e7\u00e3o de Barreira na Dermatite At\u00f3pica em Humanos e Qualidade de Vida, com a m\u00e9dica dermatologista, professora doutora V\u00e2nia Carvalho e Mesa Redonda de debates com a professora doutora Bruna Duarte Pacheco, professor doutor Rafael Rodrigues Ferreira e professora doutora V\u00e2nia Carvalho.<\/p>\n\n\n\n<p>J\u00e1 o&nbsp;<strong>IV Simp\u00f3sio Ek\u00f4a,<\/strong>&nbsp;teve como tema central a Sa\u00fade Mental e seus desdobramentos, sendo abordados temas como Preven\u00e7\u00e3o e Posven\u00e7\u00e3o do Suic\u00eddio; O Processo de Luto e a Perda do Paciente; Comunica\u00e7\u00e3o de M\u00e1s Not\u00edcias; Distan\u00e1sia, Eutan\u00e1sia e Ortotan\u00e1sia; Cuidados Paliativos e Entan\u00e1sia e Impactos Emocionais.<\/p>\n\n\n\n<p>Ainda em palestras patrocinadas, tivemos O Importante Papel dos Anti-inflamat\u00f3rios no Controle da Dor Aguda e Cr\u00f4nica, com a m\u00e9dica-veterin\u00e1ria Denise Fantoni, e Erliquiose e Anaplasmose, com a m\u00e9dica-veterin\u00e1ria Ana S\u00edlvia Dagnone.<\/p>\n\n\n\n<p><strong>&nbsp;<\/strong>De acordo com&nbsp;<strong>Michelle Bertolini do Couto, gerente de Marketing Pet e Institucional,<\/strong>&nbsp;o Congresso Medvep Internacional de Especialidades Veterin\u00e1rias \u00e9 uma refer\u00eancia no setor e uma excelente oportunidade de apresentar aos especialistas as novidades desenvolvidas pela&nbsp;<strong>Vetnil\u00ae.&nbsp;<\/strong>\u201cO lan\u00e7amento da&nbsp;<strong>Doxiciclina Vetnil Comprimidos<\/strong>&nbsp;chega para ampliar nosso portf\u00f3lio de medicamentos<strong>&nbsp;<\/strong>e tamb\u00e9m refor\u00e7ar a atua\u00e7\u00e3o da empresa como refer\u00eancia em sa\u00fade animal. Tamb\u00e9m investimos na nossa miss\u00e3o de levar conhecimento aos congressistas por meio de temas atuais e relevantes \u201d, finaliza.<\/p>\n","protected":false},"excerpt":{"rendered":"<p>A&nbsp;Vetnil\u00ae, empresa brasileira do setor veterin\u00e1rio e parceira de quem cuida, participou, entre os dias 25 e 27 de julho, do&nbsp;Congresso Medvep Internacional de Especialidades Veterin\u00e1rias, realizado na cidade de Curitiba (PR). Patrocinadora oficial do evento, a companhia apresentou seu mais recente lan\u00e7amento pet, al\u00e9m de apoiar uma s\u00e9rie de palestras. Durante o evento,&nbsp; o [&hellip;]<\/p>\n","protected":false},"author":10,"featured_media":9455,"parent":0,"template":"","categorias-de-noticias":[607],"class_list":["post-9454","noticias","type-noticias","status-publish","has-post-thumbnail","hentry","categorias-de-noticias-noticias-eventos"],"yoast_head":"<!-- This site is optimized with the Yoast SEO plugin v27.3 - https:\/\/yoast.com\/product\/yoast-seo-wordpress\/ -->\n<title>Vetnil\u00ae marca presen\u00e7a no Congresso Medvep &#8211; VETNIL<\/title>\n<meta name=\"robots\" content=\"noindex, follow, max-snippet:-1, max-image-preview:large, max-video-preview:-1\" \/>\n<meta property=\"og:locale\" content=\"pt_BR\" \/>\n<meta property=\"og:type\" content=\"article\" \/>\n<meta property=\"og:title\" content=\"Vetnil\u00ae marca presen\u00e7a no Congresso Medvep &#8211; VETNIL\" \/>\n<meta property=\"og:description\" content=\"A&nbsp;Vetnil\u00ae, empresa brasileira do setor veterin\u00e1rio e parceira de quem cuida, participou, entre os dias 25 e 27 de julho, do&nbsp;Congresso Medvep Internacional de Especialidades Veterin\u00e1rias, realizado na cidade de Curitiba (PR). Patrocinadora oficial do evento, a companhia apresentou seu mais recente lan\u00e7amento pet, al\u00e9m de apoiar uma s\u00e9rie de palestras. Durante o evento,&nbsp; o [&hellip;]\" \/>\n<meta property=\"og:url\" content=\"https:\/\/projetoslayerup.com.br\/vetnil\/noticias\/vetnil-r-marca-presenca-no-congresso-medvep\/\" \/>\n<meta property=\"og:site_name\" content=\"VETNIL\" \/>\n<meta property=\"article:modified_time\" content=\"2024-08-27T16:26:56+00:00\" \/>\n<meta property=\"og:image\" content=\"https:\/\/projetoslayerup.com.br\/vetnil\/wp-content\/uploads\/2024\/08\/news_66abefe1aecd1.webp\" \/>\n\t<meta property=\"og:image:width\" content=\"1200\" \/>\n\t<meta property=\"og:image:height\" content=\"900\" \/>\n\t<meta property=\"og:image:type\" content=\"image\/webp\" \/>\n<meta name=\"twitter:card\" content=\"summary_large_image\" \/>\n<meta name=\"twitter:label1\" content=\"Est. tempo de leitura\" \/>\n\t<meta name=\"twitter:data1\" content=\"3 minutos\" \/>\n<script type=\"application\/ld+json\" class=\"yoast-schema-graph\">{\"@context\":\"https:\\\/\\\/schema.org\",\"@graph\":[{\"@type\":\"WebPage\",\"@id\":\"https:\\\/\\\/projetoslayerup.com.br\\\/vetnil\\\/noticias\\\/vetnil-r-marca-presenca-no-congresso-medvep\\\/\",\"url\":\"https:\\\/\\\/projetoslayerup.com.br\\\/vetnil\\\/noticias\\\/vetnil-r-marca-presenca-no-congresso-medvep\\\/\",\"name\":\"Vetnil\u00ae marca presen\u00e7a no Congresso Medvep &#8211; VETNIL\",\"isPartOf\":{\"@id\":\"https:\\\/\\\/projetoslayerup.com.br\\\/vetnil\\\/#website\"},\"primaryImageOfPage\":{\"@id\":\"https:\\\/\\\/projetoslayerup.com.br\\\/vetnil\\\/noticias\\\/vetnil-r-marca-presenca-no-congresso-medvep\\\/#primaryimage\"},\"image\":{\"@id\":\"https:\\\/\\\/projetoslayerup.com.br\\\/vetnil\\\/noticias\\\/vetnil-r-marca-presenca-no-congresso-medvep\\\/#primaryimage\"},\"thumbnailUrl\":\"https:\\\/\\\/projetoslayerup.com.br\\\/vetnil\\\/wp-content\\\/uploads\\\/2024\\\/08\\\/news_66abefe1aecd1.webp\",\"datePublished\":\"2024-08-01T16:25:00+00:00\",\"dateModified\":\"2024-08-27T16:26:56+00:00\",\"breadcrumb\":{\"@id\":\"https:\\\/\\\/projetoslayerup.com.br\\\/vetnil\\\/noticias\\\/vetnil-r-marca-presenca-no-congresso-medvep\\\/#breadcrumb\"},\"inLanguage\":\"pt-BR\",\"potentialAction\":[{\"@type\":\"ReadAction\",\"target\":[\"https:\\\/\\\/projetoslayerup.com.br\\\/vetnil\\\/noticias\\\/vetnil-r-marca-presenca-no-congresso-medvep\\\/\"]}]},{\"@type\":\"ImageObject\",\"inLanguage\":\"pt-BR\",\"@id\":\"https:\\\/\\\/projetoslayerup.com.br\\\/vetnil\\\/noticias\\\/vetnil-r-marca-presenca-no-congresso-medvep\\\/#primaryimage\",\"url\":\"https:\\\/\\\/projetoslayerup.com.br\\\/vetnil\\\/wp-content\\\/uploads\\\/2024\\\/08\\\/news_66abefe1aecd1.webp\",\"contentUrl\":\"https:\\\/\\\/projetoslayerup.com.br\\\/vetnil\\\/wp-content\\\/uploads\\\/2024\\\/08\\\/news_66abefe1aecd1.webp\",\"width\":1200,\"height\":900},{\"@type\":\"BreadcrumbList\",\"@id\":\"https:\\\/\\\/projetoslayerup.com.br\\\/vetnil\\\/noticias\\\/vetnil-r-marca-presenca-no-congresso-medvep\\\/#breadcrumb\",\"itemListElement\":[{\"@type\":\"ListItem\",\"position\":1,\"name\":\"Home\",\"item\":\"https:\\\/\\\/projetoslayerup.com.br\\\/vetnil\\\/\"},{\"@type\":\"ListItem\",\"position\":2,\"name\":\"Not\u00edcias\",\"item\":\"https:\\\/\\\/projetoslayerup.com.br\\\/vetnil\\\/es\\\/noticias\\\/\"},{\"@type\":\"ListItem\",\"position\":3,\"name\":\"Vetnil\u00ae marca presen\u00e7a no Congresso Medvep\"}]},{\"@type\":\"WebSite\",\"@id\":\"https:\\\/\\\/projetoslayerup.com.br\\\/vetnil\\\/#website\",\"url\":\"https:\\\/\\\/projetoslayerup.com.br\\\/vetnil\\\/\",\"name\":\"VETNIL\",\"description\":\"Parceira de quem cuida - Sa\u00fade e Bem-estar animal\",\"publisher\":{\"@id\":\"https:\\\/\\\/projetoslayerup.com.br\\\/vetnil\\\/#organization\"},\"potentialAction\":[{\"@type\":\"SearchAction\",\"target\":{\"@type\":\"EntryPoint\",\"urlTemplate\":\"https:\\\/\\\/projetoslayerup.com.br\\\/vetnil\\\/?s={search_term_string}\"},\"query-input\":{\"@type\":\"PropertyValueSpecification\",\"valueRequired\":true,\"valueName\":\"search_term_string\"}}],\"inLanguage\":\"pt-BR\"},{\"@type\":\"Organization\",\"@id\":\"https:\\\/\\\/projetoslayerup.com.br\\\/vetnil\\\/#organization\",\"name\":\"VETNIL\",\"url\":\"https:\\\/\\\/projetoslayerup.com.br\\\/vetnil\\\/\",\"logo\":{\"@type\":\"ImageObject\",\"inLanguage\":\"pt-BR\",\"@id\":\"https:\\\/\\\/projetoslayerup.com.br\\\/vetnil\\\/#\\\/schema\\\/logo\\\/image\\\/\",\"url\":\"https:\\\/\\\/projetoslayerup.com.br\\\/vetnil\\\/wp-content\\\/uploads\\\/2023\\\/09\\\/logo-vetnil.svg\",\"contentUrl\":\"https:\\\/\\\/projetoslayerup.com.br\\\/vetnil\\\/wp-content\\\/uploads\\\/2023\\\/09\\\/logo-vetnil.svg\",\"width\":141,\"height\":25,\"caption\":\"VETNIL\"},\"image\":{\"@id\":\"https:\\\/\\\/projetoslayerup.com.br\\\/vetnil\\\/#\\\/schema\\\/logo\\\/image\\\/\"}}]}<\/script>\n<!-- \/ Yoast SEO plugin. -->","yoast_head_json":{"title":"Vetnil\u00ae marca presen\u00e7a no Congresso Medvep &#8211; VETNIL","robots":{"index":"noindex","follow":"follow","max-snippet":"max-snippet:-1","max-image-preview":"max-image-preview:large","max-video-preview":"max-video-preview:-1"},"og_locale":"pt_BR","og_type":"article","og_title":"Vetnil\u00ae marca presen\u00e7a no Congresso Medvep &#8211; VETNIL","og_description":"A&nbsp;Vetnil\u00ae, empresa brasileira do setor veterin\u00e1rio e parceira de quem cuida, participou, entre os dias 25 e 27 de julho, do&nbsp;Congresso Medvep Internacional de Especialidades Veterin\u00e1rias, realizado na cidade de Curitiba (PR). Patrocinadora oficial do evento, a companhia apresentou seu mais recente lan\u00e7amento pet, al\u00e9m de apoiar uma s\u00e9rie de palestras. Durante o evento,&nbsp; o [&hellip;]","og_url":"https:\/\/projetoslayerup.com.br\/vetnil\/noticias\/vetnil-r-marca-presenca-no-congresso-medvep\/","og_site_name":"VETNIL","article_modified_time":"2024-08-27T16:26:56+00:00","og_image":[{"width":1200,"height":900,"url":"https:\/\/projetoslayerup.com.br\/vetnil\/wp-content\/uploads\/2024\/08\/news_66abefe1aecd1.webp","type":"image\/webp"}],"twitter_card":"summary_large_image","twitter_misc":{"Est. tempo de leitura":"3 minutos"},"schema":{"@context":"https:\/\/schema.org","@graph":[{"@type":"WebPage","@id":"https:\/\/projetoslayerup.com.br\/vetnil\/noticias\/vetnil-r-marca-presenca-no-congresso-medvep\/","url":"https:\/\/projetoslayerup.com.br\/vetnil\/noticias\/vetnil-r-marca-presenca-no-congresso-medvep\/","name":"Vetnil\u00ae marca presen\u00e7a no Congresso Medvep &#8211; VETNIL","isPartOf":{"@id":"https:\/\/projetoslayerup.com.br\/vetnil\/#website"},"primaryImageOfPage":{"@id":"https:\/\/projetoslayerup.com.br\/vetnil\/noticias\/vetnil-r-marca-presenca-no-congresso-medvep\/#primaryimage"},"image":{"@id":"https:\/\/projetoslayerup.com.br\/vetnil\/noticias\/vetnil-r-marca-presenca-no-congresso-medvep\/#primaryimage"},"thumbnailUrl":"https:\/\/projetoslayerup.com.br\/vetnil\/wp-content\/uploads\/2024\/08\/news_66abefe1aecd1.webp","datePublished":"2024-08-01T16:25:00+00:00","dateModified":"2024-08-27T16:26:56+00:00","breadcrumb":{"@id":"https:\/\/projetoslayerup.com.br\/vetnil\/noticias\/vetnil-r-marca-presenca-no-congresso-medvep\/#breadcrumb"},"inLanguage":"pt-BR","potentialAction":[{"@type":"ReadAction","target":["https:\/\/projetoslayerup.com.br\/vetnil\/noticias\/vetnil-r-marca-presenca-no-congresso-medvep\/"]}]},{"@type":"ImageObject","inLanguage":"pt-BR","@id":"https:\/\/projetoslayerup.com.br\/vetnil\/noticias\/vetnil-r-marca-presenca-no-congresso-medvep\/#primaryimage","url":"https:\/\/projetoslayerup.com.br\/vetnil\/wp-content\/uploads\/2024\/08\/news_66abefe1aecd1.webp","contentUrl":"https:\/\/projetoslayerup.com.br\/vetnil\/wp-content\/uploads\/2024\/08\/news_66abefe1aecd1.webp","width":1200,"height":900},{"@type":"BreadcrumbList","@id":"https:\/\/projetoslayerup.com.br\/vetnil\/noticias\/vetnil-r-marca-presenca-no-congresso-medvep\/#breadcrumb","itemListElement":[{"@type":"ListItem","position":1,"name":"Home","item":"https:\/\/projetoslayerup.com.br\/vetnil\/"},{"@type":"ListItem","position":2,"name":"Not\u00edcias","item":"https:\/\/projetoslayerup.com.br\/vetnil\/es\/noticias\/"},{"@type":"ListItem","position":3,"name":"Vetnil\u00ae marca presen\u00e7a no Congresso Medvep"}]},{"@type":"WebSite","@id":"https:\/\/projetoslayerup.com.br\/vetnil\/#website","url":"https:\/\/projetoslayerup.com.br\/vetnil\/","name":"VETNIL","description":"Parceira de quem cuida - Sa\u00fade e Bem-estar animal","publisher":{"@id":"https:\/\/projetoslayerup.com.br\/vetnil\/#organization"},"potentialAction":[{"@type":"SearchAction","target":{"@type":"EntryPoint","urlTemplate":"https:\/\/projetoslayerup.com.br\/vetnil\/?s={search_term_string}"},"query-input":{"@type":"PropertyValueSpecification","valueRequired":true,"valueName":"search_term_string"}}],"inLanguage":"pt-BR"},{"@type":"Organization","@id":"https:\/\/projetoslayerup.com.br\/vetnil\/#organization","name":"VETNIL","url":"https:\/\/projetoslayerup.com.br\/vetnil\/","logo":{"@type":"ImageObject","inLanguage":"pt-BR","@id":"https:\/\/projetoslayerup.com.br\/vetnil\/#\/schema\/logo\/image\/","url":"https:\/\/projetoslayerup.com.br\/vetnil\/wp-content\/uploads\/2023\/09\/logo-vetnil.svg","contentUrl":"https:\/\/projetoslayerup.com.br\/vetnil\/wp-content\/uploads\/2023\/09\/logo-vetnil.svg","width":141,"height":25,"caption":"VETNIL"},"image":{"@id":"https:\/\/projetoslayerup.com.br\/vetnil\/#\/schema\/logo\/image\/"}}]}},"lang":"pt","translations":{"pt":9454},"pll_sync_post":[],"_links":{"self":[{"href":"https:\/\/projetoslayerup.com.br\/vetnil\/wp-json\/wp\/v2\/noticias\/9454","targetHints":{"allow":["GET"]}}],"collection":[{"href":"https:\/\/projetoslayerup.com.br\/vetnil\/wp-json\/wp\/v2\/noticias"}],"about":[{"href":"https:\/\/projetoslayerup.com.br\/vetnil\/wp-json\/wp\/v2\/types\/noticias"}],"author":[{"embeddable":true,"href":"https:\/\/projetoslayerup.com.br\/vetnil\/wp-json\/wp\/v2\/users\/10"}],"version-history":[{"count":0,"href":"https:\/\/projetoslayerup.com.br\/vetnil\/wp-json\/wp\/v2\/noticias\/9454\/revisions"}],"wp:featuredmedia":[{"embeddable":true,"href":"https:\/\/projetoslayerup.com.br\/vetnil\/wp-json\/wp\/v2\/media\/9455"}],"wp:attachment":[{"href":"https:\/\/projetoslayerup.com.br\/vetnil\/wp-json\/wp\/v2\/media?parent=9454"}],"wp:term":[{"taxonomy":"categorias-de-noticias","embeddable":true,"href":"https:\/\/projetoslayerup.com.br\/vetnil\/wp-json\/wp\/v2\/categorias-de-noticias?post=9454"}],"curies":[{"name":"wp","href":"https:\/\/api.w.org\/{rel}","templated":true}]}}