{"id":11328,"date":"2025-07-30T15:50:00","date_gmt":"2025-07-30T18:50:00","guid":{"rendered":"https:\/\/projetoslayerup.com.br\/vetnil\/?p=11328"},"modified":"2025-08-01T07:29:37","modified_gmt":"2025-08-01T10:29:37","slug":"tetano-em-equinos-conheca-os-riscos-formas-de-prevencao-e-tratamento","status":"publish","type":"post","link":"https:\/\/projetoslayerup.com.br\/vetnil\/tetano-em-equinos-conheca-os-riscos-formas-de-prevencao-e-tratamento\/","title":{"rendered":"T\u00c9TANO EM EQUINOS: CONHE\u00c7A OS RISCOS, FORMAS DE PREVEN\u00c7\u00c3O E TRATAMENTO"},"content":{"rendered":"\n<p>O&nbsp;<strong>T\u00e9tano&nbsp;<\/strong>\u00e9 uma enfermidade que causa grande preocupa\u00e7\u00e3o no cen\u00e1rio equino, por apresentar elevada mortalidade na esp\u00e9cie e tratamento extensivo e oneroso. &#8220;\u00c9 importante estar atento aos sinais cl\u00ednicos caracter\u00edsticos da doen\u00e7a para o diagn\u00f3stico correto e r\u00e1pida institui\u00e7\u00e3o do tratamento\u201d, alerta&nbsp;<strong>Kau\u00ea Ribeiro<\/strong>, M\u00e9dico-Veterin\u00e1rio e Coordenador de Comunica\u00e7\u00e3o T\u00e9cnica da&nbsp;<strong>Vetnil\u00ae<\/strong>.<\/p>\n\n\n\n<ul class=\"wp-block-list\">\n<li><strong>Etiologia e Transmiss\u00e3o<\/strong><\/li>\n<\/ul>\n\n\n\n<p>Sua&nbsp;<strong>etiologia<\/strong>&nbsp;se d\u00e1 pela a\u00e7\u00e3o de toxinas produzidas pela bact\u00e9ria anaer\u00f3bica&nbsp;<em>Clostridium tetani<\/em>, um bacilo comumente encontrado no ambiente, em solos ricos em material org\u00e2nico, e no trato digestivo de humanos e animais, consequentemente sendo encontrada nas fezes. A inocula\u00e7\u00e3o traum\u00e1tica dos esporos por meio de feridas perfurantes \u00e9 a via de&nbsp;<strong>transmiss\u00e3o<\/strong>&nbsp;mais comum. Esse microrganismo se instala em feridas profundas, por exemplo, perfura\u00e7\u00f5es em casco, no umbigo de potros, ou locais que favore\u00e7am a anaerobiose (falta de oxig\u00eanio), e se multiplica produzindo toxinas que agem no sistema nervoso dos animais. \u00c9 comum ocorrer a infec\u00e7\u00e3o a partir de algumas pr\u00e1ticas de manejo e cirurgias sem higiene adequada, como castra\u00e7\u00f5es, ou ainda pela reutiliza\u00e7\u00e3o de agulhas para aplica\u00e7\u00e3o de medicamentos.<\/p>\n\n\n\n<ul class=\"wp-block-list\">\n<li><strong>Patogenia e Sinais Cl\u00ednicos<\/strong><\/li>\n<\/ul>\n\n\n\n<p>A doen\u00e7a ocorre por meio da a\u00e7\u00e3o das neurotoxinas liberadas pela bact\u00e9ria, especialmente a&nbsp;tetanospasmina, que causa uma contra\u00e7\u00e3o muscular exacerbada, resultando em rigidez. O aparecimento de&nbsp;<strong>sinais cl\u00ednicos<\/strong>&nbsp;pode variar de acordo com a gravidade e o tempo de exposi\u00e7\u00e3o e inclui espasticidade muscular, movimentos r\u00edgidos dos membros e de pesco\u00e7o, trismo mandibular, disfun\u00e7\u00e3o mastigat\u00f3ria, disfagia e dispneia. Na maioria dos casos, o \u00f3bito ocorre por asfixia devido \u00e0 paralisia dos m\u00fasculos intercostais, o que gera limita\u00e7\u00e3o na expans\u00e3o natural do t\u00f3rax durante a respira\u00e7\u00e3o. Al\u00e9m disso, a toxina provoca uma hiperexcitabilidade, de forma que a estimula\u00e7\u00e3o sensorial pode causar espasmos prolongados, apresentando hipersensibilidade sonora, \u00e0 luz e ao toque. A protus\u00e3o de terceira p\u00e1lpebra, posi\u00e7\u00e3o de cavalete e cauda em bandeira s\u00e3o sinais caracter\u00edsticos do t\u00e9tano e auxiliam consideravelmente o diagn\u00f3stico.<\/p>\n\n\n\n<ul class=\"wp-block-list\">\n<li><strong>Tratamento<\/strong><\/li>\n<\/ul>\n\n\n\n<p>O&nbsp;<strong>tratamento&nbsp;<\/strong>do t\u00e9tano tem como prioridade combater a bact\u00e9ria por meio da administra\u00e7\u00e3o de antibi\u00f3ticos, al\u00e9m de soro antitet\u00e2nico para neutralizar as toxinas circulantes no organismo e tratamento de suporte para controlar os sinais cl\u00ednicos. Como complemento, os relaxantes musculares, como o metocarbamol, e os anti-inflamat\u00f3rios n\u00e3o esteroidais (AINEs) ajudam a aliviar a dor e os espasmos musculares. Al\u00e9m disso, \u00e9 importante realizar uma adequada limpeza da ferida, quando presente, al\u00e9m de um manejo adequado com cama alta e evitar est\u00edmulos luminosos e sonoros que possam hiperestimular o paciente. Pode ser necess\u00e1ria fluidoterapia intravenosa para a restaura\u00e7\u00e3o do equil\u00edbrio hidroeletrol\u00edtico.&nbsp;<\/p>\n\n\n\n<ul class=\"wp-block-list\">\n<li><strong>Preven\u00e7\u00e3o<\/strong><\/li>\n<\/ul>\n\n\n\n<p>O principal m\u00e9todo de preven\u00e7\u00e3o \u00e9 a&nbsp;<strong>vacina\u00e7\u00e3o anual<\/strong>&nbsp;dos animais, incluindo \u00e9guas prenhes no ter\u00e7o final da gesta\u00e7\u00e3o. A administra\u00e7\u00e3o de soro antitet\u00e2nico previamente aos procedimentos cir\u00fargicos tamb\u00e9m auxilia na preven\u00e7\u00e3o da doen\u00e7a. Al\u00e9m disso, \u00e9 essencial adotar medidas de antissepsia na realiza\u00e7\u00e3o de pr\u00e1ticas de manejo cir\u00fargico. A antitoxina do t\u00e9tano deve ser administrada a qualquer cavalo com ferida penetrante ou lacera\u00e7\u00e3o profunda, e a ferida tamb\u00e9m deve ser tratada e higienizada de forma adequada. &nbsp;<\/p>\n\n\n\n<p>Quando a doen\u00e7a se manifesta, \u00e9 fundamental identificar rapidamente os sinais cl\u00ednicos e acionar um m\u00e9dico-veterin\u00e1rio para iniciar o tratamento o mais r\u00e1pido poss\u00edvel. O sucesso no tratamento do t\u00e9tano em equinos requer, al\u00e9m de um diagn\u00f3stico precoce, uma abordagem ampla, com cuidados intensivos e suporte cont\u00ednuo para promover a completa recupera\u00e7\u00e3o e garantir o bem-estar do paciente.<\/p>\n","protected":false},"excerpt":{"rendered":"<p>O&nbsp;T\u00e9tano&nbsp;\u00e9 uma enfermidade que causa grande preocupa\u00e7\u00e3o no cen\u00e1rio equino, por apresentar elevada mortalidade na esp\u00e9cie e tratamento extensivo e oneroso. &#8220;\u00c9 importante estar atento aos sinais cl\u00ednicos caracter\u00edsticos da doen\u00e7a para o diagn\u00f3stico correto e r\u00e1pida institui\u00e7\u00e3o do tratamento\u201d, alerta&nbsp;Kau\u00ea Ribeiro, M\u00e9dico-Veterin\u00e1rio e Coordenador de Comunica\u00e7\u00e3o T\u00e9cnica da&nbsp;Vetnil\u00ae. Sua&nbsp;etiologia&nbsp;se d\u00e1 pela a\u00e7\u00e3o de toxinas [&hellip;]<\/p>\n","protected":false},"author":10,"featured_media":11329,"comment_status":"open","ping_status":"open","sticky":false,"template":"","format":"standard","meta":{"footnotes":""},"categories":[132],"tags":[6829],"class_list":["post-11328","post","type-post","status-publish","format-standard","has-post-thumbnail","hentry","category-cavalo","tag-cavalo"],"yoast_head":"<!-- This site is optimized with the Yoast SEO plugin v27.3 - https:\/\/yoast.com\/product\/yoast-seo-wordpress\/ -->\n<title>T\u00c9TANO EM EQUINOS: CONHE\u00c7A OS RISCOS, FORMAS DE PREVEN\u00c7\u00c3O E TRATAMENTO &#8211; VETNIL<\/title>\n<meta name=\"robots\" content=\"noindex, follow, max-snippet:-1, max-image-preview:large, max-video-preview:-1\" \/>\n<meta property=\"og:locale\" content=\"pt_BR\" \/>\n<meta property=\"og:type\" content=\"article\" \/>\n<meta property=\"og:title\" content=\"T\u00c9TANO EM EQUINOS: CONHE\u00c7A OS RISCOS, FORMAS DE PREVEN\u00c7\u00c3O E TRATAMENTO &#8211; VETNIL\" \/>\n<meta property=\"og:description\" content=\"O&nbsp;T\u00e9tano&nbsp;\u00e9 uma enfermidade que causa grande preocupa\u00e7\u00e3o no cen\u00e1rio equino, por apresentar elevada mortalidade na esp\u00e9cie e tratamento extensivo e oneroso. &#8220;\u00c9 importante estar atento aos sinais cl\u00ednicos caracter\u00edsticos da doen\u00e7a para o diagn\u00f3stico correto e r\u00e1pida institui\u00e7\u00e3o do tratamento\u201d, alerta&nbsp;Kau\u00ea Ribeiro, M\u00e9dico-Veterin\u00e1rio e Coordenador de Comunica\u00e7\u00e3o T\u00e9cnica da&nbsp;Vetnil\u00ae. Sua&nbsp;etiologia&nbsp;se d\u00e1 pela a\u00e7\u00e3o de toxinas [&hellip;]\" \/>\n<meta property=\"og:url\" content=\"https:\/\/projetoslayerup.com.br\/vetnil\/tetano-em-equinos-conheca-os-riscos-formas-de-prevencao-e-tratamento\/\" \/>\n<meta property=\"og:site_name\" content=\"VETNIL\" \/>\n<meta property=\"article:published_time\" content=\"2025-07-30T18:50:00+00:00\" \/>\n<meta property=\"article:modified_time\" content=\"2025-08-01T10:29:37+00:00\" \/>\n<meta property=\"og:image\" content=\"https:\/\/projetoslayerup.com.br\/vetnil\/wp-content\/uploads\/2025\/04\/posts_673cd51d8f4c2.webp\" \/>\n\t<meta property=\"og:image:width\" content=\"1200\" \/>\n\t<meta property=\"og:image:height\" content=\"500\" \/>\n\t<meta property=\"og:image:type\" content=\"image\/webp\" \/>\n<meta name=\"author\" content=\"editorvetnil\" \/>\n<meta name=\"twitter:card\" content=\"summary_large_image\" \/>\n<meta name=\"twitter:label1\" content=\"Escrito por\" \/>\n\t<meta name=\"twitter:data1\" content=\"editorvetnil\" \/>\n\t<meta name=\"twitter:label2\" content=\"Est. tempo de leitura\" \/>\n\t<meta name=\"twitter:data2\" content=\"4 minutos\" \/>\n<script type=\"application\/ld+json\" class=\"yoast-schema-graph\">{\"@context\":\"https:\\\/\\\/schema.org\",\"@graph\":[{\"@type\":\"Article\",\"@id\":\"https:\\\/\\\/projetoslayerup.com.br\\\/vetnil\\\/tetano-em-equinos-conheca-os-riscos-formas-de-prevencao-e-tratamento\\\/#article\",\"isPartOf\":{\"@id\":\"https:\\\/\\\/projetoslayerup.com.br\\\/vetnil\\\/tetano-em-equinos-conheca-os-riscos-formas-de-prevencao-e-tratamento\\\/\"},\"author\":{\"name\":\"editorvetnil\",\"@id\":\"https:\\\/\\\/projetoslayerup.com.br\\\/vetnil\\\/#\\\/schema\\\/person\\\/b5924b46dd7d8b3981950bc7ec88d9b6\"},\"headline\":\"T\u00c9TANO EM EQUINOS: CONHE\u00c7A OS RISCOS, FORMAS DE PREVEN\u00c7\u00c3O E TRATAMENTO\",\"datePublished\":\"2025-07-30T18:50:00+00:00\",\"dateModified\":\"2025-08-01T10:29:37+00:00\",\"mainEntityOfPage\":{\"@id\":\"https:\\\/\\\/projetoslayerup.com.br\\\/vetnil\\\/tetano-em-equinos-conheca-os-riscos-formas-de-prevencao-e-tratamento\\\/\"},\"wordCount\":676,\"commentCount\":0,\"publisher\":{\"@id\":\"https:\\\/\\\/projetoslayerup.com.br\\\/vetnil\\\/#organization\"},\"image\":{\"@id\":\"https:\\\/\\\/projetoslayerup.com.br\\\/vetnil\\\/tetano-em-equinos-conheca-os-riscos-formas-de-prevencao-e-tratamento\\\/#primaryimage\"},\"thumbnailUrl\":\"https:\\\/\\\/projetoslayerup.com.br\\\/vetnil\\\/wp-content\\\/uploads\\\/2025\\\/04\\\/posts_673cd51d8f4c2.webp\",\"keywords\":[\"Cavalo\"],\"articleSection\":[\"Cavalo\"],\"inLanguage\":\"pt-BR\",\"potentialAction\":[{\"@type\":\"CommentAction\",\"name\":\"Comment\",\"target\":[\"https:\\\/\\\/projetoslayerup.com.br\\\/vetnil\\\/tetano-em-equinos-conheca-os-riscos-formas-de-prevencao-e-tratamento\\\/#respond\"]}]},{\"@type\":\"WebPage\",\"@id\":\"https:\\\/\\\/projetoslayerup.com.br\\\/vetnil\\\/tetano-em-equinos-conheca-os-riscos-formas-de-prevencao-e-tratamento\\\/\",\"url\":\"https:\\\/\\\/projetoslayerup.com.br\\\/vetnil\\\/tetano-em-equinos-conheca-os-riscos-formas-de-prevencao-e-tratamento\\\/\",\"name\":\"T\u00c9TANO EM EQUINOS: CONHE\u00c7A OS RISCOS, FORMAS DE PREVEN\u00c7\u00c3O E TRATAMENTO &#8211; VETNIL\",\"isPartOf\":{\"@id\":\"https:\\\/\\\/projetoslayerup.com.br\\\/vetnil\\\/#website\"},\"primaryImageOfPage\":{\"@id\":\"https:\\\/\\\/projetoslayerup.com.br\\\/vetnil\\\/tetano-em-equinos-conheca-os-riscos-formas-de-prevencao-e-tratamento\\\/#primaryimage\"},\"image\":{\"@id\":\"https:\\\/\\\/projetoslayerup.com.br\\\/vetnil\\\/tetano-em-equinos-conheca-os-riscos-formas-de-prevencao-e-tratamento\\\/#primaryimage\"},\"thumbnailUrl\":\"https:\\\/\\\/projetoslayerup.com.br\\\/vetnil\\\/wp-content\\\/uploads\\\/2025\\\/04\\\/posts_673cd51d8f4c2.webp\",\"datePublished\":\"2025-07-30T18:50:00+00:00\",\"dateModified\":\"2025-08-01T10:29:37+00:00\",\"breadcrumb\":{\"@id\":\"https:\\\/\\\/projetoslayerup.com.br\\\/vetnil\\\/tetano-em-equinos-conheca-os-riscos-formas-de-prevencao-e-tratamento\\\/#breadcrumb\"},\"inLanguage\":\"pt-BR\",\"potentialAction\":[{\"@type\":\"ReadAction\",\"target\":[\"https:\\\/\\\/projetoslayerup.com.br\\\/vetnil\\\/tetano-em-equinos-conheca-os-riscos-formas-de-prevencao-e-tratamento\\\/\"]}]},{\"@type\":\"ImageObject\",\"inLanguage\":\"pt-BR\",\"@id\":\"https:\\\/\\\/projetoslayerup.com.br\\\/vetnil\\\/tetano-em-equinos-conheca-os-riscos-formas-de-prevencao-e-tratamento\\\/#primaryimage\",\"url\":\"https:\\\/\\\/projetoslayerup.com.br\\\/vetnil\\\/wp-content\\\/uploads\\\/2025\\\/04\\\/posts_673cd51d8f4c2.webp\",\"contentUrl\":\"https:\\\/\\\/projetoslayerup.com.br\\\/vetnil\\\/wp-content\\\/uploads\\\/2025\\\/04\\\/posts_673cd51d8f4c2.webp\",\"width\":1200,\"height\":500},{\"@type\":\"BreadcrumbList\",\"@id\":\"https:\\\/\\\/projetoslayerup.com.br\\\/vetnil\\\/tetano-em-equinos-conheca-os-riscos-formas-de-prevencao-e-tratamento\\\/#breadcrumb\",\"itemListElement\":[{\"@type\":\"ListItem\",\"position\":1,\"name\":\"Home\",\"item\":\"https:\\\/\\\/projetoslayerup.com.br\\\/vetnil\\\/\"},{\"@type\":\"ListItem\",\"position\":2,\"name\":\"T\u00c9TANO EM EQUINOS: CONHE\u00c7A OS RISCOS, FORMAS DE PREVEN\u00c7\u00c3O E TRATAMENTO\"}]},{\"@type\":\"WebSite\",\"@id\":\"https:\\\/\\\/projetoslayerup.com.br\\\/vetnil\\\/#website\",\"url\":\"https:\\\/\\\/projetoslayerup.com.br\\\/vetnil\\\/\",\"name\":\"VETNIL\",\"description\":\"Parceira de quem cuida - Sa\u00fade e Bem-estar animal\",\"publisher\":{\"@id\":\"https:\\\/\\\/projetoslayerup.com.br\\\/vetnil\\\/#organization\"},\"potentialAction\":[{\"@type\":\"SearchAction\",\"target\":{\"@type\":\"EntryPoint\",\"urlTemplate\":\"https:\\\/\\\/projetoslayerup.com.br\\\/vetnil\\\/?s={search_term_string}\"},\"query-input\":{\"@type\":\"PropertyValueSpecification\",\"valueRequired\":true,\"valueName\":\"search_term_string\"}}],\"inLanguage\":\"pt-BR\"},{\"@type\":\"Organization\",\"@id\":\"https:\\\/\\\/projetoslayerup.com.br\\\/vetnil\\\/#organization\",\"name\":\"VETNIL\",\"url\":\"https:\\\/\\\/projetoslayerup.com.br\\\/vetnil\\\/\",\"logo\":{\"@type\":\"ImageObject\",\"inLanguage\":\"pt-BR\",\"@id\":\"https:\\\/\\\/projetoslayerup.com.br\\\/vetnil\\\/#\\\/schema\\\/logo\\\/image\\\/\",\"url\":\"https:\\\/\\\/projetoslayerup.com.br\\\/vetnil\\\/wp-content\\\/uploads\\\/2023\\\/09\\\/logo-vetnil.svg\",\"contentUrl\":\"https:\\\/\\\/projetoslayerup.com.br\\\/vetnil\\\/wp-content\\\/uploads\\\/2023\\\/09\\\/logo-vetnil.svg\",\"width\":141,\"height\":25,\"caption\":\"VETNIL\"},\"image\":{\"@id\":\"https:\\\/\\\/projetoslayerup.com.br\\\/vetnil\\\/#\\\/schema\\\/logo\\\/image\\\/\"}},{\"@type\":\"Person\",\"@id\":\"https:\\\/\\\/projetoslayerup.com.br\\\/vetnil\\\/#\\\/schema\\\/person\\\/b5924b46dd7d8b3981950bc7ec88d9b6\",\"name\":\"editorvetnil\",\"image\":{\"@type\":\"ImageObject\",\"inLanguage\":\"pt-BR\",\"@id\":\"https:\\\/\\\/secure.gravatar.com\\\/avatar\\\/12a343ca4d3e5757b29f1ca303d7ea3c71a341d0918ab6fb78ec3f5fdbd6eaea?s=96&d=blank&r=g\",\"url\":\"https:\\\/\\\/secure.gravatar.com\\\/avatar\\\/12a343ca4d3e5757b29f1ca303d7ea3c71a341d0918ab6fb78ec3f5fdbd6eaea?s=96&d=blank&r=g\",\"contentUrl\":\"https:\\\/\\\/secure.gravatar.com\\\/avatar\\\/12a343ca4d3e5757b29f1ca303d7ea3c71a341d0918ab6fb78ec3f5fdbd6eaea?s=96&d=blank&r=g\",\"caption\":\"editorvetnil\"}}]}<\/script>\n<!-- \/ Yoast SEO plugin. -->","yoast_head_json":{"title":"T\u00c9TANO EM EQUINOS: CONHE\u00c7A OS RISCOS, FORMAS DE PREVEN\u00c7\u00c3O E TRATAMENTO &#8211; VETNIL","robots":{"index":"noindex","follow":"follow","max-snippet":"max-snippet:-1","max-image-preview":"max-image-preview:large","max-video-preview":"max-video-preview:-1"},"og_locale":"pt_BR","og_type":"article","og_title":"T\u00c9TANO EM EQUINOS: CONHE\u00c7A OS RISCOS, FORMAS DE PREVEN\u00c7\u00c3O E TRATAMENTO &#8211; VETNIL","og_description":"O&nbsp;T\u00e9tano&nbsp;\u00e9 uma enfermidade que causa grande preocupa\u00e7\u00e3o no cen\u00e1rio equino, por apresentar elevada mortalidade na esp\u00e9cie e tratamento extensivo e oneroso. &#8220;\u00c9 importante estar atento aos sinais cl\u00ednicos caracter\u00edsticos da doen\u00e7a para o diagn\u00f3stico correto e r\u00e1pida institui\u00e7\u00e3o do tratamento\u201d, alerta&nbsp;Kau\u00ea Ribeiro, M\u00e9dico-Veterin\u00e1rio e Coordenador de Comunica\u00e7\u00e3o T\u00e9cnica da&nbsp;Vetnil\u00ae. Sua&nbsp;etiologia&nbsp;se d\u00e1 pela a\u00e7\u00e3o de toxinas [&hellip;]","og_url":"https:\/\/projetoslayerup.com.br\/vetnil\/tetano-em-equinos-conheca-os-riscos-formas-de-prevencao-e-tratamento\/","og_site_name":"VETNIL","article_published_time":"2025-07-30T18:50:00+00:00","article_modified_time":"2025-08-01T10:29:37+00:00","og_image":[{"width":1200,"height":500,"url":"https:\/\/projetoslayerup.com.br\/vetnil\/wp-content\/uploads\/2025\/04\/posts_673cd51d8f4c2.webp","type":"image\/webp"}],"author":"editorvetnil","twitter_card":"summary_large_image","twitter_misc":{"Escrito por":"editorvetnil","Est. tempo de leitura":"4 minutos"},"schema":{"@context":"https:\/\/schema.org","@graph":[{"@type":"Article","@id":"https:\/\/projetoslayerup.com.br\/vetnil\/tetano-em-equinos-conheca-os-riscos-formas-de-prevencao-e-tratamento\/#article","isPartOf":{"@id":"https:\/\/projetoslayerup.com.br\/vetnil\/tetano-em-equinos-conheca-os-riscos-formas-de-prevencao-e-tratamento\/"},"author":{"name":"editorvetnil","@id":"https:\/\/projetoslayerup.com.br\/vetnil\/#\/schema\/person\/b5924b46dd7d8b3981950bc7ec88d9b6"},"headline":"T\u00c9TANO EM EQUINOS: CONHE\u00c7A OS RISCOS, FORMAS DE PREVEN\u00c7\u00c3O E TRATAMENTO","datePublished":"2025-07-30T18:50:00+00:00","dateModified":"2025-08-01T10:29:37+00:00","mainEntityOfPage":{"@id":"https:\/\/projetoslayerup.com.br\/vetnil\/tetano-em-equinos-conheca-os-riscos-formas-de-prevencao-e-tratamento\/"},"wordCount":676,"commentCount":0,"publisher":{"@id":"https:\/\/projetoslayerup.com.br\/vetnil\/#organization"},"image":{"@id":"https:\/\/projetoslayerup.com.br\/vetnil\/tetano-em-equinos-conheca-os-riscos-formas-de-prevencao-e-tratamento\/#primaryimage"},"thumbnailUrl":"https:\/\/projetoslayerup.com.br\/vetnil\/wp-content\/uploads\/2025\/04\/posts_673cd51d8f4c2.webp","keywords":["Cavalo"],"articleSection":["Cavalo"],"inLanguage":"pt-BR","potentialAction":[{"@type":"CommentAction","name":"Comment","target":["https:\/\/projetoslayerup.com.br\/vetnil\/tetano-em-equinos-conheca-os-riscos-formas-de-prevencao-e-tratamento\/#respond"]}]},{"@type":"WebPage","@id":"https:\/\/projetoslayerup.com.br\/vetnil\/tetano-em-equinos-conheca-os-riscos-formas-de-prevencao-e-tratamento\/","url":"https:\/\/projetoslayerup.com.br\/vetnil\/tetano-em-equinos-conheca-os-riscos-formas-de-prevencao-e-tratamento\/","name":"T\u00c9TANO EM EQUINOS: CONHE\u00c7A OS RISCOS, FORMAS DE PREVEN\u00c7\u00c3O E TRATAMENTO &#8211; VETNIL","isPartOf":{"@id":"https:\/\/projetoslayerup.com.br\/vetnil\/#website"},"primaryImageOfPage":{"@id":"https:\/\/projetoslayerup.com.br\/vetnil\/tetano-em-equinos-conheca-os-riscos-formas-de-prevencao-e-tratamento\/#primaryimage"},"image":{"@id":"https:\/\/projetoslayerup.com.br\/vetnil\/tetano-em-equinos-conheca-os-riscos-formas-de-prevencao-e-tratamento\/#primaryimage"},"thumbnailUrl":"https:\/\/projetoslayerup.com.br\/vetnil\/wp-content\/uploads\/2025\/04\/posts_673cd51d8f4c2.webp","datePublished":"2025-07-30T18:50:00+00:00","dateModified":"2025-08-01T10:29:37+00:00","breadcrumb":{"@id":"https:\/\/projetoslayerup.com.br\/vetnil\/tetano-em-equinos-conheca-os-riscos-formas-de-prevencao-e-tratamento\/#breadcrumb"},"inLanguage":"pt-BR","potentialAction":[{"@type":"ReadAction","target":["https:\/\/projetoslayerup.com.br\/vetnil\/tetano-em-equinos-conheca-os-riscos-formas-de-prevencao-e-tratamento\/"]}]},{"@type":"ImageObject","inLanguage":"pt-BR","@id":"https:\/\/projetoslayerup.com.br\/vetnil\/tetano-em-equinos-conheca-os-riscos-formas-de-prevencao-e-tratamento\/#primaryimage","url":"https:\/\/projetoslayerup.com.br\/vetnil\/wp-content\/uploads\/2025\/04\/posts_673cd51d8f4c2.webp","contentUrl":"https:\/\/projetoslayerup.com.br\/vetnil\/wp-content\/uploads\/2025\/04\/posts_673cd51d8f4c2.webp","width":1200,"height":500},{"@type":"BreadcrumbList","@id":"https:\/\/projetoslayerup.com.br\/vetnil\/tetano-em-equinos-conheca-os-riscos-formas-de-prevencao-e-tratamento\/#breadcrumb","itemListElement":[{"@type":"ListItem","position":1,"name":"Home","item":"https:\/\/projetoslayerup.com.br\/vetnil\/"},{"@type":"ListItem","position":2,"name":"T\u00c9TANO EM EQUINOS: CONHE\u00c7A OS RISCOS, FORMAS DE PREVEN\u00c7\u00c3O E TRATAMENTO"}]},{"@type":"WebSite","@id":"https:\/\/projetoslayerup.com.br\/vetnil\/#website","url":"https:\/\/projetoslayerup.com.br\/vetnil\/","name":"VETNIL","description":"Parceira de quem cuida - Sa\u00fade e Bem-estar animal","publisher":{"@id":"https:\/\/projetoslayerup.com.br\/vetnil\/#organization"},"potentialAction":[{"@type":"SearchAction","target":{"@type":"EntryPoint","urlTemplate":"https:\/\/projetoslayerup.com.br\/vetnil\/?s={search_term_string}"},"query-input":{"@type":"PropertyValueSpecification","valueRequired":true,"valueName":"search_term_string"}}],"inLanguage":"pt-BR"},{"@type":"Organization","@id":"https:\/\/projetoslayerup.com.br\/vetnil\/#organization","name":"VETNIL","url":"https:\/\/projetoslayerup.com.br\/vetnil\/","logo":{"@type":"ImageObject","inLanguage":"pt-BR","@id":"https:\/\/projetoslayerup.com.br\/vetnil\/#\/schema\/logo\/image\/","url":"https:\/\/projetoslayerup.com.br\/vetnil\/wp-content\/uploads\/2023\/09\/logo-vetnil.svg","contentUrl":"https:\/\/projetoslayerup.com.br\/vetnil\/wp-content\/uploads\/2023\/09\/logo-vetnil.svg","width":141,"height":25,"caption":"VETNIL"},"image":{"@id":"https:\/\/projetoslayerup.com.br\/vetnil\/#\/schema\/logo\/image\/"}},{"@type":"Person","@id":"https:\/\/projetoslayerup.com.br\/vetnil\/#\/schema\/person\/b5924b46dd7d8b3981950bc7ec88d9b6","name":"editorvetnil","image":{"@type":"ImageObject","inLanguage":"pt-BR","@id":"https:\/\/secure.gravatar.com\/avatar\/12a343ca4d3e5757b29f1ca303d7ea3c71a341d0918ab6fb78ec3f5fdbd6eaea?s=96&d=blank&r=g","url":"https:\/\/secure.gravatar.com\/avatar\/12a343ca4d3e5757b29f1ca303d7ea3c71a341d0918ab6fb78ec3f5fdbd6eaea?s=96&d=blank&r=g","contentUrl":"https:\/\/secure.gravatar.com\/avatar\/12a343ca4d3e5757b29f1ca303d7ea3c71a341d0918ab6fb78ec3f5fdbd6eaea?s=96&d=blank&r=g","caption":"editorvetnil"}}]}},"lang":"pt","translations":{"pt":11328},"pll_sync_post":[],"_links":{"self":[{"href":"https:\/\/projetoslayerup.com.br\/vetnil\/wp-json\/wp\/v2\/posts\/11328","targetHints":{"allow":["GET"]}}],"collection":[{"href":"https:\/\/projetoslayerup.com.br\/vetnil\/wp-json\/wp\/v2\/posts"}],"about":[{"href":"https:\/\/projetoslayerup.com.br\/vetnil\/wp-json\/wp\/v2\/types\/post"}],"author":[{"embeddable":true,"href":"https:\/\/projetoslayerup.com.br\/vetnil\/wp-json\/wp\/v2\/users\/10"}],"replies":[{"embeddable":true,"href":"https:\/\/projetoslayerup.com.br\/vetnil\/wp-json\/wp\/v2\/comments?post=11328"}],"version-history":[{"count":0,"href":"https:\/\/projetoslayerup.com.br\/vetnil\/wp-json\/wp\/v2\/posts\/11328\/revisions"}],"wp:featuredmedia":[{"embeddable":true,"href":"https:\/\/projetoslayerup.com.br\/vetnil\/wp-json\/wp\/v2\/media\/11329"}],"wp:attachment":[{"href":"https:\/\/projetoslayerup.com.br\/vetnil\/wp-json\/wp\/v2\/media?parent=11328"}],"wp:term":[{"taxonomy":"category","embeddable":true,"href":"https:\/\/projetoslayerup.com.br\/vetnil\/wp-json\/wp\/v2\/categories?post=11328"},{"taxonomy":"post_tag","embeddable":true,"href":"https:\/\/projetoslayerup.com.br\/vetnil\/wp-json\/wp\/v2\/tags?post=11328"}],"curies":[{"name":"wp","href":"https:\/\/api.w.org\/{rel}","templated":true}]}}