{"id":12637,"date":"2024-03-20T11:30:00","date_gmt":"2024-03-20T14:30:00","guid":{"rendered":"https:\/\/projetoslayerup.com.br\/vetnil\/?p=12637"},"modified":"2025-07-29T11:15:11","modified_gmt":"2025-07-29T14:15:11","slug":"conheca-caracteristicas-dos-cavalos","status":"publish","type":"post","link":"https:\/\/projetoslayerup.com.br\/vetnil\/conheca-caracteristicas-dos-cavalos\/","title":{"rendered":"CONHE\u00c7A CARACTER\u00cdSTICAS DOS CAVALOS"},"content":{"rendered":"\n<p>H\u00e1 milhares de anos, a rela\u00e7\u00e3o entre os cavalos e os seres humanos vem evoluindo e se fortalecendo constantemente. Entre 3 mil e 4 mil anos a.C. j\u00e1 h\u00e1 relatos sobre cavalos serem aliados nas guerras, e hoje s\u00e3o aliados at\u00e9 mesmo em algumas terapias, como terapias assistidas e reabilita\u00e7\u00f5es.<\/p>\n\n\n\n<p>\u201cEsses animais foram pe\u00e7as fundamentais na hist\u00f3ria, utilizados como um dos primeiros modos de transporte pelos humanos. Eles merecem todo o cuidado e aten\u00e7\u00e3o necess\u00e1ria. \u00c9 fundamental sempre refor\u00e7ar a import\u00e2ncia de um bom manejo e de medidas de preven\u00e7\u00e3o a les\u00f5es e enfermidades que possam vir a sofrer, tendo em vista que hoje atuam como grandes estrelas em esportes, al\u00e9m de serem essenciais aliados na vida no campo\u201d, destaca&nbsp;<strong>Maria Am\u00e9lia Salviano,<\/strong>&nbsp;Gerente de Marketing Equinos na&nbsp;<strong>Vetnil\u00ae<\/strong>, uma das empresas l\u00edderes em medicamentos e suplementos para equinos no Brasil.&nbsp;<\/p>\n\n\n\n<p>Para difundir ainda mais o conhecimento sobre os cavalos, a&nbsp;<strong>Vetnil\u00ae<\/strong>, institui\u00e7\u00e3o que preza pela sa\u00fade animal e melhoria cont\u00ednua de cada um dos elos do mercado equestre, lista algumas curiosidades sobre as particularidades fisiol\u00f3gicas desses animais. Confira!&nbsp;<\/p>\n\n\n\n<p><strong>\u2022&nbsp;<\/strong><strong>Sistema digest\u00f3rio&nbsp;<\/strong><\/p>\n\n\n\n<p>Apesar de ser um animal grande, os equinos possuem est\u00f4mago relativamente pequeno (com capacidade vari\u00e1vel de 8 a 15 litros) e, quando criados soltos \u00e0 pasto, podem passar de 12 a 20 horas por dia se alimentando em pequenas por\u00e7\u00f5es de alimentos volumosos, como capim e gram\u00edneas. &nbsp;<\/p>\n\n\n\n<p>Al\u00e9m disso, esses animais n\u00e3o possuem a capacidade de vomitar, o que facilita a dilata\u00e7\u00e3o g\u00e1strica e pode predispor a algumas enfermidades no trato gastrointestinal. Isso ocorre, devido a uma limita\u00e7\u00e3o anat\u00f4mica na regi\u00e3o do esf\u00edncter c\u00e1rdico (entrada do est\u00f4mago): a estrutura possui uma musculatura bem espessa e desenvolvida e isso, associado \u00e0 entrada obl\u00edqua do es\u00f4fago, est\u00e1 relacionado \u00e0 incapacidade do cavalo de eructar e vomitar. Outro aspecto importante \u00e9 o fato de os cavalos n\u00e3o possu\u00edrem o centro do v\u00f4mito bem desenvolvido, no sistema nervoso central, respons\u00e1vel pelos impulsos e comandos do ato.<\/p>\n\n\n\n<p>Mais uma caracter\u00edstica interessante dos equinos \u00e9 que as al\u00e7as intestinais somam quase 30 metros de comprimento, distribu\u00eddas de forma ordenada na cavidade abdominal. Os equinos possuem grande sensibilidade e diversas particularidades ao longo do aparelho digestivo. Dessa forma, conhecer a anatomia e a fun\u00e7\u00e3o desse sistema facilita o entendimento e auxilia principalmente em rela\u00e7\u00e3o ao manejo e \u00e0s doen\u00e7as que se desenvolvem, como as s\u00edndromes c\u00f3licas.&nbsp;<\/p>\n\n\n\n<p><strong>\u2022&nbsp;<\/strong><strong>Cabe\u00e7a<\/strong><\/p>\n\n\n\n<p>Gra\u00e7as \u00e0 posi\u00e7\u00e3o lateral dos&nbsp;olhos, cavalos possuem campo de vis\u00e3o perif\u00e9rico, sendo capazes de identificar poss\u00edveis amea\u00e7as facilmente. A posi\u00e7\u00e3o lateralizada limita a vis\u00e3o binocular, diminuindo o senso de profundidade do animal. Outro ponto importante \u00e9 a excelente acuidade visual no escuro, tornando-os capazes de reconhecer formas e captar imagens mesmo em locais com baixa luminosidade.<\/p>\n\n\n\n<p>As&nbsp;vibrissas&nbsp;(pelos t\u00e1teis presentes ao redor dos l\u00e1bios) permitem que os cavalos sintam o que est\u00e1 imediatamente \u00e0 frente, sendo importantes auxiliares da \u00e1rea sensorial e atuam como \u00f3rg\u00e3os t\u00e1teis capazes de gui\u00e1-los, \u201ccompensando\u201d a falta de vis\u00e3o frontal. Assim, auxiliam a explorar o entorno, contribuindo para capta\u00e7\u00e3o de alimentos, investiga\u00e7\u00e3o de objetos, poss\u00edveis amea\u00e7as e contato social com pessoas e outros animais.&nbsp;<\/p>\n\n\n\n<p>A&nbsp;respira\u00e7\u00e3o&nbsp;dos equinos \u00e9 obrigatoriamente nasal, devido \u00e0 anatomia do sistema respirat\u00f3rio. A orofaringe e a nasofaringe s\u00e3o totalmente separadas pelo palato mole -estrutura muscular longa que reveste o teto da cavidade oral e o assoalho da cavidade nasal, separando as duas estruturas e impedindo os atos de inspirar e expirar pela boca.<\/p>\n\n\n\n<p>O conhecimento sobre a&nbsp;arcada dent\u00e1ria&nbsp;dos cavalos e suas particularidades nos permitem avaliar aspectos importantes, como a sa\u00fade e a idade desses animais. Os equinos s\u00e3o herb\u00edvoros e consomem altas quantidades de forragem, tendo assim uma denti\u00e7\u00e3o adaptada para apreender a mastigar adequadamente os alimentos. Normalmente, os cavalos possuem de 36 a 40 dentes, o que pode variar devido \u00e0 presen\u00e7a ou n\u00e3o dos caninos e dentes de lobo. &nbsp;&nbsp;<\/p>\n\n\n\n<p><strong>\u2022&nbsp;<\/strong><strong>Gesta\u00e7\u00e3o<\/strong><\/p>\n\n\n\n<p>Per\u00edodo que necessita de muita aten\u00e7\u00e3o, a gesta\u00e7\u00e3o das \u00e9guas \u00e9 longa, durando em m\u00e9dia de 330 a 350 dias (aproximadamente 11 meses). Nesse per\u00edodo, elas precisam de cuidados especiais em rela\u00e7\u00e3o a suplementa\u00e7\u00e3o, controle sanit\u00e1rio, manejo, acomoda\u00e7\u00f5es, nutri\u00e7\u00e3o e acompanhamento veterin\u00e1rio. Os partos costumam ocorrer pr\u00f3ximos ao in\u00edcio da primavera, visto que a esta\u00e7\u00e3o de monta nessa esp\u00e9cie ocorre em esta\u00e7\u00f5es com maior per\u00edodo de luminosidade, como primavera e ver\u00e3o.<\/p>\n\n\n\n<p><strong>\u2022&nbsp;<\/strong><strong>Sono<\/strong><\/p>\n\n\n\n<p>O sono dos cavalos tamb\u00e9m \u00e9 um aspecto curioso, visto que essa esp\u00e9cie possui a habilidade de dormir em p\u00e9. O fato de serem classificados como presas f\u00e1ceis de outros animais fez com que, evolutivamente, desenvolvessem o h\u00e1bito de dormir nessa posi\u00e7\u00e3o para facilitar a fuga de uma poss\u00edvel amea\u00e7a. Devido a estruturas anat\u00f4micas e a um aparato suspensor que auxiliam na sustenta\u00e7\u00e3o do peso corporal, os equinos s\u00e3o capazes de relaxar em esta\u00e7\u00e3o. Um ligamento importante denominado suspensor do boleto auxilia na fixa\u00e7\u00e3o das articula\u00e7\u00f5es da regi\u00e3o, impedindo-as de flexionar enquanto est\u00e3o dormindo. &nbsp;<\/p>\n\n\n\n<p>O sono dos equinos pode ser dividido em duas fases: a fase de sono REM ou paradoxal, na qual apresentam movimento r\u00e1pido dos olhos, atonia e perda de t\u00f4nus muscular, e a fase de sono NREM. Os cavalos apresentam um padr\u00e3o de sono adaptado, dividido em pequenos fragmentos, por aproximadamente tr\u00eas horas, principalmente no per\u00edodo noturno, e alternando entre as diferentes fases para atingir um sono completo. Aproximadamente 30 per\u00edodos de sono NREM com dura\u00e7\u00e3o de 3 a 4 minutos cada s\u00e3o divididos ao longo do dia, per\u00edodo no qual o animal consegue descansar em p\u00e9, por\u00e9m para atingir o sono REM o cavalo precisa estar em dec\u00fabito. Ou seja, cavalos n\u00e3o s\u00f3 podem, mas precisam deitar para dormir tamb\u00e9m, ainda que por um per\u00edodo mais estrito.<br><br>&#8220;Os cavalos s\u00e3o animais d\u00f3ceis e t\u00eam h\u00e1bitos e comportamentos \u00fanicos. Todas essas caracter\u00edsticas precisam de aten\u00e7\u00e3o e cuidados especiais dos propriet\u00e1rios e cuidadores, sendo importante atender \u00e0s necessidades do animal para a manuten\u00e7\u00e3o de sua sanidade e bem-estar. Entram nessa conta o manejo adequado e as medidas preventivas \u00e0s les\u00f5es ou enfermidades. Para atender a essa demanda, a&nbsp;<strong>Vetnil\u00ae&nbsp;<\/strong>desempenha importante papel na sa\u00fade equestre h\u00e1 30 anos, contribuindo com seu amplo portf\u00f3lio para as mais diversas exig\u00eancias do mercado&#8221;, finaliza&nbsp;<strong>Maria Am\u00e9lia<\/strong>.<\/p>\n","protected":false},"excerpt":{"rendered":"<p>H\u00e1 milhares de anos, a rela\u00e7\u00e3o entre os cavalos e os seres humanos vem evoluindo e se fortalecendo constantemente. Entre 3 mil e 4 mil anos a.C. j\u00e1 h\u00e1 relatos sobre cavalos serem aliados nas guerras, e hoje s\u00e3o aliados at\u00e9 mesmo em algumas terapias, como terapias assistidas e reabilita\u00e7\u00f5es. \u201cEsses animais foram pe\u00e7as fundamentais [&hellip;]<\/p>\n","protected":false},"author":10,"featured_media":12638,"comment_status":"open","ping_status":"open","sticky":false,"template":"","format":"standard","meta":{"footnotes":""},"categories":[132],"tags":[6829],"class_list":["post-12637","post","type-post","status-publish","format-standard","has-post-thumbnail","hentry","category-cavalo","tag-cavalo"],"yoast_head":"<!-- This site is optimized with the Yoast SEO plugin v27.3 - https:\/\/yoast.com\/product\/yoast-seo-wordpress\/ -->\n<title>CONHE\u00c7A CARACTER\u00cdSTICAS DOS CAVALOS &#8211; VETNIL<\/title>\n<meta name=\"robots\" content=\"noindex, follow, max-snippet:-1, max-image-preview:large, max-video-preview:-1\" \/>\n<meta property=\"og:locale\" content=\"pt_BR\" \/>\n<meta property=\"og:type\" content=\"article\" \/>\n<meta property=\"og:title\" content=\"CONHE\u00c7A CARACTER\u00cdSTICAS DOS CAVALOS &#8211; VETNIL\" \/>\n<meta property=\"og:description\" content=\"H\u00e1 milhares de anos, a rela\u00e7\u00e3o entre os cavalos e os seres humanos vem evoluindo e se fortalecendo constantemente. Entre 3 mil e 4 mil anos a.C. j\u00e1 h\u00e1 relatos sobre cavalos serem aliados nas guerras, e hoje s\u00e3o aliados at\u00e9 mesmo em algumas terapias, como terapias assistidas e reabilita\u00e7\u00f5es. \u201cEsses animais foram pe\u00e7as fundamentais [&hellip;]\" \/>\n<meta property=\"og:url\" content=\"https:\/\/projetoslayerup.com.br\/vetnil\/conheca-caracteristicas-dos-cavalos\/\" \/>\n<meta property=\"og:site_name\" content=\"VETNIL\" \/>\n<meta property=\"article:published_time\" content=\"2024-03-20T14:30:00+00:00\" \/>\n<meta property=\"article:modified_time\" content=\"2025-07-29T14:15:11+00:00\" \/>\n<meta property=\"og:image\" content=\"https:\/\/projetoslayerup.com.br\/vetnil\/wp-content\/uploads\/2025\/07\/posts_65fc4c5078c77.webp\" \/>\n\t<meta property=\"og:image:width\" content=\"1200\" \/>\n\t<meta property=\"og:image:height\" content=\"500\" \/>\n\t<meta property=\"og:image:type\" content=\"image\/webp\" \/>\n<meta name=\"author\" content=\"editorvetnil\" \/>\n<meta name=\"twitter:card\" content=\"summary_large_image\" \/>\n<meta name=\"twitter:label1\" content=\"Escrito por\" \/>\n\t<meta name=\"twitter:data1\" content=\"editorvetnil\" \/>\n\t<meta name=\"twitter:label2\" content=\"Est. tempo de leitura\" \/>\n\t<meta name=\"twitter:data2\" content=\"6 minutos\" \/>\n<script type=\"application\/ld+json\" class=\"yoast-schema-graph\">{\"@context\":\"https:\\\/\\\/schema.org\",\"@graph\":[{\"@type\":\"Article\",\"@id\":\"https:\\\/\\\/projetoslayerup.com.br\\\/vetnil\\\/conheca-caracteristicas-dos-cavalos\\\/#article\",\"isPartOf\":{\"@id\":\"https:\\\/\\\/projetoslayerup.com.br\\\/vetnil\\\/conheca-caracteristicas-dos-cavalos\\\/\"},\"author\":{\"name\":\"editorvetnil\",\"@id\":\"https:\\\/\\\/projetoslayerup.com.br\\\/vetnil\\\/#\\\/schema\\\/person\\\/b5924b46dd7d8b3981950bc7ec88d9b6\"},\"headline\":\"CONHE\u00c7A CARACTER\u00cdSTICAS DOS CAVALOS\",\"datePublished\":\"2024-03-20T14:30:00+00:00\",\"dateModified\":\"2025-07-29T14:15:11+00:00\",\"mainEntityOfPage\":{\"@id\":\"https:\\\/\\\/projetoslayerup.com.br\\\/vetnil\\\/conheca-caracteristicas-dos-cavalos\\\/\"},\"wordCount\":1155,\"commentCount\":0,\"publisher\":{\"@id\":\"https:\\\/\\\/projetoslayerup.com.br\\\/vetnil\\\/#organization\"},\"image\":{\"@id\":\"https:\\\/\\\/projetoslayerup.com.br\\\/vetnil\\\/conheca-caracteristicas-dos-cavalos\\\/#primaryimage\"},\"thumbnailUrl\":\"https:\\\/\\\/projetoslayerup.com.br\\\/vetnil\\\/wp-content\\\/uploads\\\/2025\\\/07\\\/posts_65fc4c5078c77.webp\",\"keywords\":[\"Cavalo\"],\"articleSection\":[\"Cavalo\"],\"inLanguage\":\"pt-BR\",\"potentialAction\":[{\"@type\":\"CommentAction\",\"name\":\"Comment\",\"target\":[\"https:\\\/\\\/projetoslayerup.com.br\\\/vetnil\\\/conheca-caracteristicas-dos-cavalos\\\/#respond\"]}]},{\"@type\":\"WebPage\",\"@id\":\"https:\\\/\\\/projetoslayerup.com.br\\\/vetnil\\\/conheca-caracteristicas-dos-cavalos\\\/\",\"url\":\"https:\\\/\\\/projetoslayerup.com.br\\\/vetnil\\\/conheca-caracteristicas-dos-cavalos\\\/\",\"name\":\"CONHE\u00c7A CARACTER\u00cdSTICAS DOS CAVALOS &#8211; VETNIL\",\"isPartOf\":{\"@id\":\"https:\\\/\\\/projetoslayerup.com.br\\\/vetnil\\\/#website\"},\"primaryImageOfPage\":{\"@id\":\"https:\\\/\\\/projetoslayerup.com.br\\\/vetnil\\\/conheca-caracteristicas-dos-cavalos\\\/#primaryimage\"},\"image\":{\"@id\":\"https:\\\/\\\/projetoslayerup.com.br\\\/vetnil\\\/conheca-caracteristicas-dos-cavalos\\\/#primaryimage\"},\"thumbnailUrl\":\"https:\\\/\\\/projetoslayerup.com.br\\\/vetnil\\\/wp-content\\\/uploads\\\/2025\\\/07\\\/posts_65fc4c5078c77.webp\",\"datePublished\":\"2024-03-20T14:30:00+00:00\",\"dateModified\":\"2025-07-29T14:15:11+00:00\",\"breadcrumb\":{\"@id\":\"https:\\\/\\\/projetoslayerup.com.br\\\/vetnil\\\/conheca-caracteristicas-dos-cavalos\\\/#breadcrumb\"},\"inLanguage\":\"pt-BR\",\"potentialAction\":[{\"@type\":\"ReadAction\",\"target\":[\"https:\\\/\\\/projetoslayerup.com.br\\\/vetnil\\\/conheca-caracteristicas-dos-cavalos\\\/\"]}]},{\"@type\":\"ImageObject\",\"inLanguage\":\"pt-BR\",\"@id\":\"https:\\\/\\\/projetoslayerup.com.br\\\/vetnil\\\/conheca-caracteristicas-dos-cavalos\\\/#primaryimage\",\"url\":\"https:\\\/\\\/projetoslayerup.com.br\\\/vetnil\\\/wp-content\\\/uploads\\\/2025\\\/07\\\/posts_65fc4c5078c77.webp\",\"contentUrl\":\"https:\\\/\\\/projetoslayerup.com.br\\\/vetnil\\\/wp-content\\\/uploads\\\/2025\\\/07\\\/posts_65fc4c5078c77.webp\",\"width\":1200,\"height\":500},{\"@type\":\"BreadcrumbList\",\"@id\":\"https:\\\/\\\/projetoslayerup.com.br\\\/vetnil\\\/conheca-caracteristicas-dos-cavalos\\\/#breadcrumb\",\"itemListElement\":[{\"@type\":\"ListItem\",\"position\":1,\"name\":\"Home\",\"item\":\"https:\\\/\\\/projetoslayerup.com.br\\\/vetnil\\\/\"},{\"@type\":\"ListItem\",\"position\":2,\"name\":\"CONHE\u00c7A CARACTER\u00cdSTICAS DOS CAVALOS\"}]},{\"@type\":\"WebSite\",\"@id\":\"https:\\\/\\\/projetoslayerup.com.br\\\/vetnil\\\/#website\",\"url\":\"https:\\\/\\\/projetoslayerup.com.br\\\/vetnil\\\/\",\"name\":\"VETNIL\",\"description\":\"Parceira de quem cuida - Sa\u00fade e Bem-estar animal\",\"publisher\":{\"@id\":\"https:\\\/\\\/projetoslayerup.com.br\\\/vetnil\\\/#organization\"},\"potentialAction\":[{\"@type\":\"SearchAction\",\"target\":{\"@type\":\"EntryPoint\",\"urlTemplate\":\"https:\\\/\\\/projetoslayerup.com.br\\\/vetnil\\\/?s={search_term_string}\"},\"query-input\":{\"@type\":\"PropertyValueSpecification\",\"valueRequired\":true,\"valueName\":\"search_term_string\"}}],\"inLanguage\":\"pt-BR\"},{\"@type\":\"Organization\",\"@id\":\"https:\\\/\\\/projetoslayerup.com.br\\\/vetnil\\\/#organization\",\"name\":\"VETNIL\",\"url\":\"https:\\\/\\\/projetoslayerup.com.br\\\/vetnil\\\/\",\"logo\":{\"@type\":\"ImageObject\",\"inLanguage\":\"pt-BR\",\"@id\":\"https:\\\/\\\/projetoslayerup.com.br\\\/vetnil\\\/#\\\/schema\\\/logo\\\/image\\\/\",\"url\":\"https:\\\/\\\/projetoslayerup.com.br\\\/vetnil\\\/wp-content\\\/uploads\\\/2023\\\/09\\\/logo-vetnil.svg\",\"contentUrl\":\"https:\\\/\\\/projetoslayerup.com.br\\\/vetnil\\\/wp-content\\\/uploads\\\/2023\\\/09\\\/logo-vetnil.svg\",\"width\":141,\"height\":25,\"caption\":\"VETNIL\"},\"image\":{\"@id\":\"https:\\\/\\\/projetoslayerup.com.br\\\/vetnil\\\/#\\\/schema\\\/logo\\\/image\\\/\"}},{\"@type\":\"Person\",\"@id\":\"https:\\\/\\\/projetoslayerup.com.br\\\/vetnil\\\/#\\\/schema\\\/person\\\/b5924b46dd7d8b3981950bc7ec88d9b6\",\"name\":\"editorvetnil\",\"image\":{\"@type\":\"ImageObject\",\"inLanguage\":\"pt-BR\",\"@id\":\"https:\\\/\\\/secure.gravatar.com\\\/avatar\\\/12a343ca4d3e5757b29f1ca303d7ea3c71a341d0918ab6fb78ec3f5fdbd6eaea?s=96&d=blank&r=g\",\"url\":\"https:\\\/\\\/secure.gravatar.com\\\/avatar\\\/12a343ca4d3e5757b29f1ca303d7ea3c71a341d0918ab6fb78ec3f5fdbd6eaea?s=96&d=blank&r=g\",\"contentUrl\":\"https:\\\/\\\/secure.gravatar.com\\\/avatar\\\/12a343ca4d3e5757b29f1ca303d7ea3c71a341d0918ab6fb78ec3f5fdbd6eaea?s=96&d=blank&r=g\",\"caption\":\"editorvetnil\"}}]}<\/script>\n<!-- \/ Yoast SEO plugin. -->","yoast_head_json":{"title":"CONHE\u00c7A CARACTER\u00cdSTICAS DOS CAVALOS &#8211; VETNIL","robots":{"index":"noindex","follow":"follow","max-snippet":"max-snippet:-1","max-image-preview":"max-image-preview:large","max-video-preview":"max-video-preview:-1"},"og_locale":"pt_BR","og_type":"article","og_title":"CONHE\u00c7A CARACTER\u00cdSTICAS DOS CAVALOS &#8211; VETNIL","og_description":"H\u00e1 milhares de anos, a rela\u00e7\u00e3o entre os cavalos e os seres humanos vem evoluindo e se fortalecendo constantemente. Entre 3 mil e 4 mil anos a.C. j\u00e1 h\u00e1 relatos sobre cavalos serem aliados nas guerras, e hoje s\u00e3o aliados at\u00e9 mesmo em algumas terapias, como terapias assistidas e reabilita\u00e7\u00f5es. \u201cEsses animais foram pe\u00e7as fundamentais [&hellip;]","og_url":"https:\/\/projetoslayerup.com.br\/vetnil\/conheca-caracteristicas-dos-cavalos\/","og_site_name":"VETNIL","article_published_time":"2024-03-20T14:30:00+00:00","article_modified_time":"2025-07-29T14:15:11+00:00","og_image":[{"width":1200,"height":500,"url":"https:\/\/projetoslayerup.com.br\/vetnil\/wp-content\/uploads\/2025\/07\/posts_65fc4c5078c77.webp","type":"image\/webp"}],"author":"editorvetnil","twitter_card":"summary_large_image","twitter_misc":{"Escrito por":"editorvetnil","Est. tempo de leitura":"6 minutos"},"schema":{"@context":"https:\/\/schema.org","@graph":[{"@type":"Article","@id":"https:\/\/projetoslayerup.com.br\/vetnil\/conheca-caracteristicas-dos-cavalos\/#article","isPartOf":{"@id":"https:\/\/projetoslayerup.com.br\/vetnil\/conheca-caracteristicas-dos-cavalos\/"},"author":{"name":"editorvetnil","@id":"https:\/\/projetoslayerup.com.br\/vetnil\/#\/schema\/person\/b5924b46dd7d8b3981950bc7ec88d9b6"},"headline":"CONHE\u00c7A CARACTER\u00cdSTICAS DOS CAVALOS","datePublished":"2024-03-20T14:30:00+00:00","dateModified":"2025-07-29T14:15:11+00:00","mainEntityOfPage":{"@id":"https:\/\/projetoslayerup.com.br\/vetnil\/conheca-caracteristicas-dos-cavalos\/"},"wordCount":1155,"commentCount":0,"publisher":{"@id":"https:\/\/projetoslayerup.com.br\/vetnil\/#organization"},"image":{"@id":"https:\/\/projetoslayerup.com.br\/vetnil\/conheca-caracteristicas-dos-cavalos\/#primaryimage"},"thumbnailUrl":"https:\/\/projetoslayerup.com.br\/vetnil\/wp-content\/uploads\/2025\/07\/posts_65fc4c5078c77.webp","keywords":["Cavalo"],"articleSection":["Cavalo"],"inLanguage":"pt-BR","potentialAction":[{"@type":"CommentAction","name":"Comment","target":["https:\/\/projetoslayerup.com.br\/vetnil\/conheca-caracteristicas-dos-cavalos\/#respond"]}]},{"@type":"WebPage","@id":"https:\/\/projetoslayerup.com.br\/vetnil\/conheca-caracteristicas-dos-cavalos\/","url":"https:\/\/projetoslayerup.com.br\/vetnil\/conheca-caracteristicas-dos-cavalos\/","name":"CONHE\u00c7A CARACTER\u00cdSTICAS DOS CAVALOS &#8211; VETNIL","isPartOf":{"@id":"https:\/\/projetoslayerup.com.br\/vetnil\/#website"},"primaryImageOfPage":{"@id":"https:\/\/projetoslayerup.com.br\/vetnil\/conheca-caracteristicas-dos-cavalos\/#primaryimage"},"image":{"@id":"https:\/\/projetoslayerup.com.br\/vetnil\/conheca-caracteristicas-dos-cavalos\/#primaryimage"},"thumbnailUrl":"https:\/\/projetoslayerup.com.br\/vetnil\/wp-content\/uploads\/2025\/07\/posts_65fc4c5078c77.webp","datePublished":"2024-03-20T14:30:00+00:00","dateModified":"2025-07-29T14:15:11+00:00","breadcrumb":{"@id":"https:\/\/projetoslayerup.com.br\/vetnil\/conheca-caracteristicas-dos-cavalos\/#breadcrumb"},"inLanguage":"pt-BR","potentialAction":[{"@type":"ReadAction","target":["https:\/\/projetoslayerup.com.br\/vetnil\/conheca-caracteristicas-dos-cavalos\/"]}]},{"@type":"ImageObject","inLanguage":"pt-BR","@id":"https:\/\/projetoslayerup.com.br\/vetnil\/conheca-caracteristicas-dos-cavalos\/#primaryimage","url":"https:\/\/projetoslayerup.com.br\/vetnil\/wp-content\/uploads\/2025\/07\/posts_65fc4c5078c77.webp","contentUrl":"https:\/\/projetoslayerup.com.br\/vetnil\/wp-content\/uploads\/2025\/07\/posts_65fc4c5078c77.webp","width":1200,"height":500},{"@type":"BreadcrumbList","@id":"https:\/\/projetoslayerup.com.br\/vetnil\/conheca-caracteristicas-dos-cavalos\/#breadcrumb","itemListElement":[{"@type":"ListItem","position":1,"name":"Home","item":"https:\/\/projetoslayerup.com.br\/vetnil\/"},{"@type":"ListItem","position":2,"name":"CONHE\u00c7A CARACTER\u00cdSTICAS DOS CAVALOS"}]},{"@type":"WebSite","@id":"https:\/\/projetoslayerup.com.br\/vetnil\/#website","url":"https:\/\/projetoslayerup.com.br\/vetnil\/","name":"VETNIL","description":"Parceira de quem cuida - Sa\u00fade e Bem-estar animal","publisher":{"@id":"https:\/\/projetoslayerup.com.br\/vetnil\/#organization"},"potentialAction":[{"@type":"SearchAction","target":{"@type":"EntryPoint","urlTemplate":"https:\/\/projetoslayerup.com.br\/vetnil\/?s={search_term_string}"},"query-input":{"@type":"PropertyValueSpecification","valueRequired":true,"valueName":"search_term_string"}}],"inLanguage":"pt-BR"},{"@type":"Organization","@id":"https:\/\/projetoslayerup.com.br\/vetnil\/#organization","name":"VETNIL","url":"https:\/\/projetoslayerup.com.br\/vetnil\/","logo":{"@type":"ImageObject","inLanguage":"pt-BR","@id":"https:\/\/projetoslayerup.com.br\/vetnil\/#\/schema\/logo\/image\/","url":"https:\/\/projetoslayerup.com.br\/vetnil\/wp-content\/uploads\/2023\/09\/logo-vetnil.svg","contentUrl":"https:\/\/projetoslayerup.com.br\/vetnil\/wp-content\/uploads\/2023\/09\/logo-vetnil.svg","width":141,"height":25,"caption":"VETNIL"},"image":{"@id":"https:\/\/projetoslayerup.com.br\/vetnil\/#\/schema\/logo\/image\/"}},{"@type":"Person","@id":"https:\/\/projetoslayerup.com.br\/vetnil\/#\/schema\/person\/b5924b46dd7d8b3981950bc7ec88d9b6","name":"editorvetnil","image":{"@type":"ImageObject","inLanguage":"pt-BR","@id":"https:\/\/secure.gravatar.com\/avatar\/12a343ca4d3e5757b29f1ca303d7ea3c71a341d0918ab6fb78ec3f5fdbd6eaea?s=96&d=blank&r=g","url":"https:\/\/secure.gravatar.com\/avatar\/12a343ca4d3e5757b29f1ca303d7ea3c71a341d0918ab6fb78ec3f5fdbd6eaea?s=96&d=blank&r=g","contentUrl":"https:\/\/secure.gravatar.com\/avatar\/12a343ca4d3e5757b29f1ca303d7ea3c71a341d0918ab6fb78ec3f5fdbd6eaea?s=96&d=blank&r=g","caption":"editorvetnil"}}]}},"lang":"pt","translations":{"pt":12637},"pll_sync_post":[],"_links":{"self":[{"href":"https:\/\/projetoslayerup.com.br\/vetnil\/wp-json\/wp\/v2\/posts\/12637","targetHints":{"allow":["GET"]}}],"collection":[{"href":"https:\/\/projetoslayerup.com.br\/vetnil\/wp-json\/wp\/v2\/posts"}],"about":[{"href":"https:\/\/projetoslayerup.com.br\/vetnil\/wp-json\/wp\/v2\/types\/post"}],"author":[{"embeddable":true,"href":"https:\/\/projetoslayerup.com.br\/vetnil\/wp-json\/wp\/v2\/users\/10"}],"replies":[{"embeddable":true,"href":"https:\/\/projetoslayerup.com.br\/vetnil\/wp-json\/wp\/v2\/comments?post=12637"}],"version-history":[{"count":0,"href":"https:\/\/projetoslayerup.com.br\/vetnil\/wp-json\/wp\/v2\/posts\/12637\/revisions"}],"wp:featuredmedia":[{"embeddable":true,"href":"https:\/\/projetoslayerup.com.br\/vetnil\/wp-json\/wp\/v2\/media\/12638"}],"wp:attachment":[{"href":"https:\/\/projetoslayerup.com.br\/vetnil\/wp-json\/wp\/v2\/media?parent=12637"}],"wp:term":[{"taxonomy":"category","embeddable":true,"href":"https:\/\/projetoslayerup.com.br\/vetnil\/wp-json\/wp\/v2\/categories?post=12637"},{"taxonomy":"post_tag","embeddable":true,"href":"https:\/\/projetoslayerup.com.br\/vetnil\/wp-json\/wp\/v2\/tags?post=12637"}],"curies":[{"name":"wp","href":"https:\/\/api.w.org\/{rel}","templated":true}]}}