{"id":13372,"date":"2025-10-07T00:00:00","date_gmt":"2025-10-07T03:00:00","guid":{"rendered":"https:\/\/projetoslayerup.com.br\/vetnil\/?p=13372"},"modified":"2025-12-17T11:01:50","modified_gmt":"2025-12-17T14:01:50","slug":"saude-articular-como-cuidar-das-articulacoes-do-seu-pet-no-inverno","status":"publish","type":"post","link":"https:\/\/projetoslayerup.com.br\/vetnil\/saude-articular-como-cuidar-das-articulacoes-do-seu-pet-no-inverno\/","title":{"rendered":"Sa\u00fade articular: como cuidar das articula\u00e7\u00f5es do seu pet no inverno"},"content":{"rendered":"\n<p>Voc\u00ea j\u00e1 percebeu seu pet mais quietinho, evitando subir no sof\u00e1, brincando menos ou caminhando de forma diferente nos dias frios? Isso pode ser um sinal de que algo n\u00e3o vai bem com a<strong>&nbsp;sa\u00fade articular<\/strong>&nbsp;dele.<\/p>\n\n\n\n<p>Assim como os humanos, os animais podem sentir mais dores nas articula\u00e7\u00f5es no inverno, especialmente aqueles que j\u00e1 apresentam problemas articulares ou com predisposi\u00e7\u00e3o de desenvolvimento de alguma condi\u00e7\u00e3o nessas regi\u00f5es. Por isso, \u00e9 importante ficar atento a qualquer mudan\u00e7a no comportamento.<\/p>\n\n\n\n<p>Neste artigo, explicaremos o que pode afetar a sa\u00fade articular dos animais, como identificar as doen\u00e7as e o mais importante:&nbsp;como cuidar dos pets no inverno!<\/p>\n\n\n\n<h2 class=\"wp-block-heading\"><strong>Como identificar doen\u00e7as articulares nos pets?<\/strong><\/h2>\n\n\n\n<p>Nem sempre \u00e9 f\u00e1cil perceber que algo est\u00e1 errado com as articula\u00e7\u00f5es do seu pet, especialmente porque&nbsp;<strong>muitos animais n\u00e3o demonstram sinais claros, principalmente os felinos<\/strong>. No entanto, alguns ind\u00edcios podem servir de alerta para os tutores:<\/p>\n\n\n\n<h3 class=\"wp-block-heading\"><strong>Dificuldade de movimenta\u00e7\u00e3o<\/strong><\/h3>\n\n\n\n<p>Seu pet pode apresentar dificuldade para realizar movimentos comuns no dia a dia, como se levantar, deitar, subir escadas, entrar ou sair da caixa de areia, ou pular no sof\u00e1. Essa limita\u00e7\u00e3o pode indicar dor ou rigidez nas articula\u00e7\u00f5es.<\/p>\n\n\n\n<p>Para gatos, essa dificuldade de movimenta\u00e7\u00e3o pode&nbsp;<strong>ocasionar em urina e fezes fora da caixa de areia<\/strong>, o que pode erroneamente ser confundido com altera\u00e7\u00f5es cognitivas, mas, na verdade, o gato pode apenas estar com dor para subir na caixa de areia, preferindo urinar fora dela para evitar sentir dor.<\/p>\n\n\n\n<h3 class=\"wp-block-heading\"><strong>Redu\u00e7\u00e3o nas atividades<\/strong><\/h3>\n\n\n\n<p>Se voc\u00ea perceber que seu pet est\u00e1 menos ativo, evitando brincadeiras, se movimentando mais devagar ou mancando, fique de olho! Essa mudan\u00e7a pode ser um sinal de desconforto articular, fazendo com que ele prefira ficar mais tempo deitado.<\/p>\n\n\n\n<p>Os gatos, por sua vez, raramente apresentam sinais claros de dor ou dificuldade de locomo\u00e7\u00e3o. Nessa esp\u00e9cie, sinais sutis como<strong>&nbsp;hesitar subir e descer de lugares mais altos<\/strong>&nbsp;e o&nbsp;<strong>comportamento de autolimpeza menos frequente<\/strong>&nbsp;ou alterado poder\u00e3o ser observados.<\/p>\n\n\n\n<h3 class=\"wp-block-heading\"><strong>Mudan\u00e7a no comportamento<\/strong><\/h3>\n\n\n\n<p>A dor nas articula\u00e7\u00f5es pode deixar o animal mais irritado ou at\u00e9 mesmo mais retra\u00eddo. Altera\u00e7\u00f5es no comportamento, como agressividade, apatia, lambedura excessiva em alguma regi\u00e3o articular, diminuindo a intera\u00e7\u00e3o com o tutor e&nbsp;<strong>relut\u00e2ncia em ser tocado ou escovado<\/strong>&nbsp;podem ser ind\u00edcios de que algo n\u00e3o est\u00e1 bem.&nbsp;<\/p>\n\n\n\n<p>Outro ponto de alerta \u00e9 quando o pet passa a ingerir menos \u00e1gua e comida, al\u00e9m de mudar seus locais de descanso.<\/p>\n\n\n\n<p>Conforme comentado anteriormente, por conta da dor, alguns animais tamb\u00e9m passam a urinar ou defecar em locais incomuns, possivelmente porque sentem dificuldade para se posicionar. Esse comportamento pode ser um sinal de desconforto que precisa ser investigado.<\/p>\n\n\n\n<h2 class=\"wp-block-heading\"><strong>Como cuidar da sa\u00fade articular dos pets no inverno?<\/strong><\/h2>\n\n\n\n<h3 class=\"wp-block-heading\"><strong>1. Mantenha o ambiente aquecido<\/strong><\/h3>\n\n\n\n<p>No inverno, o frio contribui para que haja dor nas articula\u00e7\u00f5es, deixando os pets mais suscet\u00edveis a desconfortos. Por isso, proporcione um ambiente aquecido, com caminhas confort\u00e1veis, mantas e, se poss\u00edvel, lugares com incid\u00eancia de sol.<\/p>\n\n\n\n<p>Al\u00e9m disso,&nbsp;<strong>evite que eles durmam diretamente no ch\u00e3o frio e em \u00e1reas externas<\/strong>, pois isso pode piorar o quadro.<\/p>\n\n\n\n<h3 class=\"wp-block-heading\"><strong>2. Controle do peso e suplementa\u00e7\u00e3o<\/strong><\/h3>\n\n\n\n<p>Manter uma&nbsp;<strong>dieta balanceada<\/strong>&nbsp;\u00e9 fundamental para evitar o sobrepeso do seu pet e reduzir a sobrecarga nas articula\u00e7\u00f5es. Caso seu animal j\u00e1 esteja acima do peso, \u00e9 importante, com o aux\u00edlio de um M\u00e9dico-Veterin\u00e1rio, iniciar um programa de perda de peso de forma adequada, melhorando a qualidade de vida do pet.&nbsp;<\/p>\n\n\n\n<p>Para os animais que apresentam altera\u00e7\u00f5es osteoarticulares ou predisposi\u00e7\u00e3o ao desenvolvimento desses quadros, al\u00e9m do cuidado com a obesidade, pode ser interessante fazer o uso de&nbsp;<strong>suplementos nutricionais<\/strong>&nbsp;que auxiliam na prote\u00e7\u00e3o e manuten\u00e7\u00e3o da cartilagem.<\/p>\n\n\n\n<p>A&nbsp;<strong>Vetnil\u00ae&nbsp;<\/strong>possui em seu portf\u00f3lio o<strong>&nbsp;<a href=\"https:\/\/vetnil.com.br\/produto\/condroton-r\">Condroton\u00ae<\/a><\/strong>, um regenerador articular, com sulfato de condroitina e glucosamina. O medicamento \u00e9 indicado para c\u00e3es para auxiliar os tratamentos de artropatias, al\u00e9m de atuar na profilaxia de doen\u00e7as osteoarticulares.<\/p>\n\n\n\n<p>Ainda, a empresa tamb\u00e9m conta com o&nbsp;<a href=\"https:\/\/vetnil.com.br\/produto\/omega-3-se-r-550-e-1100\"><strong>\u00d4mega 3+SE\u00ae<\/strong><\/a>, suplemento alimentar em c\u00e1psula composto por \u00e1cidos graxos essenciais da fam\u00edlia \u00d4mega 3. Obtido de peixes marinhos de \u00e1guas frias, fornece EPA e DHA na propor\u00e7\u00e3o ideal recomendada por especialistas para c\u00e3es e gatos. Al\u00e9m do \u00d4mega 3, possui tamb\u00e9m Vitamina E Sel\u00eanio, que s\u00e3o elementos com alto poder antioxidante, atuando na preserva\u00e7\u00e3o dos \u00e1cidos graxos, permitindo que EPA e DHA cheguem na concentra\u00e7\u00e3o ideal esperada para os pets.<\/p>\n\n\n\n<h3 class=\"wp-block-heading\"><strong>3. Continue com as atividades f\u00edsicas<\/strong><\/h3>\n\n\n\n<p>O movimento \u00e9 fundamental para&nbsp;<strong>melhorar a circula\u00e7\u00e3o sangu\u00ednea<\/strong>, o que ajuda a relaxar a musculatura e aliviar dores articulares.<\/p>\n\n\n\n<p>Por isso, adapte a rotina de exerc\u00edcios para serem leves, respeitando os limites do pet. Para os c\u00e3es, fa\u00e7a caminhadas curtas e regulares durante os hor\u00e1rios mais quentes do dia. J\u00e1 para os gatos, brincadeiras dentro de casa com alguns recursos s\u00e3o \u00f3timas aliadas. Essas atividades ajudam a evitar o sedentarismo, que pode agravar os problemas articulares e predispor \u00e0 obesidade.<\/p>\n\n\n\n<p>Sess\u00f5es de fisioterapia tamb\u00e9m s\u00e3o altamente recomendadas para animais com mobilidade reduzida, j\u00e1 que s\u00e3o realizadas com um acompanhamento profissional e os exerc\u00edcios s\u00e3o feitos de acordo com a necessidade do animal.<\/p>\n\n\n\n<h3 class=\"wp-block-heading\"><strong>4. Consulte sempre um M\u00e9dico-Veterin\u00e1rio<\/strong><\/h3>\n\n\n\n<p>Por fim, o acompanhamento profissional \u00e9 importante para garantir a qualidade de vida do seu pet. O M\u00e9dico-Veterin\u00e1rio pode realizar exames, indicar tratamentos espec\u00edficos, com medicamentos e suplementos de acordo com cada caso, al\u00e9m de recomendar outras terapias, como&nbsp;<a href=\"https:\/\/vetnil.com.br\/blog\/fisioterapia-para-caes-e-gatos-para-que-serve-e-quando-e-recomendada\">fisioterapia<\/a>, acupuntura e hidroterapia.<\/p>\n\n\n\n<p>Com um cuidado personalizado, \u00e9 poss\u00edvel contribuir para o conforto e a sa\u00fade articular do seu pet durante o inverno e ao longo de todo o ano.<\/p>\n\n\n\n<p>Al\u00e9m disso,&nbsp;<strong>check-ups regulares<\/strong>&nbsp;s\u00e3o importantes para que altera\u00e7\u00f5es e dores nas articula\u00e7\u00f5es sejam identificadas o quanto antes, permitindo interven\u00e7\u00f5es que retardam a progress\u00e3o do quadro e melhorem a qualidade de vida do animal. Durante as<strong>&nbsp;<\/strong>consultas, tamb\u00e9m ser\u00e1 poss\u00edvel identificar se a causa est\u00e1 relacionada a alguma doen\u00e7a ou \u00e9 consequ\u00eancia do&nbsp;<a href=\"https:\/\/vetnil.com.br\/blog\/seu-cao-e-idoso-saiba-como-identificar-e-conheca-5-cuidados-essenciais\">envelhecimento<\/a>&nbsp;natural dos pets, que pode gerar perda de componentes articulares importantes para manter a sa\u00fade osteoarticular.<\/p>\n\n\n\n<p>Se voc\u00ea quer ter acesso a mais informa\u00e7\u00f5es sobre bem-estar dos pets, acesse o&nbsp;<a href=\"https:\/\/vetnil.com.br\/blog?tag=cachorro\">Blog da Vetnil\u00ae<\/a>. L\u00e1, voc\u00ea encontra conte\u00fados completos e atualizados com dicas, orienta\u00e7\u00f5es sobre cuidados veterin\u00e1rios, preven\u00e7\u00e3o de doen\u00e7as e muito mais!<\/p>\n","protected":false},"excerpt":{"rendered":"<p>Voc\u00ea j\u00e1 percebeu seu pet mais quietinho, evitando subir no sof\u00e1, brincando menos ou caminhando de forma diferente nos dias frios? Isso pode ser um sinal de que algo n\u00e3o vai bem com a&nbsp;sa\u00fade articular&nbsp;dele. Assim como os humanos, os animais podem sentir mais dores nas articula\u00e7\u00f5es no inverno, especialmente aqueles que j\u00e1 apresentam problemas [&hellip;]<\/p>\n","protected":false},"author":10,"featured_media":13373,"comment_status":"open","ping_status":"open","sticky":false,"template":"","format":"standard","meta":{"footnotes":""},"categories":[128,130],"tags":[],"class_list":["post-13372","post","type-post","status-publish","format-standard","has-post-thumbnail","hentry","category-cachorro","category-gato"],"yoast_head":"<!-- This site is optimized with the Yoast SEO plugin v27.3 - https:\/\/yoast.com\/product\/yoast-seo-wordpress\/ -->\n<title>Sa\u00fade articular: como cuidar das articula\u00e7\u00f5es do seu pet no inverno &#8211; VETNIL<\/title>\n<meta name=\"robots\" content=\"noindex, follow, max-snippet:-1, max-image-preview:large, max-video-preview:-1\" \/>\n<meta property=\"og:locale\" content=\"pt_BR\" \/>\n<meta property=\"og:type\" content=\"article\" \/>\n<meta property=\"og:title\" content=\"Sa\u00fade articular: como cuidar das articula\u00e7\u00f5es do seu pet no inverno &#8211; VETNIL\" \/>\n<meta property=\"og:description\" content=\"Voc\u00ea j\u00e1 percebeu seu pet mais quietinho, evitando subir no sof\u00e1, brincando menos ou caminhando de forma diferente nos dias frios? Isso pode ser um sinal de que algo n\u00e3o vai bem com a&nbsp;sa\u00fade articular&nbsp;dele. Assim como os humanos, os animais podem sentir mais dores nas articula\u00e7\u00f5es no inverno, especialmente aqueles que j\u00e1 apresentam problemas [&hellip;]\" \/>\n<meta property=\"og:url\" content=\"https:\/\/projetoslayerup.com.br\/vetnil\/saude-articular-como-cuidar-das-articulacoes-do-seu-pet-no-inverno\/\" \/>\n<meta property=\"og:site_name\" content=\"VETNIL\" \/>\n<meta property=\"article:published_time\" content=\"2025-10-07T03:00:00+00:00\" \/>\n<meta property=\"article:modified_time\" content=\"2025-12-17T14:01:50+00:00\" \/>\n<meta property=\"og:image\" content=\"https:\/\/projetoslayerup.com.br\/vetnil\/wp-content\/uploads\/2025\/12\/posts_6894a0310c434.webp\" \/>\n\t<meta property=\"og:image:width\" content=\"1200\" \/>\n\t<meta property=\"og:image:height\" content=\"500\" \/>\n\t<meta property=\"og:image:type\" content=\"image\/webp\" \/>\n<meta name=\"author\" content=\"editorvetnil\" \/>\n<meta name=\"twitter:card\" content=\"summary_large_image\" \/>\n<meta name=\"twitter:label1\" content=\"Escrito por\" \/>\n\t<meta name=\"twitter:data1\" content=\"editorvetnil\" \/>\n\t<meta name=\"twitter:label2\" content=\"Est. tempo de leitura\" \/>\n\t<meta name=\"twitter:data2\" content=\"6 minutos\" \/>\n<script type=\"application\/ld+json\" class=\"yoast-schema-graph\">{\"@context\":\"https:\\\/\\\/schema.org\",\"@graph\":[{\"@type\":\"Article\",\"@id\":\"https:\\\/\\\/projetoslayerup.com.br\\\/vetnil\\\/saude-articular-como-cuidar-das-articulacoes-do-seu-pet-no-inverno\\\/#article\",\"isPartOf\":{\"@id\":\"https:\\\/\\\/projetoslayerup.com.br\\\/vetnil\\\/saude-articular-como-cuidar-das-articulacoes-do-seu-pet-no-inverno\\\/\"},\"author\":{\"name\":\"editorvetnil\",\"@id\":\"https:\\\/\\\/projetoslayerup.com.br\\\/vetnil\\\/#\\\/schema\\\/person\\\/b5924b46dd7d8b3981950bc7ec88d9b6\"},\"headline\":\"Sa\u00fade articular: como cuidar das articula\u00e7\u00f5es do seu pet no inverno\",\"datePublished\":\"2025-10-07T03:00:00+00:00\",\"dateModified\":\"2025-12-17T14:01:50+00:00\",\"mainEntityOfPage\":{\"@id\":\"https:\\\/\\\/projetoslayerup.com.br\\\/vetnil\\\/saude-articular-como-cuidar-das-articulacoes-do-seu-pet-no-inverno\\\/\"},\"wordCount\":1144,\"commentCount\":0,\"publisher\":{\"@id\":\"https:\\\/\\\/projetoslayerup.com.br\\\/vetnil\\\/#organization\"},\"image\":{\"@id\":\"https:\\\/\\\/projetoslayerup.com.br\\\/vetnil\\\/saude-articular-como-cuidar-das-articulacoes-do-seu-pet-no-inverno\\\/#primaryimage\"},\"thumbnailUrl\":\"https:\\\/\\\/projetoslayerup.com.br\\\/vetnil\\\/wp-content\\\/uploads\\\/2025\\\/12\\\/posts_6894a0310c434.webp\",\"articleSection\":[\"Cachorro\",\"Gato\"],\"inLanguage\":\"pt-BR\",\"potentialAction\":[{\"@type\":\"CommentAction\",\"name\":\"Comment\",\"target\":[\"https:\\\/\\\/projetoslayerup.com.br\\\/vetnil\\\/saude-articular-como-cuidar-das-articulacoes-do-seu-pet-no-inverno\\\/#respond\"]}]},{\"@type\":\"WebPage\",\"@id\":\"https:\\\/\\\/projetoslayerup.com.br\\\/vetnil\\\/saude-articular-como-cuidar-das-articulacoes-do-seu-pet-no-inverno\\\/\",\"url\":\"https:\\\/\\\/projetoslayerup.com.br\\\/vetnil\\\/saude-articular-como-cuidar-das-articulacoes-do-seu-pet-no-inverno\\\/\",\"name\":\"Sa\u00fade articular: como cuidar das articula\u00e7\u00f5es do seu pet no inverno &#8211; VETNIL\",\"isPartOf\":{\"@id\":\"https:\\\/\\\/projetoslayerup.com.br\\\/vetnil\\\/#website\"},\"primaryImageOfPage\":{\"@id\":\"https:\\\/\\\/projetoslayerup.com.br\\\/vetnil\\\/saude-articular-como-cuidar-das-articulacoes-do-seu-pet-no-inverno\\\/#primaryimage\"},\"image\":{\"@id\":\"https:\\\/\\\/projetoslayerup.com.br\\\/vetnil\\\/saude-articular-como-cuidar-das-articulacoes-do-seu-pet-no-inverno\\\/#primaryimage\"},\"thumbnailUrl\":\"https:\\\/\\\/projetoslayerup.com.br\\\/vetnil\\\/wp-content\\\/uploads\\\/2025\\\/12\\\/posts_6894a0310c434.webp\",\"datePublished\":\"2025-10-07T03:00:00+00:00\",\"dateModified\":\"2025-12-17T14:01:50+00:00\",\"breadcrumb\":{\"@id\":\"https:\\\/\\\/projetoslayerup.com.br\\\/vetnil\\\/saude-articular-como-cuidar-das-articulacoes-do-seu-pet-no-inverno\\\/#breadcrumb\"},\"inLanguage\":\"pt-BR\",\"potentialAction\":[{\"@type\":\"ReadAction\",\"target\":[\"https:\\\/\\\/projetoslayerup.com.br\\\/vetnil\\\/saude-articular-como-cuidar-das-articulacoes-do-seu-pet-no-inverno\\\/\"]}]},{\"@type\":\"ImageObject\",\"inLanguage\":\"pt-BR\",\"@id\":\"https:\\\/\\\/projetoslayerup.com.br\\\/vetnil\\\/saude-articular-como-cuidar-das-articulacoes-do-seu-pet-no-inverno\\\/#primaryimage\",\"url\":\"https:\\\/\\\/projetoslayerup.com.br\\\/vetnil\\\/wp-content\\\/uploads\\\/2025\\\/12\\\/posts_6894a0310c434.webp\",\"contentUrl\":\"https:\\\/\\\/projetoslayerup.com.br\\\/vetnil\\\/wp-content\\\/uploads\\\/2025\\\/12\\\/posts_6894a0310c434.webp\",\"width\":1200,\"height\":500},{\"@type\":\"BreadcrumbList\",\"@id\":\"https:\\\/\\\/projetoslayerup.com.br\\\/vetnil\\\/saude-articular-como-cuidar-das-articulacoes-do-seu-pet-no-inverno\\\/#breadcrumb\",\"itemListElement\":[{\"@type\":\"ListItem\",\"position\":1,\"name\":\"Home\",\"item\":\"https:\\\/\\\/projetoslayerup.com.br\\\/vetnil\\\/\"},{\"@type\":\"ListItem\",\"position\":2,\"name\":\"Sa\u00fade articular: como cuidar das articula\u00e7\u00f5es do seu pet no inverno\"}]},{\"@type\":\"WebSite\",\"@id\":\"https:\\\/\\\/projetoslayerup.com.br\\\/vetnil\\\/#website\",\"url\":\"https:\\\/\\\/projetoslayerup.com.br\\\/vetnil\\\/\",\"name\":\"VETNIL\",\"description\":\"Parceira de quem cuida - Sa\u00fade e Bem-estar animal\",\"publisher\":{\"@id\":\"https:\\\/\\\/projetoslayerup.com.br\\\/vetnil\\\/#organization\"},\"potentialAction\":[{\"@type\":\"SearchAction\",\"target\":{\"@type\":\"EntryPoint\",\"urlTemplate\":\"https:\\\/\\\/projetoslayerup.com.br\\\/vetnil\\\/?s={search_term_string}\"},\"query-input\":{\"@type\":\"PropertyValueSpecification\",\"valueRequired\":true,\"valueName\":\"search_term_string\"}}],\"inLanguage\":\"pt-BR\"},{\"@type\":\"Organization\",\"@id\":\"https:\\\/\\\/projetoslayerup.com.br\\\/vetnil\\\/#organization\",\"name\":\"VETNIL\",\"url\":\"https:\\\/\\\/projetoslayerup.com.br\\\/vetnil\\\/\",\"logo\":{\"@type\":\"ImageObject\",\"inLanguage\":\"pt-BR\",\"@id\":\"https:\\\/\\\/projetoslayerup.com.br\\\/vetnil\\\/#\\\/schema\\\/logo\\\/image\\\/\",\"url\":\"https:\\\/\\\/projetoslayerup.com.br\\\/vetnil\\\/wp-content\\\/uploads\\\/2023\\\/09\\\/logo-vetnil.svg\",\"contentUrl\":\"https:\\\/\\\/projetoslayerup.com.br\\\/vetnil\\\/wp-content\\\/uploads\\\/2023\\\/09\\\/logo-vetnil.svg\",\"width\":141,\"height\":25,\"caption\":\"VETNIL\"},\"image\":{\"@id\":\"https:\\\/\\\/projetoslayerup.com.br\\\/vetnil\\\/#\\\/schema\\\/logo\\\/image\\\/\"}},{\"@type\":\"Person\",\"@id\":\"https:\\\/\\\/projetoslayerup.com.br\\\/vetnil\\\/#\\\/schema\\\/person\\\/b5924b46dd7d8b3981950bc7ec88d9b6\",\"name\":\"editorvetnil\",\"image\":{\"@type\":\"ImageObject\",\"inLanguage\":\"pt-BR\",\"@id\":\"https:\\\/\\\/secure.gravatar.com\\\/avatar\\\/12a343ca4d3e5757b29f1ca303d7ea3c71a341d0918ab6fb78ec3f5fdbd6eaea?s=96&d=blank&r=g\",\"url\":\"https:\\\/\\\/secure.gravatar.com\\\/avatar\\\/12a343ca4d3e5757b29f1ca303d7ea3c71a341d0918ab6fb78ec3f5fdbd6eaea?s=96&d=blank&r=g\",\"contentUrl\":\"https:\\\/\\\/secure.gravatar.com\\\/avatar\\\/12a343ca4d3e5757b29f1ca303d7ea3c71a341d0918ab6fb78ec3f5fdbd6eaea?s=96&d=blank&r=g\",\"caption\":\"editorvetnil\"}}]}<\/script>\n<!-- \/ Yoast SEO plugin. -->","yoast_head_json":{"title":"Sa\u00fade articular: como cuidar das articula\u00e7\u00f5es do seu pet no inverno &#8211; VETNIL","robots":{"index":"noindex","follow":"follow","max-snippet":"max-snippet:-1","max-image-preview":"max-image-preview:large","max-video-preview":"max-video-preview:-1"},"og_locale":"pt_BR","og_type":"article","og_title":"Sa\u00fade articular: como cuidar das articula\u00e7\u00f5es do seu pet no inverno &#8211; VETNIL","og_description":"Voc\u00ea j\u00e1 percebeu seu pet mais quietinho, evitando subir no sof\u00e1, brincando menos ou caminhando de forma diferente nos dias frios? Isso pode ser um sinal de que algo n\u00e3o vai bem com a&nbsp;sa\u00fade articular&nbsp;dele. Assim como os humanos, os animais podem sentir mais dores nas articula\u00e7\u00f5es no inverno, especialmente aqueles que j\u00e1 apresentam problemas [&hellip;]","og_url":"https:\/\/projetoslayerup.com.br\/vetnil\/saude-articular-como-cuidar-das-articulacoes-do-seu-pet-no-inverno\/","og_site_name":"VETNIL","article_published_time":"2025-10-07T03:00:00+00:00","article_modified_time":"2025-12-17T14:01:50+00:00","og_image":[{"width":1200,"height":500,"url":"https:\/\/projetoslayerup.com.br\/vetnil\/wp-content\/uploads\/2025\/12\/posts_6894a0310c434.webp","type":"image\/webp"}],"author":"editorvetnil","twitter_card":"summary_large_image","twitter_misc":{"Escrito por":"editorvetnil","Est. tempo de leitura":"6 minutos"},"schema":{"@context":"https:\/\/schema.org","@graph":[{"@type":"Article","@id":"https:\/\/projetoslayerup.com.br\/vetnil\/saude-articular-como-cuidar-das-articulacoes-do-seu-pet-no-inverno\/#article","isPartOf":{"@id":"https:\/\/projetoslayerup.com.br\/vetnil\/saude-articular-como-cuidar-das-articulacoes-do-seu-pet-no-inverno\/"},"author":{"name":"editorvetnil","@id":"https:\/\/projetoslayerup.com.br\/vetnil\/#\/schema\/person\/b5924b46dd7d8b3981950bc7ec88d9b6"},"headline":"Sa\u00fade articular: como cuidar das articula\u00e7\u00f5es do seu pet no inverno","datePublished":"2025-10-07T03:00:00+00:00","dateModified":"2025-12-17T14:01:50+00:00","mainEntityOfPage":{"@id":"https:\/\/projetoslayerup.com.br\/vetnil\/saude-articular-como-cuidar-das-articulacoes-do-seu-pet-no-inverno\/"},"wordCount":1144,"commentCount":0,"publisher":{"@id":"https:\/\/projetoslayerup.com.br\/vetnil\/#organization"},"image":{"@id":"https:\/\/projetoslayerup.com.br\/vetnil\/saude-articular-como-cuidar-das-articulacoes-do-seu-pet-no-inverno\/#primaryimage"},"thumbnailUrl":"https:\/\/projetoslayerup.com.br\/vetnil\/wp-content\/uploads\/2025\/12\/posts_6894a0310c434.webp","articleSection":["Cachorro","Gato"],"inLanguage":"pt-BR","potentialAction":[{"@type":"CommentAction","name":"Comment","target":["https:\/\/projetoslayerup.com.br\/vetnil\/saude-articular-como-cuidar-das-articulacoes-do-seu-pet-no-inverno\/#respond"]}]},{"@type":"WebPage","@id":"https:\/\/projetoslayerup.com.br\/vetnil\/saude-articular-como-cuidar-das-articulacoes-do-seu-pet-no-inverno\/","url":"https:\/\/projetoslayerup.com.br\/vetnil\/saude-articular-como-cuidar-das-articulacoes-do-seu-pet-no-inverno\/","name":"Sa\u00fade articular: como cuidar das articula\u00e7\u00f5es do seu pet no inverno &#8211; VETNIL","isPartOf":{"@id":"https:\/\/projetoslayerup.com.br\/vetnil\/#website"},"primaryImageOfPage":{"@id":"https:\/\/projetoslayerup.com.br\/vetnil\/saude-articular-como-cuidar-das-articulacoes-do-seu-pet-no-inverno\/#primaryimage"},"image":{"@id":"https:\/\/projetoslayerup.com.br\/vetnil\/saude-articular-como-cuidar-das-articulacoes-do-seu-pet-no-inverno\/#primaryimage"},"thumbnailUrl":"https:\/\/projetoslayerup.com.br\/vetnil\/wp-content\/uploads\/2025\/12\/posts_6894a0310c434.webp","datePublished":"2025-10-07T03:00:00+00:00","dateModified":"2025-12-17T14:01:50+00:00","breadcrumb":{"@id":"https:\/\/projetoslayerup.com.br\/vetnil\/saude-articular-como-cuidar-das-articulacoes-do-seu-pet-no-inverno\/#breadcrumb"},"inLanguage":"pt-BR","potentialAction":[{"@type":"ReadAction","target":["https:\/\/projetoslayerup.com.br\/vetnil\/saude-articular-como-cuidar-das-articulacoes-do-seu-pet-no-inverno\/"]}]},{"@type":"ImageObject","inLanguage":"pt-BR","@id":"https:\/\/projetoslayerup.com.br\/vetnil\/saude-articular-como-cuidar-das-articulacoes-do-seu-pet-no-inverno\/#primaryimage","url":"https:\/\/projetoslayerup.com.br\/vetnil\/wp-content\/uploads\/2025\/12\/posts_6894a0310c434.webp","contentUrl":"https:\/\/projetoslayerup.com.br\/vetnil\/wp-content\/uploads\/2025\/12\/posts_6894a0310c434.webp","width":1200,"height":500},{"@type":"BreadcrumbList","@id":"https:\/\/projetoslayerup.com.br\/vetnil\/saude-articular-como-cuidar-das-articulacoes-do-seu-pet-no-inverno\/#breadcrumb","itemListElement":[{"@type":"ListItem","position":1,"name":"Home","item":"https:\/\/projetoslayerup.com.br\/vetnil\/"},{"@type":"ListItem","position":2,"name":"Sa\u00fade articular: como cuidar das articula\u00e7\u00f5es do seu pet no inverno"}]},{"@type":"WebSite","@id":"https:\/\/projetoslayerup.com.br\/vetnil\/#website","url":"https:\/\/projetoslayerup.com.br\/vetnil\/","name":"VETNIL","description":"Parceira de quem cuida - Sa\u00fade e Bem-estar animal","publisher":{"@id":"https:\/\/projetoslayerup.com.br\/vetnil\/#organization"},"potentialAction":[{"@type":"SearchAction","target":{"@type":"EntryPoint","urlTemplate":"https:\/\/projetoslayerup.com.br\/vetnil\/?s={search_term_string}"},"query-input":{"@type":"PropertyValueSpecification","valueRequired":true,"valueName":"search_term_string"}}],"inLanguage":"pt-BR"},{"@type":"Organization","@id":"https:\/\/projetoslayerup.com.br\/vetnil\/#organization","name":"VETNIL","url":"https:\/\/projetoslayerup.com.br\/vetnil\/","logo":{"@type":"ImageObject","inLanguage":"pt-BR","@id":"https:\/\/projetoslayerup.com.br\/vetnil\/#\/schema\/logo\/image\/","url":"https:\/\/projetoslayerup.com.br\/vetnil\/wp-content\/uploads\/2023\/09\/logo-vetnil.svg","contentUrl":"https:\/\/projetoslayerup.com.br\/vetnil\/wp-content\/uploads\/2023\/09\/logo-vetnil.svg","width":141,"height":25,"caption":"VETNIL"},"image":{"@id":"https:\/\/projetoslayerup.com.br\/vetnil\/#\/schema\/logo\/image\/"}},{"@type":"Person","@id":"https:\/\/projetoslayerup.com.br\/vetnil\/#\/schema\/person\/b5924b46dd7d8b3981950bc7ec88d9b6","name":"editorvetnil","image":{"@type":"ImageObject","inLanguage":"pt-BR","@id":"https:\/\/secure.gravatar.com\/avatar\/12a343ca4d3e5757b29f1ca303d7ea3c71a341d0918ab6fb78ec3f5fdbd6eaea?s=96&d=blank&r=g","url":"https:\/\/secure.gravatar.com\/avatar\/12a343ca4d3e5757b29f1ca303d7ea3c71a341d0918ab6fb78ec3f5fdbd6eaea?s=96&d=blank&r=g","contentUrl":"https:\/\/secure.gravatar.com\/avatar\/12a343ca4d3e5757b29f1ca303d7ea3c71a341d0918ab6fb78ec3f5fdbd6eaea?s=96&d=blank&r=g","caption":"editorvetnil"}}]}},"lang":"pt","translations":{"pt":13372},"pll_sync_post":[],"_links":{"self":[{"href":"https:\/\/projetoslayerup.com.br\/vetnil\/wp-json\/wp\/v2\/posts\/13372","targetHints":{"allow":["GET"]}}],"collection":[{"href":"https:\/\/projetoslayerup.com.br\/vetnil\/wp-json\/wp\/v2\/posts"}],"about":[{"href":"https:\/\/projetoslayerup.com.br\/vetnil\/wp-json\/wp\/v2\/types\/post"}],"author":[{"embeddable":true,"href":"https:\/\/projetoslayerup.com.br\/vetnil\/wp-json\/wp\/v2\/users\/10"}],"replies":[{"embeddable":true,"href":"https:\/\/projetoslayerup.com.br\/vetnil\/wp-json\/wp\/v2\/comments?post=13372"}],"version-history":[{"count":1,"href":"https:\/\/projetoslayerup.com.br\/vetnil\/wp-json\/wp\/v2\/posts\/13372\/revisions"}],"predecessor-version":[{"id":13374,"href":"https:\/\/projetoslayerup.com.br\/vetnil\/wp-json\/wp\/v2\/posts\/13372\/revisions\/13374"}],"wp:featuredmedia":[{"embeddable":true,"href":"https:\/\/projetoslayerup.com.br\/vetnil\/wp-json\/wp\/v2\/media\/13373"}],"wp:attachment":[{"href":"https:\/\/projetoslayerup.com.br\/vetnil\/wp-json\/wp\/v2\/media?parent=13372"}],"wp:term":[{"taxonomy":"category","embeddable":true,"href":"https:\/\/projetoslayerup.com.br\/vetnil\/wp-json\/wp\/v2\/categories?post=13372"},{"taxonomy":"post_tag","embeddable":true,"href":"https:\/\/projetoslayerup.com.br\/vetnil\/wp-json\/wp\/v2\/tags?post=13372"}],"curies":[{"name":"wp","href":"https:\/\/api.w.org\/{rel}","templated":true}]}}