{"id":13590,"date":"2026-02-03T08:39:00","date_gmt":"2026-02-03T11:39:00","guid":{"rendered":"https:\/\/projetoslayerup.com.br\/vetnil\/?p=13590"},"modified":"2026-02-03T08:41:31","modified_gmt":"2026-02-03T11:41:31","slug":"cuidados-com-a-pele-e-pelagem-dos-pets-no-verao","status":"publish","type":"post","link":"https:\/\/projetoslayerup.com.br\/vetnil\/cuidados-com-a-pele-e-pelagem-dos-pets-no-verao\/","title":{"rendered":"Cuidados com a pele e pelagem dos pets no ver\u00e3o"},"content":{"rendered":"\n<p>No ver\u00e3o, a pele e pelagem dos pets demandam cuidados especiais devido ao <strong>calor<\/strong>, <strong>umidade<\/strong> e aumento na <strong>presen\u00e7a de parasitas<\/strong>. Neste artigo, voc\u00ea encontrar\u00e1 dicas para auxiliar na manuten\u00e7\u00e3o de uma pelagem saud\u00e1vel e pele protegida para seu pet. Confira:<\/p>\n\n\n\n<ul class=\"wp-block-list\">\n<li>Import\u00e2ncia de prote\u00e7\u00e3o solar;<\/li>\n\n\n\n<li>Banhos e escova\u00e7\u00e3o;<\/li>\n\n\n\n<li>Cuidados t\u00f3picos;<\/li>\n\n\n\n<li>Controle de parasitas;<\/li>\n\n\n\n<li>Suplementos e alimenta\u00e7\u00e3o equilibrada.<\/li>\n<\/ul>\n\n\n\n<h2 class=\"wp-block-heading\">O impacto do ver\u00e3o na pele e pelagem dos pets<\/h2>\n\n\n\n<p>A pele \u00e9 o maior \u00f3rg\u00e3o dos c\u00e3es e gatos, funcionando como uma barreira protetora contra agress\u00f5es externas. Os pelos, por sua vez, ajudam a proteger a pele contra <strong>queimaduras solares<\/strong> e outras <strong>agress\u00f5es ambientais<\/strong>, al\u00e9m de auxiliar a regular a temperatura do corpo.&nbsp;<\/p>\n\n\n\n<p>Uma pelagem brilhante e uma pele saud\u00e1vel s\u00e3o sinais de que o pet est\u00e1 <strong>bem nutrido<\/strong> e seu <strong>sistema imunol\u00f3gico est\u00e1 funcionando adequadamente<\/strong>. Em alguns per\u00edodos do ano, principalmente entre as trocas de esta\u00e7\u00f5es, \u00e9 comum observar um aumento na queda de pelos, o que \u00e9 natural devido ao <strong>ciclo piloso<\/strong>. No entanto, \u00e9 importante estar atento a situa\u00e7\u00f5es de queda excessiva de pelos, pois isso pode ser um sinal de <strong>doen\u00e7as de pele <\/strong>ou <strong>defici\u00eancias nutricionais<\/strong>.<\/p>\n\n\n\n<h2 class=\"wp-block-heading\">Dicas para proteger a pele e pelagem do pet no ver\u00e3o<\/h2>\n\n\n\n<h3 class=\"wp-block-heading\">Prote\u00e7\u00e3o solar<\/h3>\n\n\n\n<p>Assim como os humanos, os pets tamb\u00e9m precisam de prote\u00e7\u00e3o contra os raios solares. Aplique <strong>protetor solar espec\u00edfico para pets<\/strong> nas \u00e1reas mais expostas, com pouca pelagem, como as <strong>pontas das orelhas<\/strong>, <strong>focinho<\/strong>, <strong>barriga <\/strong>e <strong>cotovelos<\/strong>.&nbsp;<\/p>\n\n\n\n<p>Animais de <strong>pelagem curta<\/strong> e <strong>branca<\/strong> t\u00eam maior tend\u00eancia a problemas de pele e queimaduras solares. Evite exposi\u00e7\u00e3o direta ao sol nos hor\u00e1rios de maior intensidade, entre <strong>10h e 16h<\/strong>. Para passeios, tamb\u00e9m prefira os primeiros hor\u00e1rios da manh\u00e3 ou o final da tarde. Lembre-se que, mesmo em hor\u00e1rios em que a incid\u00eancia solar esteja mais branda, \u00e9 comum que o solo ainda esteja muito quente. Assim, sempre teste com a palma das m\u00e3os ou planta do p\u00e9 se est\u00e1 confort\u00e1vel, a fim de n\u00e3o lesionar os coxins dos c\u00e3es enquanto passeiam.<\/p>\n\n\n\n<h3 class=\"wp-block-heading\">Banhos e escova\u00e7\u00e3o<\/h3>\n\n\n\n<p>A <strong>escova\u00e7\u00e3o regular<\/strong> \u00e9 ideal para manter a pelagem saud\u00e1vel, <strong>removendo pelos soltos<\/strong>, <strong>melhorando a circula\u00e7\u00e3o sangu\u00ednea<\/strong> e <strong>facilitando a troca de pelos<\/strong>. Principalmente para os gatos, a escova\u00e7\u00e3o di\u00e1ria ajuda a prevenir a <strong>ingest\u00e3o excessiva<\/strong> durante a autolimpeza e a evitar a forma\u00e7\u00e3o de bolas de pelo no trato digestivo. Para c\u00e3es que fazem passeios ao ar livre, banhos mais frequentes podem ser indicados, pois ajudam na <strong>remo\u00e7\u00e3o de sujeiras<\/strong>.&nbsp;<\/p>\n\n\n\n<p>Ao banhar seu pet, opte por produtos espec\u00edficos, como o Shampoo <a href=\"https:\/\/vetnil.com.br\/produto\/pelo-derme-r-hipoalergenico\">Pelo&amp;Derme\u00ae<\/a> Hipoalerg\u00eanico, que hidrata a pele e proporciona pelos macios. Proteja sempre as orelhas e tenha cuidado com a <strong>temperatura da \u00e1gua<\/strong>; o ideal \u00e9 que o banho seja com <strong>\u00e1gua morna<\/strong> ou <strong>fria<\/strong>, evitando temperaturas elevadas. Na secagem, utilize uma <strong>toalha<\/strong> ou <strong>ar frio\/morno<\/strong>, em vez do secador quente, para n\u00e3o desencadear problemas como <strong>queimaduras<\/strong> ou <strong>irrita\u00e7\u00f5es<\/strong>. Sempre conte com a orienta\u00e7\u00e3o de um profissional para ajustar a frequ\u00eancia ideal para cada estilo de vida do pet e sanar demais d\u00favidas.<\/p>\n\n\n\n<h3 class=\"wp-block-heading\">Cuidados t\u00f3picos<\/h3>\n\n\n\n<p>Alguns pets tamb\u00e9m necessitam de <strong>cuidados t\u00f3picos <\/strong>mais espec\u00edficos, principalmente aqueles com pele seca ou condi\u00e7\u00f5es dermatol\u00f3gicas. Para esses casos, podem ser utilizados produtos desenvolvidos especialmente para a pele dos pets, como os da linha Vetnil\u00ae Skin Care:&nbsp;<\/p>\n\n\n\n<ul class=\"wp-block-list\">\n<li><a href=\"https:\/\/vetnil.com.br\/produto\/vetnil-r-skin-care-clean\"><strong>Vetnil\u00ae Skin Care Clean<\/strong><\/a>: spray que cont\u00e9m uma exclusiva combina\u00e7\u00e3o de elementos em sua f\u00f3rmula que atuam de maneira sin\u00e9rgica na promo\u00e7\u00e3o da higiene e limpeza da pele.<br><\/li>\n\n\n\n<li><a href=\"https:\/\/vetnil.com.br\/produto\/vetnil-r-skin-care-defense\"><strong>Vetnil\u00ae Skin Care Defense<\/strong>:<\/a> spray que auxilia no equil\u00edbrio da microbiota da pele, com prebi\u00f3ticos e probi\u00f3ticos, sendo ideal para peles sensibilizadas.<br><\/li>\n\n\n\n<li><a href=\"https:\/\/vetnil.com.br\/produto\/vetnil-r-skin-care-hidrat\"><strong>Vetnil\u00ae Skin Care Hidrat<\/strong>:<\/a> s\u00e9rum de hidrata\u00e7\u00e3o intensa e profunda, que proporciona revitaliza\u00e7\u00e3o e maciez, ideal para todos os tipos de pele.<\/li>\n<\/ul>\n\n\n\n<p><\/p>\n\n\n\n<h3 class=\"wp-block-heading\">Hidrata\u00e7\u00e3o<\/h3>\n\n\n\n<p>O cuidado com a hidrata\u00e7\u00e3o deve ser ainda maior no ver\u00e3o. Deixe sempre <strong>\u00e1gua fresca dispon\u00edvel<\/strong> em diversos pontos da casa e incentive o consumo constante. Troque a \u00e1gua com frequ\u00eancia e ofere\u00e7a \u00e1gua gelada.&nbsp;<\/p>\n\n\n\n<h3 class=\"wp-block-heading\">Suplementa\u00e7\u00e3o e alimenta\u00e7\u00e3o&nbsp;<\/h3>\n\n\n\n<p>A nutri\u00e7\u00e3o \u00e9 fundamental para a sa\u00fade da pele e pelagem dos pets. Suplementos como o <a href=\"https:\/\/vetnil.com.br\/produto\/pelo-derme-r-750-1500-dha-epa\">Pelo&amp;Derme\u00ae Gold<\/a>, formulados com <strong>biotina<\/strong>, <strong>zinco<\/strong>, <strong>vitaminas A e E<\/strong>, <strong>\u00f4mega 3<\/strong> e <strong>\u00f4mega 6<\/strong>, podem ser indicados pelo M\u00e9dico-Veterin\u00e1rio para fortalecimento e manuten\u00e7\u00e3o da estrutura e fun\u00e7\u00e3o da pele e pelos dos animais.<\/p>\n\n\n\n<p>Uma dieta balanceada, completa e de boa qualidade \u00e9 fundamental para manter a pelagem saud\u00e1vel. Consulte um M\u00e9dico-Veterin\u00e1rio para garantir que seu pet receba a quantidade ideal de<strong> amino\u00e1cidos<\/strong>, <strong>vitaminas<\/strong>, <strong>minerais<\/strong> e <strong>\u00e1cidos graxos essenciais<\/strong>.<\/p>\n\n\n\n<h3 class=\"wp-block-heading\">Controle de parasitas<\/h3>\n\n\n\n<p>No ver\u00e3o, a umidade e o calor criam um ambiente mais prop\u00edcio para a prolifera\u00e7\u00e3o de ectoparasitas como<strong> pulgas<\/strong>, <strong>carrapatos<\/strong> e <strong>\u00e1caros<\/strong>. Al\u00e9m de causarem desconforto, esses parasitas podem transmitir doen\u00e7as e desencadear altera\u00e7\u00f5es dermatol\u00f3gicas. Mantenha o controle de ectoparasitas em dia, utilizando <strong>produtos ectoparasiticidas espec\u00edficos<\/strong> recomendados pelo M\u00e9dico-Veterin\u00e1rio.<\/p>\n\n\n\n<p>Al\u00e9m desses parasitas externos, os internos (vermes) tamb\u00e9m encontram condi\u00e7\u00f5es mais favor\u00e1veis para a sobreviv\u00eancia durante o ver\u00e3o, o que aumenta a chance de causarem <strong>infec\u00e7\u00f5es intestinais nos pets<\/strong>. Dessa forma, a aten\u00e7\u00e3o \u00e0 vermifuga\u00e7\u00e3o tamb\u00e9m \u00e9 importante. Lembre-se de consultar o M\u00e9dico-Veterin\u00e1rio para entender quando realizar o tratamento contra os vermes que o pet apresenta. Uma excelente op\u00e7\u00e3o para utilizar nesses casos, pela presen\u00e7a de diferentes ativos que combatem uma ampla gama de vermes, \u00e9 o <a href=\"https:\/\/vetnil.com.br\/produto\/vetmax-r-plus\">Vetmax\u00ae Plus<\/a>.<\/p>\n\n\n\n<h3 class=\"wp-block-heading\">Alergias<\/h3>\n\n\n\n<p>Durante a primavera e ver\u00e3o, muitos pets podem sofrer com <strong>alergias <\/strong>relacionadas \u00e0s caracter\u00edsticas dessas esta\u00e7\u00f5es, como o aumento de p\u00f3len no ambiente. Os sinais incluem <strong>coceiras<\/strong>, <strong>vermelhid\u00e3o na pele<\/strong>, <strong>irrita\u00e7\u00e3o ocular<\/strong>, <strong>lambedura excessiva<\/strong>, <strong>perda acentuada de pelo<\/strong> e at\u00e9 <strong>dificuldade respirat\u00f3ria<\/strong>. Se notar algum desses sinais, \u00e9 importante buscar orienta\u00e7\u00e3o veterin\u00e1ria para diagnosticar e tratar a alergia corretamente.<\/p>\n\n\n\n<p>Al\u00e9m disso, alguns processos al\u00e9rgicos que o pet apresentava, e que j\u00e1 estavam controlados com medica\u00e7\u00f5es e terapias t\u00f3picas espec\u00edficas, podem recidivar durante essa \u00e9poca devido ao maior n\u00famero de al\u00e9rgenos (subst\u00e2ncias que causam alergia) no ambiente. \u00c9 fundamental consultar o m\u00e9dico-veterin\u00e1rio caso seu pet volte a apresentar alguns sinais, para que haja uma <strong>adapta\u00e7\u00e3o na terapia<\/strong> e <strong>manuten\u00e7\u00e3o do bem-estar<\/strong>.<\/p>\n\n\n\n<h3 class=\"wp-block-heading\">Cuidados com ra\u00e7as espec\u00edficas<\/h3>\n\n\n\n<p>Pets de pelagem longa ou pele sens\u00edvel exigem cuidados espec\u00edficos e podem se beneficiar de <strong>tosas higi\u00eanicas regulares <\/strong>para <strong>evitar o ac\u00famulo de pelos soltos<\/strong>. Sempre consulte um profissional para garantir o procedimento correto, conforme as necessidades individuais do animal.<\/p>\n\n\n\n<p>Quer saber mais sobre como manter a pelagem do seu pet saud\u00e1vel no ver\u00e3o? Acesse nosso site e confira os produtos da linha <strong>Vetnil<\/strong><strong>\u00ae<\/strong> que podem ajudar seu companheiro a atravessar a esta\u00e7\u00e3o com mais tranquilidade.&nbsp;<\/p>\n\n\n\n<p>Vetnil\u00ae, parceira de quem cuida!<\/p>\n\n\n\n<h3 class=\"wp-block-heading\"><\/h3>\n","protected":false},"excerpt":{"rendered":"<p>No ver\u00e3o, a pele e pelagem dos pets demandam cuidados especiais devido ao calor, umidade e aumento na presen\u00e7a de parasitas. Neste artigo, voc\u00ea encontrar\u00e1 dicas para auxiliar na manuten\u00e7\u00e3o de uma pelagem saud\u00e1vel e pele protegida para seu pet. Confira: O impacto do ver\u00e3o na pele e pelagem dos pets A pele \u00e9 o [&hellip;]<\/p>\n","protected":false},"author":10,"featured_media":13591,"comment_status":"open","ping_status":"open","sticky":false,"template":"","format":"standard","meta":{"footnotes":""},"categories":[128,130],"tags":[6825,6827,15234,15232,15230],"class_list":["post-13590","post","type-post","status-publish","format-standard","has-post-thumbnail","hentry","category-cachorro","category-gato","tag-cachorro","tag-gato","tag-pelagem","tag-pele","tag-verao"],"yoast_head":"<!-- This site is optimized with the Yoast SEO plugin v27.3 - https:\/\/yoast.com\/product\/yoast-seo-wordpress\/ -->\n<title>Cuidados com a pele e pelagem dos pets no ver\u00e3o &#8211; VETNIL<\/title>\n<meta name=\"description\" content=\"O ver\u00e3o exige cuidados especiais com a pele e pelagem dos pets. Confira dicas de hidrata\u00e7\u00e3o, prote\u00e7\u00e3o solar e escova\u00e7\u00e3o para garantir o bem-estar animal.\" \/>\n<meta name=\"robots\" content=\"noindex, follow, max-snippet:-1, max-image-preview:large, max-video-preview:-1\" \/>\n<meta property=\"og:locale\" content=\"pt_BR\" \/>\n<meta property=\"og:type\" content=\"article\" \/>\n<meta property=\"og:title\" content=\"Cuidados com a pele e pelagem dos pets no ver\u00e3o &#8211; VETNIL\" \/>\n<meta property=\"og:description\" content=\"O ver\u00e3o exige cuidados especiais com a pele e pelagem dos pets. Confira dicas de hidrata\u00e7\u00e3o, prote\u00e7\u00e3o solar e escova\u00e7\u00e3o para garantir o bem-estar animal.\" \/>\n<meta property=\"og:url\" content=\"https:\/\/projetoslayerup.com.br\/vetnil\/cuidados-com-a-pele-e-pelagem-dos-pets-no-verao\/\" \/>\n<meta property=\"og:site_name\" content=\"VETNIL\" \/>\n<meta property=\"article:published_time\" content=\"2026-02-03T11:39:00+00:00\" \/>\n<meta property=\"article:modified_time\" content=\"2026-02-03T11:41:31+00:00\" \/>\n<meta property=\"og:image\" content=\"https:\/\/projetoslayerup.com.br\/vetnil\/wp-content\/uploads\/2026\/02\/VET-BP-HEADER-FEV-2026.png\" \/>\n\t<meta property=\"og:image:width\" content=\"1200\" \/>\n\t<meta property=\"og:image:height\" content=\"500\" \/>\n\t<meta property=\"og:image:type\" content=\"image\/png\" \/>\n<meta name=\"author\" content=\"editorvetnil\" \/>\n<meta name=\"twitter:card\" content=\"summary_large_image\" \/>\n<meta name=\"twitter:label1\" content=\"Escrito por\" \/>\n\t<meta name=\"twitter:data1\" content=\"editorvetnil\" \/>\n\t<meta name=\"twitter:label2\" content=\"Est. tempo de leitura\" \/>\n\t<meta name=\"twitter:data2\" content=\"7 minutos\" \/>\n<script type=\"application\/ld+json\" class=\"yoast-schema-graph\">{\"@context\":\"https:\\\/\\\/schema.org\",\"@graph\":[{\"@type\":\"Article\",\"@id\":\"https:\\\/\\\/projetoslayerup.com.br\\\/vetnil\\\/cuidados-com-a-pele-e-pelagem-dos-pets-no-verao\\\/#article\",\"isPartOf\":{\"@id\":\"https:\\\/\\\/projetoslayerup.com.br\\\/vetnil\\\/cuidados-com-a-pele-e-pelagem-dos-pets-no-verao\\\/\"},\"author\":{\"name\":\"editorvetnil\",\"@id\":\"https:\\\/\\\/projetoslayerup.com.br\\\/vetnil\\\/#\\\/schema\\\/person\\\/b5924b46dd7d8b3981950bc7ec88d9b6\"},\"headline\":\"Cuidados com a pele e pelagem dos pets no ver\u00e3o\",\"datePublished\":\"2026-02-03T11:39:00+00:00\",\"dateModified\":\"2026-02-03T11:41:31+00:00\",\"mainEntityOfPage\":{\"@id\":\"https:\\\/\\\/projetoslayerup.com.br\\\/vetnil\\\/cuidados-com-a-pele-e-pelagem-dos-pets-no-verao\\\/\"},\"wordCount\":1223,\"commentCount\":0,\"publisher\":{\"@id\":\"https:\\\/\\\/projetoslayerup.com.br\\\/vetnil\\\/#organization\"},\"image\":{\"@id\":\"https:\\\/\\\/projetoslayerup.com.br\\\/vetnil\\\/cuidados-com-a-pele-e-pelagem-dos-pets-no-verao\\\/#primaryimage\"},\"thumbnailUrl\":\"https:\\\/\\\/projetoslayerup.com.br\\\/vetnil\\\/wp-content\\\/uploads\\\/2026\\\/02\\\/VET-BP-HEADER-FEV-2026.png\",\"keywords\":[\"cachorro\",\"gato\",\"pelagem\",\"pele\",\"ver\u00e3o\"],\"articleSection\":[\"Cachorro\",\"Gato\"],\"inLanguage\":\"pt-BR\",\"potentialAction\":[{\"@type\":\"CommentAction\",\"name\":\"Comment\",\"target\":[\"https:\\\/\\\/projetoslayerup.com.br\\\/vetnil\\\/cuidados-com-a-pele-e-pelagem-dos-pets-no-verao\\\/#respond\"]}]},{\"@type\":\"WebPage\",\"@id\":\"https:\\\/\\\/projetoslayerup.com.br\\\/vetnil\\\/cuidados-com-a-pele-e-pelagem-dos-pets-no-verao\\\/\",\"url\":\"https:\\\/\\\/projetoslayerup.com.br\\\/vetnil\\\/cuidados-com-a-pele-e-pelagem-dos-pets-no-verao\\\/\",\"name\":\"Cuidados com a pele e pelagem dos pets no ver\u00e3o &#8211; VETNIL\",\"isPartOf\":{\"@id\":\"https:\\\/\\\/projetoslayerup.com.br\\\/vetnil\\\/#website\"},\"primaryImageOfPage\":{\"@id\":\"https:\\\/\\\/projetoslayerup.com.br\\\/vetnil\\\/cuidados-com-a-pele-e-pelagem-dos-pets-no-verao\\\/#primaryimage\"},\"image\":{\"@id\":\"https:\\\/\\\/projetoslayerup.com.br\\\/vetnil\\\/cuidados-com-a-pele-e-pelagem-dos-pets-no-verao\\\/#primaryimage\"},\"thumbnailUrl\":\"https:\\\/\\\/projetoslayerup.com.br\\\/vetnil\\\/wp-content\\\/uploads\\\/2026\\\/02\\\/VET-BP-HEADER-FEV-2026.png\",\"datePublished\":\"2026-02-03T11:39:00+00:00\",\"dateModified\":\"2026-02-03T11:41:31+00:00\",\"description\":\"O ver\u00e3o exige cuidados especiais com a pele e pelagem dos pets. Confira dicas de hidrata\u00e7\u00e3o, prote\u00e7\u00e3o solar e escova\u00e7\u00e3o para garantir o bem-estar animal.\",\"breadcrumb\":{\"@id\":\"https:\\\/\\\/projetoslayerup.com.br\\\/vetnil\\\/cuidados-com-a-pele-e-pelagem-dos-pets-no-verao\\\/#breadcrumb\"},\"inLanguage\":\"pt-BR\",\"potentialAction\":[{\"@type\":\"ReadAction\",\"target\":[\"https:\\\/\\\/projetoslayerup.com.br\\\/vetnil\\\/cuidados-com-a-pele-e-pelagem-dos-pets-no-verao\\\/\"]}]},{\"@type\":\"ImageObject\",\"inLanguage\":\"pt-BR\",\"@id\":\"https:\\\/\\\/projetoslayerup.com.br\\\/vetnil\\\/cuidados-com-a-pele-e-pelagem-dos-pets-no-verao\\\/#primaryimage\",\"url\":\"https:\\\/\\\/projetoslayerup.com.br\\\/vetnil\\\/wp-content\\\/uploads\\\/2026\\\/02\\\/VET-BP-HEADER-FEV-2026.png\",\"contentUrl\":\"https:\\\/\\\/projetoslayerup.com.br\\\/vetnil\\\/wp-content\\\/uploads\\\/2026\\\/02\\\/VET-BP-HEADER-FEV-2026.png\",\"width\":1200,\"height\":500,\"caption\":\"Cachorro branco e marrom com olhar carinhoso\"},{\"@type\":\"BreadcrumbList\",\"@id\":\"https:\\\/\\\/projetoslayerup.com.br\\\/vetnil\\\/cuidados-com-a-pele-e-pelagem-dos-pets-no-verao\\\/#breadcrumb\",\"itemListElement\":[{\"@type\":\"ListItem\",\"position\":1,\"name\":\"Home\",\"item\":\"https:\\\/\\\/projetoslayerup.com.br\\\/vetnil\\\/\"},{\"@type\":\"ListItem\",\"position\":2,\"name\":\"Cuidados com a pele e pelagem dos pets no ver\u00e3o\"}]},{\"@type\":\"WebSite\",\"@id\":\"https:\\\/\\\/projetoslayerup.com.br\\\/vetnil\\\/#website\",\"url\":\"https:\\\/\\\/projetoslayerup.com.br\\\/vetnil\\\/\",\"name\":\"VETNIL\",\"description\":\"Parceira de quem cuida - Sa\u00fade e Bem-estar animal\",\"publisher\":{\"@id\":\"https:\\\/\\\/projetoslayerup.com.br\\\/vetnil\\\/#organization\"},\"potentialAction\":[{\"@type\":\"SearchAction\",\"target\":{\"@type\":\"EntryPoint\",\"urlTemplate\":\"https:\\\/\\\/projetoslayerup.com.br\\\/vetnil\\\/?s={search_term_string}\"},\"query-input\":{\"@type\":\"PropertyValueSpecification\",\"valueRequired\":true,\"valueName\":\"search_term_string\"}}],\"inLanguage\":\"pt-BR\"},{\"@type\":\"Organization\",\"@id\":\"https:\\\/\\\/projetoslayerup.com.br\\\/vetnil\\\/#organization\",\"name\":\"VETNIL\",\"url\":\"https:\\\/\\\/projetoslayerup.com.br\\\/vetnil\\\/\",\"logo\":{\"@type\":\"ImageObject\",\"inLanguage\":\"pt-BR\",\"@id\":\"https:\\\/\\\/projetoslayerup.com.br\\\/vetnil\\\/#\\\/schema\\\/logo\\\/image\\\/\",\"url\":\"https:\\\/\\\/projetoslayerup.com.br\\\/vetnil\\\/wp-content\\\/uploads\\\/2023\\\/09\\\/logo-vetnil.svg\",\"contentUrl\":\"https:\\\/\\\/projetoslayerup.com.br\\\/vetnil\\\/wp-content\\\/uploads\\\/2023\\\/09\\\/logo-vetnil.svg\",\"width\":141,\"height\":25,\"caption\":\"VETNIL\"},\"image\":{\"@id\":\"https:\\\/\\\/projetoslayerup.com.br\\\/vetnil\\\/#\\\/schema\\\/logo\\\/image\\\/\"}},{\"@type\":\"Person\",\"@id\":\"https:\\\/\\\/projetoslayerup.com.br\\\/vetnil\\\/#\\\/schema\\\/person\\\/b5924b46dd7d8b3981950bc7ec88d9b6\",\"name\":\"editorvetnil\",\"image\":{\"@type\":\"ImageObject\",\"inLanguage\":\"pt-BR\",\"@id\":\"https:\\\/\\\/secure.gravatar.com\\\/avatar\\\/12a343ca4d3e5757b29f1ca303d7ea3c71a341d0918ab6fb78ec3f5fdbd6eaea?s=96&d=blank&r=g\",\"url\":\"https:\\\/\\\/secure.gravatar.com\\\/avatar\\\/12a343ca4d3e5757b29f1ca303d7ea3c71a341d0918ab6fb78ec3f5fdbd6eaea?s=96&d=blank&r=g\",\"contentUrl\":\"https:\\\/\\\/secure.gravatar.com\\\/avatar\\\/12a343ca4d3e5757b29f1ca303d7ea3c71a341d0918ab6fb78ec3f5fdbd6eaea?s=96&d=blank&r=g\",\"caption\":\"editorvetnil\"}}]}<\/script>\n<!-- \/ Yoast SEO plugin. -->","yoast_head_json":{"title":"Cuidados com a pele e pelagem dos pets no ver\u00e3o &#8211; VETNIL","description":"O ver\u00e3o exige cuidados especiais com a pele e pelagem dos pets. Confira dicas de hidrata\u00e7\u00e3o, prote\u00e7\u00e3o solar e escova\u00e7\u00e3o para garantir o bem-estar animal.","robots":{"index":"noindex","follow":"follow","max-snippet":"max-snippet:-1","max-image-preview":"max-image-preview:large","max-video-preview":"max-video-preview:-1"},"og_locale":"pt_BR","og_type":"article","og_title":"Cuidados com a pele e pelagem dos pets no ver\u00e3o &#8211; VETNIL","og_description":"O ver\u00e3o exige cuidados especiais com a pele e pelagem dos pets. Confira dicas de hidrata\u00e7\u00e3o, prote\u00e7\u00e3o solar e escova\u00e7\u00e3o para garantir o bem-estar animal.","og_url":"https:\/\/projetoslayerup.com.br\/vetnil\/cuidados-com-a-pele-e-pelagem-dos-pets-no-verao\/","og_site_name":"VETNIL","article_published_time":"2026-02-03T11:39:00+00:00","article_modified_time":"2026-02-03T11:41:31+00:00","og_image":[{"width":1200,"height":500,"url":"https:\/\/projetoslayerup.com.br\/vetnil\/wp-content\/uploads\/2026\/02\/VET-BP-HEADER-FEV-2026.png","type":"image\/png"}],"author":"editorvetnil","twitter_card":"summary_large_image","twitter_misc":{"Escrito por":"editorvetnil","Est. tempo de leitura":"7 minutos"},"schema":{"@context":"https:\/\/schema.org","@graph":[{"@type":"Article","@id":"https:\/\/projetoslayerup.com.br\/vetnil\/cuidados-com-a-pele-e-pelagem-dos-pets-no-verao\/#article","isPartOf":{"@id":"https:\/\/projetoslayerup.com.br\/vetnil\/cuidados-com-a-pele-e-pelagem-dos-pets-no-verao\/"},"author":{"name":"editorvetnil","@id":"https:\/\/projetoslayerup.com.br\/vetnil\/#\/schema\/person\/b5924b46dd7d8b3981950bc7ec88d9b6"},"headline":"Cuidados com a pele e pelagem dos pets no ver\u00e3o","datePublished":"2026-02-03T11:39:00+00:00","dateModified":"2026-02-03T11:41:31+00:00","mainEntityOfPage":{"@id":"https:\/\/projetoslayerup.com.br\/vetnil\/cuidados-com-a-pele-e-pelagem-dos-pets-no-verao\/"},"wordCount":1223,"commentCount":0,"publisher":{"@id":"https:\/\/projetoslayerup.com.br\/vetnil\/#organization"},"image":{"@id":"https:\/\/projetoslayerup.com.br\/vetnil\/cuidados-com-a-pele-e-pelagem-dos-pets-no-verao\/#primaryimage"},"thumbnailUrl":"https:\/\/projetoslayerup.com.br\/vetnil\/wp-content\/uploads\/2026\/02\/VET-BP-HEADER-FEV-2026.png","keywords":["cachorro","gato","pelagem","pele","ver\u00e3o"],"articleSection":["Cachorro","Gato"],"inLanguage":"pt-BR","potentialAction":[{"@type":"CommentAction","name":"Comment","target":["https:\/\/projetoslayerup.com.br\/vetnil\/cuidados-com-a-pele-e-pelagem-dos-pets-no-verao\/#respond"]}]},{"@type":"WebPage","@id":"https:\/\/projetoslayerup.com.br\/vetnil\/cuidados-com-a-pele-e-pelagem-dos-pets-no-verao\/","url":"https:\/\/projetoslayerup.com.br\/vetnil\/cuidados-com-a-pele-e-pelagem-dos-pets-no-verao\/","name":"Cuidados com a pele e pelagem dos pets no ver\u00e3o &#8211; VETNIL","isPartOf":{"@id":"https:\/\/projetoslayerup.com.br\/vetnil\/#website"},"primaryImageOfPage":{"@id":"https:\/\/projetoslayerup.com.br\/vetnil\/cuidados-com-a-pele-e-pelagem-dos-pets-no-verao\/#primaryimage"},"image":{"@id":"https:\/\/projetoslayerup.com.br\/vetnil\/cuidados-com-a-pele-e-pelagem-dos-pets-no-verao\/#primaryimage"},"thumbnailUrl":"https:\/\/projetoslayerup.com.br\/vetnil\/wp-content\/uploads\/2026\/02\/VET-BP-HEADER-FEV-2026.png","datePublished":"2026-02-03T11:39:00+00:00","dateModified":"2026-02-03T11:41:31+00:00","description":"O ver\u00e3o exige cuidados especiais com a pele e pelagem dos pets. Confira dicas de hidrata\u00e7\u00e3o, prote\u00e7\u00e3o solar e escova\u00e7\u00e3o para garantir o bem-estar animal.","breadcrumb":{"@id":"https:\/\/projetoslayerup.com.br\/vetnil\/cuidados-com-a-pele-e-pelagem-dos-pets-no-verao\/#breadcrumb"},"inLanguage":"pt-BR","potentialAction":[{"@type":"ReadAction","target":["https:\/\/projetoslayerup.com.br\/vetnil\/cuidados-com-a-pele-e-pelagem-dos-pets-no-verao\/"]}]},{"@type":"ImageObject","inLanguage":"pt-BR","@id":"https:\/\/projetoslayerup.com.br\/vetnil\/cuidados-com-a-pele-e-pelagem-dos-pets-no-verao\/#primaryimage","url":"https:\/\/projetoslayerup.com.br\/vetnil\/wp-content\/uploads\/2026\/02\/VET-BP-HEADER-FEV-2026.png","contentUrl":"https:\/\/projetoslayerup.com.br\/vetnil\/wp-content\/uploads\/2026\/02\/VET-BP-HEADER-FEV-2026.png","width":1200,"height":500,"caption":"Cachorro branco e marrom com olhar carinhoso"},{"@type":"BreadcrumbList","@id":"https:\/\/projetoslayerup.com.br\/vetnil\/cuidados-com-a-pele-e-pelagem-dos-pets-no-verao\/#breadcrumb","itemListElement":[{"@type":"ListItem","position":1,"name":"Home","item":"https:\/\/projetoslayerup.com.br\/vetnil\/"},{"@type":"ListItem","position":2,"name":"Cuidados com a pele e pelagem dos pets no ver\u00e3o"}]},{"@type":"WebSite","@id":"https:\/\/projetoslayerup.com.br\/vetnil\/#website","url":"https:\/\/projetoslayerup.com.br\/vetnil\/","name":"VETNIL","description":"Parceira de quem cuida - Sa\u00fade e Bem-estar animal","publisher":{"@id":"https:\/\/projetoslayerup.com.br\/vetnil\/#organization"},"potentialAction":[{"@type":"SearchAction","target":{"@type":"EntryPoint","urlTemplate":"https:\/\/projetoslayerup.com.br\/vetnil\/?s={search_term_string}"},"query-input":{"@type":"PropertyValueSpecification","valueRequired":true,"valueName":"search_term_string"}}],"inLanguage":"pt-BR"},{"@type":"Organization","@id":"https:\/\/projetoslayerup.com.br\/vetnil\/#organization","name":"VETNIL","url":"https:\/\/projetoslayerup.com.br\/vetnil\/","logo":{"@type":"ImageObject","inLanguage":"pt-BR","@id":"https:\/\/projetoslayerup.com.br\/vetnil\/#\/schema\/logo\/image\/","url":"https:\/\/projetoslayerup.com.br\/vetnil\/wp-content\/uploads\/2023\/09\/logo-vetnil.svg","contentUrl":"https:\/\/projetoslayerup.com.br\/vetnil\/wp-content\/uploads\/2023\/09\/logo-vetnil.svg","width":141,"height":25,"caption":"VETNIL"},"image":{"@id":"https:\/\/projetoslayerup.com.br\/vetnil\/#\/schema\/logo\/image\/"}},{"@type":"Person","@id":"https:\/\/projetoslayerup.com.br\/vetnil\/#\/schema\/person\/b5924b46dd7d8b3981950bc7ec88d9b6","name":"editorvetnil","image":{"@type":"ImageObject","inLanguage":"pt-BR","@id":"https:\/\/secure.gravatar.com\/avatar\/12a343ca4d3e5757b29f1ca303d7ea3c71a341d0918ab6fb78ec3f5fdbd6eaea?s=96&d=blank&r=g","url":"https:\/\/secure.gravatar.com\/avatar\/12a343ca4d3e5757b29f1ca303d7ea3c71a341d0918ab6fb78ec3f5fdbd6eaea?s=96&d=blank&r=g","contentUrl":"https:\/\/secure.gravatar.com\/avatar\/12a343ca4d3e5757b29f1ca303d7ea3c71a341d0918ab6fb78ec3f5fdbd6eaea?s=96&d=blank&r=g","caption":"editorvetnil"}}]}},"lang":"pt","translations":{"pt":13590},"pll_sync_post":[],"_links":{"self":[{"href":"https:\/\/projetoslayerup.com.br\/vetnil\/wp-json\/wp\/v2\/posts\/13590","targetHints":{"allow":["GET"]}}],"collection":[{"href":"https:\/\/projetoslayerup.com.br\/vetnil\/wp-json\/wp\/v2\/posts"}],"about":[{"href":"https:\/\/projetoslayerup.com.br\/vetnil\/wp-json\/wp\/v2\/types\/post"}],"author":[{"embeddable":true,"href":"https:\/\/projetoslayerup.com.br\/vetnil\/wp-json\/wp\/v2\/users\/10"}],"replies":[{"embeddable":true,"href":"https:\/\/projetoslayerup.com.br\/vetnil\/wp-json\/wp\/v2\/comments?post=13590"}],"version-history":[{"count":2,"href":"https:\/\/projetoslayerup.com.br\/vetnil\/wp-json\/wp\/v2\/posts\/13590\/revisions"}],"predecessor-version":[{"id":13593,"href":"https:\/\/projetoslayerup.com.br\/vetnil\/wp-json\/wp\/v2\/posts\/13590\/revisions\/13593"}],"wp:featuredmedia":[{"embeddable":true,"href":"https:\/\/projetoslayerup.com.br\/vetnil\/wp-json\/wp\/v2\/media\/13591"}],"wp:attachment":[{"href":"https:\/\/projetoslayerup.com.br\/vetnil\/wp-json\/wp\/v2\/media?parent=13590"}],"wp:term":[{"taxonomy":"category","embeddable":true,"href":"https:\/\/projetoslayerup.com.br\/vetnil\/wp-json\/wp\/v2\/categories?post=13590"},{"taxonomy":"post_tag","embeddable":true,"href":"https:\/\/projetoslayerup.com.br\/vetnil\/wp-json\/wp\/v2\/tags?post=13590"}],"curies":[{"name":"wp","href":"https:\/\/api.w.org\/{rel}","templated":true}]}}