{"id":1863,"date":"2023-12-13T06:39:25","date_gmt":"2023-12-13T09:39:25","guid":{"rendered":"https:\/\/projetoslayerup.com.br\/vetnil\/?p=1863"},"modified":"2024-03-18T11:59:30","modified_gmt":"2024-03-18T14:59:30","slug":"filhotes-os-cuidados-nos-primeiros-dias-de-vida-com-caes-e-gatos","status":"publish","type":"post","link":"https:\/\/projetoslayerup.com.br\/vetnil\/filhotes-os-cuidados-nos-primeiros-dias-de-vida-com-caes-e-gatos\/","title":{"rendered":"FILHOTES: OS CUIDADOS NOS PRIMEIROS DIAS DE VIDA COM C\u00c3ES E GATOS"},"content":{"rendered":"\n<p>O per\u00edodo pedi\u00e1trico, entre o nascimento at\u00e9,&nbsp; aproximadamente, 6 meses de vida, \u00e9 uma das fases mais importantes no desenvolvimento de c\u00e3es e gatos. Os rec\u00e9m-nascidos e os filhotes s\u00e3o suscet\u00edveis a in\u00fameras doen\u00e7as e precisam de cuidados espec\u00edficos para que tenham uma boa qualidade de vida, assim como um bom estado de sa\u00fade geral.<\/p>\n\n\n\n<p>Por\u00e9m, mesmo assim, muitos tutores desconhecem alguns processos necess\u00e1rios durante o crescimento e desenvolvimento dos c\u00e3es e gatos, deixando de lado fatores importantes que fazem toda a diferen\u00e7a para a vida dos pequenos de quatro patas.<\/p>\n\n\n\n<p>Pensando nisso, separamos algumas informa\u00e7\u00f5es extremamente importantes para que voc\u00ea possa saber como construir uma rotina de cuidados com os filhotes nos primeiros meses de vida, protegendo-os para que cres\u00e7am saud\u00e1veis e felizes.<\/p>\n\n\n\n<h2 class=\"wp-block-heading\"><strong>Antes de tudo:&nbsp; voc\u00ea sabe o que \u00e9 considerado um filhote?<\/strong><\/h2>\n\n\n\n<p>Assim como os humanos possuem nomenclaturas diferentes para momentos e etapas diferentes da vida, os felinos e caninos n\u00e3o seriam diferentes. Na veterin\u00e1ria existem diferentes est\u00e1gios para as fases de crescimento\/desenvolvimento animal e cuidados espec\u00edficos para cada uma&nbsp;<\/p>\n\n\n\n<p>Os conhecidos como&nbsp;<strong>neonatos<\/strong>&nbsp;s\u00e3o os&nbsp;<strong>filhotes rec\u00e9m-nascidos<\/strong>&nbsp;que t\u00eam poucos dias de vida e precisam de acompanhamento materno, al\u00e9m de cuidados mais intensos com sua temperatura, hidrata\u00e7\u00e3o, glicemia, etc. Ou seja, s\u00e3o cuidados mais delicados e que exigem o acompanhamento de um profissional durante o seu desenvolvimento, especialmente em casos em que os animais sejam \u00f3rf\u00e3os, por exemplo.<\/p>\n\n\n\n<p>Os&nbsp;<strong>filhotes<\/strong>, por sua vez, s\u00e3o os pets que j\u00e1 passaram dos primeiros est\u00e1gios de vida e est\u00e3o com 2 a 6 semanas de idade, e est\u00e3o passando por altera\u00e7\u00f5es anat\u00f4micas e comportamentais mais relevantes, al\u00e9m de necessitarem de uma altera\u00e7\u00e3o nos cuidados espec\u00edficos para a sua prote\u00e7\u00e3o.<\/p>\n\n\n\n<p>Esse per\u00edodo de mudan\u00e7a de neonato para filhote pode ser identificado por meio de algumas altera\u00e7\u00f5es do organismo como, por exemplo, pela abertura da p\u00e1lpebra e do conduto auditivo, as quais acontecem entre a primeira e segunda semanas de vida. J\u00e1 o controle volunt\u00e1rio de mic\u00e7\u00e3o\/defeca\u00e7\u00e3o ocorre entre 15 e 25 dias de idade e a termorregula\u00e7\u00e3o adequada, ap\u00f3s os 45 dias de vida em gatos e entre 28 e 30 dias em c\u00e3es.<\/p>\n\n\n\n<h2 class=\"wp-block-heading\"><strong>Como cuidar dos filhotes de c\u00e3es e gatos?<\/strong><\/h2>\n\n\n\n<p>Os cuidados com os pets filhotes exigem um acompanhamento profissional de um M\u00e9dico-Veterin\u00e1rio. \u00c9 importante ter as orienta\u00e7\u00f5es devidas para acompanhar desde a gesta\u00e7\u00e3o at\u00e9 o nascimento e crescimento dos filhotes. Entretanto existem alguns t\u00f3picos que voc\u00ea pode se atentar para colaborar efetivamente com o bem-estar dos c\u00e3es e gatos.<\/p>\n\n\n\n<p><strong>Em caso de enfermidades, busque a ajuda adequada!<\/strong><\/p>\n\n\n\n<p>Alguns agentes infecciosos comumente acometem filhotes, sendo capazes de causar doen\u00e7as graves. \u00e9 necess\u00e1rio o comprometimento com a sa\u00fade dos animais nessa fase da vida estar atento a altera\u00e7\u00f5es, como perda de peso \u2013 ou a falta de ganho de peso, diarreia e hipotermia (temperatura corporal baixa), pois s\u00e3o sinais de alerta e demandem acompanhamento veterin\u00e1rio. Nesse sentido, tamb\u00e9m \u00e9 fundamental entender que n\u00e3o s\u00e3o apenas \u201canimais pequenos\u201d, pois medicar filhotes sem a indica\u00e7\u00e3o de um profissional \u00e9 extremamente perigoso.<\/p>\n\n\n\n<p><strong>Alguns cuidados gerais com os filhotes<\/strong><\/p>\n\n\n\n<p>Cuidar de um rec\u00e9m-nascido\/filhote exige aten\u00e7\u00e3o redobrada! Caso o animal tenha acesso \u00e0 m\u00e3e, \u00e9 importante garantir que o neonato fa\u00e7a a primeira alimenta\u00e7\u00e3o o quanto antes, para garantia de uma boa imunidade pelo colostro. Caso o animal seja \u00f3rf\u00e3o, a m\u00e3e n\u00e3o produza mais leite ou a ninhada seja muito grande, existem op\u00e7\u00f5es de suced\u00e2neos comerciais que v\u00e3o garantir uma boa nutri\u00e7\u00e3o durante esse per\u00edodo delicado, especialmente ap\u00f3s mamar o colostro, pois o neonato precisar\u00e1 do leite para suprir todas as suas demandas nutricionais nessa fase de vida.<\/p>\n\n\n\n<p>\u00c9 importante que o animal seja sempre alimentado de barriga para baixo e com calma, para que o leite n\u00e3o seja aspirado. Ainda, a recomenda\u00e7\u00e3o \u00e9 que os neonatos sejam pesados todos os dias e em casos de perda de peso, um Veterin\u00e1rio deve ser consultado imediatamente!<\/p>\n\n\n\n<p>Al\u00e9m do cuidado com a alimenta\u00e7\u00e3o, o sistema termorregulador de c\u00e3es e gatos ao nascimento ainda n\u00e3o \u00e9 eficaz, os tornando-os extremamente dependentes de um bom manejo t\u00e9rmico, que \u00e9 fundamental para que ocorra uma digest\u00e3o adequada e n\u00e3o haja outras complica\u00e7\u00f5es \u2013 em filhotes, uma simples diarreia pode se tornar algo muito grave. Devemos mant\u00ea-los aquecidos, por\u00e9m de forma gradual, sempre evitando mudan\u00e7as bruscas de temperatura e contato direto com superf\u00edcies mais quentes.<\/p>\n\n\n\n<p>Outro cuidado envolve a estimula\u00e7\u00e3o do intestino e trato urin\u00e1rio. Como os c\u00e3es e gatos costumam apresentar o controle volunt\u00e1rio de mic\u00e7\u00e3o e defec\u00e7\u00e3o somente a partir dos 15 dias de idade, \u00e9 necess\u00e1rio que, em casos de animais \u00f3rf\u00e3os, seja feita uma massagem na regi\u00e3o, com o aux\u00edlio de uma gaze ou algod\u00e3o umedecidos com \u00e1gua morna, simulando o que a m\u00e3e faria.<\/p>\n\n\n\n<p><strong>Como alimentar filhotes na adapta\u00e7\u00e3o das ra\u00e7\u00f5es<\/strong><\/p>\n\n\n\n<p>O desmame \u00e9 um processo que ocorre, geralmente, a partir da quarta semana de vida dos c\u00e3es e gatos. Neste per\u00edodo, o leite materno comece a se tornar insuficiente para atender todos os requisitos nutricionais que o corpo do filhote precisa para crescer saud\u00e1vel e com uma boa qualidade de vida.<\/p>\n\n\n\n<p>Nesse per\u00edodo \u00e9 muito comum alguns tutores misturarem a ra\u00e7\u00e3o com leite pasteurizado de vaca para facilitar a introdu\u00e7\u00e3o alimentar aos gr\u00e3os pelo canino ou pelo felino. Entretanto, o leite de origem bovina n\u00e3o deve ser utilizado, pois sua composi\u00e7\u00e3o difere muito do leite da cadela e da gata, n\u00e3o sendo adequado para as necessidades nutricionais dos filhotes.<\/p>\n\n\n\n<p>\u00c9 recomendado que, neste momento, seja feita a introdu\u00e7\u00e3o alimentar gradual, sem cortar bruscamente o acesso do filhote ao leite. Os felinos costumam ter uma alimenta\u00e7\u00e3o mais seletiva, o que pode demandar mais tempo no processo.&nbsp; Costuma-se observar uma tend\u00eancia forte dos gatinhos a acompanharem o comportamento alimentar da m\u00e3e, ent\u00e3o tente combinar isso para que eles tenham a nutri\u00e7\u00e3o adequada.<\/p>\n\n\n\n<h2 class=\"wp-block-heading\"><strong>Import\u00e2ncia do manejo correto de neonatos e filhotes<\/strong><\/h2>\n\n\n\n<p>A fase inicial da vida de c\u00e3es e gatos \u00e9 uma das mais desafiadoras e demanda cuidados espec\u00edficos, principalmente em casos de \u00f3rf\u00e3os. \u00c9 importante garantir um bom manejo alimentar, iniciando pelo recebimento do colostro e mantendo por meio da amamenta\u00e7\u00e3o ou fornecimento de suced\u00e2neos nas primeiras semanas de vida, associado \u00e0 monitoriza\u00e7\u00e3o do ganho de peso, temperatura e altera\u00e7\u00f5es gastrointestinais, como diarreia. Cuidados com a estimula\u00e7\u00e3o da mic\u00e7\u00e3o e defec\u00e7\u00e3o tamb\u00e9m devem ser inclu\u00eddos.<\/p>\n\n\n\n<p>O acompanhamento de um M\u00e9dico-Veterin\u00e1rio durante esse processo \u00e9 fundamental para que haja&nbsp; um bom desenvolvimento do rec\u00e9m-nascido\/filhote. O profissional ir\u00e1 lhe orientar sobre todos os cuidados necess\u00e1rios nesse per\u00edodo inicial, bem como os processos seguintes, como a introdu\u00e7\u00e3o alimentar e protocolos vacinais.<\/p>\n\n\n\n<p>\u00c9 muito importante seguir os cuidados para a amamenta\u00e7\u00e3o, manuten\u00e7\u00e3o da temperatura e evacua\u00e7\u00e3o do filhote, al\u00e9m de nunca utilizar receitas de suced\u00e2neos sem a pr\u00e9via valida\u00e7\u00e3o e autoriza\u00e7\u00e3o do M\u00e9dico-Veterin\u00e1rio. \u00c9 fundamental seguir as instru\u00e7\u00f5es do r\u00f3tulo dos suced\u00e2neos comerciais, se forem utilizados, pois dilu\u00ed-los em leite ou utilizar uma propor\u00e7\u00e3o incorreta pode gerar efeitos gastrointestinais indesej\u00e1veis.<\/p>\n\n\n\n<p>Consulte sempre um m\u00e9dico-veterin\u00e1rio antes de tomar qualquer atitude em rela\u00e7\u00e3o \u00e0 alimenta\u00e7\u00e3o, cuidados e medica\u00e7\u00e3o dos pets rec\u00e9m-nascidos e filhotes crescidos.<\/p>\n","protected":false},"excerpt":{"rendered":"<p>O per\u00edodo pedi\u00e1trico, entre o nascimento at\u00e9,&nbsp; aproximadamente, 6 meses de vida, \u00e9 uma das fases mais importantes no desenvolvimento de c\u00e3es e gatos. Os rec\u00e9m-nascidos e os filhotes s\u00e3o suscet\u00edveis a in\u00fameras doen\u00e7as e precisam de cuidados espec\u00edficos para que tenham uma boa qualidade de vida, assim como um bom estado de sa\u00fade geral. [&hellip;]<\/p>\n","protected":false},"author":10,"featured_media":1865,"comment_status":"open","ping_status":"open","sticky":false,"template":"","format":"standard","meta":{"footnotes":""},"categories":[128,130],"tags":[],"class_list":["post-1863","post","type-post","status-publish","format-standard","has-post-thumbnail","hentry","category-cachorro","category-gato"],"yoast_head":"<!-- This site is optimized with the Yoast SEO plugin v27.3 - https:\/\/yoast.com\/product\/yoast-seo-wordpress\/ -->\n<title>FILHOTES: OS CUIDADOS NOS PRIMEIROS DIAS DE VIDA COM C\u00c3ES E GATOS &#8211; VETNIL<\/title>\n<meta name=\"robots\" content=\"noindex, follow, max-snippet:-1, max-image-preview:large, max-video-preview:-1\" \/>\n<meta property=\"og:locale\" content=\"pt_BR\" \/>\n<meta property=\"og:type\" content=\"article\" \/>\n<meta property=\"og:title\" content=\"FILHOTES: OS CUIDADOS NOS PRIMEIROS DIAS DE VIDA COM C\u00c3ES E GATOS &#8211; VETNIL\" \/>\n<meta property=\"og:description\" content=\"O per\u00edodo pedi\u00e1trico, entre o nascimento at\u00e9,&nbsp; aproximadamente, 6 meses de vida, \u00e9 uma das fases mais importantes no desenvolvimento de c\u00e3es e gatos. Os rec\u00e9m-nascidos e os filhotes s\u00e3o suscet\u00edveis a in\u00fameras doen\u00e7as e precisam de cuidados espec\u00edficos para que tenham uma boa qualidade de vida, assim como um bom estado de sa\u00fade geral. [&hellip;]\" \/>\n<meta property=\"og:url\" content=\"https:\/\/projetoslayerup.com.br\/vetnil\/filhotes-os-cuidados-nos-primeiros-dias-de-vida-com-caes-e-gatos\/\" \/>\n<meta property=\"og:site_name\" content=\"VETNIL\" \/>\n<meta property=\"article:published_time\" content=\"2023-12-13T09:39:25+00:00\" \/>\n<meta property=\"article:modified_time\" content=\"2024-03-18T14:59:30+00:00\" \/>\n<meta property=\"og:image\" content=\"https:\/\/projetoslayerup.com.br\/vetnil\/wp-content\/uploads\/2023\/12\/posts_6564e2845413f.webp\" \/>\n\t<meta property=\"og:image:width\" content=\"1200\" \/>\n\t<meta property=\"og:image:height\" content=\"500\" \/>\n\t<meta property=\"og:image:type\" content=\"image\/webp\" \/>\n<meta name=\"author\" content=\"editorvetnil\" \/>\n<meta name=\"twitter:card\" content=\"summary_large_image\" \/>\n<meta name=\"twitter:label1\" content=\"Escrito por\" \/>\n\t<meta name=\"twitter:data1\" content=\"editorvetnil\" \/>\n\t<meta name=\"twitter:label2\" content=\"Est. tempo de leitura\" \/>\n\t<meta name=\"twitter:data2\" content=\"7 minutos\" \/>\n<script type=\"application\/ld+json\" class=\"yoast-schema-graph\">{\"@context\":\"https:\\\/\\\/schema.org\",\"@graph\":[{\"@type\":\"Article\",\"@id\":\"https:\\\/\\\/projetoslayerup.com.br\\\/vetnil\\\/filhotes-os-cuidados-nos-primeiros-dias-de-vida-com-caes-e-gatos\\\/#article\",\"isPartOf\":{\"@id\":\"https:\\\/\\\/projetoslayerup.com.br\\\/vetnil\\\/filhotes-os-cuidados-nos-primeiros-dias-de-vida-com-caes-e-gatos\\\/\"},\"author\":{\"name\":\"editorvetnil\",\"@id\":\"https:\\\/\\\/projetoslayerup.com.br\\\/vetnil\\\/#\\\/schema\\\/person\\\/b5924b46dd7d8b3981950bc7ec88d9b6\"},\"headline\":\"FILHOTES: OS CUIDADOS NOS PRIMEIROS DIAS DE VIDA COM C\u00c3ES E GATOS\",\"datePublished\":\"2023-12-13T09:39:25+00:00\",\"dateModified\":\"2024-03-18T14:59:30+00:00\",\"mainEntityOfPage\":{\"@id\":\"https:\\\/\\\/projetoslayerup.com.br\\\/vetnil\\\/filhotes-os-cuidados-nos-primeiros-dias-de-vida-com-caes-e-gatos\\\/\"},\"wordCount\":1321,\"commentCount\":0,\"publisher\":{\"@id\":\"https:\\\/\\\/projetoslayerup.com.br\\\/vetnil\\\/#organization\"},\"image\":{\"@id\":\"https:\\\/\\\/projetoslayerup.com.br\\\/vetnil\\\/filhotes-os-cuidados-nos-primeiros-dias-de-vida-com-caes-e-gatos\\\/#primaryimage\"},\"thumbnailUrl\":\"https:\\\/\\\/projetoslayerup.com.br\\\/vetnil\\\/wp-content\\\/uploads\\\/2023\\\/12\\\/posts_6564e2845413f.webp\",\"articleSection\":[\"Cachorro\",\"Gato\"],\"inLanguage\":\"pt-BR\",\"potentialAction\":[{\"@type\":\"CommentAction\",\"name\":\"Comment\",\"target\":[\"https:\\\/\\\/projetoslayerup.com.br\\\/vetnil\\\/filhotes-os-cuidados-nos-primeiros-dias-de-vida-com-caes-e-gatos\\\/#respond\"]}]},{\"@type\":\"WebPage\",\"@id\":\"https:\\\/\\\/projetoslayerup.com.br\\\/vetnil\\\/filhotes-os-cuidados-nos-primeiros-dias-de-vida-com-caes-e-gatos\\\/\",\"url\":\"https:\\\/\\\/projetoslayerup.com.br\\\/vetnil\\\/filhotes-os-cuidados-nos-primeiros-dias-de-vida-com-caes-e-gatos\\\/\",\"name\":\"FILHOTES: OS CUIDADOS NOS PRIMEIROS DIAS DE VIDA COM C\u00c3ES E GATOS &#8211; VETNIL\",\"isPartOf\":{\"@id\":\"https:\\\/\\\/projetoslayerup.com.br\\\/vetnil\\\/#website\"},\"primaryImageOfPage\":{\"@id\":\"https:\\\/\\\/projetoslayerup.com.br\\\/vetnil\\\/filhotes-os-cuidados-nos-primeiros-dias-de-vida-com-caes-e-gatos\\\/#primaryimage\"},\"image\":{\"@id\":\"https:\\\/\\\/projetoslayerup.com.br\\\/vetnil\\\/filhotes-os-cuidados-nos-primeiros-dias-de-vida-com-caes-e-gatos\\\/#primaryimage\"},\"thumbnailUrl\":\"https:\\\/\\\/projetoslayerup.com.br\\\/vetnil\\\/wp-content\\\/uploads\\\/2023\\\/12\\\/posts_6564e2845413f.webp\",\"datePublished\":\"2023-12-13T09:39:25+00:00\",\"dateModified\":\"2024-03-18T14:59:30+00:00\",\"breadcrumb\":{\"@id\":\"https:\\\/\\\/projetoslayerup.com.br\\\/vetnil\\\/filhotes-os-cuidados-nos-primeiros-dias-de-vida-com-caes-e-gatos\\\/#breadcrumb\"},\"inLanguage\":\"pt-BR\",\"potentialAction\":[{\"@type\":\"ReadAction\",\"target\":[\"https:\\\/\\\/projetoslayerup.com.br\\\/vetnil\\\/filhotes-os-cuidados-nos-primeiros-dias-de-vida-com-caes-e-gatos\\\/\"]}]},{\"@type\":\"ImageObject\",\"inLanguage\":\"pt-BR\",\"@id\":\"https:\\\/\\\/projetoslayerup.com.br\\\/vetnil\\\/filhotes-os-cuidados-nos-primeiros-dias-de-vida-com-caes-e-gatos\\\/#primaryimage\",\"url\":\"https:\\\/\\\/projetoslayerup.com.br\\\/vetnil\\\/wp-content\\\/uploads\\\/2023\\\/12\\\/posts_6564e2845413f.webp\",\"contentUrl\":\"https:\\\/\\\/projetoslayerup.com.br\\\/vetnil\\\/wp-content\\\/uploads\\\/2023\\\/12\\\/posts_6564e2845413f.webp\",\"width\":1200,\"height\":500},{\"@type\":\"BreadcrumbList\",\"@id\":\"https:\\\/\\\/projetoslayerup.com.br\\\/vetnil\\\/filhotes-os-cuidados-nos-primeiros-dias-de-vida-com-caes-e-gatos\\\/#breadcrumb\",\"itemListElement\":[{\"@type\":\"ListItem\",\"position\":1,\"name\":\"Home\",\"item\":\"https:\\\/\\\/projetoslayerup.com.br\\\/vetnil\\\/\"},{\"@type\":\"ListItem\",\"position\":2,\"name\":\"FILHOTES: OS CUIDADOS NOS PRIMEIROS DIAS DE VIDA COM C\u00c3ES E GATOS\"}]},{\"@type\":\"WebSite\",\"@id\":\"https:\\\/\\\/projetoslayerup.com.br\\\/vetnil\\\/#website\",\"url\":\"https:\\\/\\\/projetoslayerup.com.br\\\/vetnil\\\/\",\"name\":\"VETNIL\",\"description\":\"Parceira de quem cuida - Sa\u00fade e Bem-estar animal\",\"publisher\":{\"@id\":\"https:\\\/\\\/projetoslayerup.com.br\\\/vetnil\\\/#organization\"},\"potentialAction\":[{\"@type\":\"SearchAction\",\"target\":{\"@type\":\"EntryPoint\",\"urlTemplate\":\"https:\\\/\\\/projetoslayerup.com.br\\\/vetnil\\\/?s={search_term_string}\"},\"query-input\":{\"@type\":\"PropertyValueSpecification\",\"valueRequired\":true,\"valueName\":\"search_term_string\"}}],\"inLanguage\":\"pt-BR\"},{\"@type\":\"Organization\",\"@id\":\"https:\\\/\\\/projetoslayerup.com.br\\\/vetnil\\\/#organization\",\"name\":\"VETNIL\",\"url\":\"https:\\\/\\\/projetoslayerup.com.br\\\/vetnil\\\/\",\"logo\":{\"@type\":\"ImageObject\",\"inLanguage\":\"pt-BR\",\"@id\":\"https:\\\/\\\/projetoslayerup.com.br\\\/vetnil\\\/#\\\/schema\\\/logo\\\/image\\\/\",\"url\":\"https:\\\/\\\/projetoslayerup.com.br\\\/vetnil\\\/wp-content\\\/uploads\\\/2023\\\/09\\\/logo-vetnil.svg\",\"contentUrl\":\"https:\\\/\\\/projetoslayerup.com.br\\\/vetnil\\\/wp-content\\\/uploads\\\/2023\\\/09\\\/logo-vetnil.svg\",\"width\":141,\"height\":25,\"caption\":\"VETNIL\"},\"image\":{\"@id\":\"https:\\\/\\\/projetoslayerup.com.br\\\/vetnil\\\/#\\\/schema\\\/logo\\\/image\\\/\"}},{\"@type\":\"Person\",\"@id\":\"https:\\\/\\\/projetoslayerup.com.br\\\/vetnil\\\/#\\\/schema\\\/person\\\/b5924b46dd7d8b3981950bc7ec88d9b6\",\"name\":\"editorvetnil\",\"image\":{\"@type\":\"ImageObject\",\"inLanguage\":\"pt-BR\",\"@id\":\"https:\\\/\\\/secure.gravatar.com\\\/avatar\\\/12a343ca4d3e5757b29f1ca303d7ea3c71a341d0918ab6fb78ec3f5fdbd6eaea?s=96&d=blank&r=g\",\"url\":\"https:\\\/\\\/secure.gravatar.com\\\/avatar\\\/12a343ca4d3e5757b29f1ca303d7ea3c71a341d0918ab6fb78ec3f5fdbd6eaea?s=96&d=blank&r=g\",\"contentUrl\":\"https:\\\/\\\/secure.gravatar.com\\\/avatar\\\/12a343ca4d3e5757b29f1ca303d7ea3c71a341d0918ab6fb78ec3f5fdbd6eaea?s=96&d=blank&r=g\",\"caption\":\"editorvetnil\"}}]}<\/script>\n<!-- \/ Yoast SEO plugin. -->","yoast_head_json":{"title":"FILHOTES: OS CUIDADOS NOS PRIMEIROS DIAS DE VIDA COM C\u00c3ES E GATOS &#8211; VETNIL","robots":{"index":"noindex","follow":"follow","max-snippet":"max-snippet:-1","max-image-preview":"max-image-preview:large","max-video-preview":"max-video-preview:-1"},"og_locale":"pt_BR","og_type":"article","og_title":"FILHOTES: OS CUIDADOS NOS PRIMEIROS DIAS DE VIDA COM C\u00c3ES E GATOS &#8211; VETNIL","og_description":"O per\u00edodo pedi\u00e1trico, entre o nascimento at\u00e9,&nbsp; aproximadamente, 6 meses de vida, \u00e9 uma das fases mais importantes no desenvolvimento de c\u00e3es e gatos. Os rec\u00e9m-nascidos e os filhotes s\u00e3o suscet\u00edveis a in\u00fameras doen\u00e7as e precisam de cuidados espec\u00edficos para que tenham uma boa qualidade de vida, assim como um bom estado de sa\u00fade geral. [&hellip;]","og_url":"https:\/\/projetoslayerup.com.br\/vetnil\/filhotes-os-cuidados-nos-primeiros-dias-de-vida-com-caes-e-gatos\/","og_site_name":"VETNIL","article_published_time":"2023-12-13T09:39:25+00:00","article_modified_time":"2024-03-18T14:59:30+00:00","og_image":[{"width":1200,"height":500,"url":"https:\/\/projetoslayerup.com.br\/vetnil\/wp-content\/uploads\/2023\/12\/posts_6564e2845413f.webp","type":"image\/webp"}],"author":"editorvetnil","twitter_card":"summary_large_image","twitter_misc":{"Escrito por":"editorvetnil","Est. tempo de leitura":"7 minutos"},"schema":{"@context":"https:\/\/schema.org","@graph":[{"@type":"Article","@id":"https:\/\/projetoslayerup.com.br\/vetnil\/filhotes-os-cuidados-nos-primeiros-dias-de-vida-com-caes-e-gatos\/#article","isPartOf":{"@id":"https:\/\/projetoslayerup.com.br\/vetnil\/filhotes-os-cuidados-nos-primeiros-dias-de-vida-com-caes-e-gatos\/"},"author":{"name":"editorvetnil","@id":"https:\/\/projetoslayerup.com.br\/vetnil\/#\/schema\/person\/b5924b46dd7d8b3981950bc7ec88d9b6"},"headline":"FILHOTES: OS CUIDADOS NOS PRIMEIROS DIAS DE VIDA COM C\u00c3ES E GATOS","datePublished":"2023-12-13T09:39:25+00:00","dateModified":"2024-03-18T14:59:30+00:00","mainEntityOfPage":{"@id":"https:\/\/projetoslayerup.com.br\/vetnil\/filhotes-os-cuidados-nos-primeiros-dias-de-vida-com-caes-e-gatos\/"},"wordCount":1321,"commentCount":0,"publisher":{"@id":"https:\/\/projetoslayerup.com.br\/vetnil\/#organization"},"image":{"@id":"https:\/\/projetoslayerup.com.br\/vetnil\/filhotes-os-cuidados-nos-primeiros-dias-de-vida-com-caes-e-gatos\/#primaryimage"},"thumbnailUrl":"https:\/\/projetoslayerup.com.br\/vetnil\/wp-content\/uploads\/2023\/12\/posts_6564e2845413f.webp","articleSection":["Cachorro","Gato"],"inLanguage":"pt-BR","potentialAction":[{"@type":"CommentAction","name":"Comment","target":["https:\/\/projetoslayerup.com.br\/vetnil\/filhotes-os-cuidados-nos-primeiros-dias-de-vida-com-caes-e-gatos\/#respond"]}]},{"@type":"WebPage","@id":"https:\/\/projetoslayerup.com.br\/vetnil\/filhotes-os-cuidados-nos-primeiros-dias-de-vida-com-caes-e-gatos\/","url":"https:\/\/projetoslayerup.com.br\/vetnil\/filhotes-os-cuidados-nos-primeiros-dias-de-vida-com-caes-e-gatos\/","name":"FILHOTES: OS CUIDADOS NOS PRIMEIROS DIAS DE VIDA COM C\u00c3ES E GATOS &#8211; VETNIL","isPartOf":{"@id":"https:\/\/projetoslayerup.com.br\/vetnil\/#website"},"primaryImageOfPage":{"@id":"https:\/\/projetoslayerup.com.br\/vetnil\/filhotes-os-cuidados-nos-primeiros-dias-de-vida-com-caes-e-gatos\/#primaryimage"},"image":{"@id":"https:\/\/projetoslayerup.com.br\/vetnil\/filhotes-os-cuidados-nos-primeiros-dias-de-vida-com-caes-e-gatos\/#primaryimage"},"thumbnailUrl":"https:\/\/projetoslayerup.com.br\/vetnil\/wp-content\/uploads\/2023\/12\/posts_6564e2845413f.webp","datePublished":"2023-12-13T09:39:25+00:00","dateModified":"2024-03-18T14:59:30+00:00","breadcrumb":{"@id":"https:\/\/projetoslayerup.com.br\/vetnil\/filhotes-os-cuidados-nos-primeiros-dias-de-vida-com-caes-e-gatos\/#breadcrumb"},"inLanguage":"pt-BR","potentialAction":[{"@type":"ReadAction","target":["https:\/\/projetoslayerup.com.br\/vetnil\/filhotes-os-cuidados-nos-primeiros-dias-de-vida-com-caes-e-gatos\/"]}]},{"@type":"ImageObject","inLanguage":"pt-BR","@id":"https:\/\/projetoslayerup.com.br\/vetnil\/filhotes-os-cuidados-nos-primeiros-dias-de-vida-com-caes-e-gatos\/#primaryimage","url":"https:\/\/projetoslayerup.com.br\/vetnil\/wp-content\/uploads\/2023\/12\/posts_6564e2845413f.webp","contentUrl":"https:\/\/projetoslayerup.com.br\/vetnil\/wp-content\/uploads\/2023\/12\/posts_6564e2845413f.webp","width":1200,"height":500},{"@type":"BreadcrumbList","@id":"https:\/\/projetoslayerup.com.br\/vetnil\/filhotes-os-cuidados-nos-primeiros-dias-de-vida-com-caes-e-gatos\/#breadcrumb","itemListElement":[{"@type":"ListItem","position":1,"name":"Home","item":"https:\/\/projetoslayerup.com.br\/vetnil\/"},{"@type":"ListItem","position":2,"name":"FILHOTES: OS CUIDADOS NOS PRIMEIROS DIAS DE VIDA COM C\u00c3ES E GATOS"}]},{"@type":"WebSite","@id":"https:\/\/projetoslayerup.com.br\/vetnil\/#website","url":"https:\/\/projetoslayerup.com.br\/vetnil\/","name":"VETNIL","description":"Parceira de quem cuida - Sa\u00fade e Bem-estar animal","publisher":{"@id":"https:\/\/projetoslayerup.com.br\/vetnil\/#organization"},"potentialAction":[{"@type":"SearchAction","target":{"@type":"EntryPoint","urlTemplate":"https:\/\/projetoslayerup.com.br\/vetnil\/?s={search_term_string}"},"query-input":{"@type":"PropertyValueSpecification","valueRequired":true,"valueName":"search_term_string"}}],"inLanguage":"pt-BR"},{"@type":"Organization","@id":"https:\/\/projetoslayerup.com.br\/vetnil\/#organization","name":"VETNIL","url":"https:\/\/projetoslayerup.com.br\/vetnil\/","logo":{"@type":"ImageObject","inLanguage":"pt-BR","@id":"https:\/\/projetoslayerup.com.br\/vetnil\/#\/schema\/logo\/image\/","url":"https:\/\/projetoslayerup.com.br\/vetnil\/wp-content\/uploads\/2023\/09\/logo-vetnil.svg","contentUrl":"https:\/\/projetoslayerup.com.br\/vetnil\/wp-content\/uploads\/2023\/09\/logo-vetnil.svg","width":141,"height":25,"caption":"VETNIL"},"image":{"@id":"https:\/\/projetoslayerup.com.br\/vetnil\/#\/schema\/logo\/image\/"}},{"@type":"Person","@id":"https:\/\/projetoslayerup.com.br\/vetnil\/#\/schema\/person\/b5924b46dd7d8b3981950bc7ec88d9b6","name":"editorvetnil","image":{"@type":"ImageObject","inLanguage":"pt-BR","@id":"https:\/\/secure.gravatar.com\/avatar\/12a343ca4d3e5757b29f1ca303d7ea3c71a341d0918ab6fb78ec3f5fdbd6eaea?s=96&d=blank&r=g","url":"https:\/\/secure.gravatar.com\/avatar\/12a343ca4d3e5757b29f1ca303d7ea3c71a341d0918ab6fb78ec3f5fdbd6eaea?s=96&d=blank&r=g","contentUrl":"https:\/\/secure.gravatar.com\/avatar\/12a343ca4d3e5757b29f1ca303d7ea3c71a341d0918ab6fb78ec3f5fdbd6eaea?s=96&d=blank&r=g","caption":"editorvetnil"}}]}},"lang":"pt","translations":{"pt":1863},"pll_sync_post":[],"_links":{"self":[{"href":"https:\/\/projetoslayerup.com.br\/vetnil\/wp-json\/wp\/v2\/posts\/1863","targetHints":{"allow":["GET"]}}],"collection":[{"href":"https:\/\/projetoslayerup.com.br\/vetnil\/wp-json\/wp\/v2\/posts"}],"about":[{"href":"https:\/\/projetoslayerup.com.br\/vetnil\/wp-json\/wp\/v2\/types\/post"}],"author":[{"embeddable":true,"href":"https:\/\/projetoslayerup.com.br\/vetnil\/wp-json\/wp\/v2\/users\/10"}],"replies":[{"embeddable":true,"href":"https:\/\/projetoslayerup.com.br\/vetnil\/wp-json\/wp\/v2\/comments?post=1863"}],"version-history":[{"count":0,"href":"https:\/\/projetoslayerup.com.br\/vetnil\/wp-json\/wp\/v2\/posts\/1863\/revisions"}],"wp:featuredmedia":[{"embeddable":true,"href":"https:\/\/projetoslayerup.com.br\/vetnil\/wp-json\/wp\/v2\/media\/1865"}],"wp:attachment":[{"href":"https:\/\/projetoslayerup.com.br\/vetnil\/wp-json\/wp\/v2\/media?parent=1863"}],"wp:term":[{"taxonomy":"category","embeddable":true,"href":"https:\/\/projetoslayerup.com.br\/vetnil\/wp-json\/wp\/v2\/categories?post=1863"},{"taxonomy":"post_tag","embeddable":true,"href":"https:\/\/projetoslayerup.com.br\/vetnil\/wp-json\/wp\/v2\/tags?post=1863"}],"curies":[{"name":"wp","href":"https:\/\/api.w.org\/{rel}","templated":true}]}}