{"id":1990,"date":"2023-04-10T07:23:58","date_gmt":"2023-04-10T10:23:58","guid":{"rendered":"https:\/\/projetoslayerup.com.br\/vetnil\/?p=1990"},"modified":"2024-03-18T11:59:33","modified_gmt":"2024-03-18T14:59:33","slug":"laminite-em-equinos-provaveis-causas-e-como-reconhecer","status":"publish","type":"post","link":"https:\/\/projetoslayerup.com.br\/vetnil\/laminite-em-equinos-provaveis-causas-e-como-reconhecer\/","title":{"rendered":"LAMINITE EM EQUINOS \u2014 PROV\u00c1VEIS CAUSAS E COMO RECONHECER"},"content":{"rendered":"\n<p>Se o seu cavalo tem demonstrado dificuldades ao andar ou resist\u00eancia em se mover, est\u00e1 na hora de acender o alerta. Uma das doen\u00e7as locomotoras mais comuns em equinos \u00e9 a laminite, uma inflama\u00e7\u00e3o das l\u00e2minas dos cascos \u2014 estruturas que ligam o estojo c\u00f3rneo \u00e0 terceira falange.<\/p>\n\n\n\n<p>Entenda mais sobre a condi\u00e7\u00e3o, saiba quais s\u00e3o os principais sintomas e veja como identific\u00e1-la.<\/p>\n\n\n\n<h2 class=\"wp-block-heading\"><strong>O que \u00e9 laminite?<\/strong><\/h2>\n\n\n\n<p>A laminite \u00e9 uma doen\u00e7a locomotora muito comum em cavalos adultos. Essa enfermidade \u00e9 caracterizada por uma inflama\u00e7\u00e3o das l\u00e2minas dos cascos, estruturas que ligam o estojo c\u00f3rneo \u00e0 terceira falange, causando muita dor e sofrimento aos equinos.&nbsp;<\/p>\n\n\n\n<h2 class=\"wp-block-heading\"><strong>Quais s\u00e3o os sintomas de laminite?<\/strong><\/h2>\n\n\n\n<p>O primeiro sinal que um cavalo d\u00e1 quando tem laminite \u00e9 a relut\u00e2ncia em se mover. Devido \u00e0 dor extrema na sola, na regi\u00e3o das pin\u00e7as, a tend\u00eancia \u00e9 apoiar os tal\u00f5es.&nbsp;<\/p>\n\n\n\n<p>Sendo assim, quando os cascos dos membros anteriores est\u00e3o afetados, \u00e9 comum que ele desloque o peso para os posteriores. Nos casos em que as quatro patas est\u00e3o afetadas, \u00e9 de se esperar que ele permane\u00e7a deitado em posi\u00e7\u00e3o lateral.<\/p>\n\n\n\n<p>Al\u00e9m disso, outra forte caracter\u00edstica da doen\u00e7a \u00e9 a temperatura elevada da regi\u00e3o por conta do quadro inflamat\u00f3rio intenso. Outros sinais que tamb\u00e9m estar\u00e3o presentes, mas podem passar despercebidos, s\u00e3o:<\/p>\n\n\n\n<ul class=\"wp-block-list\">\n<li>afundamento e\/ou ruptura da linha da coroa na regi\u00e3o das pin\u00e7as;<\/li>\n\n\n\n<li>pulso forte nas art\u00e9rias digitais;<\/li>\n\n\n\n<li>ansiedade e tens\u00e3o muscular;<\/li>\n\n\n\n<li>express\u00e3o de dor;<\/li>\n\n\n\n<li>aumento na temperatura corp\u00f3rea e altera\u00e7\u00e3o nos sinais vitais;<\/li>\n\n\n\n<li>sudorese;<\/li>\n\n\n\n<li>caminhar similar a \u201cpisar em ovos\u201d;<\/li>\n\n\n\n<li>nos casos de afundamento da terceira falange, aproxima\u00e7\u00e3o dos quatro cascos ao se manter em p\u00e9, lembrando \u201celefante de circo\u201d;&nbsp;<\/li>\n\n\n\n<li>nos casos cr\u00f4nicos, deforma\u00e7\u00e3o dos cascos;<\/li>\n\n\n\n<li>forma\u00e7\u00e3o de an\u00e9is na muralha dos cascos, mais largas na regi\u00e3o dos tal\u00f5es e menores na regi\u00e3o das pin\u00e7as;<\/li>\n\n\n\n<li>abaulamento da sola na regi\u00e3o das pin\u00e7as;<\/li>\n\n\n\n<li>ruptura da sola em forma de \u201cmeia lua\u201d na regi\u00e3o das pin\u00e7as entre o \u00e1pice da ranilha e a pin\u00e7a.<\/li>\n<\/ul>\n\n\n\n<p>\u00c9 muito importante que, ao se observar qualquer um desses sinais, por mais simples que pare\u00e7a, o propriet\u00e1rio do animal busque um m\u00e9dico-veterin\u00e1rio imediatamente para investigar as causas e iniciar o tratamento.&nbsp;<\/p>\n\n\n\n<h2 class=\"wp-block-heading\"><strong>Quais s\u00e3o as causas de laminite em cavalos?<\/strong><\/h2>\n\n\n\n<p>As causas da laminite em cavalos s\u00e3o muito variadas e ainda pouco compreendidas, para falar a verdade. As mais comuns e bem aceitas como unanimidade s\u00e3o:<\/p>\n\n\n\n<ul class=\"wp-block-list\">\n<li>alta ingest\u00e3o de gr\u00e3os \u2014 carboidratos sol\u00faveis;<\/li>\n\n\n\n<li>toxemia devido \u00e0 infec\u00e7\u00e3o bacteriana;<\/li>\n\n\n\n<li>excesso de peso em algum dos membros quando o animal, por algum motivo, n\u00e3o o distribui corretamente \u2014 conhecida como laminite est\u00e1tica \u2014 normal em casos de ferimentos ou cirurgias em algum dos membros;<\/li>\n\n\n\n<li>reten\u00e7\u00e3o de placenta nas \u00e9guas;<\/li>\n\n\n\n<li>concuss\u00e3o da sola, causada por longas caminhadas em pisos duros, como o asfalto;<\/li>\n\n\n\n<li>compress\u00e3o excessiva da sola, causada por ferraduras mal postas, mal ajustadas ou mantidas por tempo excessivo;<\/li>\n\n\n\n<li>isquemia do casco devido ao frio \u2014&nbsp; neve \u2014 ou ao calor excessivo \u2014devido ao piso ou \u00e0 coloca\u00e7\u00e3o de ferraduras;<\/li>\n<\/ul>\n\n\n\n<p>Al\u00e9m desses fatores que, em sua maioria, s\u00e3o externos, a laminite tamb\u00e9m pode ser desenvolvida por conta de dist\u00farbios metab\u00f3licos, que, de forma geral, comprometem a circula\u00e7\u00e3o sangu\u00ednea. S\u00e3o exemplos de situa\u00e7\u00f5es que podem desencadear casos como este:<\/p>\n\n\n\n<ul class=\"wp-block-list\">\n<li>as defici\u00eancias minerais envolvidas na expuls\u00e3o da placenta;<\/li>\n\n\n\n<li>a S\u00edndrome Metab\u00f3lica Equina, em animais obesos;<\/li>\n\n\n\n<li>as disfun\u00e7\u00f5es da gl\u00e2ndula pituit\u00e1ria ou S\u00edndrome de Cushing, de maior ocorr\u00eancia em animais mais velhos;<\/li>\n\n\n\n<li>a exposi\u00e7\u00e3o a fertilizantes que tenham nitrato em sua composi\u00e7\u00e3o.&nbsp;&nbsp;<\/li>\n<\/ul>\n\n\n\n<h2 class=\"wp-block-heading\"><strong>Como tratar laminite?&nbsp;<\/strong><\/h2>\n\n\n\n<p>O sucesso do tratamento depende da rapidez em estabelecer e eliminar a causa da doen\u00e7a. \u00c9 essencial que haja controle da dor do animal e que a circula\u00e7\u00e3o sangu\u00ednea do casco volte \u00e0 normalidade o mais r\u00e1pido poss\u00edvel.<\/p>\n\n\n\n<p>\u00c9 papel do m\u00e9dico-veterin\u00e1rio estabelecer um progn\u00f3stico e propor corre\u00e7\u00f5es necess\u00e1rias para prevenir que casos como este venham a acontecer novamente.&nbsp;<\/p>\n\n\n\n<p>Quer entender melhor como evitar essa e outras condi\u00e7\u00f5es parecidas nos seus equinos? Ent\u00e3o baixe o e-book da Vetnil sobre como evitar les\u00f5es em cavalos competidores e saiba como garantir o bem-estar dos seus animais durante os treinos.<\/p>\n\n\n\n<p><strong><em>Contribui\u00e7\u00e3o:<\/em><\/strong><strong>&nbsp;M\u00e9dico-veterin\u00e1rio Dr\u00ba M\u00e1rio Duarte (@marioduarte.vet)<\/strong><\/p>\n","protected":false},"excerpt":{"rendered":"<p>Se o seu cavalo tem demonstrado dificuldades ao andar ou resist\u00eancia em se mover, est\u00e1 na hora de acender o alerta. Uma das doen\u00e7as locomotoras mais comuns em equinos \u00e9 a laminite, uma inflama\u00e7\u00e3o das l\u00e2minas dos cascos \u2014 estruturas que ligam o estojo c\u00f3rneo \u00e0 terceira falange. Entenda mais sobre a condi\u00e7\u00e3o, saiba quais [&hellip;]<\/p>\n","protected":false},"author":10,"featured_media":1991,"comment_status":"open","ping_status":"open","sticky":false,"template":"","format":"standard","meta":{"footnotes":""},"categories":[132],"tags":[],"class_list":["post-1990","post","type-post","status-publish","format-standard","has-post-thumbnail","hentry","category-cavalo"],"yoast_head":"<!-- This site is optimized with the Yoast SEO plugin v27.3 - https:\/\/yoast.com\/product\/yoast-seo-wordpress\/ -->\n<title>LAMINITE EM EQUINOS \u2014 PROV\u00c1VEIS CAUSAS E COMO RECONHECER &#8211; VETNIL<\/title>\n<meta name=\"robots\" content=\"noindex, follow, max-snippet:-1, max-image-preview:large, max-video-preview:-1\" \/>\n<meta property=\"og:locale\" content=\"pt_BR\" \/>\n<meta property=\"og:type\" content=\"article\" \/>\n<meta property=\"og:title\" content=\"LAMINITE EM EQUINOS \u2014 PROV\u00c1VEIS CAUSAS E COMO RECONHECER &#8211; VETNIL\" \/>\n<meta property=\"og:description\" content=\"Se o seu cavalo tem demonstrado dificuldades ao andar ou resist\u00eancia em se mover, est\u00e1 na hora de acender o alerta. Uma das doen\u00e7as locomotoras mais comuns em equinos \u00e9 a laminite, uma inflama\u00e7\u00e3o das l\u00e2minas dos cascos \u2014 estruturas que ligam o estojo c\u00f3rneo \u00e0 terceira falange. Entenda mais sobre a condi\u00e7\u00e3o, saiba quais [&hellip;]\" \/>\n<meta property=\"og:url\" content=\"https:\/\/projetoslayerup.com.br\/vetnil\/laminite-em-equinos-provaveis-causas-e-como-reconhecer\/\" \/>\n<meta property=\"og:site_name\" content=\"VETNIL\" \/>\n<meta property=\"article:published_time\" content=\"2023-04-10T10:23:58+00:00\" \/>\n<meta property=\"article:modified_time\" content=\"2024-03-18T14:59:33+00:00\" \/>\n<meta property=\"og:image\" content=\"https:\/\/projetoslayerup.com.br\/vetnil\/wp-content\/uploads\/2023\/12\/posts_62b0b84735a49.jpg\" \/>\n\t<meta property=\"og:image:width\" content=\"1200\" \/>\n\t<meta property=\"og:image:height\" content=\"500\" \/>\n\t<meta property=\"og:image:type\" content=\"image\/jpeg\" \/>\n<meta name=\"author\" content=\"editorvetnil\" \/>\n<meta name=\"twitter:card\" content=\"summary_large_image\" \/>\n<meta name=\"twitter:label1\" content=\"Escrito por\" \/>\n\t<meta name=\"twitter:data1\" content=\"editorvetnil\" \/>\n\t<meta name=\"twitter:label2\" content=\"Est. tempo de leitura\" \/>\n\t<meta name=\"twitter:data2\" content=\"4 minutos\" \/>\n<script type=\"application\/ld+json\" class=\"yoast-schema-graph\">{\"@context\":\"https:\\\/\\\/schema.org\",\"@graph\":[{\"@type\":\"Article\",\"@id\":\"https:\\\/\\\/projetoslayerup.com.br\\\/vetnil\\\/laminite-em-equinos-provaveis-causas-e-como-reconhecer\\\/#article\",\"isPartOf\":{\"@id\":\"https:\\\/\\\/projetoslayerup.com.br\\\/vetnil\\\/laminite-em-equinos-provaveis-causas-e-como-reconhecer\\\/\"},\"author\":{\"name\":\"editorvetnil\",\"@id\":\"https:\\\/\\\/projetoslayerup.com.br\\\/vetnil\\\/#\\\/schema\\\/person\\\/b5924b46dd7d8b3981950bc7ec88d9b6\"},\"headline\":\"LAMINITE EM EQUINOS \u2014 PROV\u00c1VEIS CAUSAS E COMO RECONHECER\",\"datePublished\":\"2023-04-10T10:23:58+00:00\",\"dateModified\":\"2024-03-18T14:59:33+00:00\",\"mainEntityOfPage\":{\"@id\":\"https:\\\/\\\/projetoslayerup.com.br\\\/vetnil\\\/laminite-em-equinos-provaveis-causas-e-como-reconhecer\\\/\"},\"wordCount\":778,\"commentCount\":0,\"publisher\":{\"@id\":\"https:\\\/\\\/projetoslayerup.com.br\\\/vetnil\\\/#organization\"},\"image\":{\"@id\":\"https:\\\/\\\/projetoslayerup.com.br\\\/vetnil\\\/laminite-em-equinos-provaveis-causas-e-como-reconhecer\\\/#primaryimage\"},\"thumbnailUrl\":\"https:\\\/\\\/projetoslayerup.com.br\\\/vetnil\\\/wp-content\\\/uploads\\\/2023\\\/12\\\/posts_62b0b84735a49.jpg\",\"articleSection\":[\"Cavalo\"],\"inLanguage\":\"pt-BR\",\"potentialAction\":[{\"@type\":\"CommentAction\",\"name\":\"Comment\",\"target\":[\"https:\\\/\\\/projetoslayerup.com.br\\\/vetnil\\\/laminite-em-equinos-provaveis-causas-e-como-reconhecer\\\/#respond\"]}]},{\"@type\":\"WebPage\",\"@id\":\"https:\\\/\\\/projetoslayerup.com.br\\\/vetnil\\\/laminite-em-equinos-provaveis-causas-e-como-reconhecer\\\/\",\"url\":\"https:\\\/\\\/projetoslayerup.com.br\\\/vetnil\\\/laminite-em-equinos-provaveis-causas-e-como-reconhecer\\\/\",\"name\":\"LAMINITE EM EQUINOS \u2014 PROV\u00c1VEIS CAUSAS E COMO RECONHECER &#8211; VETNIL\",\"isPartOf\":{\"@id\":\"https:\\\/\\\/projetoslayerup.com.br\\\/vetnil\\\/#website\"},\"primaryImageOfPage\":{\"@id\":\"https:\\\/\\\/projetoslayerup.com.br\\\/vetnil\\\/laminite-em-equinos-provaveis-causas-e-como-reconhecer\\\/#primaryimage\"},\"image\":{\"@id\":\"https:\\\/\\\/projetoslayerup.com.br\\\/vetnil\\\/laminite-em-equinos-provaveis-causas-e-como-reconhecer\\\/#primaryimage\"},\"thumbnailUrl\":\"https:\\\/\\\/projetoslayerup.com.br\\\/vetnil\\\/wp-content\\\/uploads\\\/2023\\\/12\\\/posts_62b0b84735a49.jpg\",\"datePublished\":\"2023-04-10T10:23:58+00:00\",\"dateModified\":\"2024-03-18T14:59:33+00:00\",\"breadcrumb\":{\"@id\":\"https:\\\/\\\/projetoslayerup.com.br\\\/vetnil\\\/laminite-em-equinos-provaveis-causas-e-como-reconhecer\\\/#breadcrumb\"},\"inLanguage\":\"pt-BR\",\"potentialAction\":[{\"@type\":\"ReadAction\",\"target\":[\"https:\\\/\\\/projetoslayerup.com.br\\\/vetnil\\\/laminite-em-equinos-provaveis-causas-e-como-reconhecer\\\/\"]}]},{\"@type\":\"ImageObject\",\"inLanguage\":\"pt-BR\",\"@id\":\"https:\\\/\\\/projetoslayerup.com.br\\\/vetnil\\\/laminite-em-equinos-provaveis-causas-e-como-reconhecer\\\/#primaryimage\",\"url\":\"https:\\\/\\\/projetoslayerup.com.br\\\/vetnil\\\/wp-content\\\/uploads\\\/2023\\\/12\\\/posts_62b0b84735a49.jpg\",\"contentUrl\":\"https:\\\/\\\/projetoslayerup.com.br\\\/vetnil\\\/wp-content\\\/uploads\\\/2023\\\/12\\\/posts_62b0b84735a49.jpg\",\"width\":1200,\"height\":500},{\"@type\":\"BreadcrumbList\",\"@id\":\"https:\\\/\\\/projetoslayerup.com.br\\\/vetnil\\\/laminite-em-equinos-provaveis-causas-e-como-reconhecer\\\/#breadcrumb\",\"itemListElement\":[{\"@type\":\"ListItem\",\"position\":1,\"name\":\"Home\",\"item\":\"https:\\\/\\\/projetoslayerup.com.br\\\/vetnil\\\/\"},{\"@type\":\"ListItem\",\"position\":2,\"name\":\"LAMINITE EM EQUINOS \u2014 PROV\u00c1VEIS CAUSAS E COMO RECONHECER\"}]},{\"@type\":\"WebSite\",\"@id\":\"https:\\\/\\\/projetoslayerup.com.br\\\/vetnil\\\/#website\",\"url\":\"https:\\\/\\\/projetoslayerup.com.br\\\/vetnil\\\/\",\"name\":\"VETNIL\",\"description\":\"Parceira de quem cuida - Sa\u00fade e Bem-estar animal\",\"publisher\":{\"@id\":\"https:\\\/\\\/projetoslayerup.com.br\\\/vetnil\\\/#organization\"},\"potentialAction\":[{\"@type\":\"SearchAction\",\"target\":{\"@type\":\"EntryPoint\",\"urlTemplate\":\"https:\\\/\\\/projetoslayerup.com.br\\\/vetnil\\\/?s={search_term_string}\"},\"query-input\":{\"@type\":\"PropertyValueSpecification\",\"valueRequired\":true,\"valueName\":\"search_term_string\"}}],\"inLanguage\":\"pt-BR\"},{\"@type\":\"Organization\",\"@id\":\"https:\\\/\\\/projetoslayerup.com.br\\\/vetnil\\\/#organization\",\"name\":\"VETNIL\",\"url\":\"https:\\\/\\\/projetoslayerup.com.br\\\/vetnil\\\/\",\"logo\":{\"@type\":\"ImageObject\",\"inLanguage\":\"pt-BR\",\"@id\":\"https:\\\/\\\/projetoslayerup.com.br\\\/vetnil\\\/#\\\/schema\\\/logo\\\/image\\\/\",\"url\":\"https:\\\/\\\/projetoslayerup.com.br\\\/vetnil\\\/wp-content\\\/uploads\\\/2023\\\/09\\\/logo-vetnil.svg\",\"contentUrl\":\"https:\\\/\\\/projetoslayerup.com.br\\\/vetnil\\\/wp-content\\\/uploads\\\/2023\\\/09\\\/logo-vetnil.svg\",\"width\":141,\"height\":25,\"caption\":\"VETNIL\"},\"image\":{\"@id\":\"https:\\\/\\\/projetoslayerup.com.br\\\/vetnil\\\/#\\\/schema\\\/logo\\\/image\\\/\"}},{\"@type\":\"Person\",\"@id\":\"https:\\\/\\\/projetoslayerup.com.br\\\/vetnil\\\/#\\\/schema\\\/person\\\/b5924b46dd7d8b3981950bc7ec88d9b6\",\"name\":\"editorvetnil\",\"image\":{\"@type\":\"ImageObject\",\"inLanguage\":\"pt-BR\",\"@id\":\"https:\\\/\\\/secure.gravatar.com\\\/avatar\\\/12a343ca4d3e5757b29f1ca303d7ea3c71a341d0918ab6fb78ec3f5fdbd6eaea?s=96&d=blank&r=g\",\"url\":\"https:\\\/\\\/secure.gravatar.com\\\/avatar\\\/12a343ca4d3e5757b29f1ca303d7ea3c71a341d0918ab6fb78ec3f5fdbd6eaea?s=96&d=blank&r=g\",\"contentUrl\":\"https:\\\/\\\/secure.gravatar.com\\\/avatar\\\/12a343ca4d3e5757b29f1ca303d7ea3c71a341d0918ab6fb78ec3f5fdbd6eaea?s=96&d=blank&r=g\",\"caption\":\"editorvetnil\"}}]}<\/script>\n<!-- \/ Yoast SEO plugin. -->","yoast_head_json":{"title":"LAMINITE EM EQUINOS \u2014 PROV\u00c1VEIS CAUSAS E COMO RECONHECER &#8211; VETNIL","robots":{"index":"noindex","follow":"follow","max-snippet":"max-snippet:-1","max-image-preview":"max-image-preview:large","max-video-preview":"max-video-preview:-1"},"og_locale":"pt_BR","og_type":"article","og_title":"LAMINITE EM EQUINOS \u2014 PROV\u00c1VEIS CAUSAS E COMO RECONHECER &#8211; VETNIL","og_description":"Se o seu cavalo tem demonstrado dificuldades ao andar ou resist\u00eancia em se mover, est\u00e1 na hora de acender o alerta. Uma das doen\u00e7as locomotoras mais comuns em equinos \u00e9 a laminite, uma inflama\u00e7\u00e3o das l\u00e2minas dos cascos \u2014 estruturas que ligam o estojo c\u00f3rneo \u00e0 terceira falange. Entenda mais sobre a condi\u00e7\u00e3o, saiba quais [&hellip;]","og_url":"https:\/\/projetoslayerup.com.br\/vetnil\/laminite-em-equinos-provaveis-causas-e-como-reconhecer\/","og_site_name":"VETNIL","article_published_time":"2023-04-10T10:23:58+00:00","article_modified_time":"2024-03-18T14:59:33+00:00","og_image":[{"width":1200,"height":500,"url":"https:\/\/projetoslayerup.com.br\/vetnil\/wp-content\/uploads\/2023\/12\/posts_62b0b84735a49.jpg","type":"image\/jpeg"}],"author":"editorvetnil","twitter_card":"summary_large_image","twitter_misc":{"Escrito por":"editorvetnil","Est. tempo de leitura":"4 minutos"},"schema":{"@context":"https:\/\/schema.org","@graph":[{"@type":"Article","@id":"https:\/\/projetoslayerup.com.br\/vetnil\/laminite-em-equinos-provaveis-causas-e-como-reconhecer\/#article","isPartOf":{"@id":"https:\/\/projetoslayerup.com.br\/vetnil\/laminite-em-equinos-provaveis-causas-e-como-reconhecer\/"},"author":{"name":"editorvetnil","@id":"https:\/\/projetoslayerup.com.br\/vetnil\/#\/schema\/person\/b5924b46dd7d8b3981950bc7ec88d9b6"},"headline":"LAMINITE EM EQUINOS \u2014 PROV\u00c1VEIS CAUSAS E COMO RECONHECER","datePublished":"2023-04-10T10:23:58+00:00","dateModified":"2024-03-18T14:59:33+00:00","mainEntityOfPage":{"@id":"https:\/\/projetoslayerup.com.br\/vetnil\/laminite-em-equinos-provaveis-causas-e-como-reconhecer\/"},"wordCount":778,"commentCount":0,"publisher":{"@id":"https:\/\/projetoslayerup.com.br\/vetnil\/#organization"},"image":{"@id":"https:\/\/projetoslayerup.com.br\/vetnil\/laminite-em-equinos-provaveis-causas-e-como-reconhecer\/#primaryimage"},"thumbnailUrl":"https:\/\/projetoslayerup.com.br\/vetnil\/wp-content\/uploads\/2023\/12\/posts_62b0b84735a49.jpg","articleSection":["Cavalo"],"inLanguage":"pt-BR","potentialAction":[{"@type":"CommentAction","name":"Comment","target":["https:\/\/projetoslayerup.com.br\/vetnil\/laminite-em-equinos-provaveis-causas-e-como-reconhecer\/#respond"]}]},{"@type":"WebPage","@id":"https:\/\/projetoslayerup.com.br\/vetnil\/laminite-em-equinos-provaveis-causas-e-como-reconhecer\/","url":"https:\/\/projetoslayerup.com.br\/vetnil\/laminite-em-equinos-provaveis-causas-e-como-reconhecer\/","name":"LAMINITE EM EQUINOS \u2014 PROV\u00c1VEIS CAUSAS E COMO RECONHECER &#8211; VETNIL","isPartOf":{"@id":"https:\/\/projetoslayerup.com.br\/vetnil\/#website"},"primaryImageOfPage":{"@id":"https:\/\/projetoslayerup.com.br\/vetnil\/laminite-em-equinos-provaveis-causas-e-como-reconhecer\/#primaryimage"},"image":{"@id":"https:\/\/projetoslayerup.com.br\/vetnil\/laminite-em-equinos-provaveis-causas-e-como-reconhecer\/#primaryimage"},"thumbnailUrl":"https:\/\/projetoslayerup.com.br\/vetnil\/wp-content\/uploads\/2023\/12\/posts_62b0b84735a49.jpg","datePublished":"2023-04-10T10:23:58+00:00","dateModified":"2024-03-18T14:59:33+00:00","breadcrumb":{"@id":"https:\/\/projetoslayerup.com.br\/vetnil\/laminite-em-equinos-provaveis-causas-e-como-reconhecer\/#breadcrumb"},"inLanguage":"pt-BR","potentialAction":[{"@type":"ReadAction","target":["https:\/\/projetoslayerup.com.br\/vetnil\/laminite-em-equinos-provaveis-causas-e-como-reconhecer\/"]}]},{"@type":"ImageObject","inLanguage":"pt-BR","@id":"https:\/\/projetoslayerup.com.br\/vetnil\/laminite-em-equinos-provaveis-causas-e-como-reconhecer\/#primaryimage","url":"https:\/\/projetoslayerup.com.br\/vetnil\/wp-content\/uploads\/2023\/12\/posts_62b0b84735a49.jpg","contentUrl":"https:\/\/projetoslayerup.com.br\/vetnil\/wp-content\/uploads\/2023\/12\/posts_62b0b84735a49.jpg","width":1200,"height":500},{"@type":"BreadcrumbList","@id":"https:\/\/projetoslayerup.com.br\/vetnil\/laminite-em-equinos-provaveis-causas-e-como-reconhecer\/#breadcrumb","itemListElement":[{"@type":"ListItem","position":1,"name":"Home","item":"https:\/\/projetoslayerup.com.br\/vetnil\/"},{"@type":"ListItem","position":2,"name":"LAMINITE EM EQUINOS \u2014 PROV\u00c1VEIS CAUSAS E COMO RECONHECER"}]},{"@type":"WebSite","@id":"https:\/\/projetoslayerup.com.br\/vetnil\/#website","url":"https:\/\/projetoslayerup.com.br\/vetnil\/","name":"VETNIL","description":"Parceira de quem cuida - Sa\u00fade e Bem-estar animal","publisher":{"@id":"https:\/\/projetoslayerup.com.br\/vetnil\/#organization"},"potentialAction":[{"@type":"SearchAction","target":{"@type":"EntryPoint","urlTemplate":"https:\/\/projetoslayerup.com.br\/vetnil\/?s={search_term_string}"},"query-input":{"@type":"PropertyValueSpecification","valueRequired":true,"valueName":"search_term_string"}}],"inLanguage":"pt-BR"},{"@type":"Organization","@id":"https:\/\/projetoslayerup.com.br\/vetnil\/#organization","name":"VETNIL","url":"https:\/\/projetoslayerup.com.br\/vetnil\/","logo":{"@type":"ImageObject","inLanguage":"pt-BR","@id":"https:\/\/projetoslayerup.com.br\/vetnil\/#\/schema\/logo\/image\/","url":"https:\/\/projetoslayerup.com.br\/vetnil\/wp-content\/uploads\/2023\/09\/logo-vetnil.svg","contentUrl":"https:\/\/projetoslayerup.com.br\/vetnil\/wp-content\/uploads\/2023\/09\/logo-vetnil.svg","width":141,"height":25,"caption":"VETNIL"},"image":{"@id":"https:\/\/projetoslayerup.com.br\/vetnil\/#\/schema\/logo\/image\/"}},{"@type":"Person","@id":"https:\/\/projetoslayerup.com.br\/vetnil\/#\/schema\/person\/b5924b46dd7d8b3981950bc7ec88d9b6","name":"editorvetnil","image":{"@type":"ImageObject","inLanguage":"pt-BR","@id":"https:\/\/secure.gravatar.com\/avatar\/12a343ca4d3e5757b29f1ca303d7ea3c71a341d0918ab6fb78ec3f5fdbd6eaea?s=96&d=blank&r=g","url":"https:\/\/secure.gravatar.com\/avatar\/12a343ca4d3e5757b29f1ca303d7ea3c71a341d0918ab6fb78ec3f5fdbd6eaea?s=96&d=blank&r=g","contentUrl":"https:\/\/secure.gravatar.com\/avatar\/12a343ca4d3e5757b29f1ca303d7ea3c71a341d0918ab6fb78ec3f5fdbd6eaea?s=96&d=blank&r=g","caption":"editorvetnil"}}]}},"lang":"pt","translations":{"pt":1990,"en":5580,"es":6737},"pll_sync_post":[],"_links":{"self":[{"href":"https:\/\/projetoslayerup.com.br\/vetnil\/wp-json\/wp\/v2\/posts\/1990","targetHints":{"allow":["GET"]}}],"collection":[{"href":"https:\/\/projetoslayerup.com.br\/vetnil\/wp-json\/wp\/v2\/posts"}],"about":[{"href":"https:\/\/projetoslayerup.com.br\/vetnil\/wp-json\/wp\/v2\/types\/post"}],"author":[{"embeddable":true,"href":"https:\/\/projetoslayerup.com.br\/vetnil\/wp-json\/wp\/v2\/users\/10"}],"replies":[{"embeddable":true,"href":"https:\/\/projetoslayerup.com.br\/vetnil\/wp-json\/wp\/v2\/comments?post=1990"}],"version-history":[{"count":0,"href":"https:\/\/projetoslayerup.com.br\/vetnil\/wp-json\/wp\/v2\/posts\/1990\/revisions"}],"wp:featuredmedia":[{"embeddable":true,"href":"https:\/\/projetoslayerup.com.br\/vetnil\/wp-json\/wp\/v2\/media\/1991"}],"wp:attachment":[{"href":"https:\/\/projetoslayerup.com.br\/vetnil\/wp-json\/wp\/v2\/media?parent=1990"}],"wp:term":[{"taxonomy":"category","embeddable":true,"href":"https:\/\/projetoslayerup.com.br\/vetnil\/wp-json\/wp\/v2\/categories?post=1990"},{"taxonomy":"post_tag","embeddable":true,"href":"https:\/\/projetoslayerup.com.br\/vetnil\/wp-json\/wp\/v2\/tags?post=1990"}],"curies":[{"name":"wp","href":"https:\/\/api.w.org\/{rel}","templated":true}]}}