{"id":7185,"date":"2024-03-20T11:36:36","date_gmt":"2024-03-20T14:36:36","guid":{"rendered":"https:\/\/projetoslayerup.com.br\/vetnil\/?p=7185"},"modified":"2025-07-29T11:23:50","modified_gmt":"2025-07-29T14:23:50","slug":"a-importancia-das-vitaminas-do-complexo-b-para-os-cavalos","status":"publish","type":"post","link":"https:\/\/projetoslayerup.com.br\/vetnil\/a-importancia-das-vitaminas-do-complexo-b-para-os-cavalos\/","title":{"rendered":"A import\u00e2ncia das vitaminas do complexo B para os cavalos"},"content":{"rendered":"\n<p>A recupera\u00e7\u00e3o metab\u00f3lica e f\u00edsica dos equinos s\u00e3o aspectos fundamentais quando o assunto \u00e9 bem-estar e desempenho em per\u00edodos de atividades intensas, como competi\u00e7\u00f5es.&nbsp;<em>&#8220;Com a rotina vigorosa de treinamentos, o organismo dos cavalos pode n\u00e3o se recuperar de forma eficiente devido a desbalan\u00e7os entre a quantidade de energia e nutrientes necess\u00e1rios para exercer suas atividades e o que est\u00e1 contido na dieta. Dentre esses nutrientes, algumas vitaminas, como as do complexo B, precisam frequentemente ser administradas de forma suplementar \u00e0 dieta, j\u00e1 que h\u00e1 maior necessidade pelo organismo. Por isso, \u00e9 t\u00e3o importante o uso de complexos vitam\u00ednicos&#8221;<\/em>, informa Kau\u00ea Ribeiro da Silva, coordenador de comunica\u00e7\u00e3o t\u00e9cnica da Vetnil, uma das l\u00edderes em medicamentos e suplementos para equinos no Brasil. &nbsp;<\/p>\n\n\n\n<p>As vitaminas s\u00e3o compostos org\u00e2nicos de origens diversas e que desempenham variadas fun\u00e7\u00f5es no organismo. As do Complexo B, por exemplo, que s\u00e3o hidrossol\u00faveis, possuem diferentes fun\u00e7\u00f5es e atuam como cofatores de rea\u00e7\u00f5es importantes na gera\u00e7\u00e3o de energia e no metabolismo proteico e lip\u00eddico. Por isso, s\u00e3o altamente exigidas por equinos atletas.&nbsp;&nbsp;<\/p>\n\n\n\n<p><em>&#8220;Como parte deste, podemos citar a vitamina B3 essencial para o metabolismo das c\u00e9lulas e participa em processos no DNA celular; a vitamina B5, que opera na forma\u00e7\u00e3o de coenzima A, importante para o Ciclo de Krebs, processo pelo qual \u00e9 gerada energia \u00e0 c\u00e9lula; A B6, que tem papel fundamental no metabolismo proteico e oferece suporte para a forma\u00e7\u00e3o de prote\u00ednas em diversos tecidos e \u00f3rg\u00e3os, como o f\u00edgado e a musculatura; al\u00e9m da &nbsp;vitamina B12, que tem papel no crescimento, desenvolvimento e matura\u00e7\u00e3o de c\u00e9lulas de r\u00e1pida multiplica\u00e7\u00e3o, apoiando o metabolismo de lip\u00eddios e carboidratos, al\u00e9m de atuar na hematopoiese, sendo ainda mais demandada por animais que possuem alta exig\u00eancia do sistema cardiorrespirat\u00f3rio, possuindo tamb\u00e9m fun\u00e7\u00e3o nas c\u00e9lulas nervosas&#8221;<\/em>, completa o Coordenador de Comunica\u00e7\u00e3o T\u00e9cnica da Vetnil.<\/p>\n\n\n\n<p>Outro nutriente importante, classificado como um macronutriente, \u00e9 o f\u00f3sforo, um mineral com participa\u00e7\u00e3o importante no metabolismo \u00f3sseo, contra\u00e7\u00e3o da musculatura e fun\u00e7\u00f5es neurol\u00f3gicas, auxiliando tamb\u00e9m no metabolismo de prote\u00ednas, gorduras e carboidratos (por compor parte do ATP, por exemplo). Uma fonte de f\u00f3sforo org\u00e2nico (forma melhor absorvida pelo organismo em rela\u00e7\u00e3o \u00e0 forma inorg\u00e2nica) \u00e9 a butafosfana, que confere todos os benef\u00edcios relacionados ao f\u00f3sforo.<\/p>\n\n\n\n<p>Ainda, pelo alto esfor\u00e7o f\u00edsico, \u00e9 quase intuitivo pensarmos que os cavalos precisam de um alto n\u00edvel de prote\u00edna em suas dietas. Especificamente, precisamos pensar nas subunidades que formam as prote\u00ednas, os amino\u00e1cidos. Dentre eles, podemos destacar alguns tamb\u00e9m relacionados ao metabolismo hep\u00e1tico e proteico, como a arginina e a metionina, amino\u00e1cidos essenciais.<\/p>\n\n\n\n<p>Vitaminas do Complexo B, juntamente a Butafosfana e os amino\u00e1cidos Arginina e Metionina comp\u00f5em o&nbsp;<strong>Bionew\u00ae,<\/strong>&nbsp;produto que passou por reformula\u00e7\u00e3o \u00e9&nbsp;indicado para tratamentos de quaisquer estados carenciais desses componentes em equinos, sendo especialmente importante para animais em estado de alta necessidade de recupera\u00e7\u00e3o metab\u00f3lica e f\u00edsica, repondo tais componentes de forma r\u00e1pida. &nbsp;<\/p>\n\n\n\n<p>Para Kau\u00ea, estar atento \u00e0s necessidades dos animais \u00e9 preveni-los de futuros problemas.&nbsp;<em>&#8220;O bem-estar animal deve ser primordial para quem cuida de cavalos, seja o propriet\u00e1rio, o m\u00e9dico veterin\u00e1rio ou o atleta. Optar por ter como parceira uma institui\u00e7\u00e3o como a Vetnil \u00e9 ter a garantia de produtos de alta qualidade que atendem \u00e0s diferentes necessidades dos animais \u00e0 campo. Onde tem cavalo, tem Vetnil.&#8221;<\/em><\/p>\n","protected":false},"excerpt":{"rendered":"<p>A recupera\u00e7\u00e3o metab\u00f3lica e f\u00edsica dos equinos s\u00e3o aspectos fundamentais quando o assunto \u00e9 bem-estar e desempenho em per\u00edodos de atividades intensas, como competi\u00e7\u00f5es.&nbsp;&#8220;Com a rotina vigorosa de treinamentos, o organismo dos cavalos pode n\u00e3o se recuperar de forma eficiente devido a desbalan\u00e7os entre a quantidade de energia e nutrientes necess\u00e1rios para exercer suas atividades [&hellip;]<\/p>\n","protected":false},"author":10,"featured_media":7186,"comment_status":"open","ping_status":"open","sticky":false,"template":"","format":"standard","meta":{"footnotes":""},"categories":[132],"tags":[],"class_list":["post-7185","post","type-post","status-publish","format-standard","has-post-thumbnail","hentry","category-cavalo"],"yoast_head":"<!-- This site is optimized with the Yoast SEO plugin v27.3 - https:\/\/yoast.com\/product\/yoast-seo-wordpress\/ -->\n<title>A import\u00e2ncia das vitaminas do complexo B para os cavalos &#8211; VETNIL<\/title>\n<meta name=\"robots\" content=\"noindex, follow, max-snippet:-1, max-image-preview:large, max-video-preview:-1\" \/>\n<meta property=\"og:locale\" content=\"pt_BR\" \/>\n<meta property=\"og:type\" content=\"article\" \/>\n<meta property=\"og:title\" content=\"A import\u00e2ncia das vitaminas do complexo B para os cavalos &#8211; VETNIL\" \/>\n<meta property=\"og:description\" content=\"A recupera\u00e7\u00e3o metab\u00f3lica e f\u00edsica dos equinos s\u00e3o aspectos fundamentais quando o assunto \u00e9 bem-estar e desempenho em per\u00edodos de atividades intensas, como competi\u00e7\u00f5es.&nbsp;&#8220;Com a rotina vigorosa de treinamentos, o organismo dos cavalos pode n\u00e3o se recuperar de forma eficiente devido a desbalan\u00e7os entre a quantidade de energia e nutrientes necess\u00e1rios para exercer suas atividades [&hellip;]\" \/>\n<meta property=\"og:url\" content=\"https:\/\/projetoslayerup.com.br\/vetnil\/a-importancia-das-vitaminas-do-complexo-b-para-os-cavalos\/\" \/>\n<meta property=\"og:site_name\" content=\"VETNIL\" \/>\n<meta property=\"article:published_time\" content=\"2024-03-20T14:36:36+00:00\" \/>\n<meta property=\"article:modified_time\" content=\"2025-07-29T14:23:50+00:00\" \/>\n<meta property=\"og:image\" content=\"https:\/\/projetoslayerup.com.br\/vetnil\/wp-content\/uploads\/2024\/03\/posts_65d8861d78814.webp\" \/>\n\t<meta property=\"og:image:width\" content=\"1200\" \/>\n\t<meta property=\"og:image:height\" content=\"500\" \/>\n\t<meta property=\"og:image:type\" content=\"image\/webp\" \/>\n<meta name=\"author\" content=\"editorvetnil\" \/>\n<meta name=\"twitter:card\" content=\"summary_large_image\" \/>\n<meta name=\"twitter:label1\" content=\"Escrito por\" \/>\n\t<meta name=\"twitter:data1\" content=\"editorvetnil\" \/>\n\t<meta name=\"twitter:label2\" content=\"Est. tempo de leitura\" \/>\n\t<meta name=\"twitter:data2\" content=\"4 minutos\" \/>\n<script type=\"application\/ld+json\" class=\"yoast-schema-graph\">{\"@context\":\"https:\\\/\\\/schema.org\",\"@graph\":[{\"@type\":\"Article\",\"@id\":\"https:\\\/\\\/projetoslayerup.com.br\\\/vetnil\\\/a-importancia-das-vitaminas-do-complexo-b-para-os-cavalos\\\/#article\",\"isPartOf\":{\"@id\":\"https:\\\/\\\/projetoslayerup.com.br\\\/vetnil\\\/a-importancia-das-vitaminas-do-complexo-b-para-os-cavalos\\\/\"},\"author\":{\"name\":\"editorvetnil\",\"@id\":\"https:\\\/\\\/projetoslayerup.com.br\\\/vetnil\\\/#\\\/schema\\\/person\\\/b5924b46dd7d8b3981950bc7ec88d9b6\"},\"headline\":\"A import\u00e2ncia das vitaminas do complexo B para os cavalos\",\"datePublished\":\"2024-03-20T14:36:36+00:00\",\"dateModified\":\"2025-07-29T14:23:50+00:00\",\"mainEntityOfPage\":{\"@id\":\"https:\\\/\\\/projetoslayerup.com.br\\\/vetnil\\\/a-importancia-das-vitaminas-do-complexo-b-para-os-cavalos\\\/\"},\"wordCount\":627,\"commentCount\":0,\"publisher\":{\"@id\":\"https:\\\/\\\/projetoslayerup.com.br\\\/vetnil\\\/#organization\"},\"image\":{\"@id\":\"https:\\\/\\\/projetoslayerup.com.br\\\/vetnil\\\/a-importancia-das-vitaminas-do-complexo-b-para-os-cavalos\\\/#primaryimage\"},\"thumbnailUrl\":\"https:\\\/\\\/projetoslayerup.com.br\\\/vetnil\\\/wp-content\\\/uploads\\\/2024\\\/03\\\/posts_65d8861d78814.webp\",\"articleSection\":[\"Cavalo\"],\"inLanguage\":\"pt-BR\",\"potentialAction\":[{\"@type\":\"CommentAction\",\"name\":\"Comment\",\"target\":[\"https:\\\/\\\/projetoslayerup.com.br\\\/vetnil\\\/a-importancia-das-vitaminas-do-complexo-b-para-os-cavalos\\\/#respond\"]}]},{\"@type\":\"WebPage\",\"@id\":\"https:\\\/\\\/projetoslayerup.com.br\\\/vetnil\\\/a-importancia-das-vitaminas-do-complexo-b-para-os-cavalos\\\/\",\"url\":\"https:\\\/\\\/projetoslayerup.com.br\\\/vetnil\\\/a-importancia-das-vitaminas-do-complexo-b-para-os-cavalos\\\/\",\"name\":\"A import\u00e2ncia das vitaminas do complexo B para os cavalos &#8211; VETNIL\",\"isPartOf\":{\"@id\":\"https:\\\/\\\/projetoslayerup.com.br\\\/vetnil\\\/#website\"},\"primaryImageOfPage\":{\"@id\":\"https:\\\/\\\/projetoslayerup.com.br\\\/vetnil\\\/a-importancia-das-vitaminas-do-complexo-b-para-os-cavalos\\\/#primaryimage\"},\"image\":{\"@id\":\"https:\\\/\\\/projetoslayerup.com.br\\\/vetnil\\\/a-importancia-das-vitaminas-do-complexo-b-para-os-cavalos\\\/#primaryimage\"},\"thumbnailUrl\":\"https:\\\/\\\/projetoslayerup.com.br\\\/vetnil\\\/wp-content\\\/uploads\\\/2024\\\/03\\\/posts_65d8861d78814.webp\",\"datePublished\":\"2024-03-20T14:36:36+00:00\",\"dateModified\":\"2025-07-29T14:23:50+00:00\",\"breadcrumb\":{\"@id\":\"https:\\\/\\\/projetoslayerup.com.br\\\/vetnil\\\/a-importancia-das-vitaminas-do-complexo-b-para-os-cavalos\\\/#breadcrumb\"},\"inLanguage\":\"pt-BR\",\"potentialAction\":[{\"@type\":\"ReadAction\",\"target\":[\"https:\\\/\\\/projetoslayerup.com.br\\\/vetnil\\\/a-importancia-das-vitaminas-do-complexo-b-para-os-cavalos\\\/\"]}]},{\"@type\":\"ImageObject\",\"inLanguage\":\"pt-BR\",\"@id\":\"https:\\\/\\\/projetoslayerup.com.br\\\/vetnil\\\/a-importancia-das-vitaminas-do-complexo-b-para-os-cavalos\\\/#primaryimage\",\"url\":\"https:\\\/\\\/projetoslayerup.com.br\\\/vetnil\\\/wp-content\\\/uploads\\\/2024\\\/03\\\/posts_65d8861d78814.webp\",\"contentUrl\":\"https:\\\/\\\/projetoslayerup.com.br\\\/vetnil\\\/wp-content\\\/uploads\\\/2024\\\/03\\\/posts_65d8861d78814.webp\",\"width\":1200,\"height\":500},{\"@type\":\"BreadcrumbList\",\"@id\":\"https:\\\/\\\/projetoslayerup.com.br\\\/vetnil\\\/a-importancia-das-vitaminas-do-complexo-b-para-os-cavalos\\\/#breadcrumb\",\"itemListElement\":[{\"@type\":\"ListItem\",\"position\":1,\"name\":\"Home\",\"item\":\"https:\\\/\\\/projetoslayerup.com.br\\\/vetnil\\\/\"},{\"@type\":\"ListItem\",\"position\":2,\"name\":\"A import\u00e2ncia das vitaminas do complexo B para os cavalos\"}]},{\"@type\":\"WebSite\",\"@id\":\"https:\\\/\\\/projetoslayerup.com.br\\\/vetnil\\\/#website\",\"url\":\"https:\\\/\\\/projetoslayerup.com.br\\\/vetnil\\\/\",\"name\":\"VETNIL\",\"description\":\"Parceira de quem cuida - Sa\u00fade e Bem-estar animal\",\"publisher\":{\"@id\":\"https:\\\/\\\/projetoslayerup.com.br\\\/vetnil\\\/#organization\"},\"potentialAction\":[{\"@type\":\"SearchAction\",\"target\":{\"@type\":\"EntryPoint\",\"urlTemplate\":\"https:\\\/\\\/projetoslayerup.com.br\\\/vetnil\\\/?s={search_term_string}\"},\"query-input\":{\"@type\":\"PropertyValueSpecification\",\"valueRequired\":true,\"valueName\":\"search_term_string\"}}],\"inLanguage\":\"pt-BR\"},{\"@type\":\"Organization\",\"@id\":\"https:\\\/\\\/projetoslayerup.com.br\\\/vetnil\\\/#organization\",\"name\":\"VETNIL\",\"url\":\"https:\\\/\\\/projetoslayerup.com.br\\\/vetnil\\\/\",\"logo\":{\"@type\":\"ImageObject\",\"inLanguage\":\"pt-BR\",\"@id\":\"https:\\\/\\\/projetoslayerup.com.br\\\/vetnil\\\/#\\\/schema\\\/logo\\\/image\\\/\",\"url\":\"https:\\\/\\\/projetoslayerup.com.br\\\/vetnil\\\/wp-content\\\/uploads\\\/2023\\\/09\\\/logo-vetnil.svg\",\"contentUrl\":\"https:\\\/\\\/projetoslayerup.com.br\\\/vetnil\\\/wp-content\\\/uploads\\\/2023\\\/09\\\/logo-vetnil.svg\",\"width\":141,\"height\":25,\"caption\":\"VETNIL\"},\"image\":{\"@id\":\"https:\\\/\\\/projetoslayerup.com.br\\\/vetnil\\\/#\\\/schema\\\/logo\\\/image\\\/\"}},{\"@type\":\"Person\",\"@id\":\"https:\\\/\\\/projetoslayerup.com.br\\\/vetnil\\\/#\\\/schema\\\/person\\\/b5924b46dd7d8b3981950bc7ec88d9b6\",\"name\":\"editorvetnil\",\"image\":{\"@type\":\"ImageObject\",\"inLanguage\":\"pt-BR\",\"@id\":\"https:\\\/\\\/secure.gravatar.com\\\/avatar\\\/12a343ca4d3e5757b29f1ca303d7ea3c71a341d0918ab6fb78ec3f5fdbd6eaea?s=96&d=blank&r=g\",\"url\":\"https:\\\/\\\/secure.gravatar.com\\\/avatar\\\/12a343ca4d3e5757b29f1ca303d7ea3c71a341d0918ab6fb78ec3f5fdbd6eaea?s=96&d=blank&r=g\",\"contentUrl\":\"https:\\\/\\\/secure.gravatar.com\\\/avatar\\\/12a343ca4d3e5757b29f1ca303d7ea3c71a341d0918ab6fb78ec3f5fdbd6eaea?s=96&d=blank&r=g\",\"caption\":\"editorvetnil\"}}]}<\/script>\n<!-- \/ Yoast SEO plugin. -->","yoast_head_json":{"title":"A import\u00e2ncia das vitaminas do complexo B para os cavalos &#8211; VETNIL","robots":{"index":"noindex","follow":"follow","max-snippet":"max-snippet:-1","max-image-preview":"max-image-preview:large","max-video-preview":"max-video-preview:-1"},"og_locale":"pt_BR","og_type":"article","og_title":"A import\u00e2ncia das vitaminas do complexo B para os cavalos &#8211; VETNIL","og_description":"A recupera\u00e7\u00e3o metab\u00f3lica e f\u00edsica dos equinos s\u00e3o aspectos fundamentais quando o assunto \u00e9 bem-estar e desempenho em per\u00edodos de atividades intensas, como competi\u00e7\u00f5es.&nbsp;&#8220;Com a rotina vigorosa de treinamentos, o organismo dos cavalos pode n\u00e3o se recuperar de forma eficiente devido a desbalan\u00e7os entre a quantidade de energia e nutrientes necess\u00e1rios para exercer suas atividades [&hellip;]","og_url":"https:\/\/projetoslayerup.com.br\/vetnil\/a-importancia-das-vitaminas-do-complexo-b-para-os-cavalos\/","og_site_name":"VETNIL","article_published_time":"2024-03-20T14:36:36+00:00","article_modified_time":"2025-07-29T14:23:50+00:00","og_image":[{"width":1200,"height":500,"url":"https:\/\/projetoslayerup.com.br\/vetnil\/wp-content\/uploads\/2024\/03\/posts_65d8861d78814.webp","type":"image\/webp"}],"author":"editorvetnil","twitter_card":"summary_large_image","twitter_misc":{"Escrito por":"editorvetnil","Est. tempo de leitura":"4 minutos"},"schema":{"@context":"https:\/\/schema.org","@graph":[{"@type":"Article","@id":"https:\/\/projetoslayerup.com.br\/vetnil\/a-importancia-das-vitaminas-do-complexo-b-para-os-cavalos\/#article","isPartOf":{"@id":"https:\/\/projetoslayerup.com.br\/vetnil\/a-importancia-das-vitaminas-do-complexo-b-para-os-cavalos\/"},"author":{"name":"editorvetnil","@id":"https:\/\/projetoslayerup.com.br\/vetnil\/#\/schema\/person\/b5924b46dd7d8b3981950bc7ec88d9b6"},"headline":"A import\u00e2ncia das vitaminas do complexo B para os cavalos","datePublished":"2024-03-20T14:36:36+00:00","dateModified":"2025-07-29T14:23:50+00:00","mainEntityOfPage":{"@id":"https:\/\/projetoslayerup.com.br\/vetnil\/a-importancia-das-vitaminas-do-complexo-b-para-os-cavalos\/"},"wordCount":627,"commentCount":0,"publisher":{"@id":"https:\/\/projetoslayerup.com.br\/vetnil\/#organization"},"image":{"@id":"https:\/\/projetoslayerup.com.br\/vetnil\/a-importancia-das-vitaminas-do-complexo-b-para-os-cavalos\/#primaryimage"},"thumbnailUrl":"https:\/\/projetoslayerup.com.br\/vetnil\/wp-content\/uploads\/2024\/03\/posts_65d8861d78814.webp","articleSection":["Cavalo"],"inLanguage":"pt-BR","potentialAction":[{"@type":"CommentAction","name":"Comment","target":["https:\/\/projetoslayerup.com.br\/vetnil\/a-importancia-das-vitaminas-do-complexo-b-para-os-cavalos\/#respond"]}]},{"@type":"WebPage","@id":"https:\/\/projetoslayerup.com.br\/vetnil\/a-importancia-das-vitaminas-do-complexo-b-para-os-cavalos\/","url":"https:\/\/projetoslayerup.com.br\/vetnil\/a-importancia-das-vitaminas-do-complexo-b-para-os-cavalos\/","name":"A import\u00e2ncia das vitaminas do complexo B para os cavalos &#8211; VETNIL","isPartOf":{"@id":"https:\/\/projetoslayerup.com.br\/vetnil\/#website"},"primaryImageOfPage":{"@id":"https:\/\/projetoslayerup.com.br\/vetnil\/a-importancia-das-vitaminas-do-complexo-b-para-os-cavalos\/#primaryimage"},"image":{"@id":"https:\/\/projetoslayerup.com.br\/vetnil\/a-importancia-das-vitaminas-do-complexo-b-para-os-cavalos\/#primaryimage"},"thumbnailUrl":"https:\/\/projetoslayerup.com.br\/vetnil\/wp-content\/uploads\/2024\/03\/posts_65d8861d78814.webp","datePublished":"2024-03-20T14:36:36+00:00","dateModified":"2025-07-29T14:23:50+00:00","breadcrumb":{"@id":"https:\/\/projetoslayerup.com.br\/vetnil\/a-importancia-das-vitaminas-do-complexo-b-para-os-cavalos\/#breadcrumb"},"inLanguage":"pt-BR","potentialAction":[{"@type":"ReadAction","target":["https:\/\/projetoslayerup.com.br\/vetnil\/a-importancia-das-vitaminas-do-complexo-b-para-os-cavalos\/"]}]},{"@type":"ImageObject","inLanguage":"pt-BR","@id":"https:\/\/projetoslayerup.com.br\/vetnil\/a-importancia-das-vitaminas-do-complexo-b-para-os-cavalos\/#primaryimage","url":"https:\/\/projetoslayerup.com.br\/vetnil\/wp-content\/uploads\/2024\/03\/posts_65d8861d78814.webp","contentUrl":"https:\/\/projetoslayerup.com.br\/vetnil\/wp-content\/uploads\/2024\/03\/posts_65d8861d78814.webp","width":1200,"height":500},{"@type":"BreadcrumbList","@id":"https:\/\/projetoslayerup.com.br\/vetnil\/a-importancia-das-vitaminas-do-complexo-b-para-os-cavalos\/#breadcrumb","itemListElement":[{"@type":"ListItem","position":1,"name":"Home","item":"https:\/\/projetoslayerup.com.br\/vetnil\/"},{"@type":"ListItem","position":2,"name":"A import\u00e2ncia das vitaminas do complexo B para os cavalos"}]},{"@type":"WebSite","@id":"https:\/\/projetoslayerup.com.br\/vetnil\/#website","url":"https:\/\/projetoslayerup.com.br\/vetnil\/","name":"VETNIL","description":"Parceira de quem cuida - Sa\u00fade e Bem-estar animal","publisher":{"@id":"https:\/\/projetoslayerup.com.br\/vetnil\/#organization"},"potentialAction":[{"@type":"SearchAction","target":{"@type":"EntryPoint","urlTemplate":"https:\/\/projetoslayerup.com.br\/vetnil\/?s={search_term_string}"},"query-input":{"@type":"PropertyValueSpecification","valueRequired":true,"valueName":"search_term_string"}}],"inLanguage":"pt-BR"},{"@type":"Organization","@id":"https:\/\/projetoslayerup.com.br\/vetnil\/#organization","name":"VETNIL","url":"https:\/\/projetoslayerup.com.br\/vetnil\/","logo":{"@type":"ImageObject","inLanguage":"pt-BR","@id":"https:\/\/projetoslayerup.com.br\/vetnil\/#\/schema\/logo\/image\/","url":"https:\/\/projetoslayerup.com.br\/vetnil\/wp-content\/uploads\/2023\/09\/logo-vetnil.svg","contentUrl":"https:\/\/projetoslayerup.com.br\/vetnil\/wp-content\/uploads\/2023\/09\/logo-vetnil.svg","width":141,"height":25,"caption":"VETNIL"},"image":{"@id":"https:\/\/projetoslayerup.com.br\/vetnil\/#\/schema\/logo\/image\/"}},{"@type":"Person","@id":"https:\/\/projetoslayerup.com.br\/vetnil\/#\/schema\/person\/b5924b46dd7d8b3981950bc7ec88d9b6","name":"editorvetnil","image":{"@type":"ImageObject","inLanguage":"pt-BR","@id":"https:\/\/secure.gravatar.com\/avatar\/12a343ca4d3e5757b29f1ca303d7ea3c71a341d0918ab6fb78ec3f5fdbd6eaea?s=96&d=blank&r=g","url":"https:\/\/secure.gravatar.com\/avatar\/12a343ca4d3e5757b29f1ca303d7ea3c71a341d0918ab6fb78ec3f5fdbd6eaea?s=96&d=blank&r=g","contentUrl":"https:\/\/secure.gravatar.com\/avatar\/12a343ca4d3e5757b29f1ca303d7ea3c71a341d0918ab6fb78ec3f5fdbd6eaea?s=96&d=blank&r=g","caption":"editorvetnil"}}]}},"lang":"pt","translations":{"pt":7185},"pll_sync_post":[],"_links":{"self":[{"href":"https:\/\/projetoslayerup.com.br\/vetnil\/wp-json\/wp\/v2\/posts\/7185","targetHints":{"allow":["GET"]}}],"collection":[{"href":"https:\/\/projetoslayerup.com.br\/vetnil\/wp-json\/wp\/v2\/posts"}],"about":[{"href":"https:\/\/projetoslayerup.com.br\/vetnil\/wp-json\/wp\/v2\/types\/post"}],"author":[{"embeddable":true,"href":"https:\/\/projetoslayerup.com.br\/vetnil\/wp-json\/wp\/v2\/users\/10"}],"replies":[{"embeddable":true,"href":"https:\/\/projetoslayerup.com.br\/vetnil\/wp-json\/wp\/v2\/comments?post=7185"}],"version-history":[{"count":0,"href":"https:\/\/projetoslayerup.com.br\/vetnil\/wp-json\/wp\/v2\/posts\/7185\/revisions"}],"wp:featuredmedia":[{"embeddable":true,"href":"https:\/\/projetoslayerup.com.br\/vetnil\/wp-json\/wp\/v2\/media\/7186"}],"wp:attachment":[{"href":"https:\/\/projetoslayerup.com.br\/vetnil\/wp-json\/wp\/v2\/media?parent=7185"}],"wp:term":[{"taxonomy":"category","embeddable":true,"href":"https:\/\/projetoslayerup.com.br\/vetnil\/wp-json\/wp\/v2\/categories?post=7185"},{"taxonomy":"post_tag","embeddable":true,"href":"https:\/\/projetoslayerup.com.br\/vetnil\/wp-json\/wp\/v2\/tags?post=7185"}],"curies":[{"name":"wp","href":"https:\/\/api.w.org\/{rel}","templated":true}]}}