{"id":9478,"date":"2024-08-26T14:07:33","date_gmt":"2024-08-26T17:07:33","guid":{"rendered":"https:\/\/projetoslayerup.com.br\/vetnil\/?p=9478"},"modified":"2024-08-27T14:28:00","modified_gmt":"2024-08-27T17:28:00","slug":"cuidados-com-os-cavalos-no-frio","status":"publish","type":"post","link":"https:\/\/projetoslayerup.com.br\/vetnil\/cuidados-com-os-cavalos-no-frio\/","title":{"rendered":"Cuidados com os cavalos no frio"},"content":{"rendered":"\n<p><em>Neste per\u00edodo \u00e9 necess\u00e1rio redobrar a aten\u00e7\u00e3o, garantindo condi\u00e7\u00f5es favor\u00e1veis para a manuten\u00e7\u00e3o da sa\u00fade equina<\/em><\/p>\n\n\n\n<p>O inverno est\u00e1 chegando. E com ele, a queda de temperatura. Os cavalos tamb\u00e9m necessitam de cuidados para que permane\u00e7am saud\u00e1veis durante os dias de frio.<\/p>\n\n\n\n<p>Algumas medidas podem ser implementadas nesta \u00e9poca:<\/p>\n\n\n\n<p><strong>Uso de capas e estabulagem:<\/strong><\/p>\n\n\n\n<p>Como todos os mam\u00edferos, os cavalos s\u00e3o endot\u00e9rmicos, ou seja, s\u00e3o capazes de gerar e dissipar calor, desta forma mantendo sua temperatura corporal est\u00e1vel independente das condi\u00e7\u00f5es clim\u00e1ticas. Como parte deste mecanismo, os equinos desenvolvem a \u201cpelagem de inverno\u201d que tende a ser mais longa e grossa.<\/p>\n\n\n\n<p>Contudo, o comprimento e espessura dos pelos varia conforme a ra\u00e7a e idade, sendo necess\u00e1rio o uso de capas para alguns, principalmente, animais magros, debilitados e idosos. \u00c9 importante atentar-se \u00e0 sudorese do animal que est\u00e1 com a capa, retirando-a caso transpire demais.<\/p>\n\n\n\n<p>Outra op\u00e7\u00e3o para proteg\u00ea-los \u00e9 a estabulagem, por\u00e9m a cama deve ser de boa qualidade e limpa, afim de reduzir a ocorr\u00eancia de alergias e desconfortos respirat\u00f3rios.<\/p>\n\n\n\n<p><strong>Incentivo ao consumo de \u00e1gua:<\/strong><\/p>\n\n\n\n<p>\u00c9 fundamental mant\u00ea-los bem hidratados e \u00e9 comum que os volumosos fiquem mais secos no inverno e desta forma, reduzindo a quantidade total de \u00e1gua ingerida, portanto uma parte maior dos l\u00edquidos consumidos dever\u00e1 vir da \u00e1gua de bebida.<\/p>\n\n\n\n<p>A redu\u00e7\u00e3o do consumo de l\u00edquidos pode levar \u00e0 c\u00f3licas por compacta\u00e7\u00e3o e uma boa estrat\u00e9gia para incentivar o consumo de \u00e1gua \u00e9 o fornecimento de eletrol\u00edticos.<\/p>\n\n\n\n<p><strong>Manejo sanit\u00e1rio e imunidade:<\/strong><\/p>\n\n\n\n<p>O confinamento e aproxima\u00e7\u00e3o dos animais no inverno, aumenta a transmiss\u00e3o de doen\u00e7as infecciosas como a influenza equina. Por esta raz\u00e3o, \u00e9 fundamental manter a vacina\u00e7\u00e3o em dia e auxiliar o bom funcionamento da imunidade, principalmente dos animais de alta performance. Estes cavalos s\u00e3o constantemente exigidos e frequentemente necessitam de 2 a 3 vacinas para Influenza Equina.<\/p>\n\n\n\n<p>Outras categorias que merecem aten\u00e7\u00e3o s\u00e3o os potros e os idosos e uma das formas de ajudar o bom funcionamento dos sistema imune \u00e9 o uso de antioxidantes como as vitaminas E e C e o Sel\u00eanio.<\/p>\n\n\n\n<p><strong>Treinamento:<\/strong><\/p>\n\n\n\n<p>O treinamento continua mesmo durante o inverno e, por isso, \u00e9 importante lembrar que o aquecimento adequado \u00e9 fundamental para levar sangue, oxig\u00eanio e melhorar a condu\u00e7\u00e3o nervosa na musculatura, aumentando o desempenho e reduzindo a ocorr\u00eancia de les\u00f5es. Al\u00e9m disso, o aquecimento prepara o cora\u00e7\u00e3o e o metabolismo para o exerc\u00edcio em alta intensidade.<\/p>\n\n\n\n<p>\u00c9 comum que alguns cavalos apresentem maior dificuldade em realizar os movimentos nos dias frios e, para estes, o aquecimento \u00e9 ainda mais importante. Explorar gradativamente o passo, o trote e o galope \u00e9 uma das formas de adaptar tend\u00f5es, ligamentos e m\u00fasculos ao exerc\u00edcio. Outra forma \u00e9 associar o alongamento antes e\/ou depois dos treinos, com movimentos orientados pelo m\u00e9dico veterin\u00e1rio e adaptados individualmente.<\/p>\n\n\n\n<p><strong>Alimenta\u00e7\u00e3o e Suplementa\u00e7\u00e3o:<\/strong><\/p>\n\n\n\n<p>A alimenta\u00e7\u00e3o e suplementa\u00e7\u00e3o adequadas devem ser mantidas afim de auxiliar na constru\u00e7\u00e3o e manuten\u00e7\u00e3o dos m\u00fasculos e as quantidades e hor\u00e1rios devem ser respeitados. Al\u00e9m disso, utilizar com frequ\u00eancia a Vitamina B12, \u00e9 essencial para a gera\u00e7\u00e3o de energia e replica\u00e7\u00e3o de c\u00e9lulas sangu\u00edneas.<\/p>\n\n\n\n<p>Mesmo que aparentemente os animais transpirem menos durante treinos e provas, a perda de eletr\u00f3litos tamb\u00e9m ocorre nos dias frios e deve ser reposta para manuten\u00e7\u00e3o da performance e bem-estar.<\/p>\n\n\n\n<p><\/p>\n","protected":false},"excerpt":{"rendered":"<p>Neste per\u00edodo \u00e9 necess\u00e1rio redobrar a aten\u00e7\u00e3o, garantindo condi\u00e7\u00f5es favor\u00e1veis para a manuten\u00e7\u00e3o da sa\u00fade equina O inverno est\u00e1 chegando. E com ele, a queda de temperatura. Os cavalos tamb\u00e9m necessitam de cuidados para que permane\u00e7am saud\u00e1veis durante os dias de frio. Algumas medidas podem ser implementadas nesta \u00e9poca: Uso de capas e estabulagem: Como [&hellip;]<\/p>\n","protected":false},"author":10,"featured_media":9479,"comment_status":"open","ping_status":"open","sticky":false,"template":"","format":"standard","meta":{"footnotes":""},"categories":[132],"tags":[],"class_list":["post-9478","post","type-post","status-publish","format-standard","has-post-thumbnail","hentry","category-cavalo"],"yoast_head":"<!-- This site is optimized with the Yoast SEO plugin v27.3 - https:\/\/yoast.com\/product\/yoast-seo-wordpress\/ -->\n<title>Cuidados com os cavalos no frio &#8211; VETNIL<\/title>\n<meta name=\"robots\" content=\"noindex, follow, max-snippet:-1, max-image-preview:large, max-video-preview:-1\" \/>\n<meta property=\"og:locale\" content=\"pt_BR\" \/>\n<meta property=\"og:type\" content=\"article\" \/>\n<meta property=\"og:title\" content=\"Cuidados com os cavalos no frio &#8211; VETNIL\" \/>\n<meta property=\"og:description\" content=\"Neste per\u00edodo \u00e9 necess\u00e1rio redobrar a aten\u00e7\u00e3o, garantindo condi\u00e7\u00f5es favor\u00e1veis para a manuten\u00e7\u00e3o da sa\u00fade equina O inverno est\u00e1 chegando. E com ele, a queda de temperatura. Os cavalos tamb\u00e9m necessitam de cuidados para que permane\u00e7am saud\u00e1veis durante os dias de frio. Algumas medidas podem ser implementadas nesta \u00e9poca: Uso de capas e estabulagem: Como [&hellip;]\" \/>\n<meta property=\"og:url\" content=\"https:\/\/projetoslayerup.com.br\/vetnil\/cuidados-com-os-cavalos-no-frio\/\" \/>\n<meta property=\"og:site_name\" content=\"VETNIL\" \/>\n<meta property=\"article:published_time\" content=\"2024-08-26T17:07:33+00:00\" \/>\n<meta property=\"article:modified_time\" content=\"2024-08-27T17:28:00+00:00\" \/>\n<meta property=\"og:image\" content=\"https:\/\/projetoslayerup.com.br\/vetnil\/wp-content\/uploads\/2024\/08\/posts_66699a5c0c960.webp\" \/>\n\t<meta property=\"og:image:width\" content=\"1200\" \/>\n\t<meta property=\"og:image:height\" content=\"500\" \/>\n\t<meta property=\"og:image:type\" content=\"image\/webp\" \/>\n<meta name=\"author\" content=\"editorvetnil\" \/>\n<meta name=\"twitter:card\" content=\"summary_large_image\" \/>\n<meta name=\"twitter:label1\" content=\"Escrito por\" \/>\n\t<meta name=\"twitter:data1\" content=\"editorvetnil\" \/>\n\t<meta name=\"twitter:label2\" content=\"Est. tempo de leitura\" \/>\n\t<meta name=\"twitter:data2\" content=\"4 minutos\" \/>\n<script type=\"application\/ld+json\" class=\"yoast-schema-graph\">{\"@context\":\"https:\\\/\\\/schema.org\",\"@graph\":[{\"@type\":\"Article\",\"@id\":\"https:\\\/\\\/projetoslayerup.com.br\\\/vetnil\\\/cuidados-com-os-cavalos-no-frio\\\/#article\",\"isPartOf\":{\"@id\":\"https:\\\/\\\/projetoslayerup.com.br\\\/vetnil\\\/cuidados-com-os-cavalos-no-frio\\\/\"},\"author\":{\"name\":\"editorvetnil\",\"@id\":\"https:\\\/\\\/projetoslayerup.com.br\\\/vetnil\\\/#\\\/schema\\\/person\\\/b5924b46dd7d8b3981950bc7ec88d9b6\"},\"headline\":\"Cuidados com os cavalos no frio\",\"datePublished\":\"2024-08-26T17:07:33+00:00\",\"dateModified\":\"2024-08-27T17:28:00+00:00\",\"mainEntityOfPage\":{\"@id\":\"https:\\\/\\\/projetoslayerup.com.br\\\/vetnil\\\/cuidados-com-os-cavalos-no-frio\\\/\"},\"wordCount\":598,\"commentCount\":0,\"publisher\":{\"@id\":\"https:\\\/\\\/projetoslayerup.com.br\\\/vetnil\\\/#organization\"},\"image\":{\"@id\":\"https:\\\/\\\/projetoslayerup.com.br\\\/vetnil\\\/cuidados-com-os-cavalos-no-frio\\\/#primaryimage\"},\"thumbnailUrl\":\"https:\\\/\\\/projetoslayerup.com.br\\\/vetnil\\\/wp-content\\\/uploads\\\/2024\\\/08\\\/posts_66699a5c0c960.webp\",\"articleSection\":[\"Cavalo\"],\"inLanguage\":\"pt-BR\",\"potentialAction\":[{\"@type\":\"CommentAction\",\"name\":\"Comment\",\"target\":[\"https:\\\/\\\/projetoslayerup.com.br\\\/vetnil\\\/cuidados-com-os-cavalos-no-frio\\\/#respond\"]}]},{\"@type\":\"WebPage\",\"@id\":\"https:\\\/\\\/projetoslayerup.com.br\\\/vetnil\\\/cuidados-com-os-cavalos-no-frio\\\/\",\"url\":\"https:\\\/\\\/projetoslayerup.com.br\\\/vetnil\\\/cuidados-com-os-cavalos-no-frio\\\/\",\"name\":\"Cuidados com os cavalos no frio &#8211; VETNIL\",\"isPartOf\":{\"@id\":\"https:\\\/\\\/projetoslayerup.com.br\\\/vetnil\\\/#website\"},\"primaryImageOfPage\":{\"@id\":\"https:\\\/\\\/projetoslayerup.com.br\\\/vetnil\\\/cuidados-com-os-cavalos-no-frio\\\/#primaryimage\"},\"image\":{\"@id\":\"https:\\\/\\\/projetoslayerup.com.br\\\/vetnil\\\/cuidados-com-os-cavalos-no-frio\\\/#primaryimage\"},\"thumbnailUrl\":\"https:\\\/\\\/projetoslayerup.com.br\\\/vetnil\\\/wp-content\\\/uploads\\\/2024\\\/08\\\/posts_66699a5c0c960.webp\",\"datePublished\":\"2024-08-26T17:07:33+00:00\",\"dateModified\":\"2024-08-27T17:28:00+00:00\",\"breadcrumb\":{\"@id\":\"https:\\\/\\\/projetoslayerup.com.br\\\/vetnil\\\/cuidados-com-os-cavalos-no-frio\\\/#breadcrumb\"},\"inLanguage\":\"pt-BR\",\"potentialAction\":[{\"@type\":\"ReadAction\",\"target\":[\"https:\\\/\\\/projetoslayerup.com.br\\\/vetnil\\\/cuidados-com-os-cavalos-no-frio\\\/\"]}]},{\"@type\":\"ImageObject\",\"inLanguage\":\"pt-BR\",\"@id\":\"https:\\\/\\\/projetoslayerup.com.br\\\/vetnil\\\/cuidados-com-os-cavalos-no-frio\\\/#primaryimage\",\"url\":\"https:\\\/\\\/projetoslayerup.com.br\\\/vetnil\\\/wp-content\\\/uploads\\\/2024\\\/08\\\/posts_66699a5c0c960.webp\",\"contentUrl\":\"https:\\\/\\\/projetoslayerup.com.br\\\/vetnil\\\/wp-content\\\/uploads\\\/2024\\\/08\\\/posts_66699a5c0c960.webp\",\"width\":1200,\"height\":500},{\"@type\":\"BreadcrumbList\",\"@id\":\"https:\\\/\\\/projetoslayerup.com.br\\\/vetnil\\\/cuidados-com-os-cavalos-no-frio\\\/#breadcrumb\",\"itemListElement\":[{\"@type\":\"ListItem\",\"position\":1,\"name\":\"Home\",\"item\":\"https:\\\/\\\/projetoslayerup.com.br\\\/vetnil\\\/\"},{\"@type\":\"ListItem\",\"position\":2,\"name\":\"Cuidados com os cavalos no frio\"}]},{\"@type\":\"WebSite\",\"@id\":\"https:\\\/\\\/projetoslayerup.com.br\\\/vetnil\\\/#website\",\"url\":\"https:\\\/\\\/projetoslayerup.com.br\\\/vetnil\\\/\",\"name\":\"VETNIL\",\"description\":\"Parceira de quem cuida - Sa\u00fade e Bem-estar animal\",\"publisher\":{\"@id\":\"https:\\\/\\\/projetoslayerup.com.br\\\/vetnil\\\/#organization\"},\"potentialAction\":[{\"@type\":\"SearchAction\",\"target\":{\"@type\":\"EntryPoint\",\"urlTemplate\":\"https:\\\/\\\/projetoslayerup.com.br\\\/vetnil\\\/?s={search_term_string}\"},\"query-input\":{\"@type\":\"PropertyValueSpecification\",\"valueRequired\":true,\"valueName\":\"search_term_string\"}}],\"inLanguage\":\"pt-BR\"},{\"@type\":\"Organization\",\"@id\":\"https:\\\/\\\/projetoslayerup.com.br\\\/vetnil\\\/#organization\",\"name\":\"VETNIL\",\"url\":\"https:\\\/\\\/projetoslayerup.com.br\\\/vetnil\\\/\",\"logo\":{\"@type\":\"ImageObject\",\"inLanguage\":\"pt-BR\",\"@id\":\"https:\\\/\\\/projetoslayerup.com.br\\\/vetnil\\\/#\\\/schema\\\/logo\\\/image\\\/\",\"url\":\"https:\\\/\\\/projetoslayerup.com.br\\\/vetnil\\\/wp-content\\\/uploads\\\/2023\\\/09\\\/logo-vetnil.svg\",\"contentUrl\":\"https:\\\/\\\/projetoslayerup.com.br\\\/vetnil\\\/wp-content\\\/uploads\\\/2023\\\/09\\\/logo-vetnil.svg\",\"width\":141,\"height\":25,\"caption\":\"VETNIL\"},\"image\":{\"@id\":\"https:\\\/\\\/projetoslayerup.com.br\\\/vetnil\\\/#\\\/schema\\\/logo\\\/image\\\/\"}},{\"@type\":\"Person\",\"@id\":\"https:\\\/\\\/projetoslayerup.com.br\\\/vetnil\\\/#\\\/schema\\\/person\\\/b5924b46dd7d8b3981950bc7ec88d9b6\",\"name\":\"editorvetnil\",\"image\":{\"@type\":\"ImageObject\",\"inLanguage\":\"pt-BR\",\"@id\":\"https:\\\/\\\/secure.gravatar.com\\\/avatar\\\/12a343ca4d3e5757b29f1ca303d7ea3c71a341d0918ab6fb78ec3f5fdbd6eaea?s=96&d=blank&r=g\",\"url\":\"https:\\\/\\\/secure.gravatar.com\\\/avatar\\\/12a343ca4d3e5757b29f1ca303d7ea3c71a341d0918ab6fb78ec3f5fdbd6eaea?s=96&d=blank&r=g\",\"contentUrl\":\"https:\\\/\\\/secure.gravatar.com\\\/avatar\\\/12a343ca4d3e5757b29f1ca303d7ea3c71a341d0918ab6fb78ec3f5fdbd6eaea?s=96&d=blank&r=g\",\"caption\":\"editorvetnil\"}}]}<\/script>\n<!-- \/ Yoast SEO plugin. -->","yoast_head_json":{"title":"Cuidados com os cavalos no frio &#8211; VETNIL","robots":{"index":"noindex","follow":"follow","max-snippet":"max-snippet:-1","max-image-preview":"max-image-preview:large","max-video-preview":"max-video-preview:-1"},"og_locale":"pt_BR","og_type":"article","og_title":"Cuidados com os cavalos no frio &#8211; VETNIL","og_description":"Neste per\u00edodo \u00e9 necess\u00e1rio redobrar a aten\u00e7\u00e3o, garantindo condi\u00e7\u00f5es favor\u00e1veis para a manuten\u00e7\u00e3o da sa\u00fade equina O inverno est\u00e1 chegando. E com ele, a queda de temperatura. Os cavalos tamb\u00e9m necessitam de cuidados para que permane\u00e7am saud\u00e1veis durante os dias de frio. Algumas medidas podem ser implementadas nesta \u00e9poca: Uso de capas e estabulagem: Como [&hellip;]","og_url":"https:\/\/projetoslayerup.com.br\/vetnil\/cuidados-com-os-cavalos-no-frio\/","og_site_name":"VETNIL","article_published_time":"2024-08-26T17:07:33+00:00","article_modified_time":"2024-08-27T17:28:00+00:00","og_image":[{"width":1200,"height":500,"url":"https:\/\/projetoslayerup.com.br\/vetnil\/wp-content\/uploads\/2024\/08\/posts_66699a5c0c960.webp","type":"image\/webp"}],"author":"editorvetnil","twitter_card":"summary_large_image","twitter_misc":{"Escrito por":"editorvetnil","Est. tempo de leitura":"4 minutos"},"schema":{"@context":"https:\/\/schema.org","@graph":[{"@type":"Article","@id":"https:\/\/projetoslayerup.com.br\/vetnil\/cuidados-com-os-cavalos-no-frio\/#article","isPartOf":{"@id":"https:\/\/projetoslayerup.com.br\/vetnil\/cuidados-com-os-cavalos-no-frio\/"},"author":{"name":"editorvetnil","@id":"https:\/\/projetoslayerup.com.br\/vetnil\/#\/schema\/person\/b5924b46dd7d8b3981950bc7ec88d9b6"},"headline":"Cuidados com os cavalos no frio","datePublished":"2024-08-26T17:07:33+00:00","dateModified":"2024-08-27T17:28:00+00:00","mainEntityOfPage":{"@id":"https:\/\/projetoslayerup.com.br\/vetnil\/cuidados-com-os-cavalos-no-frio\/"},"wordCount":598,"commentCount":0,"publisher":{"@id":"https:\/\/projetoslayerup.com.br\/vetnil\/#organization"},"image":{"@id":"https:\/\/projetoslayerup.com.br\/vetnil\/cuidados-com-os-cavalos-no-frio\/#primaryimage"},"thumbnailUrl":"https:\/\/projetoslayerup.com.br\/vetnil\/wp-content\/uploads\/2024\/08\/posts_66699a5c0c960.webp","articleSection":["Cavalo"],"inLanguage":"pt-BR","potentialAction":[{"@type":"CommentAction","name":"Comment","target":["https:\/\/projetoslayerup.com.br\/vetnil\/cuidados-com-os-cavalos-no-frio\/#respond"]}]},{"@type":"WebPage","@id":"https:\/\/projetoslayerup.com.br\/vetnil\/cuidados-com-os-cavalos-no-frio\/","url":"https:\/\/projetoslayerup.com.br\/vetnil\/cuidados-com-os-cavalos-no-frio\/","name":"Cuidados com os cavalos no frio &#8211; VETNIL","isPartOf":{"@id":"https:\/\/projetoslayerup.com.br\/vetnil\/#website"},"primaryImageOfPage":{"@id":"https:\/\/projetoslayerup.com.br\/vetnil\/cuidados-com-os-cavalos-no-frio\/#primaryimage"},"image":{"@id":"https:\/\/projetoslayerup.com.br\/vetnil\/cuidados-com-os-cavalos-no-frio\/#primaryimage"},"thumbnailUrl":"https:\/\/projetoslayerup.com.br\/vetnil\/wp-content\/uploads\/2024\/08\/posts_66699a5c0c960.webp","datePublished":"2024-08-26T17:07:33+00:00","dateModified":"2024-08-27T17:28:00+00:00","breadcrumb":{"@id":"https:\/\/projetoslayerup.com.br\/vetnil\/cuidados-com-os-cavalos-no-frio\/#breadcrumb"},"inLanguage":"pt-BR","potentialAction":[{"@type":"ReadAction","target":["https:\/\/projetoslayerup.com.br\/vetnil\/cuidados-com-os-cavalos-no-frio\/"]}]},{"@type":"ImageObject","inLanguage":"pt-BR","@id":"https:\/\/projetoslayerup.com.br\/vetnil\/cuidados-com-os-cavalos-no-frio\/#primaryimage","url":"https:\/\/projetoslayerup.com.br\/vetnil\/wp-content\/uploads\/2024\/08\/posts_66699a5c0c960.webp","contentUrl":"https:\/\/projetoslayerup.com.br\/vetnil\/wp-content\/uploads\/2024\/08\/posts_66699a5c0c960.webp","width":1200,"height":500},{"@type":"BreadcrumbList","@id":"https:\/\/projetoslayerup.com.br\/vetnil\/cuidados-com-os-cavalos-no-frio\/#breadcrumb","itemListElement":[{"@type":"ListItem","position":1,"name":"Home","item":"https:\/\/projetoslayerup.com.br\/vetnil\/"},{"@type":"ListItem","position":2,"name":"Cuidados com os cavalos no frio"}]},{"@type":"WebSite","@id":"https:\/\/projetoslayerup.com.br\/vetnil\/#website","url":"https:\/\/projetoslayerup.com.br\/vetnil\/","name":"VETNIL","description":"Parceira de quem cuida - Sa\u00fade e Bem-estar animal","publisher":{"@id":"https:\/\/projetoslayerup.com.br\/vetnil\/#organization"},"potentialAction":[{"@type":"SearchAction","target":{"@type":"EntryPoint","urlTemplate":"https:\/\/projetoslayerup.com.br\/vetnil\/?s={search_term_string}"},"query-input":{"@type":"PropertyValueSpecification","valueRequired":true,"valueName":"search_term_string"}}],"inLanguage":"pt-BR"},{"@type":"Organization","@id":"https:\/\/projetoslayerup.com.br\/vetnil\/#organization","name":"VETNIL","url":"https:\/\/projetoslayerup.com.br\/vetnil\/","logo":{"@type":"ImageObject","inLanguage":"pt-BR","@id":"https:\/\/projetoslayerup.com.br\/vetnil\/#\/schema\/logo\/image\/","url":"https:\/\/projetoslayerup.com.br\/vetnil\/wp-content\/uploads\/2023\/09\/logo-vetnil.svg","contentUrl":"https:\/\/projetoslayerup.com.br\/vetnil\/wp-content\/uploads\/2023\/09\/logo-vetnil.svg","width":141,"height":25,"caption":"VETNIL"},"image":{"@id":"https:\/\/projetoslayerup.com.br\/vetnil\/#\/schema\/logo\/image\/"}},{"@type":"Person","@id":"https:\/\/projetoslayerup.com.br\/vetnil\/#\/schema\/person\/b5924b46dd7d8b3981950bc7ec88d9b6","name":"editorvetnil","image":{"@type":"ImageObject","inLanguage":"pt-BR","@id":"https:\/\/secure.gravatar.com\/avatar\/12a343ca4d3e5757b29f1ca303d7ea3c71a341d0918ab6fb78ec3f5fdbd6eaea?s=96&d=blank&r=g","url":"https:\/\/secure.gravatar.com\/avatar\/12a343ca4d3e5757b29f1ca303d7ea3c71a341d0918ab6fb78ec3f5fdbd6eaea?s=96&d=blank&r=g","contentUrl":"https:\/\/secure.gravatar.com\/avatar\/12a343ca4d3e5757b29f1ca303d7ea3c71a341d0918ab6fb78ec3f5fdbd6eaea?s=96&d=blank&r=g","caption":"editorvetnil"}}]}},"lang":"pt","translations":{"pt":9478},"pll_sync_post":[],"_links":{"self":[{"href":"https:\/\/projetoslayerup.com.br\/vetnil\/wp-json\/wp\/v2\/posts\/9478","targetHints":{"allow":["GET"]}}],"collection":[{"href":"https:\/\/projetoslayerup.com.br\/vetnil\/wp-json\/wp\/v2\/posts"}],"about":[{"href":"https:\/\/projetoslayerup.com.br\/vetnil\/wp-json\/wp\/v2\/types\/post"}],"author":[{"embeddable":true,"href":"https:\/\/projetoslayerup.com.br\/vetnil\/wp-json\/wp\/v2\/users\/10"}],"replies":[{"embeddable":true,"href":"https:\/\/projetoslayerup.com.br\/vetnil\/wp-json\/wp\/v2\/comments?post=9478"}],"version-history":[{"count":0,"href":"https:\/\/projetoslayerup.com.br\/vetnil\/wp-json\/wp\/v2\/posts\/9478\/revisions"}],"wp:featuredmedia":[{"embeddable":true,"href":"https:\/\/projetoslayerup.com.br\/vetnil\/wp-json\/wp\/v2\/media\/9479"}],"wp:attachment":[{"href":"https:\/\/projetoslayerup.com.br\/vetnil\/wp-json\/wp\/v2\/media?parent=9478"}],"wp:term":[{"taxonomy":"category","embeddable":true,"href":"https:\/\/projetoslayerup.com.br\/vetnil\/wp-json\/wp\/v2\/categories?post=9478"},{"taxonomy":"post_tag","embeddable":true,"href":"https:\/\/projetoslayerup.com.br\/vetnil\/wp-json\/wp\/v2\/tags?post=9478"}],"curies":[{"name":"wp","href":"https:\/\/api.w.org\/{rel}","templated":true}]}}